{"id":102408,"date":"2025-07-04T08:01:03","date_gmt":"2025-07-04T12:01:03","guid":{"rendered":"https:\/\/lasprimeras.com.do\/?p=102408"},"modified":"2025-07-04T08:01:05","modified_gmt":"2025-07-04T12:01:05","slug":"autoridades-eua-se-proponen-quitar-ciudadania-a-inmigrantes","status":"publish","type":"post","link":"https:\/\/lasprimeras.com.do\/index.php\/2025\/07\/04\/autoridades-eua-se-proponen-quitar-ciudadania-a-inmigrantes\/","title":{"rendered":"Autoridades EUA se proponen quitar ciudadan\u00eda a inmigrantes"},"content":{"rendered":"\n<p>Por Ram\u00f3n Mercedes<\/p>\n\n\n\n<p>NUEVA YORK.- El Departamento de Justicia de Estados Unidos (DOJ) ha ordenado a sus fiscales priorizar la revocaci\u00f3n de la ciudadan\u00eda estadounidense a los inmigrantes naturalizados que hayan cometido ciertos delitos, entre ellos:<\/p>\n\n\n\n<p>Los que representan un peligro potencial para la seguridad nacional, incluyendo a aquellas con v\u00ednculos con el terrorismo, el espionaje o que participaron en torturas, cr\u00edmenes de guerra u otras violaciones de derechos humanos.<\/p>\n\n\n\n<p>Tambi\u00e9n, contra personas que promovieron o fomentaron las actividades de bandas criminales transnacionales y carteles de la droga, as\u00ed como los extranjeros que cometieron delitos graves que no se revelaron durante el proceso de naturalizaci\u00f3n.<\/p>\n\n\n\n<p>El fiscal adjunto de la Divisi\u00f3n Civil del DOJ, Brett A. Shumate, ha enviado un memorando en el que advierte que su oficina promover\u00e1 al m\u00e1ximo\u201d los procedimientos de desnaturalizaci\u00f3n en todos los casos permitidos por la ley y respaldados por pruebas.<\/p>\n\n\n\n<p>Adem\u00e1s, el DOJ abri\u00f3 un frente contra los ciudadanos naturalizados que participaron en diversas formas de fraude financiero, incluyendo delitos contra el programa de seguro p\u00fablico Medicaid.<\/p>\n\n\n\n<p>Pero el memorando tambi\u00e9n establece que se evaluar\u00e1 \u201ccualquier otro caso\u201d remitido a la Divisi\u00f3n Civil que se considere lo suficientemente importante como para investigarlo, otorgando a los fiscales del DOJ mayor discreci\u00f3n sobre cu\u00e1ndo iniciar procesos de desnaturalizaci\u00f3n.<\/p>\n\n\n\n<p>Organizaciones como la Asociaci\u00f3n Nacional de Abogados de Defensa Penal (NACDL) han condenado la vaguedad y el amplio alcance de la directiva.<\/p>\n","protected":false},"excerpt":{"rendered":"<p>Por Ram\u00f3n Mercedes NUEVA YORK.- El Departamento de Justicia de Estados Unidos (DOJ) ha ordenado a sus fiscales priorizar la revocaci\u00f3n de la ciudadan\u00eda estadounidense a los inmigrantes naturalizados que&hellip;<\/p>\n","protected":false},"author":10,"featured_media":102409,"comment_status":"open","ping_status":"open","sticky":false,"template":"","format":"standard","meta":{"content-type":"","jetpack_post_was_ever_published":false,"_jetpack_newsletter_access":"","_jetpack_dont_email_post_to_subs":false,"_jetpack_newsletter_tier_id":0,"_jetpack_memberships_contains_paywalled_content":false,"_jetpack_memberships_contains_paid_content":false,"footnotes":""},"categories":[16289],"tags":[949,17738,102,21198],"class_list":["post-102408","post","type-post","status-publish","format-standard","has-post-thumbnail","hentry","category-internacionales","tag-autoridades","tag-eua","tag-inmigrantes","tag-quitar-ciudadania"],"jetpack_featured_media_url":"https:\/\/lasprimeras.com.do\/wp-content\/uploads\/2025\/07\/WhatsApp-Image-2025-07-04-at-6.05.53-AM-1.jpeg","jetpack-related-posts":[{"id":93775,"url":"https:\/\/lasprimeras.com.do\/index.php\/2025\/02\/19\/demandara-ny-por-no-permitir-verificar-archivos-licencias-conducir-indocumentados-dominicanos-poseen\/","url_meta":{"origin":102408,"position":0},"title":"Demandar\u00e1 NY por no permitir verificar archivos licencias conducir indocumentados; dominicanos poseen","author":"Nelson Feliz","date":"19 de febrero de 2025","format":false,"excerpt":"Por Ram\u00f3n Mercedes NUEVA YORK.- El Departamento de Justica de los Estados Unidos (DOJ) anunci\u00f3 que demandar\u00e1 a la gobernadora Kathy Hochul y a la fiscal estatal Letitia James por no seguir las ordenanzas federales de inmigraci\u00f3n. Pam Bondi, fiscal general de esta naci\u00f3n, dijo esperar que el alcalde Eric\u2026","rel":"","context":"En \u00abINTERNACIONALES\u00bb","block_context":{"text":"INTERNACIONALES","link":"https:\/\/lasprimeras.com.do\/index.php\/category\/sin-categoria\/internacionales\/"},"img":{"alt_text":"","src":"https:\/\/i0.wp.com\/lasprimeras.com.do\/wp-content\/uploads\/2025\/02\/WhatsApp-Image-2025-02-19-at-4.38.52-AM-2.jpeg?resize=350%2C200&ssl=1","width":350,"height":200,"srcset":"https:\/\/i0.wp.com\/lasprimeras.com.do\/wp-content\/uploads\/2025\/02\/WhatsApp-Image-2025-02-19-at-4.38.52-AM-2.jpeg?resize=350%2C200&ssl=1 1x, https:\/\/i0.wp.com\/lasprimeras.com.do\/wp-content\/uploads\/2025\/02\/WhatsApp-Image-2025-02-19-at-4.38.52-AM-2.jpeg?resize=525%2C300&ssl=1 1.5x, https:\/\/i0.wp.com\/lasprimeras.com.do\/wp-content\/uploads\/2025\/02\/WhatsApp-Image-2025-02-19-at-4.38.52-AM-2.jpeg?resize=700%2C400&ssl=1 2x"},"classes":[]},{"id":127728,"url":"https:\/\/lasprimeras.com.do\/index.php\/2026\/04\/15\/en-proceso-orden-ejecutiva-en-eua-para-solicitar-ciudadania-a-quienes-deseen-abrir-una-cuenta-bancaria\/","url_meta":{"origin":102408,"position":1},"title":"En proceso orden ejecutiva en EUA para solicitar ciudadania a quienes deseen abrir una cuenta bancaria","author":"Nelson Feliz","date":"15 de abril de 2026","format":false,"excerpt":"Por Ram\u00f3n Mercedes NUEVA YORK.- Estados Unidos est\u00e1 \"en proceso\" de finalizar una orden ejecutiva que requerir\u00e1 prueba de ciudadan\u00eda para abrir cuentas bancarias en el pa\u00eds, para afectar a\u00fan m\u00e1s a los inmigrantes indocumentados que residen en territorio estadounidense, inform\u00f3 el secretario del Tesoro, Scott Bessent. Bessent se\u00f1al\u00f3 \u201cno\u2026","rel":"","context":"En \u00abINTERNACIONALES\u00bb","block_context":{"text":"INTERNACIONALES","link":"https:\/\/lasprimeras.com.do\/index.php\/category\/sin-categoria\/internacionales\/"},"img":{"alt_text":"","src":"https:\/\/i0.wp.com\/lasprimeras.com.do\/wp-content\/uploads\/2026\/04\/IMG-20260415-WA0046.jpg?resize=350%2C200&ssl=1","width":350,"height":200,"srcset":"https:\/\/i0.wp.com\/lasprimeras.com.do\/wp-content\/uploads\/2026\/04\/IMG-20260415-WA0046.jpg?resize=350%2C200&ssl=1 1x, https:\/\/i0.wp.com\/lasprimeras.com.do\/wp-content\/uploads\/2026\/04\/IMG-20260415-WA0046.jpg?resize=525%2C300&ssl=1 1.5x"},"classes":[]},{"id":126960,"url":"https:\/\/lasprimeras.com.do\/index.php\/2026\/04\/07\/congresista-torres-d-15-contra-intensiones-trump-eliminar-ciudadania-por-nacimiento-en-eua\/","url_meta":{"origin":102408,"position":2},"title":"Congresista Torres D-15 contra intensiones Trump eliminar ciudadan\u00eda por nacimiento en EUA","author":"Nelson Feliz","date":"7 de abril de 2026","format":false,"excerpt":"Por Ram\u00f3n Mercedes NUEVA YORK.- El congresista por el Distrito 15, Bronx, Ritchie Torres, manifest\u00f3 que est\u00e1 en contra de las intenciones del presidente Donald Trump de eliminar la ciudadan\u00eda por nacimiento a hijos de indocumentados en Estados Unidos. Exhort\u00f3 a los miembros de la Corte Suprema a ratificar lo\u2026","rel":"","context":"En \u00abINTERNACIONALES\u00bb","block_context":{"text":"INTERNACIONALES","link":"https:\/\/lasprimeras.com.do\/index.php\/category\/sin-categoria\/internacionales\/"},"img":{"alt_text":"","src":"https:\/\/i0.wp.com\/lasprimeras.com.do\/wp-content\/uploads\/2026\/04\/IMG-20260407-WA0071.jpg?resize=350%2C200&ssl=1","width":350,"height":200},"classes":[]},{"id":106492,"url":"https:\/\/lasprimeras.com.do\/index.php\/2025\/08\/15\/eua-podra-deportar-en-cualquier-momento-ilegales-hayan-contraido-matrimonio\/","url_meta":{"origin":102408,"position":3},"title":"EUA podr\u00e1 deportar en cualquier momento ilegales hayan contra\u00eddo matrimonio","author":"Nelson Feliz","date":"15 de agosto de 2025","format":false,"excerpt":"Por Ram\u00f3n Mercedes NUEVA YORK.- Las autoridades federales de inmigraci\u00f3n podr\u00e1n iniciar procedimientos de deportaci\u00f3n para inmigrantes sin estatus legal que soliciten la residencia a trav\u00e9s de su c\u00f3nyuge, seg\u00fan las nuevas directrices emitidas este lunes por el Servicio de Ciudadan\u00eda e Inmigraci\u00f3n de Estados Unidos (USCIS). La medida, que\u2026","rel":"","context":"En \u00abINTERNACIONALES\u00bb","block_context":{"text":"INTERNACIONALES","link":"https:\/\/lasprimeras.com.do\/index.php\/category\/sin-categoria\/internacionales\/"},"img":{"alt_text":"","src":"https:\/\/i0.wp.com\/lasprimeras.com.do\/wp-content\/uploads\/2025\/08\/WhatsApp-Image-2025-08-15-at-6.18.25-AM-2.jpeg?resize=350%2C200&ssl=1","width":350,"height":200,"srcset":"https:\/\/i0.wp.com\/lasprimeras.com.do\/wp-content\/uploads\/2025\/08\/WhatsApp-Image-2025-08-15-at-6.18.25-AM-2.jpeg?resize=350%2C200&ssl=1 1x, https:\/\/i0.wp.com\/lasprimeras.com.do\/wp-content\/uploads\/2025\/08\/WhatsApp-Image-2025-08-15-at-6.18.25-AM-2.jpeg?resize=525%2C300&ssl=1 1.5x, https:\/\/i0.wp.com\/lasprimeras.com.do\/wp-content\/uploads\/2025\/08\/WhatsApp-Image-2025-08-15-at-6.18.25-AM-2.jpeg?resize=700%2C400&ssl=1 2x"},"classes":[]},{"id":101730,"url":"https:\/\/lasprimeras.com.do\/index.php\/2025\/06\/25\/tribunal-supremo-eua-permitira-deportar-inmigrantes-a-terceros-paises\/","url_meta":{"origin":102408,"position":4},"title":"Tribunal Supremo EUA permitir\u00e1 deportar inmigrantes a terceros pa\u00edses","author":"Nelson Feliz","date":"25 de junio de 2025","format":false,"excerpt":"Por Ram\u00f3n Mercedes NUEVA YORK.- El Tribunal Supremo de Estados Unidos permite a partir de esta semana al Gobierno del presidente Donald Trump reanudar las expulsiones de inmigrantes a terceros pa\u00edses como Sud\u00e1n del Sur, en \u00c1frica, distante a m\u00e1s de 10,900 km. de distancia de NY y a El\u2026","rel":"","context":"En \u00abINTERNACIONALES\u00bb","block_context":{"text":"INTERNACIONALES","link":"https:\/\/lasprimeras.com.do\/index.php\/category\/sin-categoria\/internacionales\/"},"img":{"alt_text":"Tribunal Supremo EUA permitir\u00e1 deportar inmigrantes a terceros pa\u00edses; incluyendo Sudan del Sur a 10,900 km de NY","src":"https:\/\/i0.wp.com\/lasprimeras.com.do\/wp-content\/uploads\/2025\/06\/WhatsApp-Image-2025-06-25-at-8.08.08-AM.jpeg?resize=350%2C200&ssl=1","width":350,"height":200,"srcset":"https:\/\/i0.wp.com\/lasprimeras.com.do\/wp-content\/uploads\/2025\/06\/WhatsApp-Image-2025-06-25-at-8.08.08-AM.jpeg?resize=350%2C200&ssl=1 1x, https:\/\/i0.wp.com\/lasprimeras.com.do\/wp-content\/uploads\/2025\/06\/WhatsApp-Image-2025-06-25-at-8.08.08-AM.jpeg?resize=525%2C300&ssl=1 1.5x, https:\/\/i0.wp.com\/lasprimeras.com.do\/wp-content\/uploads\/2025\/06\/WhatsApp-Image-2025-06-25-at-8.08.08-AM.jpeg?resize=700%2C400&ssl=1 2x"},"classes":[]},{"id":103285,"url":"https:\/\/lasprimeras.com.do\/index.php\/2025\/07\/14\/multaran-con-us100-o-prision-por-30-dias-ciudadano-usa-no-lleve-encima-identificacion\/","url_meta":{"origin":102408,"position":5},"title":"Multar\u00e1n con US$100 o prisi\u00f3n por 30 d\u00edas, ciudadano USA no lleve encima identificaci\u00f3n","author":"Nelson Feliz","date":"14 de julio de 2025","format":false,"excerpt":"Por Ram\u00f3n Mercedes NUEVA YORK.- El Servicio de Ciudadan\u00eda e Inmigraci\u00f3n de Estados Unidos (USCIS) inform\u00f3 que el inmigrante o ciudadano que no lleve encima su tarjeta de residencia o ciudadan\u00eda ser\u00eda multado con hasta US$100.00 o prisi\u00f3n de 30 d\u00edas, ante cualquier inspecci\u00f3n por parte de agentes de Inmigraci\u00f3n.\u2026","rel":"","context":"En \u00abINTERNACIONALES\u00bb","block_context":{"text":"INTERNACIONALES","link":"https:\/\/lasprimeras.com.do\/index.php\/category\/sin-categoria\/internacionales\/"},"img":{"alt_text":"","src":"https:\/\/i0.wp.com\/lasprimeras.com.do\/wp-content\/uploads\/2025\/07\/ID-CIUDDANOS.png?resize=350%2C200&ssl=1","width":350,"height":200,"srcset":"https:\/\/i0.wp.com\/lasprimeras.com.do\/wp-content\/uploads\/2025\/07\/ID-CIUDDANOS.png?resize=350%2C200&ssl=1 1x, https:\/\/i0.wp.com\/lasprimeras.com.do\/wp-content\/uploads\/2025\/07\/ID-CIUDDANOS.png?resize=525%2C300&ssl=1 1.5x"},"classes":[]}],"jetpack_sharing_enabled":true,"_links":{"self":[{"href":"https:\/\/lasprimeras.com.do\/index.php\/wp-json\/wp\/v2\/posts\/102408","targetHints":{"allow":["GET"]}}],"collection":[{"href":"https:\/\/lasprimeras.com.do\/index.php\/wp-json\/wp\/v2\/posts"}],"about":[{"href":"https:\/\/lasprimeras.com.do\/index.php\/wp-json\/wp\/v2\/types\/post"}],"author":[{"embeddable":true,"href":"https:\/\/lasprimeras.com.do\/index.php\/wp-json\/wp\/v2\/users\/10"}],"replies":[{"embeddable":true,"href":"https:\/\/lasprimeras.com.do\/index.php\/wp-json\/wp\/v2\/comments?post=102408"}],"version-history":[{"count":1,"href":"https:\/\/lasprimeras.com.do\/index.php\/wp-json\/wp\/v2\/posts\/102408\/revisions"}],"predecessor-version":[{"id":102410,"href":"https:\/\/lasprimeras.com.do\/index.php\/wp-json\/wp\/v2\/posts\/102408\/revisions\/102410"}],"wp:featuredmedia":[{"embeddable":true,"href":"https:\/\/lasprimeras.com.do\/index.php\/wp-json\/wp\/v2\/media\/102409"}],"wp:attachment":[{"href":"https:\/\/lasprimeras.com.do\/index.php\/wp-json\/wp\/v2\/media?parent=102408"}],"wp:term":[{"taxonomy":"category","embeddable":true,"href":"https:\/\/lasprimeras.com.do\/index.php\/wp-json\/wp\/v2\/categories?post=102408"},{"taxonomy":"post_tag","embeddable":true,"href":"https:\/\/lasprimeras.com.do\/index.php\/wp-json\/wp\/v2\/tags?post=102408"}],"curies":[{"name":"wp","href":"https:\/\/api.w.org\/{rel}","templated":true}]}}