{"id":102411,"date":"2025-07-04T08:08:22","date_gmt":"2025-07-04T12:08:22","guid":{"rendered":"https:\/\/lasprimeras.com.do\/?p=102411"},"modified":"2025-07-04T08:08:23","modified_gmt":"2025-07-04T12:08:23","slug":"concejal-de-la-rosa-al-ser-reelecta-afirma-continuara-obras-e-iniciara-otras","status":"publish","type":"post","link":"https:\/\/lasprimeras.com.do\/index.php\/2025\/07\/04\/concejal-de-la-rosa-al-ser-reelecta-afirma-continuara-obras-e-iniciara-otras\/","title":{"rendered":"Concejal De la Rosa al ser reelecta afirma continuar\u00e1 obras e iniciar\u00e1 otras"},"content":{"rendered":"\n<p>Por Ram\u00f3n Mercedes<\/p>\n\n\n\n<p>NUEVA YORK.- La reelecta concejal por el distrito 10 en el Alto Manhattan, que cubre los vecindarios de Washington Heights, Inwood y Marbel Hill, Carmen de la Rosa, manifest\u00f3 que continuar\u00e1 las obras iniciada en su anterior gesti\u00f3n y se propone comenzar otras.<\/p>\n\n\n\n<p>Entrevistada mientras participaba de un concurrido evento en el Alto Manhattan, De la Rosa sostuvo: \u00abTenemos muchos proyectos ya iniciados y vamos a terminarlos, porque es nuestro \u00faltimo t\u00e9rmino, pero tenemos otros nuevos donde vamos a lanzar iniciativas para darle participaci\u00f3n a la comunidad en todo.<\/p>\n\n\n\n<p>Ganamos en el presupuesto, incluyendo los fondos de recreaci\u00f3n, adem\u00e1s, venimos trayendo tambi\u00e9n; vamos a seguir trabajando en el tema de la vivienda, es decir, hay muchos trabajos por hacer.<\/p>\n\n\n\n<p>Entre los logros alcanzado por la dominicana en su distrito, figuran $3 millones de d\u00f3lares para el parque Amelia Gorman, ubicado en la avenida Wadsworth Terrace con la calle 190th. US$4.5 millones para las canchas de baloncesto Raoul Wallenberg, ubicada en la calle 189 y la avenida \u00c1msterdam.<\/p>\n\n\n\n<p>Asimismo, US$1.3 millones para el parque de perros de Ft. Tryon. Este parque canino est\u00e1 situado al este de Corbin Drive, al sur del paso elevado sobre Fort Tryon Drive, y est\u00e1 abierto las 24 horas del d\u00eda. Los perros pueden disfrutar de este espacio sin correa, seg\u00fan las reglas del parque.<\/p>\n\n\n\n<p>Adem\u00e1s, US$1.5 millones para la plaza de entrada J. Hood Wright, localizada entre las calles 173 y 1766, en la avenida Fort Washington. $3.6 millones en fondos capitales para restaurar nuestras escuelas p\u00fablicas; y $1.1 millones para programas culturales y art\u00edsticos.<\/p>\n\n\n\n<p>Mientras, $360,000 para vivienda, incluyendo servicios legales, defensa de inquilinos y programas de NYCHA. $830,000 para servicios para j\u00f3venes. $130,000 para desarrollo del trabajador. $260,000 para servicios y programas para personas mayores. Y $320,000+ para limpieza y embellecimiento comunitario.<\/p>\n","protected":false},"excerpt":{"rendered":"<p>Por Ram\u00f3n Mercedes NUEVA YORK.- La reelecta concejal por el distrito 10 en el Alto Manhattan, que cubre los vecindarios de Washington Heights, Inwood y Marbel Hill, Carmen de la&hellip;<\/p>\n","protected":false},"author":10,"featured_media":102412,"comment_status":"open","ping_status":"open","sticky":false,"template":"","format":"standard","meta":{"content-type":"","jetpack_post_was_ever_published":false,"_jetpack_newsletter_access":"","_jetpack_dont_email_post_to_subs":false,"_jetpack_newsletter_tier_id":0,"_jetpack_memberships_contains_paywalled_content":false,"_jetpack_memberships_contains_paid_content":false,"footnotes":""},"categories":[16289],"tags":[7884,7882,374,5235],"class_list":["post-102411","post","type-post","status-publish","format-standard","has-post-thumbnail","hentry","category-internacionales","tag-carmen-de-la-rosa","tag-concejal","tag-obras","tag-reelecta"],"jetpack_featured_media_url":"https:\/\/lasprimeras.com.do\/wp-content\/uploads\/2025\/07\/WhatsApp-Image-2025-07-04-at-6.05.54-AM.jpeg","jetpack-related-posts":[{"id":61403,"url":"https:\/\/lasprimeras.com.do\/index.php\/2023\/09\/26\/escuela-del-alto-manhattan-recibe-200000-de-la-concejal-de-la-rosa-en-el-presupuesto\/","url_meta":{"origin":102411,"position":0},"title":"Escuela del Alto Manhattan recibe $200,000 de la concejal De La Rosa en el presupuesto","author":"Nelson Feliz","date":"26 de septiembre de 2023","format":false,"excerpt":"Por: Aquiles Rojas NUEVA YORK. \u2013 La concejal de origen dominicana, Carmen De La Rosa se reuni\u00f3 con administradores escolares de la escuela P.S. 48 para presentar $200,000 d\u00f3lares asignados para mejoras de ba\u00f1os en el presupuesto de la ciudad para el a\u00f1o fiscal 24. La serie dirigida por la\u2026","rel":"","context":"En \u00abECONOM\u00cdA\u00bb","block_context":{"text":"ECONOM\u00cdA","link":"https:\/\/lasprimeras.com.do\/index.php\/category\/economia\/"},"img":{"alt_text":"Carmen de la Rosa","src":"https:\/\/i0.wp.com\/lasprimeras.com.do\/wp-content\/uploads\/2023\/09\/Carmen-de-la-Rosa.jpg?resize=350%2C200&ssl=1","width":350,"height":200,"srcset":"https:\/\/i0.wp.com\/lasprimeras.com.do\/wp-content\/uploads\/2023\/09\/Carmen-de-la-Rosa.jpg?resize=350%2C200&ssl=1 1x, https:\/\/i0.wp.com\/lasprimeras.com.do\/wp-content\/uploads\/2023\/09\/Carmen-de-la-Rosa.jpg?resize=525%2C300&ssl=1 1.5x, https:\/\/i0.wp.com\/lasprimeras.com.do\/wp-content\/uploads\/2023\/09\/Carmen-de-la-Rosa.jpg?resize=700%2C400&ssl=1 2x"},"classes":[]},{"id":113683,"url":"https:\/\/lasprimeras.com.do\/index.php\/2025\/11\/05\/mamdani-dedica-su-triunfo-como-alcalde-nyc-a-trump\/","url_meta":{"origin":102411,"position":1},"title":"Mamdani dedica su triunfo como alcalde NYC a Trump","author":"Nelson Feliz","date":"5 de noviembre de 2025","format":false,"excerpt":"Seis dominicanos son reelectos en sus posiciones Por Ram\u00f3n Mercedes NUEVA YORK.- Con el 90.51 % de los votos computados a las 12:05 am de este mi\u00e9rcoles el socialista dem\u00f3crata, Zohran Mamdani, de 34 a\u00f1os, se impuso con 1,035,646 (50.4%) votos a sus otros cuatro contrincantes en la carrera hacia\u2026","rel":"","context":"En \u00abLA VOZ DE LA DIASPORA\u00bb","block_context":{"text":"LA VOZ DE LA DIASPORA","link":"https:\/\/lasprimeras.com.do\/index.php\/category\/la-voz-de-la-diaspora\/"},"img":{"alt_text":"Mamdani dedica su triunfo como alcalde NYC a Trump; seis dominicanos son reelectos en sus posiciones","src":"https:\/\/i0.wp.com\/lasprimeras.com.do\/wp-content\/uploads\/2025\/11\/WhatsApp-Image-2025-11-05-at-6.29.55-AM.jpeg?resize=350%2C200&ssl=1","width":350,"height":200,"srcset":"https:\/\/i0.wp.com\/lasprimeras.com.do\/wp-content\/uploads\/2025\/11\/WhatsApp-Image-2025-11-05-at-6.29.55-AM.jpeg?resize=350%2C200&ssl=1 1x, https:\/\/i0.wp.com\/lasprimeras.com.do\/wp-content\/uploads\/2025\/11\/WhatsApp-Image-2025-11-05-at-6.29.55-AM.jpeg?resize=525%2C300&ssl=1 1.5x"},"classes":[]},{"id":112653,"url":"https:\/\/lasprimeras.com.do\/index.php\/2025\/10\/24\/valoran-ydanis-se-uniera-a-espaillat-septimo-y-de-la-rosa-en-apoyo-a-mamdani-alcaldia-nyc\/","url_meta":{"origin":102411,"position":2},"title":"Valoran Ydanis se uniera a Espaillat, S\u00e9ptimo y De la Rosa en apoyo a Mamdani alcald\u00eda NYC","author":"Nelson Feliz","date":"24 de octubre de 2025","format":false,"excerpt":"Por Ram\u00f3n Mercedes NUEVA YORK.- Dominicanos en esta ciudad valoraron de positivo que el exconcejal por el Alto Manhattan, Ydanis Rodr\u00edguez, se uniera al congresista Adriano Espaillat, a la asamble\u00edsta Amada S\u00e9ptimo y a la concejal Carmen de la Rosa, junto a otros oficiales latinos para apoyar al candidato dem\u00f3crata\u2026","rel":"","context":"En \u00abLA VOZ DE LA DIASPORA\u00bb","block_context":{"text":"LA VOZ DE LA DIASPORA","link":"https:\/\/lasprimeras.com.do\/index.php\/category\/la-voz-de-la-diaspora\/"},"img":{"alt_text":"","src":"","width":0,"height":0},"classes":[]},{"id":101733,"url":"https:\/\/lasprimeras.com.do\/index.php\/2025\/06\/25\/dominicanos-ganan-primarias-democratas-nyc-cuomo-reconoce-su-derrota\/","url_meta":{"origin":102411,"position":3},"title":"Dominicanos ganan primarias dem\u00f3cratas NYC; Cuomo reconoce su derrota","author":"Nelson Feliz","date":"25 de junio de 2025","format":false,"excerpt":"Por Ram\u00f3n Mercedes NUEVA YORK.- Los concejales dominicanos que buscaban ser reelectos durante las primarias dem\u00f3cratas de este martes ganaron y ahora pasan a ser los candidatos oficiales del partido para participar en las elecciones generales a celebrarse el pr\u00f3ximo 4 de noviembre. Para saber qui\u00e9n gana estas contiendas, los\u2026","rel":"","context":"En \u00abINTERNACIONALES\u00bb","block_context":{"text":"INTERNACIONALES","link":"https:\/\/lasprimeras.com.do\/index.php\/category\/sin-categoria\/internacionales\/"},"img":{"alt_text":"","src":"https:\/\/i0.wp.com\/lasprimeras.com.do\/wp-content\/uploads\/2025\/06\/WhatsApp-Image-2025-06-25-at-8.08.08-AM-1.jpeg?resize=350%2C200&ssl=1","width":350,"height":200,"srcset":"https:\/\/i0.wp.com\/lasprimeras.com.do\/wp-content\/uploads\/2025\/06\/WhatsApp-Image-2025-06-25-at-8.08.08-AM-1.jpeg?resize=350%2C200&ssl=1 1x, https:\/\/i0.wp.com\/lasprimeras.com.do\/wp-content\/uploads\/2025\/06\/WhatsApp-Image-2025-06-25-at-8.08.08-AM-1.jpeg?resize=525%2C300&ssl=1 1.5x, https:\/\/i0.wp.com\/lasprimeras.com.do\/wp-content\/uploads\/2025\/06\/WhatsApp-Image-2025-06-25-at-8.08.08-AM-1.jpeg?resize=700%2C400&ssl=1 2x"},"classes":[]},{"id":110866,"url":"https:\/\/lasprimeras.com.do\/index.php\/2025\/10\/02\/clausuran-en-alto-manhattan-programa-de-desarrollo-profesional-y-estudios-2025\/","url_meta":{"origin":102411,"position":4},"title":"Clausuran en Alto Manhattan programa de Desarrollo Profesional y Estudios 2025","author":"Nelson Feliz","date":"2 de octubre de 2025","format":false,"excerpt":"Por Ram\u00f3n Mercedes NUEVA YORK.- La Universidad Hostos en El Bronx clausur\u00f3 recientemente en el Alto Manhattan su programa de \u00abDesarrollo Profesional y Estudios en el Extranjero de Verano 2025\u00bb, donde participaron directores, docentes y expertos en centros culturales dominicanos del Departamento de Educaci\u00f3n de esta ciudad. Dicha clausura se\u2026","rel":"","context":"En \u00abINTERNACIONALES\u00bb","block_context":{"text":"INTERNACIONALES","link":"https:\/\/lasprimeras.com.do\/index.php\/category\/sin-categoria\/internacionales\/"},"img":{"alt_text":"","src":"https:\/\/i0.wp.com\/lasprimeras.com.do\/wp-content\/uploads\/2025\/10\/WhatsApp-Image-2025-10-02-at-6.56.31-AM.jpeg?resize=350%2C200&ssl=1","width":350,"height":200,"srcset":"https:\/\/i0.wp.com\/lasprimeras.com.do\/wp-content\/uploads\/2025\/10\/WhatsApp-Image-2025-10-02-at-6.56.31-AM.jpeg?resize=350%2C200&ssl=1 1x, https:\/\/i0.wp.com\/lasprimeras.com.do\/wp-content\/uploads\/2025\/10\/WhatsApp-Image-2025-10-02-at-6.56.31-AM.jpeg?resize=525%2C300&ssl=1 1.5x, https:\/\/i0.wp.com\/lasprimeras.com.do\/wp-content\/uploads\/2025\/10\/WhatsApp-Image-2025-10-02-at-6.56.31-AM.jpeg?resize=700%2C400&ssl=1 2x"},"classes":[]},{"id":101190,"url":"https:\/\/lasprimeras.com.do\/index.php\/2025\/06\/16\/dominicanos-en-nyc-buscan-reelegirse-en-posiciones-electivas-que-ocupan\/","url_meta":{"origin":102411,"position":5},"title":"Dominicanos en NYC buscan reelegirse en posiciones electivas que ocupan","author":"Nelson Feliz","date":"16 de junio de 2025","format":false,"excerpt":"Por Ram\u00f3n Mercedes NUEVA YORK.- Varios dominicanos que ocupan posiciones electivas en esta ciudad participar\u00e1n de las primarias dem\u00f3cratas el pr\u00f3ximo 24 de este mes en busca de ser elegidos nuevamente y poder participar de las elecciones generales del 4 de noviembre. En estas primarias se elegir\u00e1n los candidatos de\u2026","rel":"","context":"En \u00abINTERNACIONALES\u00bb","block_context":{"text":"INTERNACIONALES","link":"https:\/\/lasprimeras.com.do\/index.php\/category\/sin-categoria\/internacionales\/"},"img":{"alt_text":"","src":"https:\/\/i0.wp.com\/lasprimeras.com.do\/wp-content\/uploads\/2025\/06\/WhatsApp-Image-2025-06-16-at-5.37.37-AM-3.jpeg?resize=350%2C200&ssl=1","width":350,"height":200,"srcset":"https:\/\/i0.wp.com\/lasprimeras.com.do\/wp-content\/uploads\/2025\/06\/WhatsApp-Image-2025-06-16-at-5.37.37-AM-3.jpeg?resize=350%2C200&ssl=1 1x, https:\/\/i0.wp.com\/lasprimeras.com.do\/wp-content\/uploads\/2025\/06\/WhatsApp-Image-2025-06-16-at-5.37.37-AM-3.jpeg?resize=525%2C300&ssl=1 1.5x"},"classes":[]}],"jetpack_sharing_enabled":true,"_links":{"self":[{"href":"https:\/\/lasprimeras.com.do\/index.php\/wp-json\/wp\/v2\/posts\/102411","targetHints":{"allow":["GET"]}}],"collection":[{"href":"https:\/\/lasprimeras.com.do\/index.php\/wp-json\/wp\/v2\/posts"}],"about":[{"href":"https:\/\/lasprimeras.com.do\/index.php\/wp-json\/wp\/v2\/types\/post"}],"author":[{"embeddable":true,"href":"https:\/\/lasprimeras.com.do\/index.php\/wp-json\/wp\/v2\/users\/10"}],"replies":[{"embeddable":true,"href":"https:\/\/lasprimeras.com.do\/index.php\/wp-json\/wp\/v2\/comments?post=102411"}],"version-history":[{"count":1,"href":"https:\/\/lasprimeras.com.do\/index.php\/wp-json\/wp\/v2\/posts\/102411\/revisions"}],"predecessor-version":[{"id":102413,"href":"https:\/\/lasprimeras.com.do\/index.php\/wp-json\/wp\/v2\/posts\/102411\/revisions\/102413"}],"wp:featuredmedia":[{"embeddable":true,"href":"https:\/\/lasprimeras.com.do\/index.php\/wp-json\/wp\/v2\/media\/102412"}],"wp:attachment":[{"href":"https:\/\/lasprimeras.com.do\/index.php\/wp-json\/wp\/v2\/media?parent=102411"}],"wp:term":[{"taxonomy":"category","embeddable":true,"href":"https:\/\/lasprimeras.com.do\/index.php\/wp-json\/wp\/v2\/categories?post=102411"},{"taxonomy":"post_tag","embeddable":true,"href":"https:\/\/lasprimeras.com.do\/index.php\/wp-json\/wp\/v2\/tags?post=102411"}],"curies":[{"name":"wp","href":"https:\/\/api.w.org\/{rel}","templated":true}]}}