{"id":102435,"date":"2025-07-04T11:29:27","date_gmt":"2025-07-04T15:29:27","guid":{"rendered":"https:\/\/lasprimeras.com.do\/?p=102435"},"modified":"2025-07-04T11:29:29","modified_gmt":"2025-07-04T15:29:29","slug":"como-la-gente-celebra-protesta-y-viaja-el-4-de-julio","status":"publish","type":"post","link":"https:\/\/lasprimeras.com.do\/index.php\/2025\/07\/04\/como-la-gente-celebra-protesta-y-viaja-el-4-de-julio\/","title":{"rendered":"C\u00f3mo la gente celebra, protesta y viaja el 4 de julio"},"content":{"rendered":"\n<p>Por BEN FINLEY y JAIMIE DING<\/p>\n\n\n\n<p>LOS \u00c1NGELES (AP) \u2014 Encuestas recientes indican una disminuci\u00f3n del orgullo nacional entre los estadounidenses, particularmente entre los dem\u00f3cratas en la era Trump, y algunos se preguntan si celebrar el 4 de Julio este a\u00f1o.<\/p>\n\n\n\n<p>Pero Scott Allen, un dem\u00f3crata registrado en el sur de California, no es uno de ellos. Planeaba conmemorar el 249.\u00ba aniversario de la naci\u00f3n con un grupo de vecinos de ideolog\u00eda pol\u00edtica diversa que har\u00edan una parrillada y encender\u00edan fuegos artificiales.<\/p>\n\n\n\n<p>Pensar\u00e1 en su padre, un infante de marina de los EE. UU., y en lo orgulloso que est\u00e1 de que &#8220;tengamos la libertad de hacer todo lo que hacemos&#8221;.<\/p>\n\n\n\n<p>&#8220;Podemos protestar. Podemos tener libertad de expresi\u00f3n&#8221;, dijo Allen, de 60 a\u00f1os, residente de Lakewood, al sur de Los \u00c1ngeles.<\/p>\n\n\n\n<p>Este D\u00eda de la Independencia podr\u00eda ser diferente para muchos estadounidenses. En todo el pa\u00eds se est\u00e1n planeando protestas contra las pol\u00edticas de Trump, y en lugares como el sur de California, donde las redadas migratorias han conmocionado a las comunidades, se cancelaron algunas celebraciones del 4 de Julio.<\/p>\n\n\n\n<p>Los minoristas de fuegos artificiales tambi\u00e9n se enfrentan a aranceles. Pero, al mismo tiempo, se espera que los viajes navide\u00f1os batan r\u00e9cords.<\/p>\n\n\n\n<p>Esto es lo que debe saber sobre el 4 de Julio de este a\u00f1o:<\/p>\n\n\n\n<p>Celebraciones canceladas en California<\/p>\n\n\n\n<p>Varias comunidades en el \u00e1rea de Los \u00c1ngeles cancelaron las festividades del D\u00eda de la Independencia debido a preocupaciones de seguridad por la represi\u00f3n migratoria de la administraci\u00f3n Trump.<\/p>\n\n\n\n<p>Las redadas provocaron protestas en toda la ciudad y llevaron a Trump a desplegar tropas de la Guardia Nacional y la Infanter\u00eda de Marina.<\/p>\n\n\n\n<p>El barrio angelino de El Sereno cancel\u00f3 su desfile despu\u00e9s de que el 90% de los participantes abandonaran.<\/p>\n\n\n\n<p>La organizadora Genny Guerrero afirm\u00f3 que la comunidad mayoritariamente latina es &#8220;muy patriota&#8221;. Sin embargo, muchas personas evitan los eventos por temor a los agentes de inmigraci\u00f3n.<\/p>\n\n\n\n<p>&#8220;El hecho de que se lleven a cualquier persona de piel morena, independientemente de su ciudadan\u00eda, pone a todos en peligro&#8221;, declar\u00f3 Guerrero.<\/p>\n\n\n\n<p>Una fiesta vecinal en el centro, que atrajo a 20,000 personas el a\u00f1o pasado, se pospuso. En los suburbios del sureste de Los \u00c1ngeles, como Bell Gardens, se cancelaron las celebraciones por completo.<\/p>\n\n\n\n<p>Eventos planeados en protesta<\/p>\n\n\n\n<p>Mientras tanto, se han programado eventos para el D\u00eda de la Independencia en protesta contra las pol\u00edticas de Trump, incluyendo los recortes a Medicaid, seg\u00fan Tamika Middleton, directora general de la Marcha de las Mujeres.<\/p>\n\n\n\n<p>El grupo organiz\u00f3 la Marcha de las Mujeres en Washington en 2017, el d\u00eda despu\u00e9s de la primera investidura de Trump. Los eventos de este a\u00f1o abarcar\u00e1n desde peque\u00f1as comidas informales hasta manifestaciones en grandes ciudades.<\/p>\n\n\n\n<p>Por ejemplo, se realizar\u00e1 una concentraci\u00f3n en una ceremonia de naturalizaci\u00f3n en Portsmouth, New Hampshire, para mostrar apoyo a los nuevos ciudadanos. Sin embargo, habr\u00e1 protestas m\u00e1s grandes en ciudades m\u00e1s grandes, incluyendo una frente al Ayuntamiento de Houston.<\/p>\n\n\n\n<p>&#8220;Invitamos a la gente a imaginar c\u00f3mo ser\u00eda una Am\u00e9rica verdaderamente libre&#8221;, dijo Middleton.<\/p>\n\n\n\n<p>Aranceles y fuegos artificiales<\/p>\n\n\n\n<p>La gran mayor\u00eda de los fuegos artificiales en EE. UU. se fabrican en China, afirm\u00f3 Julie Heckman, directora ejecutiva de la Asociaci\u00f3n Americana de Pirotecnia.<\/p>\n\n\n\n<p>A medida que se intensificaba la guerra comercial con China, los aranceles sobre los fuegos artificiales fabricados en China alcanzaron el 145 % en abril, seg\u00fan Heckman.<br>Trump decret\u00f3 una pausa de 90 d\u00edas en mayo, manteniendo los aranceles actuales sobre los fuegos artificiales chinos en el 30 %.<\/p>\n\n\n\n<p>Los aranceles tendr\u00e1n poco impacto en los espect\u00e1culos pirot\u00e9cnicos de la ciudad, ya que las carcasas se compraron hace meses, explic\u00f3 Heckman.<\/p>\n\n\n\n<p>Los minoristas que venden los fuegos artificiales para el hogar le han dicho que no est\u00e1n trasladando los aranceles del 30 % a los consumidores.<\/p>\n\n\n\n<p>Pero la situaci\u00f3n ser\u00e1 diferente el pr\u00f3ximo a\u00f1o, a\u00f1adi\u00f3 Heckman, porque los aranceles del 30 % \u2014o cualquier nivel superior\u2014 no son sostenibles para las empresas. La industria mira con cautela hacia 2026.<\/p>\n\n\n\n<p>\u201cTodos los pueblos peque\u00f1os de Estados Unidos querr\u00e1n un espect\u00e1culo pirot\u00e9cnico especial para celebrar el 250.\u00ba aniversario de la fundaci\u00f3n del pa\u00eds\u201d, dijo Heckman.<\/p>\n\n\n\n<p>Viajes navide\u00f1os r\u00e9cord<\/p>\n\n\n\n<p>El club automovil\u00edstico AAA esperaba que m\u00e1s de 72 millones de personas viajaran al menos a 80 kil\u00f3metros (50 millas) de sus hogares. El pron\u00f3stico de AAA incluye dos fines de semana para reflejar mejor los viajes navide\u00f1os.<\/p>\n\n\n\n<p>Casi 62 millones de personas viajar\u00e1n en coche, un aumento del 2,2 % con respecto a 2024, lo que lo convierte en el volumen m\u00e1s alto registrado, seg\u00fan AAA.<\/p>\n\n\n\n<p>Los conductores han visto algunos aumentos de precios en las gasolineras, pero los precios de la gasolina en verano siguen siendo los m\u00e1s bajos desde 2021.<\/p>\n","protected":false},"excerpt":{"rendered":"<p>Por BEN FINLEY y JAIMIE DING LOS \u00c1NGELES (AP) \u2014 Encuestas recientes indican una disminuci\u00f3n del orgullo nacional entre los estadounidenses, particularmente entre los dem\u00f3cratas en la era Trump, y&hellip;<\/p>\n","protected":false},"author":10,"featured_media":102436,"comment_status":"open","ping_status":"open","sticky":false,"template":"","format":"standard","meta":{"content-type":"","jetpack_post_was_ever_published":false,"_jetpack_newsletter_access":"","_jetpack_dont_email_post_to_subs":false,"_jetpack_newsletter_tier_id":0,"_jetpack_memberships_contains_paywalled_content":false,"_jetpack_memberships_contains_paid_content":false,"footnotes":""},"categories":[16289],"tags":[21214,21215],"class_list":["post-102435","post","type-post","status-publish","format-standard","has-post-thumbnail","hentry","category-internacionales","tag-como-la-gente-celebra","tag-protesta-y-viaja-el-4-de-julio"],"jetpack_featured_media_url":"https:\/\/lasprimeras.com.do\/wp-content\/uploads\/2025\/07\/celebrar-el-4-de-Julio.jpg","jetpack-related-posts":[{"id":91348,"url":"https:\/\/lasprimeras.com.do\/index.php\/2024\/11\/18\/maduro-descarta-que-haya-habido-negociacion-sobre-liberacion-de-detenidos-tras-comicios\/","url_meta":{"origin":102435,"position":0},"title":"Maduro descarta que haya habido negociaci\u00f3n sobre liberaci\u00f3n de detenidos tras comicios","author":"Nelson Feliz","date":"18 de noviembre de 2024","format":false,"excerpt":"Caracas,(EFE).- El presidente de Venezuela, Nicol\u00e1s Maduro, descart\u00f3 este lunes que haya habido alguna negociaci\u00f3n con la oposici\u00f3n mayoritaria, a la que calific\u00f3 de \"fascista\", sobre la liberaci\u00f3n de los considerados \"presos pol\u00edticos\", detenidos tras las protestas contra el resultado oficial de las elecciones presidenciales del 28 de julio. \"La\u2026","rel":"","context":"En \u00abINTERNACIONALES\u00bb","block_context":{"text":"INTERNACIONALES","link":"https:\/\/lasprimeras.com.do\/index.php\/category\/sin-categoria\/internacionales\/"},"img":{"alt_text":"Nicol\u00e1s Maduro","src":"https:\/\/i0.wp.com\/lasprimeras.com.do\/wp-content\/uploads\/2024\/11\/Nicolas-Maduro-3.jpg?resize=350%2C200&ssl=1","width":350,"height":200,"srcset":"https:\/\/i0.wp.com\/lasprimeras.com.do\/wp-content\/uploads\/2024\/11\/Nicolas-Maduro-3.jpg?resize=350%2C200&ssl=1 1x, https:\/\/i0.wp.com\/lasprimeras.com.do\/wp-content\/uploads\/2024\/11\/Nicolas-Maduro-3.jpg?resize=525%2C300&ssl=1 1.5x, https:\/\/i0.wp.com\/lasprimeras.com.do\/wp-content\/uploads\/2024\/11\/Nicolas-Maduro-3.jpg?resize=700%2C400&ssl=1 2x"},"classes":[]},{"id":100508,"url":"https:\/\/lasprimeras.com.do\/index.php\/2025\/06\/08\/marcha-de-orgullo-gay-en-eeuu-protesta-contra-trump\/","url_meta":{"origin":102435,"position":1},"title":"Marcha de orgullo gay en EEUU: protesta contra Trump","author":"Nelson Feliz","date":"8 de junio de 2025","format":false,"excerpt":"WASHINGTON (AP) \u2014 Despu\u00e9s de las ruidosas festividades multicolores del desfile del s\u00e1bado, el d\u00eda final del Orgullo Gay 2025 en la capital de Estados Unidos comenz\u00f3 con una nota m\u00e1s sombr\u00eda. M\u00e1s de 1.000 personas se reunieron bajo cielos grises el domingo por la ma\u00f1ana en el Lincoln Memorial\u2026","rel":"","context":"En \u00abINTERNACIONALES\u00bb","block_context":{"text":"INTERNACIONALES","link":"https:\/\/lasprimeras.com.do\/index.php\/category\/sin-categoria\/internacionales\/"},"img":{"alt_text":"","src":"https:\/\/i0.wp.com\/lasprimeras.com.do\/wp-content\/uploads\/2025\/06\/Marcha-Gay.jpg?resize=350%2C200&ssl=1","width":350,"height":200,"srcset":"https:\/\/i0.wp.com\/lasprimeras.com.do\/wp-content\/uploads\/2025\/06\/Marcha-Gay.jpg?resize=350%2C200&ssl=1 1x, https:\/\/i0.wp.com\/lasprimeras.com.do\/wp-content\/uploads\/2025\/06\/Marcha-Gay.jpg?resize=525%2C300&ssl=1 1.5x, https:\/\/i0.wp.com\/lasprimeras.com.do\/wp-content\/uploads\/2025\/06\/Marcha-Gay.jpg?resize=700%2C400&ssl=1 2x"},"classes":[]},{"id":95721,"url":"https:\/\/lasprimeras.com.do\/index.php\/2025\/03\/18\/parlamento-de-hungria-aprueba-ley-que-prohibe-eventos-de-orgullo-gay\/","url_meta":{"origin":102435,"position":2},"title":"Parlamento de Hungr\u00eda aprueba ley que proh\u00edbe eventos de orgullo gay","author":"Nelson Feliz","date":"18 de marzo de 2025","format":false,"excerpt":"POR JUSTIN SPIKE BUDAPEST (AP) \u2014 Los legisladores h\u00fangaros aprobaron el martes una ley que proh\u00edbe los eventos de orgullo gay y permite a las autoridades utilizar software de reconocimiento facial para identificar a los asistentes, continuando con la represi\u00f3n sobre la comunidad LGBTQ+ del pa\u00eds. La medida fue aprobada\u2026","rel":"","context":"En \u00abINTERNACIONALES\u00bb","block_context":{"text":"INTERNACIONALES","link":"https:\/\/lasprimeras.com.do\/index.php\/category\/sin-categoria\/internacionales\/"},"img":{"alt_text":"","src":"https:\/\/i0.wp.com\/lasprimeras.com.do\/wp-content\/uploads\/2025\/03\/gay.jpg?resize=350%2C200&ssl=1","width":350,"height":200,"srcset":"https:\/\/i0.wp.com\/lasprimeras.com.do\/wp-content\/uploads\/2025\/03\/gay.jpg?resize=350%2C200&ssl=1 1x, https:\/\/i0.wp.com\/lasprimeras.com.do\/wp-content\/uploads\/2025\/03\/gay.jpg?resize=525%2C300&ssl=1 1.5x, https:\/\/i0.wp.com\/lasprimeras.com.do\/wp-content\/uploads\/2025\/03\/gay.jpg?resize=700%2C400&ssl=1 2x"},"classes":[]},{"id":65845,"url":"https:\/\/lasprimeras.com.do\/index.php\/2023\/11\/01\/biden-demostrara-fuerza-politica-contra-su-rival-dean-phillips-con-su-viaje-a-minnesota\/","url_meta":{"origin":102435,"position":3},"title":"Biden demostrar\u00e1 fuerza pol\u00edtica contra su rival Dean Phillips con su viaje a Minnesota","author":"Nelson Feliz","date":"1 de noviembre de 2023","format":false,"excerpt":"POR WILL WEISSERT Y CHRIS MEGERIAN WASHINGTON (AP) \u2014 El presidente Joe Biden se dirige a Minnesota para visitar una granja familiar al sur de Minneapolis y realizar una recaudaci\u00f3n de fondos en la que participar\u00e1n muchos de los principales dem\u00f3cratas del estado, con el objetivo de demostrar influencia pol\u00edtica\u2026","rel":"","context":"En \u00abSin categor\u00eda\u00bb","block_context":{"text":"Sin categor\u00eda","link":"https:\/\/lasprimeras.com.do\/index.php\/category\/sin-categoria\/"},"img":{"alt_text":"Joe Biden","src":"https:\/\/i0.wp.com\/lasprimeras.com.do\/wp-content\/uploads\/2023\/11\/Joe-Biden.jpg?resize=350%2C200&ssl=1","width":350,"height":200,"srcset":"https:\/\/i0.wp.com\/lasprimeras.com.do\/wp-content\/uploads\/2023\/11\/Joe-Biden.jpg?resize=350%2C200&ssl=1 1x, https:\/\/i0.wp.com\/lasprimeras.com.do\/wp-content\/uploads\/2023\/11\/Joe-Biden.jpg?resize=525%2C300&ssl=1 1.5x, https:\/\/i0.wp.com\/lasprimeras.com.do\/wp-content\/uploads\/2023\/11\/Joe-Biden.jpg?resize=700%2C400&ssl=1 2x"},"classes":[]},{"id":54164,"url":"https:\/\/lasprimeras.com.do\/index.php\/2023\/07\/08\/la-visita-del-jefe-de-la-oiea-a-corea-del-sur-provoca-protestas-por-la-liberacion-de-agua-de-fukushima\/","url_meta":{"origin":102435,"position":4},"title":"La visita del jefe de la OIEA a Corea del Sur provoca protestas por la liberaci\u00f3n de agua de Fukushima","author":"Nelson Feliz","date":"8 de julio de 2023","format":false,"excerpt":"Por Hyunsu Yim SE\u00daL, (Reuters) - Cientos de manifestantes tomaron las calles de Se\u00fal el s\u00e1bado durante una visita a Corea del Sur del jefe del organismo de control nuclear de la ONU con el objetivo de calmar los temores sobre el plan de Jap\u00f3n de descargar agua radiactiva tratada\u2026","rel":"","context":"En \u00abSin categor\u00eda\u00bb","block_context":{"text":"Sin categor\u00eda","link":"https:\/\/lasprimeras.com.do\/index.php\/category\/sin-categoria\/"},"img":{"alt_text":"Estudiantes con m\u00e1scaras del primer ministro japon\u00e9s, Fumio Kishida, el presidente de Corea del Sur, Yoon Suk Yeol, y el jefe de la Agencia Internacional de Energ\u00eda At\u00f3mica (OIEA), Rafael Grossi, asisten a una protesta contra el plan de Jap\u00f3n de descargar agua radiactiva tratada de la planta de Fukushima destruida por el tsunami.","src":"https:\/\/i0.wp.com\/lasprimeras.com.do\/wp-content\/uploads\/2023\/07\/Protesta-Corea-del-Sur.jpg?resize=350%2C200&ssl=1","width":350,"height":200,"srcset":"https:\/\/i0.wp.com\/lasprimeras.com.do\/wp-content\/uploads\/2023\/07\/Protesta-Corea-del-Sur.jpg?resize=350%2C200&ssl=1 1x, https:\/\/i0.wp.com\/lasprimeras.com.do\/wp-content\/uploads\/2023\/07\/Protesta-Corea-del-Sur.jpg?resize=525%2C300&ssl=1 1.5x"},"classes":[]},{"id":76234,"url":"https:\/\/lasprimeras.com.do\/index.php\/2024\/02\/08\/primer-ministro-de-haiti-pide-calma-tras-las-protestas-violentas-que-exigen-su-renuncia\/","url_meta":{"origin":102435,"position":5},"title":"Primer ministro de Hait\u00ed pide calma tras las protestas violentas que exigen su renuncia","author":"Nelson Feliz","date":"8 de febrero de 2024","format":false,"excerpt":"El breve discurso hizo poco para calmar a las miles de personas enojadas y frustradas Puerto Pr\u00edncipe,AP.-.El primer ministro de Hait\u00ed, Ariel Henry, pidi\u00f3 calma en un discurso p\u00fablico a primera hora del jueves, despu\u00e9s de tres d\u00edas de protestas violentas que exigen su renuncia y han paralizado el pa\u00eds.\u2026","rel":"","context":"En \u00abSin categor\u00eda\u00bb","block_context":{"text":"Sin categor\u00eda","link":"https:\/\/lasprimeras.com.do\/index.php\/category\/sin-categoria\/"},"img":{"alt_text":"Ariel Henry","src":"https:\/\/i0.wp.com\/lasprimeras.com.do\/wp-content\/uploads\/2024\/02\/Ariel-Henry.jpg?resize=350%2C200&ssl=1","width":350,"height":200,"srcset":"https:\/\/i0.wp.com\/lasprimeras.com.do\/wp-content\/uploads\/2024\/02\/Ariel-Henry.jpg?resize=350%2C200&ssl=1 1x, https:\/\/i0.wp.com\/lasprimeras.com.do\/wp-content\/uploads\/2024\/02\/Ariel-Henry.jpg?resize=525%2C300&ssl=1 1.5x, https:\/\/i0.wp.com\/lasprimeras.com.do\/wp-content\/uploads\/2024\/02\/Ariel-Henry.jpg?resize=700%2C400&ssl=1 2x"},"classes":[]}],"jetpack_sharing_enabled":true,"_links":{"self":[{"href":"https:\/\/lasprimeras.com.do\/index.php\/wp-json\/wp\/v2\/posts\/102435","targetHints":{"allow":["GET"]}}],"collection":[{"href":"https:\/\/lasprimeras.com.do\/index.php\/wp-json\/wp\/v2\/posts"}],"about":[{"href":"https:\/\/lasprimeras.com.do\/index.php\/wp-json\/wp\/v2\/types\/post"}],"author":[{"embeddable":true,"href":"https:\/\/lasprimeras.com.do\/index.php\/wp-json\/wp\/v2\/users\/10"}],"replies":[{"embeddable":true,"href":"https:\/\/lasprimeras.com.do\/index.php\/wp-json\/wp\/v2\/comments?post=102435"}],"version-history":[{"count":1,"href":"https:\/\/lasprimeras.com.do\/index.php\/wp-json\/wp\/v2\/posts\/102435\/revisions"}],"predecessor-version":[{"id":102437,"href":"https:\/\/lasprimeras.com.do\/index.php\/wp-json\/wp\/v2\/posts\/102435\/revisions\/102437"}],"wp:featuredmedia":[{"embeddable":true,"href":"https:\/\/lasprimeras.com.do\/index.php\/wp-json\/wp\/v2\/media\/102436"}],"wp:attachment":[{"href":"https:\/\/lasprimeras.com.do\/index.php\/wp-json\/wp\/v2\/media?parent=102435"}],"wp:term":[{"taxonomy":"category","embeddable":true,"href":"https:\/\/lasprimeras.com.do\/index.php\/wp-json\/wp\/v2\/categories?post=102435"},{"taxonomy":"post_tag","embeddable":true,"href":"https:\/\/lasprimeras.com.do\/index.php\/wp-json\/wp\/v2\/tags?post=102435"}],"curies":[{"name":"wp","href":"https:\/\/api.w.org\/{rel}","templated":true}]}}