{"id":102500,"date":"2025-07-05T13:04:23","date_gmt":"2025-07-05T17:04:23","guid":{"rendered":"https:\/\/lasprimeras.com.do\/?p=102500"},"modified":"2025-07-05T13:04:25","modified_gmt":"2025-07-05T17:04:25","slug":"asambleista-george-alvarez-rechaza-el-one-bill-beautiful-bill-act-por-sus-efectos-perjudiciales-en-comunidades-vulnerables","status":"publish","type":"post","link":"https:\/\/lasprimeras.com.do\/index.php\/2025\/07\/05\/asambleista-george-alvarez-rechaza-el-one-bill-beautiful-bill-act-por-sus-efectos-perjudiciales-en-comunidades-vulnerables\/","title":{"rendered":"Asamble\u00edsta George \u00c1lvarez rechaza el \u201cOne Bill Beautiful Bill Act\u201d por sus efectos perjudiciales en comunidades vulnerables"},"content":{"rendered":"\n<p>EL BRONX, NUEVA YORK. \u2013 El asamble\u00edsta del Estado de Nueva York, George \u00c1lvarez, quien representa el Distrito 78 en El Bronx, expres\u00f3 este 4 de julio, en ocasi\u00f3n del D\u00eda de la Independencia de los Estados Unidos, su firme oposici\u00f3n al nuevo paquete legislativo federal promovido por la administraci\u00f3n actual, conocido como el \u201cOne Bill Beautiful Bill Act\u201d.<\/p>\n\n\n\n<p>\u201cHoy, al celebrar los ideales de libertad, justicia y democracia que definen a nuestra naci\u00f3n, me siento obligado a hablar sobre un proyecto de ley que, si bien se describe como \u2018grande\u2019 y \u2018hermoso\u2019, en realidad es profundamente desafortunado para las comunidades que represento\u201d, declar\u00f3 el asamble\u00edsta \u00c1lvarez.<\/p>\n\n\n\n<p>El legislador de origen dominicano advirti\u00f3 que esta propuesta amenaza directamente programas fundamentales como Medicaid y los beneficios de SNAP, dos pilares que garantizan salud y seguridad alimentaria para millones de familias trabajadoras, personas mayores y ciudadanos con discapacidades.<\/p>\n\n\n\n<p>\u201cEsta legislaci\u00f3n incluye disposiciones perjudiciales que limitar\u00e1n el acceso a programas vitales que han sido una red de protecci\u00f3n para nuestros vecinos m\u00e1s necesitados. No se puede celebrar la independencia de una naci\u00f3n mientras se margina a sus ciudadanos m\u00e1s vulnerables\u201d, afirm\u00f3.<\/p>\n\n\n\n<p>\u00c1lvarez, quien ha centrado su labor legislativa en la equidad, el acceso a servicios b\u00e1sicos y la justicia social, lament\u00f3 que en un momento que deber\u00eda unir al pa\u00eds, se promuevan pol\u00edticas que aumentan la desigualdad.<\/p>\n\n\n\n<p>\u201cEn un d\u00eda que deber\u00eda recordarnos nuestra responsabilidad compartida de cuidarnos mutuamente, es lamentable que estemos avanzando en una direcci\u00f3n que prioriza la pol\u00edtica sobre las personas\u201d, subray\u00f3.<\/p>\n\n\n\n<p>El asamble\u00edsta reafirm\u00f3 su compromiso de continuar luchando por pol\u00edticas que ampl\u00eden, y no restrinjan, el acceso a servicios esenciales. Asegur\u00f3 que levantar\u00e1 la voz en Albany y trabajar\u00e1 en coalici\u00f3n con otros legisladores para defender a sus constituyentes.<\/p>\n\n\n\n<p>\u201cSeguir\u00e9 luchando por pol\u00edticas que protejan y ampl\u00eden el acceso a los servicios esenciales. Nuestras comunidades merecen algo mejor y mantengo mi compromiso de brindarles precisamente eso\u201d, puntualiz\u00f3.<\/p>\n\n\n\n<p>En este contexto, George \u00c1lvarez tambi\u00e9n llam\u00f3 a l\u00edderes locales y estatales a mantenerse vigilantes y a actuar con firmeza frente a propuestas federales que puedan poner en riesgo los avances sociales logrados en las \u00faltimas d\u00e9cadas.<\/p>\n\n\n\n<p>En menaje colgado en sus redes sociales el representante por el distrito 78 finaliz\u00f3 diciendo \u201c Con respeto y solidaridad, George \u00c1lvarez, miembro de la Asamblea del Estado de Nueva York\u201d<\/p>\n","protected":false},"excerpt":{"rendered":"<p>EL BRONX, NUEVA YORK. \u2013 El asamble\u00edsta del Estado de Nueva York, George \u00c1lvarez, quien representa el Distrito 78 en El Bronx, expres\u00f3 este 4 de julio, en ocasi\u00f3n del&hellip;<\/p>\n","protected":false},"author":2,"featured_media":102501,"comment_status":"open","ping_status":"open","sticky":false,"template":"","format":"standard","meta":{"content-type":"","jetpack_post_was_ever_published":false,"_jetpack_newsletter_access":"","_jetpack_dont_email_post_to_subs":false,"_jetpack_newsletter_tier_id":0,"_jetpack_memberships_contains_paywalled_content":false,"_jetpack_memberships_contains_paid_content":false,"footnotes":""},"categories":[16289],"tags":[1990,2880,21238,3736,21239,3181],"class_list":["post-102500","post","type-post","status-publish","format-standard","has-post-thumbnail","hentry","category-internacionales","tag-asambleista","tag-comunidades","tag-efectos-perjudiciales","tag-george-alvarez","tag-one-bill-beautiful-bill-act","tag-vulnerables"],"jetpack_featured_media_url":"https:\/\/lasprimeras.com.do\/wp-content\/uploads\/2025\/07\/George-Alvarez.jpg","jetpack-related-posts":[{"id":99746,"url":"https:\/\/lasprimeras.com.do\/index.php\/2025\/05\/26\/asambleista-george-alvarez-aplaude-firma-de-la-gobernadora-hochul-en-un-nuevo-paquete-legislativo\/","url_meta":{"origin":102500,"position":0},"title":"Asamble\u00edsta George \u00c1lvarez aplaude firma de la gobernadora Hochul en un nuevo paquete legislativo","author":"Nelson Feliz","date":"26 de mayo de 2025","format":false,"excerpt":"Bajo el t\u00edtulo de \u201cDinero en tus bolsillos\u201d es alivio fiscal hist\u00f3rico y apoyo a las familias trabajadoras El Bronx, NY \u2014 Hoy, el asamble\u00edsta de origen dominicano, George \u00c1lvarez (AD78) emiti\u00f3 una declaraci\u00f3n en la que celebra la firma del Presupuesto Estatal Enmendado del A\u00f1o Fiscal 2026 por parte\u2026","rel":"","context":"En \u00abECONOM\u00cdA\u00bb","block_context":{"text":"ECONOM\u00cdA","link":"https:\/\/lasprimeras.com.do\/index.php\/category\/economia\/"},"img":{"alt_text":"","src":"https:\/\/i0.wp.com\/lasprimeras.com.do\/wp-content\/uploads\/2025\/05\/Asambleista-George-Alvarez.png?resize=350%2C200&ssl=1","width":350,"height":200},"classes":[]},{"id":75433,"url":"https:\/\/lasprimeras.com.do\/index.php\/2024\/02\/01\/diputado-de-ny-george-alvarez-apoya-resolucion-en-honor-a-juan-pablo-duarte\/","url_meta":{"origin":102500,"position":1},"title":"Diputado de NY, George \u00c1lvarez, apoya resoluci\u00f3n en honor a Juan Pablo Duarte","author":"BIMARY DE JES\u00daS Matos","date":"1 de febrero de 2024","format":false,"excerpt":"Martin Restituuyo NUEVA YORK. \u2013 El asamble\u00edsta George \u00c1lvarez (AD78), quien representa el distrito 78 ante el Congreso Estatal de Nueva York, apoyo una resoluci\u00f3n presentada en el Congreso del Estado de Nueva York en honor al 211 aniversario del natalicio del Padre de la Patria de la Rep\u00fablica Dominicana,\u2026","rel":"","context":"En \u00abSin categor\u00eda\u00bb","block_context":{"text":"Sin categor\u00eda","link":"https:\/\/lasprimeras.com.do\/index.php\/category\/sin-categoria\/"},"img":{"alt_text":"","src":"https:\/\/i0.wp.com\/lasprimeras.com.do\/wp-content\/uploads\/2024\/02\/Captura-de-pantalla-2024-01-26-121155.jpg?resize=350%2C200&ssl=1","width":350,"height":200,"srcset":"https:\/\/i0.wp.com\/lasprimeras.com.do\/wp-content\/uploads\/2024\/02\/Captura-de-pantalla-2024-01-26-121155.jpg?resize=350%2C200&ssl=1 1x, https:\/\/i0.wp.com\/lasprimeras.com.do\/wp-content\/uploads\/2024\/02\/Captura-de-pantalla-2024-01-26-121155.jpg?resize=525%2C300&ssl=1 1.5x"},"classes":[]},{"id":78375,"url":"https:\/\/lasprimeras.com.do\/index.php\/2024\/03\/15\/autoridades-de-nueva-york-acuden-a-llamado-en-el-bronx\/","url_meta":{"origin":102500,"position":2},"title":"Autoridades de Nueva York acuden a llamado en El Bronx","author":"BIMARY DE JES\u00daS Matos","date":"15 de marzo de 2024","format":false,"excerpt":"El BRONX; NUEVA YORK. -El alcalde de la ciudad de Nueva York, Eric Adams, el concejal Oswald Feliz y el asamble\u00edsta George Alvarez hicieron un recorrido por los vecindarios de Kingsbridge Heights en esta ciudad, atendiendo a un llamado de los comunitarios de esa demarcaci\u00f3n. La iniciativa fue encabezada por\u2026","rel":"","context":"En \u00abSin categor\u00eda\u00bb","block_context":{"text":"Sin categor\u00eda","link":"https:\/\/lasprimeras.com.do\/index.php\/category\/sin-categoria\/"},"img":{"alt_text":"","src":"https:\/\/i0.wp.com\/lasprimeras.com.do\/wp-content\/uploads\/2024\/03\/IMG-20240315-WA0010.jpg?resize=350%2C200&ssl=1","width":350,"height":200,"srcset":"https:\/\/i0.wp.com\/lasprimeras.com.do\/wp-content\/uploads\/2024\/03\/IMG-20240315-WA0010.jpg?resize=350%2C200&ssl=1 1x, https:\/\/i0.wp.com\/lasprimeras.com.do\/wp-content\/uploads\/2024\/03\/IMG-20240315-WA0010.jpg?resize=525%2C300&ssl=1 1.5x, https:\/\/i0.wp.com\/lasprimeras.com.do\/wp-content\/uploads\/2024\/03\/IMG-20240315-WA0010.jpg?resize=700%2C400&ssl=1 2x, https:\/\/i0.wp.com\/lasprimeras.com.do\/wp-content\/uploads\/2024\/03\/IMG-20240315-WA0010.jpg?resize=1050%2C600&ssl=1 3x"},"classes":[]},{"id":58341,"url":"https:\/\/lasprimeras.com.do\/index.php\/2023\/08\/22\/elias-barrera-corporan-es-recocido-por-el-asambleista-george-alvarez\/","url_meta":{"origin":102500,"position":3},"title":"El\u00edas Barrera Corporan es recocido por el asamble\u00edsta George \u00c1lvarez","author":"Nelson Feliz","date":"22 de agosto de 2023","format":false,"excerpt":"El asamble\u00edsta George \u00c1lvarez reconoci\u00f3 al merc\u00e1ndolo El\u00edas Barreras Corporan por sus aportes en materia de relaciones p\u00fablicas y su labor en favor de la ciudad de Nueva York para con los grupos minoritarios, donde entre los hispanos, el grupo dominicano es el m\u00e1s grande. El representante por distrito 78\u2026","rel":"","context":"En \u00abSin categor\u00eda\u00bb","block_context":{"text":"Sin categor\u00eda","link":"https:\/\/lasprimeras.com.do\/index.php\/category\/sin-categoria\/"},"img":{"alt_text":"Elias Barrera Corporan","src":"https:\/\/i0.wp.com\/lasprimeras.com.do\/wp-content\/uploads\/2023\/08\/Elias-Barrera-Corporan-1.jpg?resize=350%2C200&ssl=1","width":350,"height":200,"srcset":"https:\/\/i0.wp.com\/lasprimeras.com.do\/wp-content\/uploads\/2023\/08\/Elias-Barrera-Corporan-1.jpg?resize=350%2C200&ssl=1 1x, https:\/\/i0.wp.com\/lasprimeras.com.do\/wp-content\/uploads\/2023\/08\/Elias-Barrera-Corporan-1.jpg?resize=525%2C300&ssl=1 1.5x, https:\/\/i0.wp.com\/lasprimeras.com.do\/wp-content\/uploads\/2023\/08\/Elias-Barrera-Corporan-1.jpg?resize=700%2C400&ssl=1 2x"},"classes":[]},{"id":50432,"url":"https:\/\/lasprimeras.com.do\/index.php\/2023\/05\/19\/asambleista-presenta-proyecto-de-ley-para-beneficiar-a-inquilinos-del-estado-de-ny\/","url_meta":{"origin":102500,"position":4},"title":"Asamble\u00edsta presenta \u201cProyecto de Ley\u201d para beneficiar a inquilinos del Estado de NY","author":"prenxa100","date":"19 de mayo de 2023","format":false,"excerpt":"El legislador George \u00c1lvarez \u00a0presenta el proyecto de Ley A6868 EL BRONX, NUEVA YORK.-. El miembro de la Asamblea del Estado de Nueva York, George \u00c1lvarez, present\u00f3 un proyecto de ley dirigido a los hogares de bajos recursos econ\u00f3micos que pagan en alquiler de la vivienda m\u00e1s del 30 %\u2026","rel":"","context":"En \u00abSin categor\u00eda\u00bb","block_context":{"text":"Sin categor\u00eda","link":"https:\/\/lasprimeras.com.do\/index.php\/category\/sin-categoria\/"},"img":{"alt_text":"","src":"","width":0,"height":0},"classes":[]},{"id":93154,"url":"https:\/\/lasprimeras.com.do\/index.php\/2025\/01\/26\/asambleista-george-alvarez-conmemora-legado-de-juan-pablo-duarte\/","url_meta":{"origin":102500,"position":5},"title":"Asamble\u00edsta George \u00c1lvarez conmemora legado de Juan Pablo Duarte","author":"Nelson Feliz","date":"26 de enero de 2025","format":false,"excerpt":"NUEVA YORK. -El asamble\u00edsta y representante por el Distrito 78 de la Legislatura Estatal de Nueva York, George \u00c1lvarez, emiti\u00f3 la siguiente declaraci\u00f3n en reconocimiento al legado de Juan Pablo Duarte, conmemorando el nacimiento del Padre de la Patria de la Rep\u00fablica Dominicana. \u201cEl legado de ejemplo que nos dejo\u2026","rel":"","context":"En \u00abINTERNACIONALES\u00bb","block_context":{"text":"INTERNACIONALES","link":"https:\/\/lasprimeras.com.do\/index.php\/category\/sin-categoria\/internacionales\/"},"img":{"alt_text":"","src":"https:\/\/i0.wp.com\/lasprimeras.com.do\/wp-content\/uploads\/2025\/01\/asambleista-george-alvarez-conmemora-legado-de-juan-pablo-duarte.jpg?resize=350%2C200&ssl=1","width":350,"height":200,"srcset":"https:\/\/i0.wp.com\/lasprimeras.com.do\/wp-content\/uploads\/2025\/01\/asambleista-george-alvarez-conmemora-legado-de-juan-pablo-duarte.jpg?resize=350%2C200&ssl=1 1x, https:\/\/i0.wp.com\/lasprimeras.com.do\/wp-content\/uploads\/2025\/01\/asambleista-george-alvarez-conmemora-legado-de-juan-pablo-duarte.jpg?resize=525%2C300&ssl=1 1.5x, https:\/\/i0.wp.com\/lasprimeras.com.do\/wp-content\/uploads\/2025\/01\/asambleista-george-alvarez-conmemora-legado-de-juan-pablo-duarte.jpg?resize=700%2C400&ssl=1 2x, https:\/\/i0.wp.com\/lasprimeras.com.do\/wp-content\/uploads\/2025\/01\/asambleista-george-alvarez-conmemora-legado-de-juan-pablo-duarte.jpg?resize=1050%2C600&ssl=1 3x"},"classes":[]}],"jetpack_sharing_enabled":true,"_links":{"self":[{"href":"https:\/\/lasprimeras.com.do\/index.php\/wp-json\/wp\/v2\/posts\/102500","targetHints":{"allow":["GET"]}}],"collection":[{"href":"https:\/\/lasprimeras.com.do\/index.php\/wp-json\/wp\/v2\/posts"}],"about":[{"href":"https:\/\/lasprimeras.com.do\/index.php\/wp-json\/wp\/v2\/types\/post"}],"author":[{"embeddable":true,"href":"https:\/\/lasprimeras.com.do\/index.php\/wp-json\/wp\/v2\/users\/2"}],"replies":[{"embeddable":true,"href":"https:\/\/lasprimeras.com.do\/index.php\/wp-json\/wp\/v2\/comments?post=102500"}],"version-history":[{"count":1,"href":"https:\/\/lasprimeras.com.do\/index.php\/wp-json\/wp\/v2\/posts\/102500\/revisions"}],"predecessor-version":[{"id":102502,"href":"https:\/\/lasprimeras.com.do\/index.php\/wp-json\/wp\/v2\/posts\/102500\/revisions\/102502"}],"wp:featuredmedia":[{"embeddable":true,"href":"https:\/\/lasprimeras.com.do\/index.php\/wp-json\/wp\/v2\/media\/102501"}],"wp:attachment":[{"href":"https:\/\/lasprimeras.com.do\/index.php\/wp-json\/wp\/v2\/media?parent=102500"}],"wp:term":[{"taxonomy":"category","embeddable":true,"href":"https:\/\/lasprimeras.com.do\/index.php\/wp-json\/wp\/v2\/categories?post=102500"},{"taxonomy":"post_tag","embeddable":true,"href":"https:\/\/lasprimeras.com.do\/index.php\/wp-json\/wp\/v2\/tags?post=102500"}],"curies":[{"name":"wp","href":"https:\/\/api.w.org\/{rel}","templated":true}]}}