{"id":102512,"date":"2025-07-06T09:57:40","date_gmt":"2025-07-06T13:57:40","guid":{"rendered":"https:\/\/lasprimeras.com.do\/?p=102512"},"modified":"2025-07-06T09:57:42","modified_gmt":"2025-07-06T13:57:42","slug":"gobierno-en-la-provincia-llega-a-dajabon-para-fortalecer-vinculos-con-las-comunidades","status":"publish","type":"post","link":"https:\/\/lasprimeras.com.do\/index.php\/2025\/07\/06\/gobierno-en-la-provincia-llega-a-dajabon-para-fortalecer-vinculos-con-las-comunidades\/","title":{"rendered":"Gobierno en la Provincia llega a Dajab\u00f3n para fortalecer v\u00ednculos con las comunidades"},"content":{"rendered":"\n<p><strong>Edgar Augusto F\u00e9liz M\u00e9ndez, destac\u00f3 que el gobierno del presidente de la Rep\u00fablica, Luis Abinader Corona, ha ejecutado decenas de obras en la provincia de Dajab\u00f3n, impactando positivamente a miles de ciudadanos y elevando su calidad de vida.<\/strong><\/p>\n\n\n\n<p>En una nueva fase de la iniciativa nacional &#8220;El Gobierno en la Provincia&#8221;, se realiz\u00f3 un encuentro con el Consejo de Desarrollo Provincial de Dajab\u00f3n, que fue encabezado por Edgar Augusto F\u00e9liz M\u00e9ndez, director general de Comedores Econ\u00f3micos del Estado (CEED), autoridad designada por el gobierno central para llevar a cabo esta jornada, que fue celebrada en la sede de la Gobernaci\u00f3n Provincial, con el objetivo de acercar el Estado a la comunidades, atender las demandas y garantizar que las pol\u00edticas p\u00fablicas lleguen de manera efectiva.<\/p>\n\n\n\n<p>El encuentro en el que tambi\u00e9n estuvo presente la Gobernadora Severina Gil, cont\u00f3, adem\u00e1s, con la asistencia de autoridades gubernamentales, municipales, legislativas, representantes de las organizaciones sociales y empresarios, quienes coincidieron en valorar la iniciativa que permite la implementaci\u00f3n y seguimiento a las acciones del gobierno orientadas a una visi\u00f3n de desarrollo sostenible, inclusiva y adaptadas a las realidades locales.<\/p>\n\n\n\n<p>Durante la reuni\u00f3n se present\u00f3 la inversi\u00f3n del gobierno en la provincia a trav\u00e9s de un informe pormenorizado sobre las obras concluidas, las que est\u00e1n en ejecuci\u00f3n, y aquellas que se encuentran en proceso de resoluci\u00f3n de aspectos legales, administrativos y presupuestarios.<\/p>\n\n\n\n<p>Edgar Augusto F\u00e9liz M\u00e9ndez, destac\u00f3 que el gobierno del presidente Luis Abinader Corona, ha ejecutado decenas de obras en la provincia de Dajab\u00f3n, impactando positivamente a miles de ciudadanos y elevando su calidad de vida.<\/p>\n\n\n\n<p>\u201cEl Gobierno en la Provincia es mucho m\u00e1s que un recuento de obras; es una muestra del compromiso del presidente Abinader, con una gesti\u00f3n cercana, transparente y centrada en la gente. Estamos enfocados en llevar bienestar a la poblaci\u00f3n, especialmente a la m\u00e1s vulnerable\u201d, expres\u00f3 F\u00e9liz M\u00e9ndez.<\/p>\n\n\n\n<p>De su lado, la gobernadora provincial, Severina Gil, valor\u00f3 la intervenci\u00f3n de Comedores Econ\u00f3micos, con el reparto de raciones de comidas cocidas y crudas durante esta jornada.<\/p>\n\n\n\n<p>\u201cEn el d\u00eda de hoy en Dajab\u00f3n se ha sentido la presencia del Gobierno a trav\u00e9s de los Comedores Econ\u00f3micos del Estado. La poblaci\u00f3n est\u00e1 feliz y la algarab\u00eda se siente en toda la provincia\u201d declar\u00f3, Gil.<\/p>\n\n\n\n<p>Durante la jornada del Gobierno en la Provincia, se sostuvo un di\u00e1logo abierto entre las autoridades y representantes de la sociedad civil, quienes aprovecharon la ocasi\u00f3n para plantear nuevas necesidades y proyectos prioritarios para la demarcaci\u00f3n.<\/p>\n\n\n\n<p>En esta ocasi\u00f3n, simult\u00e1neamente con el encuentro con el Consejo de Desarrollo Provincial de Dajab\u00f3n, Comedores Econ\u00f3micos del Estado Dominicano (CEED), llev\u00f3 a cabo un amplio operativo de entrega de raciones de comida cocida a trav\u00e9s de las cocinas m\u00f3viles y la entrega de kits de raciones crudas.<\/p>\n\n\n\n<p>Al concluir esta productiva jornada, qued\u00f3 reafirmado el compromiso del gobierno que encabeza el presidente de la Rep\u00fablica, Luis Abinader Corona, con el desarrollo integral de Dajab\u00f3n y del resto del pa\u00eds, impulsando proyectos que fortalecen sectores clave como salud, educaci\u00f3n, infraestructura y desarrollo productivo para proporcionar un crecimiento equilibrado en toda la naci\u00f3n.<\/p>\n","protected":false},"excerpt":{"rendered":"<p>Edgar Augusto F\u00e9liz M\u00e9ndez, destac\u00f3 que el gobierno del presidente de la Rep\u00fablica, Luis Abinader Corona, ha ejecutado decenas de obras en la provincia de Dajab\u00f3n, impactando positivamente a miles&hellip;<\/p>\n","protected":false},"author":10,"featured_media":102513,"comment_status":"open","ping_status":"open","sticky":false,"template":"","format":"standard","meta":{"content-type":"","jetpack_post_was_ever_published":false,"_jetpack_newsletter_access":"","_jetpack_dont_email_post_to_subs":false,"_jetpack_newsletter_tier_id":0,"_jetpack_memberships_contains_paywalled_content":false,"_jetpack_memberships_contains_paid_content":false,"footnotes":""},"categories":[35,25],"tags":[9438,2880,1814,21241,1036,5039],"class_list":["post-102512","post","type-post","status-publish","format-standard","has-post-thumbnail","hentry","category-nacionales","category-portada","tag-comedores-economicos","tag-comunidades","tag-dajabon","tag-el-gobierno-en-la-provincia","tag-fortalecer","tag-vinculos"],"jetpack_featured_media_url":"https:\/\/lasprimeras.com.do\/wp-content\/uploads\/2025\/07\/Edgar-Augusto-Feliz-M.jpg","jetpack-related-posts":[{"id":96312,"url":"https:\/\/lasprimeras.com.do\/index.php\/2025\/03\/29\/gobierno-en-la-provincia-llega-a-barahona-para-fortalecer-vinculos-con-las-comunidades\/","url_meta":{"origin":102512,"position":0},"title":"Gobierno en la Provincia llega a Barahona para fortalecer v\u00ednculos con las comunidades","author":"Nelson Feliz","date":"29 de marzo de 2025","format":false,"excerpt":"En el marco de la iniciativa nacional el Gobierno en la Provincia, se realizaron varios encuentros con las autoridades gubernamentales, legislativas, municipales, organizaciones sociales, iglesias y empresarios de Barahona. Los mismos estuvieron encabezados\u00b4por Edgar Augusto F\u00e9liz M\u00e9ndez, director general de los Comedores Econ\u00f3micos del Estado Dominicano y autoridad designada por\u2026","rel":"","context":"En \u00abNACIONALES\u00bb","block_context":{"text":"NACIONALES","link":"https:\/\/lasprimeras.com.do\/index.php\/category\/nacionales\/"},"img":{"alt_text":"Edgar Augusto F\u00e9liz M\u00e9ndez","src":"https:\/\/i0.wp.com\/lasprimeras.com.do\/wp-content\/uploads\/2025\/03\/Edgar-Augusto-Feliz-Mendez-1.jpg?resize=350%2C200&ssl=1","width":350,"height":200,"srcset":"https:\/\/i0.wp.com\/lasprimeras.com.do\/wp-content\/uploads\/2025\/03\/Edgar-Augusto-Feliz-Mendez-1.jpg?resize=350%2C200&ssl=1 1x, https:\/\/i0.wp.com\/lasprimeras.com.do\/wp-content\/uploads\/2025\/03\/Edgar-Augusto-Feliz-Mendez-1.jpg?resize=525%2C300&ssl=1 1.5x"},"classes":[]},{"id":109758,"url":"https:\/\/lasprimeras.com.do\/index.php\/2025\/09\/22\/abinader-inaugura-de-manera-simultanea-13-nuevos-comedores-ubicados-en-diferentes-comunidades\/","url_meta":{"origin":102512,"position":1},"title":"Abinader inaugura de manera simult\u00e1nea 13 nuevos comedores ubicados en diferentes comunidades","author":"Nelson Feliz","date":"22 de septiembre de 2025","format":false,"excerpt":"\u201cEste ha sido un hito sin precedentes. Con la ampliaci\u00f3n de los servicios de Comedores Econ\u00f3micos, este gobierno ha logrado niveles hist\u00f3ricos en seguridad alimentaria, reafirmando el compromiso de avanzar hacia la meta de declarar la Rep\u00fablica Dominicana como un pa\u00eds con Hambre Cero\u201d, resalt\u00f3 el mandatario. El presidente de\u2026","rel":"","context":"En \u00abNACIONALES\u00bb","block_context":{"text":"NACIONALES","link":"https:\/\/lasprimeras.com.do\/index.php\/category\/nacionales\/"},"img":{"alt_text":"","src":"https:\/\/i0.wp.com\/lasprimeras.com.do\/wp-content\/uploads\/2025\/09\/Luis-Abinader-4.jpg?resize=350%2C200&ssl=1","width":350,"height":200,"srcset":"https:\/\/i0.wp.com\/lasprimeras.com.do\/wp-content\/uploads\/2025\/09\/Luis-Abinader-4.jpg?resize=350%2C200&ssl=1 1x, https:\/\/i0.wp.com\/lasprimeras.com.do\/wp-content\/uploads\/2025\/09\/Luis-Abinader-4.jpg?resize=525%2C300&ssl=1 1.5x, https:\/\/i0.wp.com\/lasprimeras.com.do\/wp-content\/uploads\/2025\/09\/Luis-Abinader-4.jpg?resize=700%2C400&ssl=1 2x"},"classes":[]},{"id":111576,"url":"https:\/\/lasprimeras.com.do\/index.php\/2025\/10\/10\/edgar-a-feliz-mendez-asume-nuevas-funciones-como-director-de-asistencia-social-y-alimentacion-comunitaria\/","url_meta":{"origin":102512,"position":2},"title":"Edgar A. F\u00e9liz M\u00e9ndez asume nuevas funciones como director de Asistencia Social y Alimentaci\u00f3n Comunitaria","author":"Nelson Feliz","date":"10 de octubre de 2025","format":false,"excerpt":"Edgar Augusto F\u00e9liz M\u00e9ndez asume Direcci\u00f3n de Asistencia Social y Alimentaci\u00f3n Comunitaria con el compromiso de seguir trabajando por mejorar la calidad de vida de la poblaci\u00f3n m\u00e1s vulnerable del pa\u00eds. Mediante el Decreto n\u00fam. 597-25, el presidente Luis Abinader Corona design\u00f3 a Edgar Augusto F\u00e9liz M\u00e9ndez como titular de\u2026","rel":"","context":"En \u00abNACIONALES\u00bb","block_context":{"text":"NACIONALES","link":"https:\/\/lasprimeras.com.do\/index.php\/category\/nacionales\/"},"img":{"alt_text":"Edgar A. F\u00e9liz M\u00e9ndez","src":"https:\/\/i0.wp.com\/lasprimeras.com.do\/wp-content\/uploads\/2025\/10\/Edgar-A.-Feliz-Mendez.jpg?resize=350%2C200&ssl=1","width":350,"height":200,"srcset":"https:\/\/i0.wp.com\/lasprimeras.com.do\/wp-content\/uploads\/2025\/10\/Edgar-A.-Feliz-Mendez.jpg?resize=350%2C200&ssl=1 1x, https:\/\/i0.wp.com\/lasprimeras.com.do\/wp-content\/uploads\/2025\/10\/Edgar-A.-Feliz-Mendez.jpg?resize=525%2C300&ssl=1 1.5x, https:\/\/i0.wp.com\/lasprimeras.com.do\/wp-content\/uploads\/2025\/10\/Edgar-A.-Feliz-Mendez.jpg?resize=700%2C400&ssl=1 2x"},"classes":[]},{"id":98276,"url":"https:\/\/lasprimeras.com.do\/index.php\/2025\/05\/06\/comedores-economicos-abre-11-nuevos-establecimientos-en-diferentes-comunidades-del-pais\/","url_meta":{"origin":102512,"position":3},"title":"Comedores Econ\u00f3micos abre 11 nuevos establecimientos en diferentes comunidades del pa\u00eds","author":"Nelson Feliz","date":"6 de mayo de 2025","format":false,"excerpt":"Los nuevos comedores y expendio est\u00e1n ubicados en el populoso sector de Guachupita en el Distrito Nacional; Peralvillo en Yamas\u00e1; Las Charcas; Barrera; Sabana Yegua y T\u00e1bara Arriba en la provincia de Azua; como tambi\u00e9n, en La Descubierta y Jiman\u00ed en la provincia Independencia; El Salado de Galv\u00e1n y Santana\u2026","rel":"","context":"En \u00abNACIONALES\u00bb","block_context":{"text":"NACIONALES","link":"https:\/\/lasprimeras.com.do\/index.php\/category\/nacionales\/"},"img":{"alt_text":"","src":"https:\/\/i0.wp.com\/lasprimeras.com.do\/wp-content\/uploads\/2025\/05\/COME.jpg?resize=350%2C200&ssl=1","width":350,"height":200,"srcset":"https:\/\/i0.wp.com\/lasprimeras.com.do\/wp-content\/uploads\/2025\/05\/COME.jpg?resize=350%2C200&ssl=1 1x, https:\/\/i0.wp.com\/lasprimeras.com.do\/wp-content\/uploads\/2025\/05\/COME.jpg?resize=525%2C300&ssl=1 1.5x, https:\/\/i0.wp.com\/lasprimeras.com.do\/wp-content\/uploads\/2025\/05\/COME.jpg?resize=700%2C400&ssl=1 2x"},"classes":[]},{"id":94793,"url":"https:\/\/lasprimeras.com.do\/index.php\/2025\/03\/05\/comedores-economicos-entrega-de-kits-de-raciones-crudas-en-azua-y-barahona\/","url_meta":{"origin":102512,"position":4},"title":"Comedores Econ\u00f3micos entrega de kits de raciones crudas en Azua y Barahona","author":"Nelson Feliz","date":"5 de marzo de 2025","format":false,"excerpt":"Los sectores intervenidos con el operativo fueron: Monte Grande, provincia de Azua, mientras que en la provincia de Barahona fueron beneficiados los residentes de las comunidades de Quita Coraza; Las Minas; El Memiso y El Higuito. El director general de los Comedores Econ\u00f3micos del Estado Dominicano (CEED), Edgar Augusto F\u00e9liz\u2026","rel":"","context":"En \u00abNACIONALES\u00bb","block_context":{"text":"NACIONALES","link":"https:\/\/lasprimeras.com.do\/index.php\/category\/nacionales\/"},"img":{"alt_text":"","src":"https:\/\/i0.wp.com\/lasprimeras.com.do\/wp-content\/uploads\/2025\/03\/raciones-1.jpg?resize=350%2C200&ssl=1","width":350,"height":200,"srcset":"https:\/\/i0.wp.com\/lasprimeras.com.do\/wp-content\/uploads\/2025\/03\/raciones-1.jpg?resize=350%2C200&ssl=1 1x, https:\/\/i0.wp.com\/lasprimeras.com.do\/wp-content\/uploads\/2025\/03\/raciones-1.jpg?resize=525%2C300&ssl=1 1.5x, https:\/\/i0.wp.com\/lasprimeras.com.do\/wp-content\/uploads\/2025\/03\/raciones-1.jpg?resize=700%2C400&ssl=1 2x"},"classes":[]},{"id":67191,"url":"https:\/\/lasprimeras.com.do\/index.php\/2023\/11\/14\/vicepresidenta-destaca-labor-social-de-los-comedores-economicos-en-la-nueva-york\/","url_meta":{"origin":102512,"position":5},"title":"Vicepresidenta destaca labor social de los Comedores Econ\u00f3micos en la Nueva York","author":"Nelson Feliz","date":"14 de noviembre de 2023","format":false,"excerpt":"La vicepresidenta de la Rep\u00fablica, Raquel Pe\u00f1a, destac\u00f3 la labor social que viene realizando el gobierno del presidente Luis Abinader, a trav\u00e9s de los Comedores Econ\u00f3micos del Estado, donde 135 mil personas en todo el pa\u00eds reciben su almuerzo diariamente. La segunda mandataria de la naci\u00f3n, consider\u00f3 que los Comedores\u2026","rel":"","context":"En \u00abECONOM\u00cdA\u00bb","block_context":{"text":"ECONOM\u00cdA","link":"https:\/\/lasprimeras.com.do\/index.php\/category\/economia\/"},"img":{"alt_text":"Raquel Pe\u00f1a","src":"https:\/\/i0.wp.com\/lasprimeras.com.do\/wp-content\/uploads\/2023\/11\/Raquel-Pena.jpg?resize=350%2C200&ssl=1","width":350,"height":200,"srcset":"https:\/\/i0.wp.com\/lasprimeras.com.do\/wp-content\/uploads\/2023\/11\/Raquel-Pena.jpg?resize=350%2C200&ssl=1 1x, https:\/\/i0.wp.com\/lasprimeras.com.do\/wp-content\/uploads\/2023\/11\/Raquel-Pena.jpg?resize=525%2C300&ssl=1 1.5x, https:\/\/i0.wp.com\/lasprimeras.com.do\/wp-content\/uploads\/2023\/11\/Raquel-Pena.jpg?resize=700%2C400&ssl=1 2x"},"classes":[]}],"jetpack_sharing_enabled":true,"_links":{"self":[{"href":"https:\/\/lasprimeras.com.do\/index.php\/wp-json\/wp\/v2\/posts\/102512","targetHints":{"allow":["GET"]}}],"collection":[{"href":"https:\/\/lasprimeras.com.do\/index.php\/wp-json\/wp\/v2\/posts"}],"about":[{"href":"https:\/\/lasprimeras.com.do\/index.php\/wp-json\/wp\/v2\/types\/post"}],"author":[{"embeddable":true,"href":"https:\/\/lasprimeras.com.do\/index.php\/wp-json\/wp\/v2\/users\/10"}],"replies":[{"embeddable":true,"href":"https:\/\/lasprimeras.com.do\/index.php\/wp-json\/wp\/v2\/comments?post=102512"}],"version-history":[{"count":1,"href":"https:\/\/lasprimeras.com.do\/index.php\/wp-json\/wp\/v2\/posts\/102512\/revisions"}],"predecessor-version":[{"id":102514,"href":"https:\/\/lasprimeras.com.do\/index.php\/wp-json\/wp\/v2\/posts\/102512\/revisions\/102514"}],"wp:featuredmedia":[{"embeddable":true,"href":"https:\/\/lasprimeras.com.do\/index.php\/wp-json\/wp\/v2\/media\/102513"}],"wp:attachment":[{"href":"https:\/\/lasprimeras.com.do\/index.php\/wp-json\/wp\/v2\/media?parent=102512"}],"wp:term":[{"taxonomy":"category","embeddable":true,"href":"https:\/\/lasprimeras.com.do\/index.php\/wp-json\/wp\/v2\/categories?post=102512"},{"taxonomy":"post_tag","embeddable":true,"href":"https:\/\/lasprimeras.com.do\/index.php\/wp-json\/wp\/v2\/tags?post=102512"}],"curies":[{"name":"wp","href":"https:\/\/api.w.org\/{rel}","templated":true}]}}