{"id":102515,"date":"2025-07-06T10:18:40","date_gmt":"2025-07-06T14:18:40","guid":{"rendered":"https:\/\/lasprimeras.com.do\/?p=102515"},"modified":"2025-07-06T10:18:42","modified_gmt":"2025-07-06T14:18:42","slug":"inabie-lleva-servicios-de-salud-a-sdn-en-jornada-del-gobierno-en-las-provincias","status":"publish","type":"post","link":"https:\/\/lasprimeras.com.do\/index.php\/2025\/07\/06\/inabie-lleva-servicios-de-salud-a-sdn-en-jornada-del-gobierno-en-las-provincias\/","title":{"rendered":"INABIE lleva servicios de salud a SDN en jornada del Gobierno en las Provincias"},"content":{"rendered":"\n<p>En continuidad con el programa \u201cEl Gobierno en las Provincias\u201d, que se desarrolla desde la Presidencia de la Rep\u00fablica como pol\u00edtica de cercan\u00eda y acci\u00f3n directa con la ciudadan\u00eda, el Instituto Nacional de Bienestar Estudiantil (INABIE) realiz\u00f3 una jornada de salud integral dirigida a ni\u00f1os en edad escolar del municipio Santo Domingo Norte.<\/p>\n\n\n\n<p>El director ejecutivo del INABIE, V\u00edctor Castro, quien fungi\u00f3 como enlace del Gobierno en el referido municipio, fue recibido por la gobernadora de la provincia Santo Domingo, Lucrecia Santana Leyba; la alcaldesa del municipio, Betty Ger\u00f3nimo; y el director general de los Centros Tecnol\u00f3gicos Comunitarios (CTC), Isidro Torres.<\/p>\n\n\n\n<p>Como parte de esta nueva jornada del Gobierno en las Provincias, el INABIE desarroll\u00f3 simult\u00e1neamente una jornada de salud integral infantil en la Escuela Francisco Jos\u00e9 Cabral L\u00f3pez, ubicada en el sector Los Guaricanos, para beneficio de estudiantes del sector p\u00fablico de la zona, a quienes se les realizaron evaluaciones m\u00e9dicas en las \u00e1reas de salud visual, auditiva, bucal, preventiva y nutricional.<\/p>\n\n\n\n<p>Los estudiantes que requirieron lentes fueron referidos a la sede del INABIE para su elaboraci\u00f3n y entrega.<\/p>\n\n\n\n<p>Tambi\u00e9n se realizaron limpiezas dentales, entrega de kits de higiene bucal, y se suministr\u00f3 medicaci\u00f3n para afecciones dermatol\u00f3gicas y alergias comunes.<\/p>\n\n\n\n<p>Impacto en el municipio<\/p>\n\n\n\n<p>El Instituto Nacional de Bienestar Estudiantil (INABIE) impacta directamente a m\u00e1s de 100 mil estudiantes de Santo Domingo Norte con servicios de alimentaci\u00f3n, salud, utiler\u00eda escolar, entre otros, con la firme misi\u00f3n de reducir la vulnerabilidad educativa.<\/p>\n\n\n\n<p>Di\u00e1logo directo con la comunidad<\/p>\n\n\n\n<p>Como en cada actividad del Gobierno en las Provincias, el director del INABIE, V\u00edctor Castro, habilit\u00f3 un espacio de di\u00e1logo entre las autoridades locales y representantes comunitarios, en el que los mun\u00edcipes de Santo Domingo Norte expresaron sus inquietudes y recibieron respuestas concretas sobre las acciones del Gobierno en sus comunidades.<\/p>\n\n\n\n<p>Esta iniciativa, liderada por el Ministerio de la Presidencia, contin\u00faa consolid\u00e1ndose como una estrategia de participaci\u00f3n ciudadana, atenci\u00f3n directa y articulaci\u00f3n interinstitucional, promoviendo soluciones reales para mejorar la calidad de vida de los locales.<\/p>\n\n\n\n<p>Esta jornada tambi\u00e9n cont\u00f3 con la participaci\u00f3n del diputado Junior Mu\u00f1oz, as\u00ed como de autoridades educativas, regidores, presidentes de juntas de vecinos, asociaciones comunitarias y l\u00edderes sociales, quienes respaldaron la iniciativa y valoraron positivamente la articulaci\u00f3n del gobierno con las comunidades.<\/p>\n\n\n\n<p>Por parte del INABIE, acompa\u00f1aron al director ejecutivo: la subdirectora Hanoi V\u00e1squez; la directora de Salud y Nutrici\u00f3n, Dra. Ana Carolina B\u00e1ez; el director de Planificaci\u00f3n, Jes\u00fas Rodr\u00edguez; la directora de Recursos Humanos, Anny Casado; la jefa de Gabinete, Elsie L\u00f3pez; la directora Administrativa, Yeudi Santos; el director de Servicios Estudiantiles, Adri\u00e1n Roa; entre otros colaboradores del instituto.<\/p>\n","protected":false},"excerpt":{"rendered":"<p>En continuidad con el programa \u201cEl Gobierno en las Provincias\u201d, que se desarrolla desde la Presidencia de la Rep\u00fablica como pol\u00edtica de cercan\u00eda y acci\u00f3n directa con la ciudadan\u00eda, el&hellip;<\/p>\n","protected":false},"author":10,"featured_media":102516,"comment_status":"open","ping_status":"open","sticky":false,"template":"","format":"standard","meta":{"content-type":"","jetpack_post_was_ever_published":false,"_jetpack_newsletter_access":"","_jetpack_dont_email_post_to_subs":false,"_jetpack_newsletter_tier_id":0,"_jetpack_memberships_contains_paywalled_content":false,"_jetpack_memberships_contains_paid_content":false,"footnotes":""},"categories":[25,16558],"tags":[9338,281,2716,10679],"class_list":["post-102515","post","type-post","status-publish","format-standard","has-post-thumbnail","hentry","category-portada","category-salud","tag-inabie","tag-jornada","tag-santo-domingo-norte","tag-servicios-de-salud"],"jetpack_featured_media_url":"https:\/\/lasprimeras.com.do\/wp-content\/uploads\/2025\/07\/FOTO-2.jpg","jetpack-related-posts":[{"id":103207,"url":"https:\/\/lasprimeras.com.do\/index.php\/2025\/07\/13\/inabie-impacta-a-boca-chica-con-utileria-escolar-y-atenciones-de-salud\/","url_meta":{"origin":102515,"position":0},"title":"INABIE impacta a Boca Chica con utiler\u00eda escolar y atenciones de salud","author":"Nelson Feliz","date":"13 de julio de 2025","format":false,"excerpt":"El Instituto Nacional de Bienestar Estudiantil (INABIE) encabez\u00f3 este fin de semana El Gobierno en las Provincias en el municipio de Boca Chica, donde realiz\u00f3 un acto de entrega de utiler\u00eda escolar, benefici\u00f3 a estudiantes con una jornada de salud integral y sostuvo un encuentro con autoridades locales y comunitarios,\u2026","rel":"","context":"En \u00abSALUD\u00bb","block_context":{"text":"SALUD","link":"https:\/\/lasprimeras.com.do\/index.php\/category\/salud\/"},"img":{"alt_text":"","src":"https:\/\/i0.wp.com\/lasprimeras.com.do\/wp-content\/uploads\/2025\/07\/JORNADA-DE-SALUD.jpg?resize=350%2C200&ssl=1","width":350,"height":200,"srcset":"https:\/\/i0.wp.com\/lasprimeras.com.do\/wp-content\/uploads\/2025\/07\/JORNADA-DE-SALUD.jpg?resize=350%2C200&ssl=1 1x, https:\/\/i0.wp.com\/lasprimeras.com.do\/wp-content\/uploads\/2025\/07\/JORNADA-DE-SALUD.jpg?resize=525%2C300&ssl=1 1.5x, https:\/\/i0.wp.com\/lasprimeras.com.do\/wp-content\/uploads\/2025\/07\/JORNADA-DE-SALUD.jpg?resize=700%2C400&ssl=1 2x"},"classes":[]},{"id":103938,"url":"https:\/\/lasprimeras.com.do\/index.php\/2025\/07\/20\/inabie-entrega-utileria-escolar-en-el-distrito-15-03-y-lleva-servicios-de-salud\/","url_meta":{"origin":102515,"position":1},"title":"INABIE entrega utiler\u00eda escolar en el Distrito 15-03 y lleva servicios de salud","author":"Nelson Feliz","date":"20 de julio de 2025","format":false,"excerpt":"El instituto de bienestar entreg\u00f3 20,593 kits escolares en 52 centros beneficiarios del programa de Utiler\u00eda Escolar. El Instituto Nacional de Bienestar Estudiantil (INABIE) complet\u00f3 este s\u00e1bado la entrega de 20,593 kits escolares para el Distrito Educativo 15-03 durante una nueva jornada de \u201cEl Gobierno en las Provincias\u201d en el\u2026","rel":"","context":"En \u00abNACIONALES\u00bb","block_context":{"text":"NACIONALES","link":"https:\/\/lasprimeras.com.do\/index.php\/category\/nacionales\/"},"img":{"alt_text":"","src":"https:\/\/i0.wp.com\/lasprimeras.com.do\/wp-content\/uploads\/2025\/07\/SALUD.jpg?resize=350%2C200&ssl=1","width":350,"height":200,"srcset":"https:\/\/i0.wp.com\/lasprimeras.com.do\/wp-content\/uploads\/2025\/07\/SALUD.jpg?resize=350%2C200&ssl=1 1x, https:\/\/i0.wp.com\/lasprimeras.com.do\/wp-content\/uploads\/2025\/07\/SALUD.jpg?resize=525%2C300&ssl=1 1.5x, https:\/\/i0.wp.com\/lasprimeras.com.do\/wp-content\/uploads\/2025\/07\/SALUD.jpg?resize=700%2C400&ssl=1 2x"},"classes":[]},{"id":123594,"url":"https:\/\/lasprimeras.com.do\/index.php\/2026\/03\/03\/inabie-beneficia-a-mas-de-800-estudiantes-de-puerto-plata-con-atenciones-medicas\/","url_meta":{"origin":102515,"position":2},"title":"INABIE beneficia a m\u00e1s de 800 estudiantes de Puerto Plata con atenciones m\u00e9dicas","author":"Nelson Feliz","date":"3 de marzo de 2026","format":false,"excerpt":"Recibieron servicios de salud bucal, auditiva, visual y preventiva, como parte del cuidado de su bienestar El Instituto Nacional de Bienestar Estudiantil (INABIE) benefici\u00f3 con atenciones m\u00e9dicas a m\u00e1s de 800 estudiantes, de entre 5 y 19 a\u00f1os, de esta provincia durante una jornada de salud integral realizada en el\u2026","rel":"","context":"En \u00abSALUD\u00bb","block_context":{"text":"SALUD","link":"https:\/\/lasprimeras.com.do\/index.php\/category\/salud\/"},"img":{"alt_text":"","src":"https:\/\/i0.wp.com\/lasprimeras.com.do\/wp-content\/uploads\/2026\/03\/INABIE-beneficia-a-mas-de-800-estudiantes-de-Puerto-Plata.jpg?resize=350%2C200&ssl=1","width":350,"height":200,"srcset":"https:\/\/i0.wp.com\/lasprimeras.com.do\/wp-content\/uploads\/2026\/03\/INABIE-beneficia-a-mas-de-800-estudiantes-de-Puerto-Plata.jpg?resize=350%2C200&ssl=1 1x, https:\/\/i0.wp.com\/lasprimeras.com.do\/wp-content\/uploads\/2026\/03\/INABIE-beneficia-a-mas-de-800-estudiantes-de-Puerto-Plata.jpg?resize=525%2C300&ssl=1 1.5x, https:\/\/i0.wp.com\/lasprimeras.com.do\/wp-content\/uploads\/2026\/03\/INABIE-beneficia-a-mas-de-800-estudiantes-de-Puerto-Plata.jpg?resize=700%2C400&ssl=1 2x"},"classes":[]},{"id":117097,"url":"https:\/\/lasprimeras.com.do\/index.php\/2025\/12\/07\/inabie-beneficia-estudiantes-con-soluciones-de-salud-bucal-de-pedernales\/","url_meta":{"origin":102515,"position":3},"title":"INABIE beneficia estudiantes con soluciones de salud bucal de Pedernales","author":"Nelson Feliz","date":"7 de diciembre de 2025","format":false,"excerpt":"El director de esa instituci\u00f3n, Adolfo P\u00e9rez, destac\u00f3 que refuerzan la cobertura odontol\u00f3gica para ofrecer m\u00e1s procedimientos preventivos y especializados El Instituto Nacional de Bienestar Estudiantil (INABIE) benefici\u00f3 a m\u00e1s de 620 estudiantes de centros de estudios de esta provincia con atenciones odontol\u00f3gicas durante una Jornada de Salud Bucal realizada\u2026","rel":"","context":"En \u00abSALUD\u00bb","block_context":{"text":"SALUD","link":"https:\/\/lasprimeras.com.do\/index.php\/category\/salud\/"},"img":{"alt_text":"","src":"https:\/\/i0.wp.com\/lasprimeras.com.do\/wp-content\/uploads\/2025\/12\/INABIE-1.jpg?resize=350%2C200&ssl=1","width":350,"height":200,"srcset":"https:\/\/i0.wp.com\/lasprimeras.com.do\/wp-content\/uploads\/2025\/12\/INABIE-1.jpg?resize=350%2C200&ssl=1 1x, https:\/\/i0.wp.com\/lasprimeras.com.do\/wp-content\/uploads\/2025\/12\/INABIE-1.jpg?resize=525%2C300&ssl=1 1.5x, https:\/\/i0.wp.com\/lasprimeras.com.do\/wp-content\/uploads\/2025\/12\/INABIE-1.jpg?resize=700%2C400&ssl=1 2x"},"classes":[]},{"id":109036,"url":"https:\/\/lasprimeras.com.do\/index.php\/2025\/09\/12\/inabie-atiende-a-600-estudiantes-de-30-escuelas-de-jarabacoa-entrega-lentes-y-medicamentos-gratuitos\/","url_meta":{"origin":102515,"position":4},"title":"INABIE atiende a 600 estudiantes de 30 escuelas de Jarabacoa, entrega lentes y medicamentos gratuitos","author":"Nelson Feliz","date":"12 de septiembre de 2025","format":false,"excerpt":"Esa actividad, con la cual se ilumina el camino del conocimiento a alumnos, fue supervisada por el director ejecutivo de esa instituci\u00f3n, Adolfo P\u00e9rez. El Instituto Nacional de Bienestar Estudiantil (INABIE) atendi\u00f3 a 600 estudiantes de 30 escuelas de este municipio y los beneficios con la entrega de forma gratuita\u2026","rel":"","context":"En \u00abSALUD\u00bb","block_context":{"text":"SALUD","link":"https:\/\/lasprimeras.com.do\/index.php\/category\/salud\/"},"img":{"alt_text":"","src":"https:\/\/i0.wp.com\/lasprimeras.com.do\/wp-content\/uploads\/2025\/09\/INABIE-7.jpg?resize=350%2C200&ssl=1","width":350,"height":200,"srcset":"https:\/\/i0.wp.com\/lasprimeras.com.do\/wp-content\/uploads\/2025\/09\/INABIE-7.jpg?resize=350%2C200&ssl=1 1x, https:\/\/i0.wp.com\/lasprimeras.com.do\/wp-content\/uploads\/2025\/09\/INABIE-7.jpg?resize=525%2C300&ssl=1 1.5x, https:\/\/i0.wp.com\/lasprimeras.com.do\/wp-content\/uploads\/2025\/09\/INABIE-7.jpg?resize=700%2C400&ssl=1 2x"},"classes":[]},{"id":127782,"url":"https:\/\/lasprimeras.com.do\/index.php\/2026\/04\/15\/inabie-transformara-la-vida-de-9-estudiantes-con-cirugias-oculares-especializadas\/","url_meta":{"origin":102515,"position":5},"title":"INABIE transformar\u00e1 la vida de 9 estudiantes con cirug\u00edas oculares especializadas","author":"Nelson Feliz","date":"15 de abril de 2026","format":false,"excerpt":"20 alumnos han sido beneficiados con estas intervenciones durante la actual gesti\u00f3n El Instituto Nacional de Bienestar Estudiantil (INABIE) inici\u00f3 una jornada de cirug\u00edas oftalmol\u00f3gicas especializadas que beneficiar\u00e1 a nueve estudiantes del sector p\u00fablico, en coordinaci\u00f3n con el Centro Cristiano de Servicios M\u00e9dicos Hospital Doctor El\u00edas Santana (Los Americanos), con\u2026","rel":"","context":"En \u00abNACIONALES\u00bb","block_context":{"text":"NACIONALES","link":"https:\/\/lasprimeras.com.do\/index.php\/category\/nacionales\/"},"img":{"alt_text":"","src":"https:\/\/i0.wp.com\/lasprimeras.com.do\/wp-content\/uploads\/2026\/04\/INABIE-1.jpg?resize=350%2C200&ssl=1","width":350,"height":200,"srcset":"https:\/\/i0.wp.com\/lasprimeras.com.do\/wp-content\/uploads\/2026\/04\/INABIE-1.jpg?resize=350%2C200&ssl=1 1x, https:\/\/i0.wp.com\/lasprimeras.com.do\/wp-content\/uploads\/2026\/04\/INABIE-1.jpg?resize=525%2C300&ssl=1 1.5x, https:\/\/i0.wp.com\/lasprimeras.com.do\/wp-content\/uploads\/2026\/04\/INABIE-1.jpg?resize=700%2C400&ssl=1 2x"},"classes":[]}],"jetpack_sharing_enabled":true,"_links":{"self":[{"href":"https:\/\/lasprimeras.com.do\/index.php\/wp-json\/wp\/v2\/posts\/102515","targetHints":{"allow":["GET"]}}],"collection":[{"href":"https:\/\/lasprimeras.com.do\/index.php\/wp-json\/wp\/v2\/posts"}],"about":[{"href":"https:\/\/lasprimeras.com.do\/index.php\/wp-json\/wp\/v2\/types\/post"}],"author":[{"embeddable":true,"href":"https:\/\/lasprimeras.com.do\/index.php\/wp-json\/wp\/v2\/users\/10"}],"replies":[{"embeddable":true,"href":"https:\/\/lasprimeras.com.do\/index.php\/wp-json\/wp\/v2\/comments?post=102515"}],"version-history":[{"count":2,"href":"https:\/\/lasprimeras.com.do\/index.php\/wp-json\/wp\/v2\/posts\/102515\/revisions"}],"predecessor-version":[{"id":102518,"href":"https:\/\/lasprimeras.com.do\/index.php\/wp-json\/wp\/v2\/posts\/102515\/revisions\/102518"}],"wp:featuredmedia":[{"embeddable":true,"href":"https:\/\/lasprimeras.com.do\/index.php\/wp-json\/wp\/v2\/media\/102516"}],"wp:attachment":[{"href":"https:\/\/lasprimeras.com.do\/index.php\/wp-json\/wp\/v2\/media?parent=102515"}],"wp:term":[{"taxonomy":"category","embeddable":true,"href":"https:\/\/lasprimeras.com.do\/index.php\/wp-json\/wp\/v2\/categories?post=102515"},{"taxonomy":"post_tag","embeddable":true,"href":"https:\/\/lasprimeras.com.do\/index.php\/wp-json\/wp\/v2\/tags?post=102515"}],"curies":[{"name":"wp","href":"https:\/\/api.w.org\/{rel}","templated":true}]}}