{"id":102519,"date":"2025-07-06T10:33:42","date_gmt":"2025-07-06T14:33:42","guid":{"rendered":"https:\/\/lasprimeras.com.do\/?p=102519"},"modified":"2025-07-06T10:33:44","modified_gmt":"2025-07-06T14:33:44","slug":"ma-y-pnud-lanzan-el-proyecto-biofin-busca-cerrar-brecha-financiera-en-la-biodiversidad","status":"publish","type":"post","link":"https:\/\/lasprimeras.com.do\/index.php\/2025\/07\/06\/ma-y-pnud-lanzan-el-proyecto-biofin-busca-cerrar-brecha-financiera-en-la-biodiversidad\/","title":{"rendered":"MA y PNUD lanzan el proyecto BIOFIN busca cerrar brecha financiera en la biodiversidad"},"content":{"rendered":"\n<p>El Ministerio de Medio Ambiente y Recursos Naturales y el Programa de las Naciones Unidas para el Desarrollo (PNUD) lanzaron el proyecto Finanzas para la Biodiversidad (BIOFIN), con el objetivo de fortalecer la inversi\u00f3n p\u00fablica y privada en la protecci\u00f3n de la biodiversidad de Rep\u00fablica Dominicana.<\/p>\n\n\n\n<p>BIOFIN busca cerrar la brecha financiera para la implementaci\u00f3n de la Estrategia Nacional de Biodiversidad y su Plan de Acci\u00f3n (ENBPA).<\/p>\n\n\n\n<p>Para esto, propone mecanismos innovadores y sostenibles de financiamiento que alineen las prioridades nacionales con los compromisos del nuevo Marco Mundial para la Diversidad Biol\u00f3gica Kunming-Montreal.<\/p>\n\n\n\n<p>La iniciativa cuenta con el respaldo de una red de donantes internacionales, incluyendo la Uni\u00f3n Europea, los gobiernos de Alemania, Noruega, Flanders, Francia, Suiza, B\u00e9lgica, Reino Unido y Canad\u00e1.<\/p>\n\n\n\n<p>Asimismo, se apoya en una alianza estrat\u00e9gica con actores globales como la Convenci\u00f3n sobre la Diversidad Biol\u00f3gica (CDB), la Red de Biodiversidad y Servicios Ecosist\u00e9micos (BES-Net), la Organizaci\u00f3n para la Cooperaci\u00f3n y el Desarrollo Econ\u00f3micos (OCDE), el Fondo para el Medio Ambiente Mundial (GEF), la iniciativa La Econom\u00eda de los Ecosistemas y la Biodiversidad (TEEB), el proyecto ValuES de apoyo a servicios ecosist\u00e9micos, y otros socios del Sistema de Naciones Unidas.<\/p>\n\n\n\n<p>El acto de lanzamiento del proyecto inici\u00f3 con las palabras de bienvenida a cargo del director de Mecanismos Financieros del Viceministerio de Cambio Clim\u00e1tico y Sostenibilidad, Iv\u00e1n Cruz, quien ofreci\u00f3 un marco global sobre el proyecto y explic\u00f3 que \u201cel objetivo de BIOFIN es contribuir al objetivo global del Marco Mundial de la Biodiversidad que busca el dise\u00f1o y la implementaci\u00f3n de soluciones financieras innovadoras que permitan movilizar recursos para la conservaci\u00f3n y el uso sostenible de la biodiversidad\u201d.<\/p>\n\n\n\n<p>Al hablar en representaci\u00f3n de la viceministra de Cambio Clim\u00e1tico y Sostenibilidad, Ana Emilia Pimentel, Cruz expres\u00f3 que \u201cen Rep\u00fablica Dominicana, el proyecto BIOFIN representa una herramienta clave para avanzar en la visi\u00f3n nacional del financiamiento de la biodiversidad.<\/p>\n\n\n\n<p>Nuestras metas de conservaci\u00f3n deben estar alineadas con las inversiones p\u00fablicas y privadas\u201d.<\/p>\n\n\n\n<p>Agreg\u00f3, adem\u00e1s, que \u201ceste proyecto nos invita a identificar c\u00f3mo financiamos la conservaci\u00f3n y c\u00f3mo podemos alinear nuestras pol\u00edticas fiscales, presupuestarias y de inversi\u00f3n con los compromisos asumidos a nivel internacional\u201d.<\/p>\n\n\n\n<p>De su lado, la representante residente del PNUD, Ana Mar\u00eda D\u00edaz, destac\u00f3 la importancia del proyecto BIOFIN por su alcance mundial.<\/p>\n\n\n\n<p>\u201cEsta iniciativa global del PNUD, presente en m\u00e1s de 130 pa\u00edses, busca identificar c\u00f3mo se est\u00e1n utilizando los recursos p\u00fablicos y privados en materia de biodiversidad, y c\u00f3mo podemos movilizar m\u00e1s y mejores inversiones para proteger nuestro capital natural. Esto implica identificar nuevas fuentes de financiamiento innovador y dise\u00f1ar instrumentos financieros adaptados a sectores clave, donde la sostenibilidad puede ser una ventaja competitiva\u201d, indic\u00f3.<\/p>\n\n\n\n<p>Asimismo, durante su intervenci\u00f3n, la directora de Biodiversidad Marina Hern\u00e1ndez subray\u00f3 el papel fundamental que desempe\u00f1ar\u00e1 BIOFIN en la implementaci\u00f3n efectiva de la Estrategia Nacional de Biodiversidad y su Plan de Acci\u00f3n (ENBPA), destacando que BIOFIN ser\u00e1 el catalizador que permitir\u00e1 traducir las metas de la Estrategia Nacional de Biodiversidad y su Plan de Acci\u00f3n en acciones concretas y sostenibles en el tiempo.<\/p>\n\n\n\n<p>En el pa\u00eds, BIOFIN se implementar\u00e1 durante el per\u00edodo 2025-2027, en paralelo con la actualizaci\u00f3n de la ENBPA.<\/p>\n\n\n\n<p>Como parte de este proceso, se dise\u00f1ar\u00e1 el primer Plan Nacional de Financiaci\u00f3n de la Biodiversidad (BFP), con miras a establecer un marco sostenible y estrat\u00e9gico para movilizar recursos para la conservaci\u00f3n y uso sostenible de la biodiversidad en el pa\u00eds.<\/p>\n\n\n\n<p>Adem\u00e1s, tendr\u00e1 una articulaci\u00f3n estrecha con las prioridades nacionales, a trav\u00e9s del trabajo conjunto con el Ministerio de Econom\u00eda Planificaci\u00f3n y Desarrollo, Ministerio de Hacienda, entre otros.<\/p>\n\n\n\n<p>Este proyecto se articula estrat\u00e9gicamente con otras iniciativas clave del PNUD que buscan una transformaci\u00f3n sostenible del pa\u00eds.<\/p>\n\n\n\n<p>Entre ellas, destaca Capital Natural, centrada en valorar los ecosistemas como fundamento para una econom\u00eda verde; Climate Promise, que apoya el cumplimiento de los compromisos clim\u00e1ticos asumidos por la Rep\u00fablica Dominicana; la iniciativa Insurance Risk Finance Facility, que pretende posibilitar el establecimiento de mecanismos financieros, incluso seguros, para la resiliencia frente a riesgos; y EcoHarmony, que introduce modelos innovadores como las Otras Medidas Efectivas de Conversaci\u00f3n (OMEC), fortaleciendo la participaci\u00f3n comunitaria y la gobernanza ambiental.<\/p>\n\n\n\n<p>\ufeffEl acto cont\u00f3 con la presencia de la directora de Biodiversidad del Ministerio de Medio Ambiente, Mariana Hern\u00e1ndez; el oficial de la Unidad de Sostenibilidad Ambiental y Resiliencia del PNUD, Pierre Candel\u00f3n; autoridades y t\u00e9cnicos expertos de la entidad; as\u00ed como representantes de la sociedad civil y del sector privado.<\/p>\n\n\n\n<p>Con el lanzamiento de este proyecto el pa\u00eds se une a m\u00e1s de 130 naciones que forman parte de la plataforma global BIOFIN y fortalece su capacidad de movilizar recursos para conservar su riqueza natural, reducir la p\u00e9rdida de biodiversidad y avanzar hacia una econom\u00eda m\u00e1s sostenible.<\/p>\n","protected":false},"excerpt":{"rendered":"<p>El Ministerio de Medio Ambiente y Recursos Naturales y el Programa de las Naciones Unidas para el Desarrollo (PNUD) lanzaron el proyecto Finanzas para la Biodiversidad (BIOFIN), con el objetivo&hellip;<\/p>\n","protected":false},"author":10,"featured_media":102520,"comment_status":"open","ping_status":"open","sticky":false,"template":"","format":"standard","meta":{"content-type":"","jetpack_post_was_ever_published":false,"_jetpack_newsletter_access":"","_jetpack_dont_email_post_to_subs":false,"_jetpack_newsletter_tier_id":0,"_jetpack_memberships_contains_paywalled_content":false,"_jetpack_memberships_contains_paid_content":false,"footnotes":""},"categories":[35,25],"tags":[3539,21244,21243,563,4746],"class_list":["post-102519","post","type-post","status-publish","format-standard","has-post-thumbnail","hentry","category-nacionales","category-portada","tag-biodiversidad","tag-biofin","tag-brecha-financiera","tag-medio-ambiente","tag-pnud"],"jetpack_featured_media_url":"https:\/\/lasprimeras.com.do\/wp-content\/uploads\/2025\/07\/Medio-Ambiente-y-PNUD.jpg","jetpack-related-posts":[{"id":113773,"url":"https:\/\/lasprimeras.com.do\/index.php\/2025\/11\/05\/republica-dominicana-lanza-primera-certificacion-de-cafe-sostenible-del-caribe\/","url_meta":{"origin":102519,"position":0},"title":"Rep\u00fablica Dominicana lanza primera certificaci\u00f3n de caf\u00e9 sostenible del Caribe","author":"Nelson Feliz","date":"5 de noviembre de 2025","format":false,"excerpt":"En el evento tambi\u00e9n fue presentado el Sistema Integrado de Informaci\u00f3n y Servicios Cafetaleros (SIISEC) El Instituto Dominicano del Caf\u00e9 (INDOCAFE) realiz\u00f3 el lanzamiento del Programa de Certificaci\u00f3n Finca de Caf\u00e9 Sostenible (SCF) y la presentaci\u00f3n del Sistema Integrado de Informaci\u00f3n y Servicios Cafetaleros (SIISEC), dos iniciativas estrat\u00e9gicas orientadas a\u2026","rel":"","context":"En \u00abNACIONALES\u00bb","block_context":{"text":"NACIONALES","link":"https:\/\/lasprimeras.com.do\/index.php\/category\/nacionales\/"},"img":{"alt_text":"","src":"https:\/\/i0.wp.com\/lasprimeras.com.do\/wp-content\/uploads\/2025\/11\/CAFE.jpg?resize=350%2C200&ssl=1","width":350,"height":200,"srcset":"https:\/\/i0.wp.com\/lasprimeras.com.do\/wp-content\/uploads\/2025\/11\/CAFE.jpg?resize=350%2C200&ssl=1 1x, https:\/\/i0.wp.com\/lasprimeras.com.do\/wp-content\/uploads\/2025\/11\/CAFE.jpg?resize=525%2C300&ssl=1 1.5x, https:\/\/i0.wp.com\/lasprimeras.com.do\/wp-content\/uploads\/2025\/11\/CAFE.jpg?resize=700%2C400&ssl=1 2x"},"classes":[]},{"id":125963,"url":"https:\/\/lasprimeras.com.do\/index.php\/2026\/03\/27\/fundacion-rica-y-pnud-impulsan-desarrollo-humano-en-comunidades\/","url_meta":{"origin":102519,"position":1},"title":"Fundaci\u00f3n Rica y PNUD impulsan desarrollo humano en comunidades","author":"Nelson Feliz","date":"27 de marzo de 2026","format":false,"excerpt":"La Fundaci\u00f3n Rica y el Programa de las Naciones Unidas para el Desarrollo (PNUD) aunaron esfuerzos para implementar un estudio sociodemogr\u00e1fico en las comunidades de B\u00e1sima y Los Arroyones, en el municipio de Villa Altagracia, con el objetivo de fortalecer el dise\u00f1o de acciones que mejoren la calidad de vida\u2026","rel":"","context":"En \u00abNACIONALES\u00bb","block_context":{"text":"NACIONALES","link":"https:\/\/lasprimeras.com.do\/index.php\/category\/nacionales\/"},"img":{"alt_text":"Fundaci\u00f3n Rica y el PNUD","src":"https:\/\/i0.wp.com\/lasprimeras.com.do\/wp-content\/uploads\/2026\/03\/Fundacion-Rica-y-el-PNUD.jpg?resize=350%2C200&ssl=1","width":350,"height":200,"srcset":"https:\/\/i0.wp.com\/lasprimeras.com.do\/wp-content\/uploads\/2026\/03\/Fundacion-Rica-y-el-PNUD.jpg?resize=350%2C200&ssl=1 1x, https:\/\/i0.wp.com\/lasprimeras.com.do\/wp-content\/uploads\/2026\/03\/Fundacion-Rica-y-el-PNUD.jpg?resize=525%2C300&ssl=1 1.5x, https:\/\/i0.wp.com\/lasprimeras.com.do\/wp-content\/uploads\/2026\/03\/Fundacion-Rica-y-el-PNUD.jpg?resize=700%2C400&ssl=1 2x"},"classes":[]},{"id":122512,"url":"https:\/\/lasprimeras.com.do\/index.php\/2026\/02\/18\/banco-adopem-y-pnud-firman-acuerdo-para-fortalecer-la-inclusion-financiera-y-el-desarrollo-sostenible\/","url_meta":{"origin":102519,"position":2},"title":"Banco ADOPEM y PNUD firman acuerdo para fortalecer la inclusi\u00f3n financiera y el desarrollo sostenible","author":"Nelson Feliz","date":"18 de febrero de 2026","format":false,"excerpt":"El Banco de Ahorro y Cr\u00e9dito (ADOPEM) y El Programa de las Naciones Unidas para el Desarrollo (PNUD) firmaron un Memorando de Entendimiento (MoU) con el objetivo de fortalecer la inclusi\u00f3n financiera, el desarrollo productivo y las capacidades de poblaciones en situaci\u00f3n de vulnerabilidad en la Rep\u00fablica Dominicana. El acuerdo\u2026","rel":"","context":"En \u00abECONOM\u00cdA\u00bb","block_context":{"text":"ECONOM\u00cdA","link":"https:\/\/lasprimeras.com.do\/index.php\/category\/economia\/"},"img":{"alt_text":"Banco ADOPEM y PNUD","src":"https:\/\/i0.wp.com\/lasprimeras.com.do\/wp-content\/uploads\/2026\/02\/Banco-ADOPEM-y-PNUD.jpg?resize=350%2C200&ssl=1","width":350,"height":200,"srcset":"https:\/\/i0.wp.com\/lasprimeras.com.do\/wp-content\/uploads\/2026\/02\/Banco-ADOPEM-y-PNUD.jpg?resize=350%2C200&ssl=1 1x, https:\/\/i0.wp.com\/lasprimeras.com.do\/wp-content\/uploads\/2026\/02\/Banco-ADOPEM-y-PNUD.jpg?resize=525%2C300&ssl=1 1.5x, https:\/\/i0.wp.com\/lasprimeras.com.do\/wp-content\/uploads\/2026\/02\/Banco-ADOPEM-y-PNUD.jpg?resize=700%2C400&ssl=1 2x"},"classes":[]},{"id":58705,"url":"https:\/\/lasprimeras.com.do\/index.php\/2023\/08\/27\/rd-aboga-por-soluciones-en-asamblea-del-fondo-mundial-para-el-medio-ambiente-celebrada-en-canada\/","url_meta":{"origin":102519,"position":3},"title":"RD aboga por soluciones en asamblea del Fondo Mundial para el Medio Ambiente celebrada en Canad\u00e1","author":"Nelson Feliz","date":"27 de agosto de 2023","format":false,"excerpt":"Rep\u00fablica Dominicana ampl\u00eda su colaboraci\u00f3n con las naciones del Caribe, al consolidar una visi\u00f3n regional unificada en la b\u00fasqueda de soluciones regionales a temas medioambientales, durante su participaci\u00f3n en la VII asamblea del Fondo Mundial para el Medio Ambiente realizada en Vancouver, Canad\u00e1. \u201cLa asamblea nos sirvi\u00f3 para identificar oportunidades\u2026","rel":"","context":"En \u00abNACIONALES\u00bb","block_context":{"text":"NACIONALES","link":"https:\/\/lasprimeras.com.do\/index.php\/category\/nacionales\/"},"img":{"alt_text":"Rep\u00fablica Dominicana aboga por soluciones regionales en asamblea del Fondo Mundial para el Medio Ambiente celebrada en Canad\u00e1","src":"https:\/\/i0.wp.com\/lasprimeras.com.do\/wp-content\/uploads\/2023\/08\/Republica-Dominicana-aboga-por-soluciones-regionales-en-asamblea-del-Fondo-Mundial-para-el-Medio-Ambiente-celebrada-en-Canada.jpeg?resize=350%2C200&ssl=1","width":350,"height":200,"srcset":"https:\/\/i0.wp.com\/lasprimeras.com.do\/wp-content\/uploads\/2023\/08\/Republica-Dominicana-aboga-por-soluciones-regionales-en-asamblea-del-Fondo-Mundial-para-el-Medio-Ambiente-celebrada-en-Canada.jpeg?resize=350%2C200&ssl=1 1x, https:\/\/i0.wp.com\/lasprimeras.com.do\/wp-content\/uploads\/2023\/08\/Republica-Dominicana-aboga-por-soluciones-regionales-en-asamblea-del-Fondo-Mundial-para-el-Medio-Ambiente-celebrada-en-Canada.jpeg?resize=525%2C300&ssl=1 1.5x, https:\/\/i0.wp.com\/lasprimeras.com.do\/wp-content\/uploads\/2023\/08\/Republica-Dominicana-aboga-por-soluciones-regionales-en-asamblea-del-Fondo-Mundial-para-el-Medio-Ambiente-celebrada-en-Canada.jpeg?resize=700%2C400&ssl=1 2x"},"classes":[]},{"id":104088,"url":"https:\/\/lasprimeras.com.do\/index.php\/2025\/07\/21\/crearan-la-alianza-global-por-la-biodiversidad-durante-evento-en-guyana-esta-semana\/","url_meta":{"origin":102519,"position":4},"title":"Crear\u00e1n la Alianza Global por la Biodiversidad durante evento en Guyana esta semana","author":"Nelson Feliz","date":"21 de julio de 2025","format":false,"excerpt":"Presidente Abinader ser\u00e1 fundador. Estar\u00e1 presente en el acto inaugural La Alianza Global por la Biodiversidad, de la que el presidente dominicano Luis Abinader ser\u00e1 fundador, quedar\u00e1 constituida esta semana durante un acto en Guyana, a donde han sido invitados jefes de Estado, gobiernos, organismos multilaterales, sector privado, academias, comunidades\u2026","rel":"","context":"En \u00abNACIONALES\u00bb","block_context":{"text":"NACIONALES","link":"https:\/\/lasprimeras.com.do\/index.php\/category\/nacionales\/"},"img":{"alt_text":"","src":"https:\/\/i0.wp.com\/lasprimeras.com.do\/wp-content\/uploads\/2025\/07\/Alianza-Global.jpg?resize=350%2C200&ssl=1","width":350,"height":200,"srcset":"https:\/\/i0.wp.com\/lasprimeras.com.do\/wp-content\/uploads\/2025\/07\/Alianza-Global.jpg?resize=350%2C200&ssl=1 1x, https:\/\/i0.wp.com\/lasprimeras.com.do\/wp-content\/uploads\/2025\/07\/Alianza-Global.jpg?resize=525%2C300&ssl=1 1.5x, https:\/\/i0.wp.com\/lasprimeras.com.do\/wp-content\/uploads\/2025\/07\/Alianza-Global.jpg?resize=700%2C400&ssl=1 2x"},"classes":[]},{"id":104283,"url":"https:\/\/lasprimeras.com.do\/index.php\/2025\/07\/23\/abinader-viaja-a-guyana-para-participar-en-la-fundacion-de-la-alianza-global-por-la-biodiversidad\/","url_meta":{"origin":102519,"position":5},"title":"Abinader viaja a Guyana para participar en la fundaci\u00f3n de la Alianza Global por la Biodiversidad","author":"Nelson Feliz","date":"23 de julio de 2025","format":false,"excerpt":"En estos momentos, el presidente Luis Abinader viaja hacia la Rep\u00fablica Cooperativa de Guyana para participar en el acto inaugural de la Alianza Global por la Biodiversidad. El mandatario sali\u00f3 a las 7:29 de la ma\u00f1ana desde la Base A\u00e9rea de San Isidro, donde fue despedido por el ministro de\u2026","rel":"","context":"En \u00abNACIONALES\u00bb","block_context":{"text":"NACIONALES","link":"https:\/\/lasprimeras.com.do\/index.php\/category\/nacionales\/"},"img":{"alt_text":"","src":"https:\/\/i0.wp.com\/lasprimeras.com.do\/wp-content\/uploads\/2025\/07\/LA-viaja.jpg?resize=350%2C200&ssl=1","width":350,"height":200,"srcset":"https:\/\/i0.wp.com\/lasprimeras.com.do\/wp-content\/uploads\/2025\/07\/LA-viaja.jpg?resize=350%2C200&ssl=1 1x, https:\/\/i0.wp.com\/lasprimeras.com.do\/wp-content\/uploads\/2025\/07\/LA-viaja.jpg?resize=525%2C300&ssl=1 1.5x, https:\/\/i0.wp.com\/lasprimeras.com.do\/wp-content\/uploads\/2025\/07\/LA-viaja.jpg?resize=700%2C400&ssl=1 2x"},"classes":[]}],"jetpack_sharing_enabled":true,"_links":{"self":[{"href":"https:\/\/lasprimeras.com.do\/index.php\/wp-json\/wp\/v2\/posts\/102519","targetHints":{"allow":["GET"]}}],"collection":[{"href":"https:\/\/lasprimeras.com.do\/index.php\/wp-json\/wp\/v2\/posts"}],"about":[{"href":"https:\/\/lasprimeras.com.do\/index.php\/wp-json\/wp\/v2\/types\/post"}],"author":[{"embeddable":true,"href":"https:\/\/lasprimeras.com.do\/index.php\/wp-json\/wp\/v2\/users\/10"}],"replies":[{"embeddable":true,"href":"https:\/\/lasprimeras.com.do\/index.php\/wp-json\/wp\/v2\/comments?post=102519"}],"version-history":[{"count":1,"href":"https:\/\/lasprimeras.com.do\/index.php\/wp-json\/wp\/v2\/posts\/102519\/revisions"}],"predecessor-version":[{"id":102521,"href":"https:\/\/lasprimeras.com.do\/index.php\/wp-json\/wp\/v2\/posts\/102519\/revisions\/102521"}],"wp:featuredmedia":[{"embeddable":true,"href":"https:\/\/lasprimeras.com.do\/index.php\/wp-json\/wp\/v2\/media\/102520"}],"wp:attachment":[{"href":"https:\/\/lasprimeras.com.do\/index.php\/wp-json\/wp\/v2\/media?parent=102519"}],"wp:term":[{"taxonomy":"category","embeddable":true,"href":"https:\/\/lasprimeras.com.do\/index.php\/wp-json\/wp\/v2\/categories?post=102519"},{"taxonomy":"post_tag","embeddable":true,"href":"https:\/\/lasprimeras.com.do\/index.php\/wp-json\/wp\/v2\/tags?post=102519"}],"curies":[{"name":"wp","href":"https:\/\/api.w.org\/{rel}","templated":true}]}}