{"id":102633,"date":"2025-07-07T09:26:37","date_gmt":"2025-07-07T13:26:37","guid":{"rendered":"https:\/\/lasprimeras.com.do\/?p=102633"},"modified":"2025-07-07T09:26:39","modified_gmt":"2025-07-07T13:26:39","slug":"al-menos-72-muertos-en-pakistan-tras-varios-dias-de-lluvias-monzonicas-e-inundaciones-repentinas","status":"publish","type":"post","link":"https:\/\/lasprimeras.com.do\/index.php\/2025\/07\/07\/al-menos-72-muertos-en-pakistan-tras-varios-dias-de-lluvias-monzonicas-e-inundaciones-repentinas\/","title":{"rendered":"Al menos 72 muertos en Pakist\u00e1n tras varios d\u00edas de lluvias monz\u00f3nicas e inundaciones repentinas"},"content":{"rendered":"\n<p>ISLAMABAD (AP) \u2014 Diez d\u00edas de intensas lluvias monz\u00f3nicas e inundaciones repentinas en Pakist\u00e1n han dejado al menos 72 muertos y m\u00e1s de 130 heridos, seg\u00fan informaron el lunes la Autoridad Nacional de Gesti\u00f3n de Desastres y funcionarios locales.<\/p>\n\n\n\n<p>Las muertes, registradas desde el 26 de junio, se reportaron en varias provincias: Khyber Pakhtunkhwa en el noroeste, Punjab en el este, Sindh en el sur y Baluchist\u00e1n en el suroeste.<\/p>\n\n\n\n<p>La Autoridad Nacional de Gesti\u00f3n de Desastres inst\u00f3 a las autoridades locales a permanecer en m\u00e1xima alerta y aconsej\u00f3 a los turistas evitar visitar las \u00e1reas afectadas, ya que m\u00e1s lluvias podr\u00edan bloquear carreteras y provocar inundaciones repentinas.<\/p>\n\n\n\n<p>Los servicios de emergencia llevan en m\u00e1xima alerta desde el mes pasado despu\u00e9s de que 17 turistas de la misma familia fueran arrastrados por el r\u00edo Swat en el noroeste.<\/p>\n\n\n\n<p>Cuatro fueron rescatados y los cuerpos de los otros 13 fueron recuperados posteriormente. Videos que circulan en l\u00ednea de la familia, varada en un tejado y pidiendo ayuda, provocaron indignaci\u00f3n y acusaciones de una respuesta lenta por parte de los equipos de emergencia.<\/p>\n\n\n\n<p>Las autoridades han advertido que no pueden descartar la repetici\u00f3n de fen\u00f3menos meteorol\u00f3gicos extremos como las devastadoras inundaciones de 2022, cuando las lluvias llegaron a inundar un tercio del pa\u00eds, causando la muerte de 1.737 personas.<\/p>\n","protected":false},"excerpt":{"rendered":"<p>ISLAMABAD (AP) \u2014 Diez d\u00edas de intensas lluvias monz\u00f3nicas e inundaciones repentinas en Pakist\u00e1n han dejado al menos 72 muertos y m\u00e1s de 130 heridos, seg\u00fan informaron el lunes la&hellip;<\/p>\n","protected":false},"author":10,"featured_media":102634,"comment_status":"open","ping_status":"open","sticky":false,"template":"","format":"standard","meta":{"content-type":"","jetpack_post_was_ever_published":false,"_jetpack_newsletter_access":"","_jetpack_dont_email_post_to_subs":false,"_jetpack_newsletter_tier_id":0,"_jetpack_memberships_contains_paywalled_content":false,"_jetpack_memberships_contains_paid_content":false,"footnotes":""},"categories":[16289],"tags":[21291,21293,21292,4512],"class_list":["post-102633","post","type-post","status-publish","format-standard","has-post-thumbnail","hentry","category-internacionales","tag-72-muertos","tag-inundaciones-repentinas","tag-lluvias-monzonicas","tag-pakistan"],"jetpack_featured_media_url":"https:\/\/lasprimeras.com.do\/wp-content\/uploads\/2025\/07\/Al-menos-72-muertos-en-Pakistan-tras-varios-dias-de-lluvias-monzonicas.jpg","jetpack-related-posts":[{"id":54364,"url":"https:\/\/lasprimeras.com.do\/index.php\/2023\/07\/10\/mas-de-70-muertos-y-133-heridos-desde-el-inicio-de-las-fuertes-lluvias-que-azotan-pakistan\/","url_meta":{"origin":102633,"position":0},"title":"M\u00e1s de 70 muertos y 133 heridos desde el inicio de las fuertes lluvias que azotan Pakist\u00e1n","author":"Nelson Feliz","date":"10 de julio de 2023","format":false,"excerpt":"Al menos 76 personas, incluidos 28 ni\u00f1os, murieron y 133 resultaron heridas por las inundaciones y deslizamientos de tierra provocados por las incesantes lluvias que azotan Islamabad, Pakist\u00e1n desde que comenz\u00f3 la temporada de monz\u00f3n. Nueve personas m\u00e1s murieron y otras ocho resultaron heridas en las \u00faltimas 24 horas en\u2026","rel":"","context":"En \u00abSin categor\u00eda\u00bb","block_context":{"text":"Sin categor\u00eda","link":"https:\/\/lasprimeras.com.do\/index.php\/category\/sin-categoria\/"},"img":{"alt_text":"","src":"https:\/\/i0.wp.com\/lasprimeras.com.do\/wp-content\/uploads\/2023\/07\/lluvias.jpg?resize=350%2C200&ssl=1","width":350,"height":200,"srcset":"https:\/\/i0.wp.com\/lasprimeras.com.do\/wp-content\/uploads\/2023\/07\/lluvias.jpg?resize=350%2C200&ssl=1 1x, https:\/\/i0.wp.com\/lasprimeras.com.do\/wp-content\/uploads\/2023\/07\/lluvias.jpg?resize=525%2C300&ssl=1 1.5x, https:\/\/i0.wp.com\/lasprimeras.com.do\/wp-content\/uploads\/2023\/07\/lluvias.jpg?resize=700%2C400&ssl=1 2x"},"classes":[]},{"id":102013,"url":"https:\/\/lasprimeras.com.do\/index.php\/2025\/06\/30\/una-semana-de-intensas-lluvias-e-inundaciones-en-pakistan-deja-46-muertos-13-de-una-misma-familia\/","url_meta":{"origin":102633,"position":1},"title":"Una semana de intensas lluvias e inundaciones en Pakist\u00e1n deja 46 muertos, 13 de una misma familia","author":"Nelson Feliz","date":"30 de junio de 2025","format":false,"excerpt":"PESHAWAR, Pakist\u00e1n (AP) \u2014 Casi una semana de intensas lluvias monz\u00f3nicas e inundaciones repentinas en Pakist\u00e1n dej\u00f3 al menos 46 muertos y decenas de heridos, y a\u00fan era posible que se repitieran patrones de mal tiempo que provocaron emergencias pasadas, dijeron las autoridades el lunes. Las muertes causadas por lluvias\u2026","rel":"","context":"En \u00abINTERNACIONALES\u00bb","block_context":{"text":"INTERNACIONALES","link":"https:\/\/lasprimeras.com.do\/index.php\/category\/sin-categoria\/internacionales\/"},"img":{"alt_text":"","src":"https:\/\/i0.wp.com\/lasprimeras.com.do\/wp-content\/uploads\/2025\/06\/INUNDACIONES.jpg?resize=350%2C200&ssl=1","width":350,"height":200,"srcset":"https:\/\/i0.wp.com\/lasprimeras.com.do\/wp-content\/uploads\/2025\/06\/INUNDACIONES.jpg?resize=350%2C200&ssl=1 1x, https:\/\/i0.wp.com\/lasprimeras.com.do\/wp-content\/uploads\/2025\/06\/INUNDACIONES.jpg?resize=525%2C300&ssl=1 1.5x, https:\/\/i0.wp.com\/lasprimeras.com.do\/wp-content\/uploads\/2025\/06\/INUNDACIONES.jpg?resize=700%2C400&ssl=1 2x"},"classes":[]},{"id":101831,"url":"https:\/\/lasprimeras.com.do\/index.php\/2025\/06\/27\/inundaciones-repentinas-dejan-al-menos-8-muertos-y-arrastran-a-decenas-en-pakistan\/","url_meta":{"origin":102633,"position":2},"title":"Inundaciones repentinas dejan al menos 8 muertos y arrastran a decenas en Pakist\u00e1n","author":"Nelson Feliz","date":"27 de junio de 2025","format":false,"excerpt":"POR RIAZ KHAN PESHAWAR, Pakist\u00e1n (AP) \u2014 Inundaciones repentinas provocadas por lluvias previas al monz\u00f3n arrastraron el viernes a decenas de turistas y causaron la muerte de al menos ocho personas en el noroeste de Pakist\u00e1n. La cifra total de muertos a nivel nacional por incidentes relacionados con las lluvias\u2026","rel":"","context":"En \u00abINTERNACIONALES\u00bb","block_context":{"text":"INTERNACIONALES","link":"https:\/\/lasprimeras.com.do\/index.php\/category\/sin-categoria\/internacionales\/"},"img":{"alt_text":"","src":"https:\/\/i0.wp.com\/lasprimeras.com.do\/wp-content\/uploads\/2025\/06\/Pakistan.jpg?resize=350%2C200&ssl=1","width":350,"height":200,"srcset":"https:\/\/i0.wp.com\/lasprimeras.com.do\/wp-content\/uploads\/2025\/06\/Pakistan.jpg?resize=350%2C200&ssl=1 1x, https:\/\/i0.wp.com\/lasprimeras.com.do\/wp-content\/uploads\/2025\/06\/Pakistan.jpg?resize=525%2C300&ssl=1 1.5x, https:\/\/i0.wp.com\/lasprimeras.com.do\/wp-content\/uploads\/2025\/06\/Pakistan.jpg?resize=700%2C400&ssl=1 2x"},"classes":[]},{"id":106476,"url":"https:\/\/lasprimeras.com.do\/index.php\/2025\/08\/15\/el-numero-de-muertos-por-las-inundaciones-repentinas-en-el-noroeste-de-pakistan-ha-aumentado-a-157-segun-las-autoridades\/","url_meta":{"origin":102633,"position":3},"title":"El n\u00famero de muertos por las inundaciones repentinas en el noroeste de Pakist\u00e1n ha aumentado a 157, seg\u00fan las autoridades","author":"Nelson Feliz","date":"15 de agosto de 2025","format":false,"excerpt":"Por CHANNI ANAND y RIAZ KHAN PESHAWAR, Pakist\u00e1n (AP) \u2014 Las inundaciones repentinas provocadas por lluvias torrenciales han matado a m\u00e1s de 280 personas y dejado a muchas m\u00e1s desaparecidas en India y Pakist\u00e1n en las \u00faltimas 24 horas, dijeron las autoridades el viernes, mientras los rescatistas pon\u00edan a salvo\u2026","rel":"","context":"En \u00abINTERNACIONALES\u00bb","block_context":{"text":"INTERNACIONALES","link":"https:\/\/lasprimeras.com.do\/index.php\/category\/sin-categoria\/internacionales\/"},"img":{"alt_text":"","src":"https:\/\/i0.wp.com\/lasprimeras.com.do\/wp-content\/uploads\/2025\/08\/derr.jpg?resize=350%2C200&ssl=1","width":350,"height":200,"srcset":"https:\/\/i0.wp.com\/lasprimeras.com.do\/wp-content\/uploads\/2025\/08\/derr.jpg?resize=350%2C200&ssl=1 1x, https:\/\/i0.wp.com\/lasprimeras.com.do\/wp-content\/uploads\/2025\/08\/derr.jpg?resize=525%2C300&ssl=1 1.5x, https:\/\/i0.wp.com\/lasprimeras.com.do\/wp-content\/uploads\/2025\/08\/derr.jpg?resize=700%2C400&ssl=1 2x"},"classes":[]},{"id":56322,"url":"https:\/\/lasprimeras.com.do\/index.php\/2023\/07\/30\/fallecen-50-personas-8-ninos-entre-ellas-por-lluvias-torrenciales-y-deslaves-en-pakistan\/","url_meta":{"origin":102633,"position":4},"title":"Fallecen 50 personas, 8 ni\u00f1os entre ellas, por lluvias torrenciales y deslaves en Pakist\u00e1n","author":"Nelson Feliz","date":"30 de julio de 2023","format":false,"excerpt":"Los 8 menores fueron hallados sepultados por un corrimiento de tierras en la provincia de Jaiber Pastunju\u00e1, al noroeste de Pakist\u00e1n. Al menos 50 personas, entre ellas ocho ni\u00f1os, murieron en inundaciones y deslaves causados por las lluvias monz\u00f3nicas que se abaten sobre Pakist\u00e1n desde hace un mes, informaron el\u2026","rel":"","context":"En \u00abSin categor\u00eda\u00bb","block_context":{"text":"Sin categor\u00eda","link":"https:\/\/lasprimeras.com.do\/index.php\/category\/sin-categoria\/"},"img":{"alt_text":"","src":"https:\/\/i0.wp.com\/lasprimeras.com.do\/wp-content\/uploads\/2023\/07\/64a84e4d1115781e4b395384.png?resize=350%2C200&ssl=1","width":350,"height":200,"srcset":"https:\/\/i0.wp.com\/lasprimeras.com.do\/wp-content\/uploads\/2023\/07\/64a84e4d1115781e4b395384.png?resize=350%2C200&ssl=1 1x, https:\/\/i0.wp.com\/lasprimeras.com.do\/wp-content\/uploads\/2023\/07\/64a84e4d1115781e4b395384.png?resize=525%2C300&ssl=1 1.5x"},"classes":[]},{"id":106121,"url":"https:\/\/lasprimeras.com.do\/index.php\/2025\/08\/11\/deslave-masivo-mata-a-7-voluntarios-que-reparaban-danos-por-inundaciones-en-el-norte-de-pakistan\/","url_meta":{"origin":102633,"position":5},"title":"Deslave masivo mata a 7 voluntarios que reparaban da\u00f1os por inundaciones en el norte de Pakist\u00e1n","author":"Nelson Feliz","date":"11 de agosto de 2025","format":false,"excerpt":"POR ABDUL REHMAN GILGIT, Pakist\u00e1n (AP) \u2014 Un deslave masivo el lunes provoc\u00f3 la muerte de siete voluntarios mientras reparaban un canal de drenaje da\u00f1ado por inundaciones repentinas en el norte de Pakist\u00e1n, informaron autoridades, y otros tres resultaron heridos. Los rescatistas recuperaron los cuerpos despu\u00e9s de que el deslizamiento\u2026","rel":"","context":"En \u00abINTERNACIONALES\u00bb","block_context":{"text":"INTERNACIONALES","link":"https:\/\/lasprimeras.com.do\/index.php\/category\/sin-categoria\/internacionales\/"},"img":{"alt_text":"","src":"https:\/\/i0.wp.com\/lasprimeras.com.do\/wp-content\/uploads\/2025\/08\/pakistan.jpg?resize=350%2C200&ssl=1","width":350,"height":200,"srcset":"https:\/\/i0.wp.com\/lasprimeras.com.do\/wp-content\/uploads\/2025\/08\/pakistan.jpg?resize=350%2C200&ssl=1 1x, https:\/\/i0.wp.com\/lasprimeras.com.do\/wp-content\/uploads\/2025\/08\/pakistan.jpg?resize=525%2C300&ssl=1 1.5x, https:\/\/i0.wp.com\/lasprimeras.com.do\/wp-content\/uploads\/2025\/08\/pakistan.jpg?resize=700%2C400&ssl=1 2x"},"classes":[]}],"jetpack_sharing_enabled":true,"_links":{"self":[{"href":"https:\/\/lasprimeras.com.do\/index.php\/wp-json\/wp\/v2\/posts\/102633","targetHints":{"allow":["GET"]}}],"collection":[{"href":"https:\/\/lasprimeras.com.do\/index.php\/wp-json\/wp\/v2\/posts"}],"about":[{"href":"https:\/\/lasprimeras.com.do\/index.php\/wp-json\/wp\/v2\/types\/post"}],"author":[{"embeddable":true,"href":"https:\/\/lasprimeras.com.do\/index.php\/wp-json\/wp\/v2\/users\/10"}],"replies":[{"embeddable":true,"href":"https:\/\/lasprimeras.com.do\/index.php\/wp-json\/wp\/v2\/comments?post=102633"}],"version-history":[{"count":1,"href":"https:\/\/lasprimeras.com.do\/index.php\/wp-json\/wp\/v2\/posts\/102633\/revisions"}],"predecessor-version":[{"id":102635,"href":"https:\/\/lasprimeras.com.do\/index.php\/wp-json\/wp\/v2\/posts\/102633\/revisions\/102635"}],"wp:featuredmedia":[{"embeddable":true,"href":"https:\/\/lasprimeras.com.do\/index.php\/wp-json\/wp\/v2\/media\/102634"}],"wp:attachment":[{"href":"https:\/\/lasprimeras.com.do\/index.php\/wp-json\/wp\/v2\/media?parent=102633"}],"wp:term":[{"taxonomy":"category","embeddable":true,"href":"https:\/\/lasprimeras.com.do\/index.php\/wp-json\/wp\/v2\/categories?post=102633"},{"taxonomy":"post_tag","embeddable":true,"href":"https:\/\/lasprimeras.com.do\/index.php\/wp-json\/wp\/v2\/tags?post=102633"}],"curies":[{"name":"wp","href":"https:\/\/api.w.org\/{rel}","templated":true}]}}