{"id":102643,"date":"2025-07-07T10:08:27","date_gmt":"2025-07-07T14:08:27","guid":{"rendered":"https:\/\/lasprimeras.com.do\/?p=102643"},"modified":"2025-07-07T10:08:28","modified_gmt":"2025-07-07T14:08:28","slug":"cmd-informa-medicos-de-la-procuraduria-recibiran-un-aumento-salarial-este-mes","status":"publish","type":"post","link":"https:\/\/lasprimeras.com.do\/index.php\/2025\/07\/07\/cmd-informa-medicos-de-la-procuraduria-recibiran-un-aumento-salarial-este-mes\/","title":{"rendered":"CMD informa m\u00e9dicos de la Procuraduria recibir\u00e1n un aumento salarial este mes"},"content":{"rendered":"\n<p><strong>Es la primera vez que el CMD y la Procuradur\u00eda realizan este tipo de convenio.<\/strong><\/p>\n\n\n\n<p>Tras el acuerdo arribado el pasado 7 de marzo de este a\u00f1o, entre la Procuraduria General de la Rep\u00fablica que dirige la Magistrada Yeny Berenice y el Colegio M\u00e9dico Dominicano, presidido por su presidente el Dr. Waldo Ariel Suero; finalmente en este mes de Julio, los m\u00e9dicos recibir\u00e1n un aumento salarial.<\/p>\n\n\n\n<p>El Presidente del CMD Waldo Ariel Suero expres\u00f3: &#8220;ciertamente los m\u00e9dicos que laboran en la procuraduria general de la rep\u00fablica, devengan en su gran mayor\u00eda salarios muy bajos, muchos ganan hasta 36 mil pesos y eso debe cambiar. No es justo que \u00e9stos colegas m\u00e9dicos que trabajan a cualquier hora del d\u00eda y de la noche, levantando cad\u00e1veres a las 3 y a las 4 de la madrugada, se le pague esa suma de dinero&#8221;.<\/p>\n\n\n\n<p>Cabe destacar que es la primera vez en toda la historia, que el Colegio M\u00e9dico, logra un acuerdo con la procuraduria para mejorar los salarios de los m\u00e9dicos.<\/p>\n\n\n\n<p>En este sentido el CMD reconoce el gesto positivo y gentil de la Magistrada Yeny Berenice, para que se concretizara dicho acuerdo, el cu\u00e1l se aplicar\u00e1 finalmente en este mes de julio, a todos los m\u00e9dicos que laboran en la procuraduria general de la rep\u00fablica.<\/p>\n\n\n\n<p>Suero y su Junta Directiva Nacional aspiran a que esa mejor\u00eda salarial sea satisfactoria, sobre todo en aquellos m\u00e9dicos con salarios m\u00e1s bajos.<\/p>\n","protected":false},"excerpt":{"rendered":"<p>Es la primera vez que el CMD y la Procuradur\u00eda realizan este tipo de convenio. Tras el acuerdo arribado el pasado 7 de marzo de este a\u00f1o, entre la Procuraduria&hellip;<\/p>\n","protected":false},"author":10,"featured_media":102644,"comment_status":"open","ping_status":"open","sticky":false,"template":"","format":"standard","meta":{"content-type":"","jetpack_post_was_ever_published":false,"_jetpack_newsletter_access":"","_jetpack_dont_email_post_to_subs":false,"_jetpack_newsletter_tier_id":0,"_jetpack_memberships_contains_paywalled_content":false,"_jetpack_memberships_contains_paid_content":false,"footnotes":""},"categories":[25,16558],"tags":[467,1057,961,21296],"class_list":["post-102643","post","type-post","status-publish","format-standard","has-post-thumbnail","hentry","category-portada","category-salud","tag-aumento-salarial","tag-cmd","tag-medicos","tag-procuraduria-2"],"jetpack_featured_media_url":"https:\/\/lasprimeras.com.do\/wp-content\/uploads\/2025\/07\/CMD.jpg","jetpack-related-posts":[{"id":95157,"url":"https:\/\/lasprimeras.com.do\/index.php\/2025\/03\/10\/yeni-berenice-y-el-cmd-acuerdan-mejorar-salario-a-los-medicos-de-la-procuraduria\/","url_meta":{"origin":102643,"position":0},"title":"Yeni Berenice y el CMD acuerdan mejorar salario a los m\u00e9dicos de la procuradur\u00eda","author":"Nelson Feliz","date":"10 de marzo de 2025","format":false,"excerpt":"En un encuentro sostenido el pasado viernes en el despacho de la Procuradora General Yeny Berenice Reinoso y una comisi\u00f3n del Colegio M\u00e9dico Dominicano (CMD), encabezada por su presidente Waldo Ariel Suero; ambas instituciones llegaron a un acuerdo para mejorar el salario de los m\u00e9dicos que laboran en esa instituci\u00f3n.\u2026","rel":"","context":"En \u00abECONOM\u00cdA\u00bb","block_context":{"text":"ECONOM\u00cdA","link":"https:\/\/lasprimeras.com.do\/index.php\/category\/economia\/"},"img":{"alt_text":"Yeny Berenice","src":"https:\/\/i0.wp.com\/lasprimeras.com.do\/wp-content\/uploads\/2025\/03\/Yeny-Berenice.jpg?resize=350%2C200&ssl=1","width":350,"height":200,"srcset":"https:\/\/i0.wp.com\/lasprimeras.com.do\/wp-content\/uploads\/2025\/03\/Yeny-Berenice.jpg?resize=350%2C200&ssl=1 1x, https:\/\/i0.wp.com\/lasprimeras.com.do\/wp-content\/uploads\/2025\/03\/Yeny-Berenice.jpg?resize=525%2C300&ssl=1 1.5x, https:\/\/i0.wp.com\/lasprimeras.com.do\/wp-content\/uploads\/2025\/03\/Yeny-Berenice.jpg?resize=700%2C400&ssl=1 2x"},"classes":[]},{"id":110406,"url":"https:\/\/lasprimeras.com.do\/index.php\/2025\/09\/28\/cmd-logra-un-aumento-salarial-de-un-25-a-los-medicos-del-semma\/","url_meta":{"origin":102643,"position":1},"title":"CMD logra un aumento salarial de un 25% a los m\u00e9dicos del SEMMA","author":"Nelson Feliz","date":"28 de septiembre de 2025","format":false,"excerpt":"En un hecho calificado hist\u00f3rico y por vez primera, el Colegio M\u00e9dico Dominicano (CMD) logra un aumento salarial de un 25% para todos los m\u00e9dicos que trabajan con la Administradora de Riesgos de Salud para Maestros (ARS SEMMA). Ciertamente el salario que reciben actualmente los m\u00e9dicos que trabajan en esa\u2026","rel":"","context":"En \u00abECONOM\u00cdA\u00bb","block_context":{"text":"ECONOM\u00cdA","link":"https:\/\/lasprimeras.com.do\/index.php\/category\/economia\/"},"img":{"alt_text":"","src":"https:\/\/i0.wp.com\/lasprimeras.com.do\/wp-content\/uploads\/2025\/09\/Waldo-Ariel-Suero-1.jpg?resize=350%2C200&ssl=1","width":350,"height":200,"srcset":"https:\/\/i0.wp.com\/lasprimeras.com.do\/wp-content\/uploads\/2025\/09\/Waldo-Ariel-Suero-1.jpg?resize=350%2C200&ssl=1 1x, https:\/\/i0.wp.com\/lasprimeras.com.do\/wp-content\/uploads\/2025\/09\/Waldo-Ariel-Suero-1.jpg?resize=525%2C300&ssl=1 1.5x, https:\/\/i0.wp.com\/lasprimeras.com.do\/wp-content\/uploads\/2025\/09\/Waldo-Ariel-Suero-1.jpg?resize=700%2C400&ssl=1 2x"},"classes":[]},{"id":92433,"url":"https:\/\/lasprimeras.com.do\/index.php\/2025\/01\/04\/cmd-dobla-el-pulso-al-gobierno-otra-vez-acuerdan-aumento-salarial-del-25-para-medicos\/","url_meta":{"origin":102643,"position":2},"title":"CMD dobla el pulso al Gobierno otra vez, acuerdan aumento salarial del 25% para m\u00e9dicos","author":"Nelson Feliz","date":"4 de enero de 2025","format":false,"excerpt":"La vicepresidenta y presidenta del Gabinete de Salud, Raquel Pe\u00f1a, y el presidente del Colegio M\u00e9dico Dominicano (CMD), Waldo Ariel Suero, acordaron un aumento salarial del 25% para m\u00e9dicos. El incremento salarial alcanzado entre el Gobierno y el Colegio M\u00e9dico Dominicano ser\u00e1 aplicado a partir de este mes de enero.\u2026","rel":"","context":"En \u00abPORTADA\u00bb","block_context":{"text":"PORTADA","link":"https:\/\/lasprimeras.com.do\/index.php\/category\/portada\/"},"img":{"alt_text":"","src":"https:\/\/i0.wp.com\/lasprimeras.com.do\/wp-content\/uploads\/2025\/01\/acuerdo.jpg?resize=350%2C200&ssl=1","width":350,"height":200},"classes":[]},{"id":94802,"url":"https:\/\/lasprimeras.com.do\/index.php\/2025\/03\/05\/cmd-marchara-hacia-salud-publica-por-aumento-salarial-a-medicos-pensionados\/","url_meta":{"origin":102643,"position":3},"title":"CMD marchar\u00e1 hacia Salud P\u00fablica, por aumento salarial a m\u00e9dicos pensionados","author":"Nelson Feliz","date":"5 de marzo de 2025","format":false,"excerpt":"El presidente del Colegio M\u00e9dico Dominicano, Dr. Waldo Ariel Suero expres\u00f3 que el jueves 13 de marzo, el gremio m\u00e9dico har\u00e1 una marcha hacia el Ministerio de Salud P\u00fablica a las 9 am, partiendo desde el Hospital Salvador B. Gautier. Suero consider\u00f3 que la situaci\u00f3n socio econ\u00f3mica y emocionante del\u2026","rel":"","context":"En \u00abSALUD\u00bb","block_context":{"text":"SALUD","link":"https:\/\/lasprimeras.com.do\/index.php\/category\/salud\/"},"img":{"alt_text":"Waldo Ariel Suero","src":"https:\/\/i0.wp.com\/lasprimeras.com.do\/wp-content\/uploads\/2025\/03\/Waldo-Ariel-Suero.jpg?resize=350%2C200&ssl=1","width":350,"height":200,"srcset":"https:\/\/i0.wp.com\/lasprimeras.com.do\/wp-content\/uploads\/2025\/03\/Waldo-Ariel-Suero.jpg?resize=350%2C200&ssl=1 1x, https:\/\/i0.wp.com\/lasprimeras.com.do\/wp-content\/uploads\/2025\/03\/Waldo-Ariel-Suero.jpg?resize=525%2C300&ssl=1 1.5x, https:\/\/i0.wp.com\/lasprimeras.com.do\/wp-content\/uploads\/2025\/03\/Waldo-Ariel-Suero.jpg?resize=700%2C400&ssl=1 2x"},"classes":[]},{"id":92351,"url":"https:\/\/lasprimeras.com.do\/index.php\/2025\/01\/02\/cmd-acuerda-reunion-para-aumento-salarial-levantan-huelga\/","url_meta":{"origin":102643,"position":4},"title":"CMD acuerda reuni\u00f3n para aumento salarial; levantan huelga","author":"Nelson Feliz","date":"2 de enero de 2025","format":false,"excerpt":"El director del Servicio Nacional de Salud (SNS), Mario Lama, y el presidente del Colegio M\u00e9dico Dominicano (CMD), Waldo Ariel Suero, pactaron reunirse este s\u00e1bado para avanzar en las negociaciones que permitan firmar el acuerdo de aumento salarial. Lama inform\u00f3 que el encuentro se realizar\u00e1 en el Palacio Nacional con\u2026","rel":"","context":"En \u00abNACIONALES\u00bb","block_context":{"text":"NACIONALES","link":"https:\/\/lasprimeras.com.do\/index.php\/category\/nacionales\/"},"img":{"alt_text":"Waldo Ariel Suero, tras retirarse de la Sede del Servicio Nacional de Salud.","src":"https:\/\/i0.wp.com\/lasprimeras.com.do\/wp-content\/uploads\/2025\/01\/Waldo-Ariel-Suero-tras-retirarse-de-la-Sede-del-Servicio-Nacional-de-Salud.jpg?resize=350%2C200&ssl=1","width":350,"height":200,"srcset":"https:\/\/i0.wp.com\/lasprimeras.com.do\/wp-content\/uploads\/2025\/01\/Waldo-Ariel-Suero-tras-retirarse-de-la-Sede-del-Servicio-Nacional-de-Salud.jpg?resize=350%2C200&ssl=1 1x, https:\/\/i0.wp.com\/lasprimeras.com.do\/wp-content\/uploads\/2025\/01\/Waldo-Ariel-Suero-tras-retirarse-de-la-Sede-del-Servicio-Nacional-de-Salud.jpg?resize=525%2C300&ssl=1 1.5x, https:\/\/i0.wp.com\/lasprimeras.com.do\/wp-content\/uploads\/2025\/01\/Waldo-Ariel-Suero-tras-retirarse-de-la-Sede-del-Servicio-Nacional-de-Salud.jpg?resize=700%2C400&ssl=1 2x"},"classes":[]},{"id":92328,"url":"https:\/\/lasprimeras.com.do\/index.php\/2025\/01\/02\/cmd-se-declara-en-huelga-de-hambre\/","url_meta":{"origin":102643,"position":5},"title":"CMD se declara en huelga de hambre","author":"Nelson Feliz","date":"2 de enero de 2025","format":false,"excerpt":"El presidente del Colegio M\u00e9dico Dominicano (CMD), doctor Waldo Ariel Suero y 13 miembros de la comisi\u00f3n de la junta directiva nacional ocuparon la direcci\u00f3n del Servicio Nacional de Salud (SNS) y declararse en huelga de hambre. Suero, expres\u00f3 que no van a salir de esta instituci\u00f3n hasta obtener una\u2026","rel":"","context":"En \u00abPORTADA\u00bb","block_context":{"text":"PORTADA","link":"https:\/\/lasprimeras.com.do\/index.php\/category\/portada\/"},"img":{"alt_text":"","src":"https:\/\/i0.wp.com\/lasprimeras.com.do\/wp-content\/uploads\/2025\/01\/medicos.jpg?resize=350%2C200&ssl=1","width":350,"height":200,"srcset":"https:\/\/i0.wp.com\/lasprimeras.com.do\/wp-content\/uploads\/2025\/01\/medicos.jpg?resize=350%2C200&ssl=1 1x, https:\/\/i0.wp.com\/lasprimeras.com.do\/wp-content\/uploads\/2025\/01\/medicos.jpg?resize=525%2C300&ssl=1 1.5x"},"classes":[]}],"jetpack_sharing_enabled":true,"_links":{"self":[{"href":"https:\/\/lasprimeras.com.do\/index.php\/wp-json\/wp\/v2\/posts\/102643","targetHints":{"allow":["GET"]}}],"collection":[{"href":"https:\/\/lasprimeras.com.do\/index.php\/wp-json\/wp\/v2\/posts"}],"about":[{"href":"https:\/\/lasprimeras.com.do\/index.php\/wp-json\/wp\/v2\/types\/post"}],"author":[{"embeddable":true,"href":"https:\/\/lasprimeras.com.do\/index.php\/wp-json\/wp\/v2\/users\/10"}],"replies":[{"embeddable":true,"href":"https:\/\/lasprimeras.com.do\/index.php\/wp-json\/wp\/v2\/comments?post=102643"}],"version-history":[{"count":1,"href":"https:\/\/lasprimeras.com.do\/index.php\/wp-json\/wp\/v2\/posts\/102643\/revisions"}],"predecessor-version":[{"id":102645,"href":"https:\/\/lasprimeras.com.do\/index.php\/wp-json\/wp\/v2\/posts\/102643\/revisions\/102645"}],"wp:featuredmedia":[{"embeddable":true,"href":"https:\/\/lasprimeras.com.do\/index.php\/wp-json\/wp\/v2\/media\/102644"}],"wp:attachment":[{"href":"https:\/\/lasprimeras.com.do\/index.php\/wp-json\/wp\/v2\/media?parent=102643"}],"wp:term":[{"taxonomy":"category","embeddable":true,"href":"https:\/\/lasprimeras.com.do\/index.php\/wp-json\/wp\/v2\/categories?post=102643"},{"taxonomy":"post_tag","embeddable":true,"href":"https:\/\/lasprimeras.com.do\/index.php\/wp-json\/wp\/v2\/tags?post=102643"}],"curies":[{"name":"wp","href":"https:\/\/api.w.org\/{rel}","templated":true}]}}