{"id":102769,"date":"2025-07-08T12:09:50","date_gmt":"2025-07-08T16:09:50","guid":{"rendered":"https:\/\/lasprimeras.com.do\/?p=102769"},"modified":"2025-07-08T12:09:51","modified_gmt":"2025-07-08T16:09:51","slug":"micm-y-citiworks-abren-convocatoria-para-500-cupos-en-cursos-gratuitos-de-habilidades-digitales","status":"publish","type":"post","link":"https:\/\/lasprimeras.com.do\/index.php\/2025\/07\/08\/micm-y-citiworks-abren-convocatoria-para-500-cupos-en-cursos-gratuitos-de-habilidades-digitales\/","title":{"rendered":"MICM y CitiWorks abren convocatoria para 500 cupos en cursos gratuitos de habilidades digitales"},"content":{"rendered":"\n<p>El Ministerio de Industria, Comercio y Mipymes (MICM), con el respaldo de Google Cloud, a trav\u00e9s de CityWorks, Partner de Google Cloud en Rep\u00fablica Dominicana y otros pa\u00edses de Latinoam\u00e9rica, lanz\u00f3 hoy una convocatoria nacional para acceder a 500 becas gratuitas en cursos virtuales especializados en habilidades digitales.<\/p>\n\n\n\n<p>Esta iniciativa forma parte del compromiso del Gobierno dominicano con la empleabilidad del talento joven y el fortalecimiento de la industria tecnol\u00f3gica del pa\u00eds.<\/p>\n\n\n\n<p>Los cursos est\u00e1n alojados en la plataforma Google Cloud Skills Boost, una herramienta de formaci\u00f3n de clase mundial con m\u00e1s de 400 laboratorios pr\u00e1cticos.<\/p>\n\n\n\n<p>Los participantes podr\u00e1n capacitarse en \u00e1reas como desarrollo de software, an\u00e1lisis de datos, ciberseguridad, ingenier\u00eda en machine learning,DevOps, entre otras disciplinas cr\u00edticas para el nuevo mercado laboral.<\/p>\n\n\n\n<p>&#8220;En el MICM entendemos que cerrar la brecha digital es clave para el desarrollo productivo del pa\u00eds. Por eso, abrimos esta oportunidad gratuita para que los j\u00f3venes dominicanos se preparen para los empleos de hoy&#8221;, expres\u00f3 el ministro Ito Bison\u00f3.<\/p>\n\n\n\n<p>Una vez seleccionados, los beneficiarios tendr\u00e1n un a\u00f1o para completar los cursos a su propio ritmo. Cada m\u00f3dulo completado otorga una credencial digital que certifica las habilidades adquiridas.<\/p>\n\n\n\n<p>&#8220;Se trata de un esfuerzo para construir una industria m\u00e1s competitiva y con mayor capital humano calificado&#8221;, agreg\u00f3 Bison\u00f3.<\/p>\n\n\n\n<p>Para CityWorks, Partner de Google Cloud en Rep\u00fablica Dominicana y otros pa\u00edses de Latinoam\u00e9rica, esta colaboraci\u00f3n representa una valiosa contribuci\u00f3n para continuar fortaleciendo el ecosistema digital de la regi\u00f3n.<\/p>\n\n\n\n<p>\u201cApoyar al MICM en esta iniciativa es coherente con nuestra misi\u00f3n de acercar tecnolog\u00edas de vanguardia a los dominicanos. Desde Google Cloud, buscamos que m\u00e1s j\u00f3venes accedan a herramientas de calidad global que potencien su empleabilidad y capacidad de innovaci\u00f3n\u201d, expres\u00f3 Emilio Melgen, CEO de CityWorks.<\/p>\n\n\n\n<p>Estas becas representan una oportunidad significativa para los participantes, quienes podr\u00e1n acceder sin costo a una plataforma de aprendizaje de clase mundial que impulsa el desarrollo de habilidades altamente demandadas en el mercado laboral actual.<\/p>\n\n\n\n<p>Para postularse, los interesados deben llenar el formulario en l\u00ednea: https:\/\/forms.gle\/MEEdkRLW1rMi1mP57 y esperar su correo de activaci\u00f3n por parte del sistema de Google Cloud. Toda la informaci\u00f3n estar\u00e1 disponible en las plataformas digitales del MICM.<\/p>\n","protected":false},"excerpt":{"rendered":"<p>El Ministerio de Industria, Comercio y Mipymes (MICM), con el respaldo de Google Cloud, a trav\u00e9s de CityWorks, Partner de Google Cloud en Rep\u00fablica Dominicana y otros pa\u00edses de Latinoam\u00e9rica,&hellip;<\/p>\n","protected":false},"author":2,"featured_media":102770,"comment_status":"open","ping_status":"open","sticky":false,"template":"","format":"standard","meta":{"content-type":"","jetpack_post_was_ever_published":false,"_jetpack_newsletter_access":"","_jetpack_dont_email_post_to_subs":false,"_jetpack_newsletter_tier_id":0,"_jetpack_memberships_contains_paywalled_content":false,"_jetpack_memberships_contains_paid_content":false,"footnotes":""},"categories":[35],"tags":[21356,21354,952,21355,83,9992,10381],"class_list":["post-102769","post","type-post","status-publish","format-standard","has-post-thumbnail","hentry","category-nacionales","tag-500-cupos","tag-citiworks","tag-convocatoria","tag-cursos-gratuitos","tag-digitales","tag-habilidades","tag-micm"],"jetpack_featured_media_url":"https:\/\/lasprimeras.com.do\/wp-content\/uploads\/2025\/07\/MICM.jpg","jetpack-related-posts":[{"id":122626,"url":"https:\/\/lasprimeras.com.do\/index.php\/2026\/02\/19\/google-construira-un-puerto-internacional-de-intercambio-digital-en-rd\/","url_meta":{"origin":102769,"position":0},"title":"Google construir\u00e1 un puerto internacional de intercambio digital en RD","author":"Nelson Feliz","date":"19 de febrero de 2026","format":false,"excerpt":"El presidente Luis Abinader firm\u00f3 este jueves el decreto 113-26 mediante el cual se declara de alta prioridad nacional la construcci\u00f3n y establecimiento de puertos de intercambio digital en la Rep\u00fablica Dominicana, as\u00ed como la instalaci\u00f3n, despliegue y operaci\u00f3n de sistemas de cables submarinos en procura de reforzar la infraestructura\u2026","rel":"","context":"En \u00abPORTADA\u00bb","block_context":{"text":"PORTADA","link":"https:\/\/lasprimeras.com.do\/index.php\/category\/portada\/"},"img":{"alt_text":"","src":"https:\/\/i0.wp.com\/lasprimeras.com.do\/wp-content\/uploads\/2026\/02\/Luis-Abinader-1-2.jpg?resize=350%2C200&ssl=1","width":350,"height":200,"srcset":"https:\/\/i0.wp.com\/lasprimeras.com.do\/wp-content\/uploads\/2026\/02\/Luis-Abinader-1-2.jpg?resize=350%2C200&ssl=1 1x, https:\/\/i0.wp.com\/lasprimeras.com.do\/wp-content\/uploads\/2026\/02\/Luis-Abinader-1-2.jpg?resize=525%2C300&ssl=1 1.5x, https:\/\/i0.wp.com\/lasprimeras.com.do\/wp-content\/uploads\/2026\/02\/Luis-Abinader-1-2.jpg?resize=700%2C400&ssl=1 2x"},"classes":[]},{"id":117359,"url":"https:\/\/lasprimeras.com.do\/index.php\/2025\/12\/10\/fondo-weide-apoyara-a-34-empresas-exportadoras-dominicanas-a-insertarse-en-la-economia-digital\/","url_meta":{"origin":102769,"position":1},"title":"Fondo WEIDE apoyar\u00e1 a 34 empresas exportadoras dominicanas a insertarse en la econom\u00eda digital","author":"Nelson Feliz","date":"10 de diciembre de 2025","format":false,"excerpt":"El proyecto se ejecuta en conjunto con ProDominicana y busca incrementar la participaci\u00f3n femenina en el comercio internacional. La Secretar\u00eda de la Organizaci\u00f3n Mundial del Comercio (OMC) representada por Johanna Hill, Directora General Adjunta; y el Centro de Comercio Internacional (ITC); representado por Pamela Coke-Hamilton, Directora Ejecutiva, en alianza con\u2026","rel":"","context":"En \u00abECONOM\u00cdA\u00bb","block_context":{"text":"ECONOM\u00cdA","link":"https:\/\/lasprimeras.com.do\/index.php\/category\/economia\/"},"img":{"alt_text":"empresas exportadoras dominicanas","src":"https:\/\/i0.wp.com\/lasprimeras.com.do\/wp-content\/uploads\/2025\/12\/empresas-exportadoras-dominicanas.jpg?resize=350%2C200&ssl=1","width":350,"height":200,"srcset":"https:\/\/i0.wp.com\/lasprimeras.com.do\/wp-content\/uploads\/2025\/12\/empresas-exportadoras-dominicanas.jpg?resize=350%2C200&ssl=1 1x, https:\/\/i0.wp.com\/lasprimeras.com.do\/wp-content\/uploads\/2025\/12\/empresas-exportadoras-dominicanas.jpg?resize=525%2C300&ssl=1 1.5x, https:\/\/i0.wp.com\/lasprimeras.com.do\/wp-content\/uploads\/2025\/12\/empresas-exportadoras-dominicanas.jpg?resize=700%2C400&ssl=1 2x"},"classes":[]},{"id":106926,"url":"https:\/\/lasprimeras.com.do\/index.php\/2025\/08\/18\/indotel-abre-30-mil-becas-gratuitas-para-impulsar-futuro-tecnologico-del-pais\/","url_meta":{"origin":102769,"position":2},"title":"INDOTEL abre 30 mil becas gratuitas para impulsar futuro tecnol\u00f3gico del pa\u00eds","author":"Nelson Feliz","date":"18 de agosto de 2025","format":false,"excerpt":"Este proyecto representa una oportunidad para trasformar el futuro digital de miles de personas en el pa\u00eds El Instituto Dominicano de las Telecomunicaciones (INDOTEL) encabez\u00f3 el acto de lanzamiento y entrega en Santiago de 30 mil becas a trav\u00e9s del programa \"Talento Digital RD\", una iniciativa que ofrece formaci\u00f3n gratuita\u2026","rel":"","context":"En \u00abNACIONALES\u00bb","block_context":{"text":"NACIONALES","link":"https:\/\/lasprimeras.com.do\/index.php\/category\/nacionales\/"},"img":{"alt_text":"","src":"https:\/\/i0.wp.com\/lasprimeras.com.do\/wp-content\/uploads\/2025\/08\/INDOTEL.jpg?resize=350%2C200&ssl=1","width":350,"height":200,"srcset":"https:\/\/i0.wp.com\/lasprimeras.com.do\/wp-content\/uploads\/2025\/08\/INDOTEL.jpg?resize=350%2C200&ssl=1 1x, https:\/\/i0.wp.com\/lasprimeras.com.do\/wp-content\/uploads\/2025\/08\/INDOTEL.jpg?resize=525%2C300&ssl=1 1.5x, https:\/\/i0.wp.com\/lasprimeras.com.do\/wp-content\/uploads\/2025\/08\/INDOTEL.jpg?resize=700%2C400&ssl=1 2x"},"classes":[]},{"id":49879,"url":"https:\/\/lasprimeras.com.do\/index.php\/2023\/05\/15\/ja-americas-y-bid-lab-presentan-programa-mujer-digital\/","url_meta":{"origin":102769,"position":3},"title":"Ja Americas y BID-Lab presentan programa \u201cMujer Digital\u201d","author":"prenxa100","date":"15 de mayo de 2023","format":false,"excerpt":"Ofrecen 7500 becas para mujeres a trav\u00e9s de cursos en tecnolog\u00eda Santo Domingo.- Ya se encuentran abiertas las inscripciones para el programa \u201cMujer Digital\u201d, co \u2013 creado por Junior Achievement Am\u00e9ricas y el laboratorio de innovaci\u00f3n del Grupo BID (BID-Lab) el cual ofrecer\u00e1 capacitaci\u00f3n t\u00e9cnica gratuita a mujeres j\u00f3venes en\u2026","rel":"","context":"En \u00abECONOM\u00cdA\u00bb","block_context":{"text":"ECONOM\u00cdA","link":"https:\/\/lasprimeras.com.do\/index.php\/category\/economia\/"},"img":{"alt_text":"","src":"","width":0,"height":0},"classes":[]},{"id":49237,"url":"https:\/\/lasprimeras.com.do\/index.php\/2023\/05\/09\/gobierno-otorga-prestamos-a-emprendedores-y-los-acompana-a-hacer-crecer-sus-negocios\/","url_meta":{"origin":102769,"position":4},"title":"Gobierno otorga pr\u00e9stamos a emprendedores y los acompa\u00f1a a hacer crecer sus negocios","author":"prenxa100","date":"9 de mayo de 2023","format":false,"excerpt":"Ministro de Industria y Comercio, V\u00edctor Bison\u00f3 asegura emprendimiento es el motor para crecimiento econ\u00f3mico y el desarrollo social RD. Por Wilson Perez SANTO DOMINGO. -\u00a0El ministro de Industria, Comercio y Mipymes (MICM), V\u00edctor -Ito- Bison\u00f3, como parte de la historia de cambio para impulsar el desarrollo de sectores productivos,\u2026","rel":"","context":"En \u00abECONOM\u00cdA\u00bb","block_context":{"text":"ECONOM\u00cdA","link":"https:\/\/lasprimeras.com.do\/index.php\/category\/economia\/"},"img":{"alt_text":"","src":"","width":0,"height":0},"classes":[]},{"id":125848,"url":"https:\/\/lasprimeras.com.do\/index.php\/2026\/03\/26\/anje-y-micm-impulsaran-competitividad-de-mipymes-jovenes\/","url_meta":{"origin":102769,"position":5},"title":"ANJE y MICM impulsar\u00e1n competitividad de MIPYMES j\u00f3venes","author":"Nelson Feliz","date":"26 de marzo de 2026","format":false,"excerpt":"La Asociaci\u00f3n Nacional de J\u00f3venes Empresarios (ANJE) contin\u00faa consolidando su rol como articulador del ecosistema empresarial joven, tras establecer una mesa de trabajo de alto nivel junto al Ministerio de Industria, Comercio y Mipymes (MICM), enfocada a fortalecer la competitividad y sostenibilidad de las MIPYMES lideradas por j\u00f3venes en la\u2026","rel":"","context":"En \u00abECONOM\u00cdA\u00bb","block_context":{"text":"ECONOM\u00cdA","link":"https:\/\/lasprimeras.com.do\/index.php\/category\/economia\/"},"img":{"alt_text":"He generado una imagen conceptual que muestra las fachadas de ANJE y el MICM en un estilo arquitect\u00f3nico moderno, destacando sus identidades institucionales en el contexto de Santo Domingo.","src":"https:\/\/i0.wp.com\/lasprimeras.com.do\/wp-content\/uploads\/2026\/03\/alianza-1.jpg?resize=350%2C200&ssl=1","width":350,"height":200,"srcset":"https:\/\/i0.wp.com\/lasprimeras.com.do\/wp-content\/uploads\/2026\/03\/alianza-1.jpg?resize=350%2C200&ssl=1 1x, https:\/\/i0.wp.com\/lasprimeras.com.do\/wp-content\/uploads\/2026\/03\/alianza-1.jpg?resize=525%2C300&ssl=1 1.5x, https:\/\/i0.wp.com\/lasprimeras.com.do\/wp-content\/uploads\/2026\/03\/alianza-1.jpg?resize=700%2C400&ssl=1 2x"},"classes":[]}],"jetpack_sharing_enabled":true,"_links":{"self":[{"href":"https:\/\/lasprimeras.com.do\/index.php\/wp-json\/wp\/v2\/posts\/102769","targetHints":{"allow":["GET"]}}],"collection":[{"href":"https:\/\/lasprimeras.com.do\/index.php\/wp-json\/wp\/v2\/posts"}],"about":[{"href":"https:\/\/lasprimeras.com.do\/index.php\/wp-json\/wp\/v2\/types\/post"}],"author":[{"embeddable":true,"href":"https:\/\/lasprimeras.com.do\/index.php\/wp-json\/wp\/v2\/users\/2"}],"replies":[{"embeddable":true,"href":"https:\/\/lasprimeras.com.do\/index.php\/wp-json\/wp\/v2\/comments?post=102769"}],"version-history":[{"count":1,"href":"https:\/\/lasprimeras.com.do\/index.php\/wp-json\/wp\/v2\/posts\/102769\/revisions"}],"predecessor-version":[{"id":102771,"href":"https:\/\/lasprimeras.com.do\/index.php\/wp-json\/wp\/v2\/posts\/102769\/revisions\/102771"}],"wp:featuredmedia":[{"embeddable":true,"href":"https:\/\/lasprimeras.com.do\/index.php\/wp-json\/wp\/v2\/media\/102770"}],"wp:attachment":[{"href":"https:\/\/lasprimeras.com.do\/index.php\/wp-json\/wp\/v2\/media?parent=102769"}],"wp:term":[{"taxonomy":"category","embeddable":true,"href":"https:\/\/lasprimeras.com.do\/index.php\/wp-json\/wp\/v2\/categories?post=102769"},{"taxonomy":"post_tag","embeddable":true,"href":"https:\/\/lasprimeras.com.do\/index.php\/wp-json\/wp\/v2\/tags?post=102769"}],"curies":[{"name":"wp","href":"https:\/\/api.w.org\/{rel}","templated":true}]}}