{"id":102772,"date":"2025-07-08T12:20:20","date_gmt":"2025-07-08T16:20:20","guid":{"rendered":"https:\/\/lasprimeras.com.do\/?p=102772"},"modified":"2025-07-08T12:20:21","modified_gmt":"2025-07-08T16:20:21","slug":"abinader-inaugurara-varias-obras-en-montecristi","status":"publish","type":"post","link":"https:\/\/lasprimeras.com.do\/index.php\/2025\/07\/08\/abinader-inaugurara-varias-obras-en-montecristi\/","title":{"rendered":"Abinader inaugurar\u00e1 varias obras en Montecristi"},"content":{"rendered":"\n<p><strong>Tambi\u00e9n encabezar\u00e1 el acto oficial de apertura de los Juegos Fronterizos y sostendr\u00e1 encuentros con empresarios y directivos de la C\u00e1mara de Comercio y Producci\u00f3n de la provincia.<\/strong><\/p>\n\n\n\n<p>El presidente Luis Abinader se trasladar\u00e1 este mi\u00e9rcoles a Montecristi, donde encabezar\u00e1 una jornada de inauguraciones de obras clave que transformar\u00e1n la vida de miles de habitantes.<\/p>\n\n\n\n<p>Las obras a inaugurar por el mandatario incluyen una nueva sucursal del Banco de Reservas, una l\u00ednea de transmisi\u00f3n el\u00e9ctrica de 345 kV, el muelle Ca\u00f1o de Yuti, una estancia infantil y un centro educativo.<\/p>\n\n\n\n<p>El gobernante tambi\u00e9n encabezar\u00e1 el acto oficial de apertura de los Juegos Fronterizos y sostendr\u00e1 encuentros con empresarios y directivos de la C\u00e1mara de Comercio y Producci\u00f3n de la provincia.<\/p>\n\n\n\n<p>Estos proyectos no solo fortalecer\u00e1n el desarrollo social, econ\u00f3mico y energ\u00e9tico de la provincia, sino que tambi\u00e9n generar\u00e1n nuevas oportunidades, mejorar\u00e1n la calidad de vida y promover\u00e1n el bienestar de las comunidades m\u00e1s vulnerables.<\/p>\n\n\n\n<p>Manzanillo<\/p>\n\n\n\n<p>La agenda del presidente Abinader iniciar\u00e1 a las 11:00 de la ma\u00f1ana en el municipio de Manzanillo con la inauguraci\u00f3n de una nueva sucursal del Banco de Reservas.<\/p>\n\n\n\n<p>Posteriormente el gobernante participar\u00e1 en la puesta en marcha de la nueva L\u00ednea de Transmisi\u00f3n de 345 kilovatios, a cargo de la empresa Energ\u00eda 2000. Luego sostendr\u00e1 un almuerzo privado con empresarios.<\/p>\n\n\n\n<p>Montecristi<\/p>\n\n\n\n<p>M\u00e1s tarde, en Montecristi, el jefe de Estado inaugurar\u00e1 el Centro Educativo Ana Mercedes Castro para seguir garantizando una educaci\u00f3n p\u00fablica de calidad.<\/p>\n\n\n\n<p>Tambi\u00e9n, el gobernante sostendr\u00e1 un encuentro con los directivos de la C\u00e1mara de Comercio y Producci\u00f3n en la sede de la Gobernaci\u00f3n Provincial.<\/p>\n\n\n\n<p>El recorrido del presidente Abinader continuar\u00e1 con la inauguraci\u00f3n del Muelle Ca\u00f1o de Yuti, un proyecto impulsado por la Autoridad Portuaria Dominicana (APORDOM).<\/p>\n\n\n\n<p>Asimismo, el mandatario encabezar\u00e1 el acto oficial de apertura de los Juegos Fronterizos, celebrado en el polideportivo local, como parte de su agenda en la zona.<\/p>\n\n\n\n<p>La jornada del presidente Abinader en esta provincia concluir\u00e1 con la inauguraci\u00f3n de la Estancia Infantil CAIPI C Andaluc\u00eda.<\/p>\n","protected":false},"excerpt":{"rendered":"<p>Tambi\u00e9n encabezar\u00e1 el acto oficial de apertura de los Juegos Fronterizos y sostendr\u00e1 encuentros con empresarios y directivos de la C\u00e1mara de Comercio y Producci\u00f3n de la provincia. El presidente&hellip;<\/p>\n","protected":false},"author":2,"featured_media":102773,"comment_status":"open","ping_status":"open","sticky":false,"template":"","format":"standard","meta":{"content-type":"","jetpack_post_was_ever_published":false,"_jetpack_newsletter_access":"","_jetpack_dont_email_post_to_subs":false,"_jetpack_newsletter_tier_id":0,"_jetpack_memberships_contains_paywalled_content":false,"_jetpack_memberships_contains_paid_content":false,"footnotes":""},"categories":[35,25],"tags":[6265,853,17081,21357,67,2022,7226,5686],"class_list":["post-102772","post","type-post","status-publish","format-standard","has-post-thumbnail","hentry","category-nacionales","category-portada","tag-banco-de-reservas","tag-escuela","tag-estancia-infantil","tag-linea-de-transmision-electrica","tag-luis-abinader","tag-montecristi","tag-muelle","tag-sucursal"],"jetpack_featured_media_url":"https:\/\/lasprimeras.com.do\/wp-content\/uploads\/2025\/07\/Luis-Abinader-1-2.jpg","jetpack-related-posts":[{"id":102931,"url":"https:\/\/lasprimeras.com.do\/index.php\/2025\/07\/09\/abinader-inaugura-linea-de-transmision-de-345-kv-y-una-subestacion-electrica-en-manzanillo\/","url_meta":{"origin":102772,"position":0},"title":"Abinader inaugura l\u00ednea de transmisi\u00f3n de 345 kV y una subestaci\u00f3n el\u00e9ctrica en Manzanillo","author":"Nelson Feliz","date":"9 de julio de 2025","format":false,"excerpt":"Tambi\u00e9n inaugura una nueva sucursal del Banco de Reservas; visita Puerto de Manzanillo y almuerza con empresarios. El presidente Luis Abinader inaugur\u00f3 este mi\u00e9rcoles la obra el\u00e9ctrica m\u00e1s trascendental en la historia del pa\u00eds, una l\u00ednea de transmisi\u00f3n de 345 kV con 128 kil\u00f3metros de recorrido que conecta los proyectos\u2026","rel":"","context":"En \u00abECONOM\u00cdA\u00bb","block_context":{"text":"ECONOM\u00cdA","link":"https:\/\/lasprimeras.com.do\/index.php\/category\/economia\/"},"img":{"alt_text":"Luis Abinader","src":"https:\/\/i0.wp.com\/lasprimeras.com.do\/wp-content\/uploads\/2025\/07\/Luis-Abinader-2-2.jpg?resize=350%2C200&ssl=1","width":350,"height":200,"srcset":"https:\/\/i0.wp.com\/lasprimeras.com.do\/wp-content\/uploads\/2025\/07\/Luis-Abinader-2-2.jpg?resize=350%2C200&ssl=1 1x, https:\/\/i0.wp.com\/lasprimeras.com.do\/wp-content\/uploads\/2025\/07\/Luis-Abinader-2-2.jpg?resize=525%2C300&ssl=1 1.5x, https:\/\/i0.wp.com\/lasprimeras.com.do\/wp-content\/uploads\/2025\/07\/Luis-Abinader-2-2.jpg?resize=700%2C400&ssl=1 2x"},"classes":[]},{"id":102939,"url":"https:\/\/lasprimeras.com.do\/index.php\/2025\/07\/10\/presidente-abinader-inaugura-muelle-en-cayo-yuti-y-escuela-basica-en-montecristi\/","url_meta":{"origin":102772,"position":1},"title":"Presidente Abinader inaugura muelle en Cayo Yuti y escuela b\u00e1sica en Montecristi","author":"Nelson Feliz","date":"10 de julio de 2025","format":false,"excerpt":"De igual modo, el mandatario inaugur\u00f3 los Juegos Fronterizos 2025; se reuni\u00f3 con los directivos de la C\u00e1mara de Comercio y Producci\u00f3n y ladirectora del INAIPI deja en funcionamiento un CAIPI. El presidente Luis Abinader dej\u00f3 inaugurado este mi\u00e9rcoles en horas de la tarde el muelle tur\u00edstico y pesquero de\u2026","rel":"","context":"En \u00abNACIONALES\u00bb","block_context":{"text":"NACIONALES","link":"https:\/\/lasprimeras.com.do\/index.php\/category\/nacionales\/"},"img":{"alt_text":"","src":"https:\/\/i0.wp.com\/lasprimeras.com.do\/wp-content\/uploads\/2025\/07\/Luis-Abinader-4.jpg?resize=350%2C200&ssl=1","width":350,"height":200,"srcset":"https:\/\/i0.wp.com\/lasprimeras.com.do\/wp-content\/uploads\/2025\/07\/Luis-Abinader-4.jpg?resize=350%2C200&ssl=1 1x, https:\/\/i0.wp.com\/lasprimeras.com.do\/wp-content\/uploads\/2025\/07\/Luis-Abinader-4.jpg?resize=525%2C300&ssl=1 1.5x, https:\/\/i0.wp.com\/lasprimeras.com.do\/wp-content\/uploads\/2025\/07\/Luis-Abinader-4.jpg?resize=700%2C400&ssl=1 2x"},"classes":[]},{"id":50299,"url":"https:\/\/lasprimeras.com.do\/index.php\/2023\/05\/18\/abinader-inaugurara-obras-en-cuatro-provincias-este-fin-de-semana\/","url_meta":{"origin":102772,"position":2},"title":"Abinader inaugurar\u00e1 obras en cuatro provincias este fin de semana","author":"prenxa100","date":"18 de mayo de 2023","format":false,"excerpt":"Por Wilson Perez Santo Domingo. - El presidente Luis Abinader agotar\u00e1 una agenda de trabajo en cuatro provincias desde este viernes 19 hasta el domingo 21 donde tendr\u00e1 cinco inauguraciones de obras viales, el\u00e9ctricas, educativas y de salud; tambi\u00e9n, entregar\u00e1 apartamentos, y almorzar\u00e1 con diversos sectores. La agenda del mandatario\u2026","rel":"","context":"En \u00abNACIONALES\u00bb","block_context":{"text":"NACIONALES","link":"https:\/\/lasprimeras.com.do\/index.php\/category\/nacionales\/"},"img":{"alt_text":"","src":"","width":0,"height":0},"classes":[]},{"id":56712,"url":"https:\/\/lasprimeras.com.do\/index.php\/2023\/08\/03\/gobierno-luis-abinader-inaugurara-18-obras-este-fin-de-semana\/","url_meta":{"origin":102772,"position":3},"title":"Gobierno Luis Abinader inaugurar\u00e1 18 obras este fin de semana","author":"Nelson Feliz","date":"3 de agosto de 2023","format":false,"excerpt":"Mandatario estar\u00e1 en provincias Valverde, Montecristi y Santo Domingo y la vicepresidenta Raquel Pe\u00f1a en Santiago.\u00a0Por Wilson Perez Con un total de 18 inauguraciones, el presidente Luis Abinader y la vicepresidenta Raquel Pe\u00f1a agotar\u00e1n una amplia agenda de trabajo entre este viernes 4 y domingo 6 de agosto en diversos\u2026","rel":"","context":"En \u00abNACIONALES\u00bb","block_context":{"text":"NACIONALES","link":"https:\/\/lasprimeras.com.do\/index.php\/category\/nacionales\/"},"img":{"alt_text":"Luis Abinader","src":"https:\/\/i0.wp.com\/lasprimeras.com.do\/wp-content\/uploads\/2023\/08\/Luis-Abinader-2.jpg?resize=350%2C200&ssl=1","width":350,"height":200,"srcset":"https:\/\/i0.wp.com\/lasprimeras.com.do\/wp-content\/uploads\/2023\/08\/Luis-Abinader-2.jpg?resize=350%2C200&ssl=1 1x, https:\/\/i0.wp.com\/lasprimeras.com.do\/wp-content\/uploads\/2023\/08\/Luis-Abinader-2.jpg?resize=525%2C300&ssl=1 1.5x, https:\/\/i0.wp.com\/lasprimeras.com.do\/wp-content\/uploads\/2023\/08\/Luis-Abinader-2.jpg?resize=700%2C400&ssl=1 2x"},"classes":[]},{"id":109403,"url":"https:\/\/lasprimeras.com.do\/index.php\/2025\/09\/17\/abinader-supervisara-este-viernes-planta-electrica-energia-2000-en-manzanillo-y-el-muro-fronterizo-en-dajabon\/","url_meta":{"origin":102772,"position":4},"title":"Abinader supervisar\u00e1 este viernes planta el\u00e9ctrica Energ\u00eda 2000 en Manzanillo y el muro fronterizo en Dajab\u00f3n","author":"Nelson Feliz","date":"17 de septiembre de 2025","format":false,"excerpt":"Tambi\u00e9n inaugurar\u00e1 carretera de acceso a Aguas Blancas, en Constanza El presidente Luis Abinader realizar\u00e1 este viernes una visita a la planta el\u00e9ctrica Energ\u00eda 2000, ubicada en Manzanillo, asimismo, supervisar\u00e1 la continuidad de los trabajos de construcci\u00f3n del muro fronterizo en la provincia Dajab\u00f3n. Abinader constatar\u00e1 los avances de esta\u2026","rel":"","context":"En \u00abNACIONALES\u00bb","block_context":{"text":"NACIONALES","link":"https:\/\/lasprimeras.com.do\/index.php\/category\/nacionales\/"},"img":{"alt_text":"","src":"https:\/\/i0.wp.com\/lasprimeras.com.do\/wp-content\/uploads\/2025\/07\/Luis-Abinader-4-1.jpg?resize=350%2C200&ssl=1","width":350,"height":200,"srcset":"https:\/\/i0.wp.com\/lasprimeras.com.do\/wp-content\/uploads\/2025\/07\/Luis-Abinader-4-1.jpg?resize=350%2C200&ssl=1 1x, https:\/\/i0.wp.com\/lasprimeras.com.do\/wp-content\/uploads\/2025\/07\/Luis-Abinader-4-1.jpg?resize=525%2C300&ssl=1 1.5x, https:\/\/i0.wp.com\/lasprimeras.com.do\/wp-content\/uploads\/2025\/07\/Luis-Abinader-4-1.jpg?resize=700%2C400&ssl=1 2x"},"classes":[]},{"id":104536,"url":"https:\/\/lasprimeras.com.do\/index.php\/2025\/07\/24\/abinader-entregara-obras-hidraulicas-deportivas-energeticas-y-sociales-en-la-provincia-azua-este-sabado\/","url_meta":{"origin":102772,"position":5},"title":"Abinader entregar\u00e1 obras hidr\u00e1ulicas, deportivas, energ\u00e9ticas y sociales en la provincia Azua este s\u00e1bado","author":"Nelson Feliz","date":"24 de julio de 2025","format":false,"excerpt":"Este viernes el mandatario encabezar\u00e1 \"El Gobierno Contigo\", en el municipio de Guerra. El presidente Luis Abinader agotar\u00e1 una agenda de trabajo este s\u00e1bado en la provincia de Azua , donde dejar\u00e1 inauguradas importantes obras de infraestructuras, deportivas, hidr\u00e1ulica, y energ\u00e9tica, adem\u00e1s de encabezar encuentros con j\u00f3venes estudiantes y una\u2026","rel":"","context":"En \u00abNACIONALES\u00bb","block_context":{"text":"NACIONALES","link":"https:\/\/lasprimeras.com.do\/index.php\/category\/nacionales\/"},"img":{"alt_text":"","src":"https:\/\/i0.wp.com\/lasprimeras.com.do\/wp-content\/uploads\/2025\/07\/Luis-Abinader-2-1.jpg?resize=350%2C200&ssl=1","width":350,"height":200,"srcset":"https:\/\/i0.wp.com\/lasprimeras.com.do\/wp-content\/uploads\/2025\/07\/Luis-Abinader-2-1.jpg?resize=350%2C200&ssl=1 1x, https:\/\/i0.wp.com\/lasprimeras.com.do\/wp-content\/uploads\/2025\/07\/Luis-Abinader-2-1.jpg?resize=525%2C300&ssl=1 1.5x, https:\/\/i0.wp.com\/lasprimeras.com.do\/wp-content\/uploads\/2025\/07\/Luis-Abinader-2-1.jpg?resize=700%2C400&ssl=1 2x"},"classes":[]}],"jetpack_sharing_enabled":true,"_links":{"self":[{"href":"https:\/\/lasprimeras.com.do\/index.php\/wp-json\/wp\/v2\/posts\/102772","targetHints":{"allow":["GET"]}}],"collection":[{"href":"https:\/\/lasprimeras.com.do\/index.php\/wp-json\/wp\/v2\/posts"}],"about":[{"href":"https:\/\/lasprimeras.com.do\/index.php\/wp-json\/wp\/v2\/types\/post"}],"author":[{"embeddable":true,"href":"https:\/\/lasprimeras.com.do\/index.php\/wp-json\/wp\/v2\/users\/2"}],"replies":[{"embeddable":true,"href":"https:\/\/lasprimeras.com.do\/index.php\/wp-json\/wp\/v2\/comments?post=102772"}],"version-history":[{"count":1,"href":"https:\/\/lasprimeras.com.do\/index.php\/wp-json\/wp\/v2\/posts\/102772\/revisions"}],"predecessor-version":[{"id":102774,"href":"https:\/\/lasprimeras.com.do\/index.php\/wp-json\/wp\/v2\/posts\/102772\/revisions\/102774"}],"wp:featuredmedia":[{"embeddable":true,"href":"https:\/\/lasprimeras.com.do\/index.php\/wp-json\/wp\/v2\/media\/102773"}],"wp:attachment":[{"href":"https:\/\/lasprimeras.com.do\/index.php\/wp-json\/wp\/v2\/media?parent=102772"}],"wp:term":[{"taxonomy":"category","embeddable":true,"href":"https:\/\/lasprimeras.com.do\/index.php\/wp-json\/wp\/v2\/categories?post=102772"},{"taxonomy":"post_tag","embeddable":true,"href":"https:\/\/lasprimeras.com.do\/index.php\/wp-json\/wp\/v2\/tags?post=102772"}],"curies":[{"name":"wp","href":"https:\/\/api.w.org\/{rel}","templated":true}]}}