{"id":102775,"date":"2025-07-08T12:33:37","date_gmt":"2025-07-08T16:33:37","guid":{"rendered":"https:\/\/lasprimeras.com.do\/?p=102775"},"modified":"2025-07-08T12:33:38","modified_gmt":"2025-07-08T16:33:38","slug":"las-propuestas-del-pld-para-solucionar-crisis-del-senasa","status":"publish","type":"post","link":"https:\/\/lasprimeras.com.do\/index.php\/2025\/07\/08\/las-propuestas-del-pld-para-solucionar-crisis-del-senasa\/","title":{"rendered":"Las propuestas del PLD para solucionar crisis del SENASA"},"content":{"rendered":"\n<p><strong>Es preocupante el progresivo deterioro del Seguro Nacional de Salud (SeNaSa).<\/strong><\/p>\n\n\n\n<p>El Partido de la Liberaci\u00f3n Dominicana (PLD) manifest\u00f3 su profunda preocupaci\u00f3n por el progresivo deterioro del Seguro Nacional de Salud (SeNaSa), entidad que por m\u00e1s de dos d\u00e9cadas fue el principal garante del aseguramiento p\u00fablico en salud y un modelo de eficiencia, cobertura, calidad y compromiso social en la Rep\u00fablica Dominicana.<\/p>\n\n\n\n<p>La preocupaci\u00f3n fue externada por el PLD en rueda de prensa realizada este martes en la Casa Nacional Reinaldo Pared P\u00e9rez, en la que fungi\u00f3 de vocero Winston Santos, titular de la secretar\u00eda, acompa\u00f1ado de Seguridad Social del PLD en representaci\u00f3n del Secretariado de Pol\u00edticas P\u00fablicas.<\/p>\n\n\n\n<p>Zoraima Cuello, vicepresidenta del PLD, encabez\u00f3 la rueda de prensa con Winston Santos como vocero de la misma y la presencia de Rafael P\u00e9rez Modesto, Baldomero Romero, de la Secretar\u00eda de Seguridad Social del PLD y los ex directores de SeNaSa, Altagracia Guzm\u00e1n Marcelino, primera directora de la aseguradora, Chanel Rosa Chupany y Mercedes Rodr\u00edguez.<\/p>\n\n\n\n<p>Santos rese\u00f1\u00f3 que, a trav\u00e9s del R\u00e9gimen Subsidiado, SeNaSa ampli\u00f3 la cobertura sanitaria y protegi\u00f3 derechos sociales b\u00e1sicos para millones de dominicanos en condiciones de vulnerabilidad y, sin embargo, el estado actual de la instituci\u00f3n presenta signos alarmantes de debilitamiento estructural, financiero y operativo que comprometen su misi\u00f3n y sostenibilidad.<\/p>\n\n\n\n<p>Record\u00f3 que entre 2020 y 2024, las reservas t\u00e9cnicas, que son el instrumento esencial para garantizar la estabilidad financiera, se redujeron en m\u00e1s de RD$1,600 millones, mientras el d\u00e9ficit de liquidez frente a obligaciones acumuladas super\u00f3 los RD$3,785 millones al cierre de 2024.<\/p>\n\n\n\n<p>Agreg\u00f3 que, para enfrentar este desequilibrio, el gobierno recurri\u00f3 a una transferencia extraordinaria del Estado superior a los RD$2,100 millones, lo que evidencia la falta de planificaci\u00f3n y una gesti\u00f3n deficiente del aseguramiento p\u00fablico.<\/p>\n\n\n\n<p>\u201cEn 2025, esta situaci\u00f3n se ha agravado. Miles de afiliados denuncian retrasos injustificados, trabas burocr\u00e1ticas y dificultades para acceder a medicamentos y servicios m\u00e9dicos. La imposici\u00f3n de un nuevo esquema de validaci\u00f3n presencial ha generado largas filas, colapsos en el Call center, maltrato en oficinas y caos en farmacias, afectando especialmente a personas envejecientes y con condiciones de salud limitantes\u201d, refiri\u00f3.<\/p>\n\n\n\n<p>El ex ministro de Trabajo dijo que los m\u00e9dicos, cl\u00ednicas y laboratorios tambi\u00e9n sufren las consecuencias del colapso financiero y se reportan retrasos en los pagos que superan los seis meses y una deuda acumulada de m\u00e1s de RD$3,000 millones en el R\u00e9gimen Subsidiado.<\/p>\n\n\n\n<p>\u201cA esto se suman glosas injustificadas, auditor\u00edas interminables y t\u00e1cticas dilatorias que lesionan los derechos de los prestadores de servicios y, en \u00faltima instancia, de los propios pacientes\u201d.<\/p>\n\n\n\n<p>Expres\u00f3 que este panorama contrasta de manera dram\u00e1tica con el desempe\u00f1o de SeNaSa antes del a\u00f1o 2020. En 2019, la instituci\u00f3n contaba con m\u00e1s de 4.9 millones de afiliados, proces\u00f3 m\u00e1s de 60 millones de atenciones m\u00e9dicas y autoriz\u00f3 servicios por m\u00e1s de RD$22,900 millones, con un crecimiento interanual del 17.6\u202f%.<\/p>\n\n\n\n<p>\u201cSu gesti\u00f3n fue reconocida con certificaciones ISO, el Premio Nacional a la Calidad y premios internacionales\u201d.<\/p>\n\n\n\n<p>Ante este escenario, el PLD alerta que SENASA enfrenta una situaci\u00f3n cr\u00edtica que requiere ajustes urgentes, t\u00e9cnicamente sustentados y pol\u00edticamente viables y que no se trata de alarmar, sino de actuar con responsabilidad para evitar el colapso de una instancia esencial para la salud y calidad de vida de millones de dominicanos y dominicanas<\/p>\n\n\n\n<p>Desde esta visi\u00f3n, la organizaci\u00f3n pol\u00edtica propone la simplificaci\u00f3n de procesos administrativos, eliminando requisitos presenciales innecesarios y habilitar canales digitales que permitan representaci\u00f3n autorizada y entrega a domicilio para afiliados con movilidad reducida.<\/p>\n\n\n\n<p>Asimismo, sugiere pago justo y oportuno a prestadores, fortalecimiento institucional, financiamiento estructural, gobernanza t\u00e9cnica y transparente y una reforma del sistema de seguridad social.<\/p>\n\n\n\n<p>El PLD demanda al Gobierno que asuma su responsabilidad con la salud del pueblo dominicano y act\u00fae con urgencia para recuperar el nivel de excelencia que hizo de SeNaSa un orgullo nacional.<\/p>\n\n\n\n<p>Las recientes declaraciones del presidente de la Rep\u00fablica, quien afirm\u00f3 que \u201cnadie usaba SeNaSa antes del 2020\u201d, resultan inaceptables y tergiversan la historia de una instituci\u00f3n que por m\u00e1s de una d\u00e9cada fue referente de buena gesti\u00f3n p\u00fablica.<\/p>\n\n\n\n<p>Explicaciones de Altagracia Guzm\u00e1n Marcelino y Chanel Rosa Chupany<\/p>\n\n\n\n<p>En la rueda de prensa realizada Altagracia Guzm\u00e1n Marcelino, primera directora del SeNaSa, record\u00f3 que, al llegar el PLD al Gobierno, luego de promulgada la Ley de Seguridad Social, apenas se ten\u00edan afiliadas 35 mil personas en Barahona y Bahoruco y al entregar al actual Gobierno ten\u00eda una cantidad de afiliados llegando a los cinco millones.<\/p>\n\n\n\n<p>\u201cLo primero que hizo este desgobierno fue cancelar al personal capacitado y formado en el transcurso de 20 a\u00f1os, para dar tumbos en el \u00e1rea de tecnolog\u00eda\u201d explic\u00f3 para responder a los periodistas.<\/p>\n\n\n\n<p>De su lado Chanel Rosa Chupany explic\u00f3 que las propuestas de soluciones, viables todas, que est\u00e1 planteando el Partido de la Liberaci\u00f3n Dominicana no ser\u00edan suficientes si la instituci\u00f3n sigue por el derrotero que lleva hasta ahora.<\/p>\n","protected":false},"excerpt":{"rendered":"<p>Es preocupante el progresivo deterioro del Seguro Nacional de Salud (SeNaSa). El Partido de la Liberaci\u00f3n Dominicana (PLD) manifest\u00f3 su profunda preocupaci\u00f3n por el progresivo deterioro del Seguro Nacional de&hellip;<\/p>\n","protected":false},"author":2,"featured_media":102776,"comment_status":"open","ping_status":"open","sticky":false,"template":"","format":"standard","meta":{"content-type":"","jetpack_post_was_ever_published":false,"_jetpack_newsletter_access":"","_jetpack_dont_email_post_to_subs":false,"_jetpack_newsletter_tier_id":0,"_jetpack_memberships_contains_paywalled_content":false,"_jetpack_memberships_contains_paid_content":false,"footnotes":""},"categories":[16559,25],"tags":[216,269,1329,580,12713],"class_list":["post-102775","post","type-post","status-publish","format-standard","has-post-thumbnail","hentry","category-politica","category-portada","tag-crisis","tag-pld","tag-propuestas","tag-senasa","tag-zoraima-cuello"],"jetpack_featured_media_url":"https:\/\/lasprimeras.com.do\/wp-content\/uploads\/2025\/07\/Altagracia-Guzman-Marcelino.jpg","jetpack-related-posts":[{"id":120064,"url":"https:\/\/lasprimeras.com.do\/index.php\/2026\/01\/20\/zoraima-cuello-un-presupuesto-abultado-con-pobres-resultados-en-la-gestion-publica\/","url_meta":{"origin":102775,"position":0},"title":"Zoraima Cuello: Un presupuesto abultado con pobres resultados en la gesti\u00f3n p\u00fablica","author":"Nelson Feliz","date":"20 de enero de 2026","format":false,"excerpt":"Zoraima Cuello","rel":"","context":"En \u00abPOLITICA\u00bb","block_context":{"text":"POLITICA","link":"https:\/\/lasprimeras.com.do\/index.php\/category\/politica\/"},"img":{"alt_text":"Zoraima Cuello","src":"https:\/\/i0.wp.com\/lasprimeras.com.do\/wp-content\/uploads\/2025\/08\/Zoraima-Cuello.jpg?resize=350%2C200&ssl=1","width":350,"height":200,"srcset":"https:\/\/i0.wp.com\/lasprimeras.com.do\/wp-content\/uploads\/2025\/08\/Zoraima-Cuello.jpg?resize=350%2C200&ssl=1 1x, https:\/\/i0.wp.com\/lasprimeras.com.do\/wp-content\/uploads\/2025\/08\/Zoraima-Cuello.jpg?resize=525%2C300&ssl=1 1.5x, https:\/\/i0.wp.com\/lasprimeras.com.do\/wp-content\/uploads\/2025\/08\/Zoraima-Cuello.jpg?resize=700%2C400&ssl=1 2x"},"classes":[]},{"id":102346,"url":"https:\/\/lasprimeras.com.do\/index.php\/2025\/07\/03\/jhoanna-constanzo-llama-colapso-progresivo-a-la-crisis-de-senasa\/","url_meta":{"origin":102775,"position":1},"title":"Jhoanna Constanzo llama \u201ccolapso progresivo\u201d a la crisis de SeNaSa","author":"Nelson Feliz","date":"3 de julio de 2025","format":false,"excerpt":"Para titular de la Secretar\u00eda de Asuntos Empresariales del Partido de la Liberaci\u00f3n Dominicana (PLD), Jhoanna Constanzo, la crisis que atraviesa actualmente el Seguro Nacional de Salud (SeNaSa) no es un simple episodio administrativo. Constanzo, considera que se trata de un colapso progresivo de una instituci\u00f3n que, durante a\u00f1os, fue\u2026","rel":"","context":"En \u00abPOLITICA\u00bb","block_context":{"text":"POLITICA","link":"https:\/\/lasprimeras.com.do\/index.php\/category\/politica\/"},"img":{"alt_text":"Jhoanna Constanzo","src":"https:\/\/i0.wp.com\/lasprimeras.com.do\/wp-content\/uploads\/2025\/07\/Jhoanna-Constanzo.jpg?resize=350%2C200&ssl=1","width":350,"height":200},"classes":[]},{"id":106889,"url":"https:\/\/lasprimeras.com.do\/index.php\/2025\/08\/19\/zoraima-cuello-en-franco-deterioro-los-servicios-y-las-instituciones\/","url_meta":{"origin":102775,"position":2},"title":"Zoraima Cuello: En franco deterioro los servicios y las instituciones","author":"Nelson Feliz","date":"19 de agosto de 2025","format":false,"excerpt":"Zoraima Cuello ratifica que el PLD es el principal partido opositor. Resalta los aportes de las gestiones pelede\u00edstas. El vicepresidenta del Partido de la Liberaci\u00f3n Dominicana, Zoraima Cuello, revel\u00f3 que las encuestas m\u00e1s recientes indican que esa organizaci\u00f3n pol\u00edtica es el principal partido de oposici\u00f3n y que compite por el\u2026","rel":"","context":"En \u00abPOLITICA\u00bb","block_context":{"text":"POLITICA","link":"https:\/\/lasprimeras.com.do\/index.php\/category\/politica\/"},"img":{"alt_text":"","src":"https:\/\/i0.wp.com\/lasprimeras.com.do\/wp-content\/uploads\/2025\/08\/Zoraima-Cuello.jpeg?resize=350%2C200&ssl=1","width":350,"height":200,"srcset":"https:\/\/i0.wp.com\/lasprimeras.com.do\/wp-content\/uploads\/2025\/08\/Zoraima-Cuello.jpeg?resize=350%2C200&ssl=1 1x, https:\/\/i0.wp.com\/lasprimeras.com.do\/wp-content\/uploads\/2025\/08\/Zoraima-Cuello.jpeg?resize=525%2C300&ssl=1 1.5x, https:\/\/i0.wp.com\/lasprimeras.com.do\/wp-content\/uploads\/2025\/08\/Zoraima-Cuello.jpeg?resize=700%2C400&ssl=1 2x"},"classes":[]},{"id":102277,"url":"https:\/\/lasprimeras.com.do\/index.php\/2025\/07\/02\/ante-situacion-de-senasa-francisco-javier-afirma-que-el-prm-dejara-el-pais-en-cuatro-blocks\/","url_meta":{"origin":102775,"position":3},"title":"Ante situaci\u00f3n de Senasa, Francisco Javier afirma que el PRM dejar\u00e1 el pa\u00eds &#8220;en cuatro blocks&#8221;","author":"Nelson Feliz","date":"2 de julio de 2025","format":false,"excerpt":"El aspirante presidencial del Partido de la Liberaci\u00f3n Dominicana (PLD), Francisco Javier Garc\u00eda, expres\u00f3 su profunda preocupaci\u00f3n por lo que considera un deterioro progresivo de los servicios p\u00fablicos b\u00e1sicos en el pa\u00eds, citando el caso del Seguro Nacional de Salud (Senasa), que seg\u00fan denuncias de la oposici\u00f3n estar\u00eda en crisis.\u2026","rel":"","context":"En \u00abPOLITICA\u00bb","block_context":{"text":"POLITICA","link":"https:\/\/lasprimeras.com.do\/index.php\/category\/politica\/"},"img":{"alt_text":"","src":"https:\/\/i0.wp.com\/lasprimeras.com.do\/wp-content\/uploads\/2025\/04\/Francisco-Javier-Garcia.jpg?resize=350%2C200&ssl=1","width":350,"height":200,"srcset":"https:\/\/i0.wp.com\/lasprimeras.com.do\/wp-content\/uploads\/2025\/04\/Francisco-Javier-Garcia.jpg?resize=350%2C200&ssl=1 1x, https:\/\/i0.wp.com\/lasprimeras.com.do\/wp-content\/uploads\/2025\/04\/Francisco-Javier-Garcia.jpg?resize=525%2C300&ssl=1 1.5x, https:\/\/i0.wp.com\/lasprimeras.com.do\/wp-content\/uploads\/2025\/04\/Francisco-Javier-Garcia.jpg?resize=700%2C400&ssl=1 2x"},"classes":[]},{"id":109850,"url":"https:\/\/lasprimeras.com.do\/index.php\/2025\/09\/22\/senasa-en-el-gobierno-del-prm-venia-dando-muestras-de-deterioro\/","url_meta":{"origin":102775,"position":4},"title":"SeNaSa en el gobierno del PRM ven\u00eda dando muestras de deterioro","author":"Nelson Feliz","date":"22 de septiembre de 2025","format":false,"excerpt":"Ex directores del SeNaSa lamentan d\u00e9ficit del Seguro Nacional de Salud. Abogan por su rescate Los ex directores del Seguro Nacional de Salud (SeNaSa) Chanel Rosa Chupany y Mercedes Rodr\u00edguez, miembros del Comit\u00e9 Central del Partido de la Liberaci\u00f3n Dominicana (PLD), coincidieron en destacar lo lamentable para la salud de\u2026","rel":"","context":"En \u00abSALUD\u00bb","block_context":{"text":"SALUD","link":"https:\/\/lasprimeras.com.do\/index.php\/category\/salud\/"},"img":{"alt_text":"","src":"https:\/\/i0.wp.com\/lasprimeras.com.do\/wp-content\/uploads\/2025\/09\/senasa-1.jpg?resize=350%2C200&ssl=1","width":350,"height":200,"srcset":"https:\/\/i0.wp.com\/lasprimeras.com.do\/wp-content\/uploads\/2025\/09\/senasa-1.jpg?resize=350%2C200&ssl=1 1x, https:\/\/i0.wp.com\/lasprimeras.com.do\/wp-content\/uploads\/2025\/09\/senasa-1.jpg?resize=525%2C300&ssl=1 1.5x, https:\/\/i0.wp.com\/lasprimeras.com.do\/wp-content\/uploads\/2025\/09\/senasa-1.jpg?resize=700%2C400&ssl=1 2x"},"classes":[]},{"id":101880,"url":"https:\/\/lasprimeras.com.do\/index.php\/2025\/06\/27\/jhovanny-leyba-denuncia-crisis-financiera-en-senasa-por-mala-gestion-administrativa\/","url_meta":{"origin":102775,"position":5},"title":"Jhovanny Leyba denuncia crisis financiera en SeNaSa por mala gesti\u00f3n administrativa","author":"Nelson Feliz","date":"27 de junio de 2025","format":false,"excerpt":"El miembro del Comit\u00e9 Central del Partido de la Liberaci\u00f3n Dominicana (PLD), Jhovanny Leyba, responsabiliz\u00f3 al presidente Luis Abinader por la crisis financiera que atraviesa el Servicio Nacional de Salud (SeNaSa), denunci\u00f3 la mala gesti\u00f3n del actual director, Santiago Hazim, como factores determinantes del deterioro del sistema. Leyba se\u00f1ala que\u2026","rel":"","context":"En \u00abPOLITICA\u00bb","block_context":{"text":"POLITICA","link":"https:\/\/lasprimeras.com.do\/index.php\/category\/politica\/"},"img":{"alt_text":"","src":"https:\/\/i0.wp.com\/lasprimeras.com.do\/wp-content\/uploads\/2025\/06\/Jhovanny-Leyba.jpg?resize=350%2C200&ssl=1","width":350,"height":200,"srcset":"https:\/\/i0.wp.com\/lasprimeras.com.do\/wp-content\/uploads\/2025\/06\/Jhovanny-Leyba.jpg?resize=350%2C200&ssl=1 1x, https:\/\/i0.wp.com\/lasprimeras.com.do\/wp-content\/uploads\/2025\/06\/Jhovanny-Leyba.jpg?resize=525%2C300&ssl=1 1.5x"},"classes":[]}],"jetpack_sharing_enabled":true,"_links":{"self":[{"href":"https:\/\/lasprimeras.com.do\/index.php\/wp-json\/wp\/v2\/posts\/102775","targetHints":{"allow":["GET"]}}],"collection":[{"href":"https:\/\/lasprimeras.com.do\/index.php\/wp-json\/wp\/v2\/posts"}],"about":[{"href":"https:\/\/lasprimeras.com.do\/index.php\/wp-json\/wp\/v2\/types\/post"}],"author":[{"embeddable":true,"href":"https:\/\/lasprimeras.com.do\/index.php\/wp-json\/wp\/v2\/users\/2"}],"replies":[{"embeddable":true,"href":"https:\/\/lasprimeras.com.do\/index.php\/wp-json\/wp\/v2\/comments?post=102775"}],"version-history":[{"count":1,"href":"https:\/\/lasprimeras.com.do\/index.php\/wp-json\/wp\/v2\/posts\/102775\/revisions"}],"predecessor-version":[{"id":102777,"href":"https:\/\/lasprimeras.com.do\/index.php\/wp-json\/wp\/v2\/posts\/102775\/revisions\/102777"}],"wp:featuredmedia":[{"embeddable":true,"href":"https:\/\/lasprimeras.com.do\/index.php\/wp-json\/wp\/v2\/media\/102776"}],"wp:attachment":[{"href":"https:\/\/lasprimeras.com.do\/index.php\/wp-json\/wp\/v2\/media?parent=102775"}],"wp:term":[{"taxonomy":"category","embeddable":true,"href":"https:\/\/lasprimeras.com.do\/index.php\/wp-json\/wp\/v2\/categories?post=102775"},{"taxonomy":"post_tag","embeddable":true,"href":"https:\/\/lasprimeras.com.do\/index.php\/wp-json\/wp\/v2\/tags?post=102775"}],"curies":[{"name":"wp","href":"https:\/\/api.w.org\/{rel}","templated":true}]}}