{"id":102781,"date":"2025-07-08T13:02:00","date_gmt":"2025-07-08T17:02:00","guid":{"rendered":"https:\/\/lasprimeras.com.do\/?p=102781"},"modified":"2025-07-08T13:02:01","modified_gmt":"2025-07-08T17:02:01","slug":"capacitan-auditores-antifraude-para-fortalecer-expedientes-y-evitar-impunidad","status":"publish","type":"post","link":"https:\/\/lasprimeras.com.do\/index.php\/2025\/07\/08\/capacitan-auditores-antifraude-para-fortalecer-expedientes-y-evitar-impunidad\/","title":{"rendered":"Capacitan auditores Antifraude para fortalecer expedientes y evitar impunidad"},"content":{"rendered":"\n<p>La Contralor\u00eda General de la Rep\u00fablica y la Escuela Naval de Inteligencia M-2 de la Armada Dominicana iniciaron el diplomado \u201cGesti\u00f3n de la Inteligencia en la Investigaci\u00f3n\u201d, a los auditores de la Unidad Antifraude de esa instituci\u00f3n en investigadores altamente competentes, para presentar pruebas que sustenten acusaciones contundentes para evitar impunidad.<\/p>\n\n\n\n<p>En su discurso de apertura, el contralor general de la Rep\u00fablica F\u00e9lix Santana Garc\u00eda inst\u00f3 a los participantes a asumir la capacitaci\u00f3n como una oportunidad \u00fanica para transformar la gesti\u00f3n p\u00fablica a trav\u00e9s de la investigaci\u00f3n rigurosa, cient\u00edfica y t\u00e9cnicamente sustentada, lo que afianza el inter\u00e9s del presidente Luis Abinader de entregar a la ciudadan\u00eda instituciones m\u00e1s fuertes, \u00edntegras y vigilantes.<\/p>\n\n\n\n<p>El funcionario, resalt\u00f3 que uno de los grandes desaf\u00edos de la gesti\u00f3n p\u00fablica ha sido la debilidad en las pruebas que sustentan los procesos judiciales, debido a que \u201ccon sobrada frecuencia hemos visto c\u00f3mo expedientes que parec\u00edan s\u00f3lidos terminan desestimados en los tribunales, como resultado de pruebas fr\u00e1giles, pesquisas superficiales, investigaciones incompletas, lo que nos deja un sabor amargo, porque cuando falla la prueba, triunfa la impunidad\u201d.<\/p>\n\n\n\n<p>Esta capacitaci\u00f3n se coordin\u00f3 en conjunto con la Unidad Antifraude de la Contralor\u00eda, bajo la direcci\u00f3n de Le\u00f3nidas Radham\u00e9s Pe\u00f1a. Tendr\u00e1 como facilitadores a los oficiales Francisca de los Santos, C\u00e9sar Cama\u00f1o Ranciel, Juan Jos\u00e9 Eusebio, Juan Manuel Morel, Melvin P\u00e9rez y Edwin Alexander Mata.<\/p>\n\n\n\n<p>El contralor indic\u00f3 que la iniciativa marca un hito en la historia de la naci\u00f3n, en el que por primera vez se une una instituci\u00f3n de control financiero y otra militar, como la Armada de la Rep\u00fablica Dominicana, a trav\u00e9s de su Escuela Naval de Inteligencia M-2, que en esta ocasi\u00f3n pone sus conocimientos de inteligencia al servicio de la Contralor\u00eda.<\/p>\n\n\n\n<p>\u201cEste no es un simple acto formativo m\u00e1s para la Contralor\u00eda. Es un paso firme y necesario hacia la consolidaci\u00f3n de una Unidad Antifraude verdaderamente capacitada, comprometida con la verdad y dotada de herramientas para hacer frente a las irregularidades administrativas y financieras que pudieran presentarse en el Estado dominicano\u201d, afirm\u00f3 Santana Garc\u00eda.<\/p>\n\n\n\n<p>\u201cUstedes son la primera l\u00ednea de defensa, ustedes son los ojos de la Naci\u00f3n y nosotros estamos esperanzados en ustedes y nos sentimos orgullosos de poder contribuir con esta formaci\u00f3n\u201d, expres\u00f3 el subcomandante general de la Armada Dominicana, contralmirante Juan Bienvenido Cris\u00f3stomo Mart\u00ednez.<\/p>\n\n\n\n<p>Asimismo, la encargada de la Escuela Naval de Inteligencia (M-2), capit\u00e1n de nav\u00edo Francisca de los Santos Polanco destac\u00f3 que la iniciativa responde al compromiso institucional de fortalecer la lucha contra el fraude, la corrupci\u00f3n y las malas pr\u00e1cticas administrativas, a trav\u00e9s del conocimiento, la formaci\u00f3n y el uso estrat\u00e9gico de la inteligencia aplicada.<\/p>\n\n\n\n<p>El diplomado cuenta con un contenido tem\u00e1tico amplio, que abarca temas como investigaciones estructuradas, t\u00e9cnicas de b\u00fasquedas y registros, an\u00e1lisis de inteligencia, t\u00e9cnicas de entrevistas e interrogatorios y diseminaci\u00f3n de la informaci\u00f3n, entre otros, lo que constituye una nueva ventana para nutrir a nuestros auditores, dot\u00e1ndolos de los instrumentos que les permitan llegar hasta el fondo jur\u00eddico del il\u00edcito cometido, y as\u00ed ayudar a los fiscales a tener \u00e9xito en la formulaci\u00f3n de las imputaciones.<\/p>\n\n\n\n<p>Santana Garc\u00eda subray\u00f3 que \u201cen t\u00e9rminos llanos, lo que buscamos es hacer justicia. Y cuando hablo de justicia, me refiero a defender los intereses del Estado, a proteger los recursos p\u00fablicos, a salvaguardar la dignidad de las instituciones y a asegurar que nadie, absolutamente nadie, se sienta con derecho a lucrarse a costa del pueblo dominicano, y mucho menos proteger vacas sagradas\u201d.<\/p>\n\n\n\n<p>De la contralor\u00eda asistieron los directores de la Escuela Nacional de Control Interno (ENCI), Luis Dar\u00edo Terrero; de Recursos Humanos, Roselis G\u00f3mez; de Jur\u00eddica, Jes\u00fas Catalino y de Revisi\u00f3n y Control de Calidad, Rub\u00e9n Estrella, entre otras importantes personalidades.<\/p>\n","protected":false},"excerpt":{"rendered":"<p>La Contralor\u00eda General de la Rep\u00fablica y la Escuela Naval de Inteligencia M-2 de la Armada Dominicana iniciaron el diplomado \u201cGesti\u00f3n de la Inteligencia en la Investigaci\u00f3n\u201d, a los auditores&hellip;<\/p>\n","protected":false},"author":2,"featured_media":102782,"comment_status":"open","ping_status":"open","sticky":false,"template":"","format":"standard","meta":{"content-type":"","jetpack_post_was_ever_published":false,"_jetpack_newsletter_access":"","_jetpack_dont_email_post_to_subs":false,"_jetpack_newsletter_tier_id":0,"_jetpack_memberships_contains_paywalled_content":false,"_jetpack_memberships_contains_paid_content":false,"footnotes":""},"categories":[35],"tags":[21360,13525,8601,21361,21359],"class_list":["post-102781","post","type-post","status-publish","format-standard","has-post-thumbnail","hentry","category-nacionales","tag-antifraude","tag-auditores","tag-capacitan","tag-evitar-impunidad","tag-fortalecer-expedientes"],"jetpack_featured_media_url":"https:\/\/lasprimeras.com.do\/wp-content\/uploads\/2025\/07\/Mesa-principal-apertura-diplomado-en-investigacion.jpg","jetpack-related-posts":[{"id":49493,"url":"https:\/\/lasprimeras.com.do\/index.php\/2023\/05\/11\/mp-solicita-a-tsa-el-archivo-definitivo-de-demanda-presentada-por-angel-lockward\/","url_meta":{"origin":102781,"position":0},"title":"MP solicita a TSA el archivo definitivo de demanda presentada por \u00c1ngel Lockward","author":"prenxa100","date":"11 de mayo de 2023","format":false,"excerpt":"SANTO DOMINGO (RD).- El Ministerio P\u00fablico solicit\u00f3 a los jueces de la Primera Sala del Tribunal Superior Administrativo, el archivo definitivo de la demanda en nulidad del informe preparado por auditores de la Contralor\u00eda General de la Rep\u00fablica sobre el pago de expropiaciones presentada por el abogado \u00c1ngel Lockward. \u201cConcluimos\u2026","rel":"","context":"En \u00abJUSTICIA\u00bb","block_context":{"text":"JUSTICIA","link":"https:\/\/lasprimeras.com.do\/index.php\/category\/justicia\/"},"img":{"alt_text":"","src":"","width":0,"height":0},"classes":[]},{"id":84625,"url":"https:\/\/lasprimeras.com.do\/index.php\/2024\/06\/11\/vicepresidente-de-coopnama-se-convierte-en-miembro-honorario-de-iiafa\/","url_meta":{"origin":102781,"position":1},"title":"Vicepresidente de COOPNAMA se convierte en miembro honorario de IIAFA","author":"Nelson Feliz","date":"11 de junio de 2024","format":false,"excerpt":"El vicepresidente del Consejo de Administraci\u00f3n de la Cooperativa Nacional de Servicios M\u00faltiples de los Maestros (COOPNAMA), Prof, Octavio Brem\u00f3n, recibi\u00f3 la Certificaci\u00f3n Internacional de Auditoria Forense Antifraude (AFA. La titulaci\u00f3n fue realizada del 5 de septiembre al 5 de octubre del pasado a\u00f1o, en la ciudad de Panam\u00e1, Rep\u00fablica\u2026","rel":"","context":"En \u00abNACIONALES\u00bb","block_context":{"text":"NACIONALES","link":"https:\/\/lasprimeras.com.do\/index.php\/category\/nacionales\/"},"img":{"alt_text":"Octavio Brem\u00f3n","src":"https:\/\/i0.wp.com\/lasprimeras.com.do\/wp-content\/uploads\/2024\/06\/Octavio-Bremon.jpg?resize=350%2C200&ssl=1","width":350,"height":200,"srcset":"https:\/\/i0.wp.com\/lasprimeras.com.do\/wp-content\/uploads\/2024\/06\/Octavio-Bremon.jpg?resize=350%2C200&ssl=1 1x, https:\/\/i0.wp.com\/lasprimeras.com.do\/wp-content\/uploads\/2024\/06\/Octavio-Bremon.jpg?resize=525%2C300&ssl=1 1.5x"},"classes":[]},{"id":107480,"url":"https:\/\/lasprimeras.com.do\/index.php\/2025\/08\/27\/contraloria-transmite-mensaje-anticorrupcion-e-importancia-del-control-interno-a-estudiantes-de-uteco\/","url_meta":{"origin":102781,"position":2},"title":"Contralor\u00eda transmite mensaje anticorrupci\u00f3n e importancia del control interno a estudiantes de Uteco","author":"Nelson Feliz","date":"27 de agosto de 2025","format":false,"excerpt":"El contralor general de la Rep\u00fablica dict\u00f3 una conferencia a autoridades, docentes y estudiantes de la Universidad Tecnol\u00f3gica del Cibao Oriental (Uteco), a los que se\u00f1al\u00f3 la importancia de consolidar una cultura de control interno y el fomento de la \u00e9tica y la transparencia, como herramientas esenciales para combatir la\u2026","rel":"","context":"En \u00abNACIONALES\u00bb","block_context":{"text":"NACIONALES","link":"https:\/\/lasprimeras.com.do\/index.php\/category\/nacionales\/"},"img":{"alt_text":"","src":"https:\/\/i0.wp.com\/lasprimeras.com.do\/wp-content\/uploads\/2025\/08\/Contralor-Felix-Santana_-rectora-de-Uteco-Marilyn-Diaz-y-director-de-Mineria-Rolando-Munoz.jpg?resize=350%2C200&ssl=1","width":350,"height":200,"srcset":"https:\/\/i0.wp.com\/lasprimeras.com.do\/wp-content\/uploads\/2025\/08\/Contralor-Felix-Santana_-rectora-de-Uteco-Marilyn-Diaz-y-director-de-Mineria-Rolando-Munoz.jpg?resize=350%2C200&ssl=1 1x, https:\/\/i0.wp.com\/lasprimeras.com.do\/wp-content\/uploads\/2025\/08\/Contralor-Felix-Santana_-rectora-de-Uteco-Marilyn-Diaz-y-director-de-Mineria-Rolando-Munoz.jpg?resize=525%2C300&ssl=1 1.5x, https:\/\/i0.wp.com\/lasprimeras.com.do\/wp-content\/uploads\/2025\/08\/Contralor-Felix-Santana_-rectora-de-Uteco-Marilyn-Diaz-y-director-de-Mineria-Rolando-Munoz.jpg?resize=700%2C400&ssl=1 2x"},"classes":[]},{"id":117849,"url":"https:\/\/lasprimeras.com.do\/index.php\/2025\/12\/16\/isaias-ramos-cuestiona-resultados-de-la-unidad-antifraude-del-estado\/","url_meta":{"origin":102781,"position":3},"title":"Isa\u00edas Ramos cuestiona resultados de la Unidad Antifraude del Estado","author":"Nelson Feliz","date":"16 de diciembre de 2025","format":false,"excerpt":"Ramos pide rendici\u00f3n de cuentas con datos verificables. El dirigente politico, doctor Isa\u00edas Ramos afirm\u00f3 que la efectividad de la Unidad Antifraude del Estado debe evaluarse a partir de resultados concretos y verificables, y no \u00fanicamente por la cantidad de investigaciones, expedientes o anuncios oficiales realizados desde su creaci\u00f3n. Ramos\u2026","rel":"","context":"En \u00abPOLITICA\u00bb","block_context":{"text":"POLITICA","link":"https:\/\/lasprimeras.com.do\/index.php\/category\/politica\/"},"img":{"alt_text":"Isa\u00edas Ramos","src":"https:\/\/i0.wp.com\/lasprimeras.com.do\/wp-content\/uploads\/2025\/05\/Isaias-Ramos.jpg?resize=350%2C200&ssl=1","width":350,"height":200,"srcset":"https:\/\/i0.wp.com\/lasprimeras.com.do\/wp-content\/uploads\/2025\/05\/Isaias-Ramos.jpg?resize=350%2C200&ssl=1 1x, https:\/\/i0.wp.com\/lasprimeras.com.do\/wp-content\/uploads\/2025\/05\/Isaias-Ramos.jpg?resize=525%2C300&ssl=1 1.5x, https:\/\/i0.wp.com\/lasprimeras.com.do\/wp-content\/uploads\/2025\/05\/Isaias-Ramos.jpg?resize=700%2C400&ssl=1 2x"},"classes":[]},{"id":104181,"url":"https:\/\/lasprimeras.com.do\/index.php\/2025\/07\/22\/contralor-sostiene-encuentro-con-supervisores-y-encargados-de-unidades-de-auditoria-interna\/","url_meta":{"origin":102781,"position":4},"title":"Contralor sostiene encuentro con supervisores y encargados de Unidades de Auditor\u00eda Interna","author":"Nelson Feliz","date":"22 de julio de 2025","format":false,"excerpt":"El contralor general de la Rep\u00fablica F\u00e9lix Santana Garc\u00eda, resalt\u00f3 que el Gobierno dominicano, encabezado por el presidente Luis Abinader, tiene la firme voluntad de consolidar una cultura de control preventivo que garantice el uso correcto de los recursos p\u00fablicos. \u201cEl presidente Abinader cree en un Estado decente, en una\u2026","rel":"","context":"En \u00abECONOM\u00cdA\u00bb","block_context":{"text":"ECONOM\u00cdA","link":"https:\/\/lasprimeras.com.do\/index.php\/category\/economia\/"},"img":{"alt_text":"","src":"https:\/\/i0.wp.com\/lasprimeras.com.do\/wp-content\/uploads\/2025\/07\/Felix-Santana-Garcia.jpg?resize=350%2C200&ssl=1","width":350,"height":200,"srcset":"https:\/\/i0.wp.com\/lasprimeras.com.do\/wp-content\/uploads\/2025\/07\/Felix-Santana-Garcia.jpg?resize=350%2C200&ssl=1 1x, https:\/\/i0.wp.com\/lasprimeras.com.do\/wp-content\/uploads\/2025\/07\/Felix-Santana-Garcia.jpg?resize=525%2C300&ssl=1 1.5x, https:\/\/i0.wp.com\/lasprimeras.com.do\/wp-content\/uploads\/2025\/07\/Felix-Santana-Garcia.jpg?resize=700%2C400&ssl=1 2x"},"classes":[]},{"id":102915,"url":"https:\/\/lasprimeras.com.do\/index.php\/2025\/07\/09\/dgcp-y-unidad-antifraude-detectan-violaciones-en-licitaciones-del-inabie-remiten-hallazgos-a-la-pgr\/","url_meta":{"origin":102781,"position":5},"title":"DGCP y Unidad Antifraude detectan violaciones en licitaciones del INABIE; remiten hallazgos a la PGR","author":"Nelson Feliz","date":"9 de julio de 2025","format":false,"excerpt":"La Unidad Antifraude de la Contralor\u00eda General de la Rep\u00fablica, en coordinaci\u00f3n con la Direcci\u00f3n General de Contrataciones P\u00fablicas (DGCP), present\u00f3 este mi\u00e9rcoles un informe exhaustivo sobre las violaciones a la normativa en tres procesos de licitaci\u00f3n p\u00fablica del Instituto Nacional de Bienestar Estudiantil (INABIE) durante el a\u00f1o 2024. El\u2026","rel":"","context":"En \u00abECONOM\u00cdA\u00bb","block_context":{"text":"ECONOM\u00cdA","link":"https:\/\/lasprimeras.com.do\/index.php\/category\/economia\/"},"img":{"alt_text":"INABIE","src":"https:\/\/i0.wp.com\/lasprimeras.com.do\/wp-content\/uploads\/2024\/01\/INABIE-2024.jpg?resize=350%2C200&ssl=1","width":350,"height":200,"srcset":"https:\/\/i0.wp.com\/lasprimeras.com.do\/wp-content\/uploads\/2024\/01\/INABIE-2024.jpg?resize=350%2C200&ssl=1 1x, https:\/\/i0.wp.com\/lasprimeras.com.do\/wp-content\/uploads\/2024\/01\/INABIE-2024.jpg?resize=525%2C300&ssl=1 1.5x"},"classes":[]}],"jetpack_sharing_enabled":true,"_links":{"self":[{"href":"https:\/\/lasprimeras.com.do\/index.php\/wp-json\/wp\/v2\/posts\/102781","targetHints":{"allow":["GET"]}}],"collection":[{"href":"https:\/\/lasprimeras.com.do\/index.php\/wp-json\/wp\/v2\/posts"}],"about":[{"href":"https:\/\/lasprimeras.com.do\/index.php\/wp-json\/wp\/v2\/types\/post"}],"author":[{"embeddable":true,"href":"https:\/\/lasprimeras.com.do\/index.php\/wp-json\/wp\/v2\/users\/2"}],"replies":[{"embeddable":true,"href":"https:\/\/lasprimeras.com.do\/index.php\/wp-json\/wp\/v2\/comments?post=102781"}],"version-history":[{"count":1,"href":"https:\/\/lasprimeras.com.do\/index.php\/wp-json\/wp\/v2\/posts\/102781\/revisions"}],"predecessor-version":[{"id":102783,"href":"https:\/\/lasprimeras.com.do\/index.php\/wp-json\/wp\/v2\/posts\/102781\/revisions\/102783"}],"wp:featuredmedia":[{"embeddable":true,"href":"https:\/\/lasprimeras.com.do\/index.php\/wp-json\/wp\/v2\/media\/102782"}],"wp:attachment":[{"href":"https:\/\/lasprimeras.com.do\/index.php\/wp-json\/wp\/v2\/media?parent=102781"}],"wp:term":[{"taxonomy":"category","embeddable":true,"href":"https:\/\/lasprimeras.com.do\/index.php\/wp-json\/wp\/v2\/categories?post=102781"},{"taxonomy":"post_tag","embeddable":true,"href":"https:\/\/lasprimeras.com.do\/index.php\/wp-json\/wp\/v2\/tags?post=102781"}],"curies":[{"name":"wp","href":"https:\/\/api.w.org\/{rel}","templated":true}]}}