{"id":102785,"date":"2025-07-08T21:40:14","date_gmt":"2025-07-09T01:40:14","guid":{"rendered":"https:\/\/lasprimeras.com.do\/?p=102785"},"modified":"2025-07-08T21:46:28","modified_gmt":"2025-07-09T01:46:28","slug":"residentes-de-sde-denuncian-largas-tandas-de-apagones-e-incendian-escombros-en-la-av-hipica-video","status":"publish","type":"post","link":"https:\/\/lasprimeras.com.do\/index.php\/2025\/07\/08\/residentes-de-sde-denuncian-largas-tandas-de-apagones-e-incendian-escombros-en-la-av-hipica-video\/","title":{"rendered":"Residentes de SDE denuncian largas tandas de apagones e incendian escombros en la Av. H\u00edpica\/Video"},"content":{"rendered":"\n<p>Residentes y l\u00edderes comunitarios que viven en los sectores San Isidro Labrador, Las Cayenas y Los Maestros en el municipio Santo Domingo Este, protestaron e incendiaron escombros la noche de este martes, en la Avenida H\u00edpica por largas tandas de apagones que est\u00e1n recibiendo desde la semana pasada.<\/p>\n\n\n\n<p>Los comunitarios al hablar con periodistas de este medio, expresaron que la luz se iba por dos o tres minutos y ahora se llevan el servicio sin explicaci\u00f3n por 10 y 12 horas todos los d\u00edas; supuestamente para dar mantenimiento. Pero el problema no es ese, es que la factura llega igualita<\/p>\n\n\n\n\n\n<figure class=\"wp-block-embed is-type-video is-provider-youtube wp-block-embed-youtube wp-embed-aspect-16-9 wp-has-aspect-ratio\"><div class=\"wp-block-embed__wrapper\">\n<iframe title=\"Residentes San Isidro Labrador en SDE denuncian largas tandas de apagones\" width=\"500\" height=\"281\" src=\"https:\/\/www.youtube.com\/embed\/bPwHbYJ1CUo?feature=oembed\" frameborder=\"0\" allow=\"accelerometer; autoplay; clipboard-write; encrypted-media; gyroscope; picture-in-picture; web-share\" referrerpolicy=\"strict-origin-when-cross-origin\" allowfullscreen><\/iframe>\n<\/div><\/figure>\n\n\n\n<p>Los residentes de la zona calificaron como una odisea lo que est\u00e1n viviendo por las largas tandas de apagones, hicieron un llamado a la Empresa Distribuidora de Electricidad del Este, restablecer el servicio, porque de lo contrario, se lanzar\u00e1n a las calles a protestar de manera indefinida.<\/p>\n\n\n\n<figure class=\"wp-block-image size-full\"><img decoding=\"async\" width=\"772\" height=\"437\" src=\"https:\/\/lasprimeras.com.do\/wp-content\/uploads\/2025\/07\/dos.jpg\" alt=\"\" class=\"wp-image-102789\" srcset=\"https:\/\/lasprimeras.com.do\/wp-content\/uploads\/2025\/07\/dos.jpg 772w, https:\/\/lasprimeras.com.do\/wp-content\/uploads\/2025\/07\/dos-300x170.jpg 300w, https:\/\/lasprimeras.com.do\/wp-content\/uploads\/2025\/07\/dos-768x435.jpg 768w\" sizes=\"(max-width: 772px) 100vw, 772px\" \/><\/figure>\n\n\n\n<p>Se\u00f1alaron que la zona estaba en el circuito de 24 horas de energ\u00eda el\u00e9ctrica, pero ahora, lo que reciben es apagones y las facturas han aumentado considerablemente.<\/p>\n","protected":false},"excerpt":{"rendered":"<p>Residentes y l\u00edderes comunitarios que viven en los sectores San Isidro Labrador, Las Cayenas y Los Maestros en el municipio Santo Domingo Este, protestaron e incendiaron escombros la noche de&hellip;<\/p>\n","protected":false},"author":2,"featured_media":102787,"comment_status":"open","ping_status":"open","sticky":false,"template":"","format":"standard","meta":{"content-type":"","jetpack_post_was_ever_published":false,"_jetpack_newsletter_access":"","_jetpack_dont_email_post_to_subs":false,"_jetpack_newsletter_tier_id":0,"_jetpack_memberships_contains_paywalled_content":false,"_jetpack_memberships_contains_paid_content":false,"footnotes":""},"categories":[35,25],"tags":[629,21363,4810,16398,21362],"class_list":["post-102785","post","type-post","status-publish","format-standard","has-post-thumbnail","hentry","category-nacionales","category-portada","tag-apagones","tag-av-hipica","tag-escombros","tag-incendian","tag-residentes-de-sde"],"jetpack_featured_media_url":"https:\/\/lasprimeras.com.do\/wp-content\/uploads\/2025\/07\/tres.jpg","jetpack-related-posts":[{"id":56250,"url":"https:\/\/lasprimeras.com.do\/index.php\/2023\/07\/29\/denuncian-circuitos-24-horas-en-villa-duarte-se-convierten-en-24-horas-de-apagones\/","url_meta":{"origin":102785,"position":0},"title":"Denuncian circuitos 24 horas en Villa Duarte, se convierten en \u201c24 horas de apagones\u201d","author":"Nelson Feliz","date":"29 de julio de 2023","format":false,"excerpt":"Residentes en el sector capitalino de Villa Duarte, en Santo Domingo Este, calificaron como una odisea lo que est\u00e1n viviendo por las largas tandas de apagones. Se\u00f1alaron que la zona estaba en el circuito de 24 horas de energ\u00eda el\u00e9ctrica, pero ahora, lo que reciben es apagones. Aseguran que, aunque\u2026","rel":"","context":"En \u00abNACIONALES\u00bb","block_context":{"text":"NACIONALES","link":"https:\/\/lasprimeras.com.do\/index.php\/category\/nacionales\/"},"img":{"alt_text":"Apagones Villa Duarte","src":"https:\/\/i0.wp.com\/lasprimeras.com.do\/wp-content\/uploads\/2023\/07\/Apagones-Villa-Duarte.jpg?resize=350%2C200&ssl=1","width":350,"height":200,"srcset":"https:\/\/i0.wp.com\/lasprimeras.com.do\/wp-content\/uploads\/2023\/07\/Apagones-Villa-Duarte.jpg?resize=350%2C200&ssl=1 1x, https:\/\/i0.wp.com\/lasprimeras.com.do\/wp-content\/uploads\/2023\/07\/Apagones-Villa-Duarte.jpg?resize=525%2C300&ssl=1 1.5x, https:\/\/i0.wp.com\/lasprimeras.com.do\/wp-content\/uploads\/2023\/07\/Apagones-Villa-Duarte.jpg?resize=700%2C400&ssl=1 2x"},"classes":[]},{"id":89537,"url":"https:\/\/lasprimeras.com.do\/index.php\/2024\/09\/26\/diputados-de-la-fuerza-del-pueblo-externan-preocupacion-por-largas-tandas-de-apagones\/","url_meta":{"origin":102785,"position":1},"title":"Diputados de la Fuerza del Pueblo externan preocupaci\u00f3n por largas tandas de apagones","author":"Nelson Feliz","date":"26 de septiembre de 2024","format":false,"excerpt":"\u201c En este momento si se le vendiese energ\u00eda a PR, ser\u00eda venderle apagones\u201d La bancada de diputados de la Fuerza del Pueblo extern\u00f3 su preocupaci\u00f3n por las largas tandas de apagones que vive el pa\u00eds. Argumentaron que la sociedad dominicana est\u00e1 desesperada, ya que la energ\u00eda el\u00e9ctrica es transversal\u2026","rel":"","context":"En \u00abPORTADA\u00bb","block_context":{"text":"PORTADA","link":"https:\/\/lasprimeras.com.do\/index.php\/category\/portada\/"},"img":{"alt_text":"","src":"https:\/\/i0.wp.com\/lasprimeras.com.do\/wp-content\/uploads\/2024\/09\/FP.jpg?resize=350%2C200&ssl=1","width":350,"height":200,"srcset":"https:\/\/i0.wp.com\/lasprimeras.com.do\/wp-content\/uploads\/2024\/09\/FP.jpg?resize=350%2C200&ssl=1 1x, https:\/\/i0.wp.com\/lasprimeras.com.do\/wp-content\/uploads\/2024\/09\/FP.jpg?resize=525%2C300&ssl=1 1.5x, https:\/\/i0.wp.com\/lasprimeras.com.do\/wp-content\/uploads\/2024\/09\/FP.jpg?resize=700%2C400&ssl=1 2x"},"classes":[]},{"id":57462,"url":"https:\/\/lasprimeras.com.do\/index.php\/2023\/08\/13\/apagones-mantienen-en-zozobra-habitantes-de-santo-domingo-este-y-el-distrito-nacional\/","url_meta":{"origin":102785,"position":2},"title":"Apagones mantienen en zozobra habitantes de Santo Domingo Este y el Distrito Nacional","author":"Nelson Feliz","date":"13 de agosto de 2023","format":false,"excerpt":"Las largas tandas de apagones mantienen en zozobra habitantes del municipio Santo Domingo, lo que unido a las altas temperaturas se convierte en una desesperante molestia, mientras las facturas el\u00e9ctricas llevan m\u00e1s alta, \u00f3sea, la Empresa Distribuidora de Electricidad del Este, SA (\u00a0EDEESTE\u00a0), nos da menos energ\u00eda, y las facturas\u2026","rel":"","context":"En \u00abNACIONALES\u00bb","block_context":{"text":"NACIONALES","link":"https:\/\/lasprimeras.com.do\/index.php\/category\/nacionales\/"},"img":{"alt_text":"Apagones","src":"https:\/\/i0.wp.com\/lasprimeras.com.do\/wp-content\/uploads\/2023\/08\/apagones.jpg?resize=350%2C200&ssl=1","width":350,"height":200},"classes":[]},{"id":106550,"url":"https:\/\/lasprimeras.com.do\/index.php\/2025\/08\/16\/pld-cuestiona-apagones-en-el-quinto-aniversario-del-gobierno-del-prm\/","url_meta":{"origin":102785,"position":3},"title":"PLD cuestiona apagones en el quinto aniversario del Gobierno del PRM","author":"Nelson Feliz","date":"16 de agosto de 2025","format":false,"excerpt":"La Secretar\u00eda de Participaci\u00f3n Comunitaria del Partido de la Liberaci\u00f3n Dominicana (PLD) hizo suyo el reclamo, que se ha convertido en un clamor nacional, en protesta por los prolongados apagones, que intranquilizan a la poblaci\u00f3n y generan p\u00e9rdidas en los diferentes sectores de la econom\u00eda. \u201cLas tediosas y largas tandas\u2026","rel":"","context":"En \u00abPOLITICA\u00bb","block_context":{"text":"POLITICA","link":"https:\/\/lasprimeras.com.do\/index.php\/category\/politica\/"},"img":{"alt_text":"","src":"https:\/\/i0.wp.com\/lasprimeras.com.do\/wp-content\/uploads\/2025\/08\/HATO-MAYOR.jpg?resize=350%2C200&ssl=1","width":350,"height":200,"srcset":"https:\/\/i0.wp.com\/lasprimeras.com.do\/wp-content\/uploads\/2025\/08\/HATO-MAYOR.jpg?resize=350%2C200&ssl=1 1x, https:\/\/i0.wp.com\/lasprimeras.com.do\/wp-content\/uploads\/2025\/08\/HATO-MAYOR.jpg?resize=525%2C300&ssl=1 1.5x, https:\/\/i0.wp.com\/lasprimeras.com.do\/wp-content\/uploads\/2025\/08\/HATO-MAYOR.jpg?resize=700%2C400&ssl=1 2x"},"classes":[]},{"id":69195,"url":"https:\/\/lasprimeras.com.do\/index.php\/2023\/11\/30\/defensa-civil-continua-levantando-escombros-tras-accidente-en-quita-sueno\/","url_meta":{"origin":102785,"position":4},"title":"Defensa Civil contin\u00faa levantando escombros tras accidente en Quita Sue\u00f1o","author":"BIMARY DE JES\u00daS Matos","date":"30 de noviembre de 2023","format":false,"excerpt":"Haina.-Unidades de la Defensa Civil contin\u00faan escarbando este jueves entre los escombros producidos tras el choque de una patana a un autob\u00fas de pasajeros en el municipio de Quita Sue\u00f1o, Haina, que hasta el momento ha dejado un saldo de 10 personas muertas y 15 heridos. El accidente ocurri\u00f3 ayer\u2026","rel":"","context":"En \u00abPORTADA\u00bb","block_context":{"text":"PORTADA","link":"https:\/\/lasprimeras.com.do\/index.php\/category\/portada\/"},"img":{"alt_text":"","src":"https:\/\/i0.wp.com\/lasprimeras.com.do\/wp-content\/uploads\/2023\/11\/WhatsApp-Image-2023-11-30-at-12.17.32-PM-2.jpeg?resize=350%2C200&ssl=1","width":350,"height":200,"srcset":"https:\/\/i0.wp.com\/lasprimeras.com.do\/wp-content\/uploads\/2023\/11\/WhatsApp-Image-2023-11-30-at-12.17.32-PM-2.jpeg?resize=350%2C200&ssl=1 1x, https:\/\/i0.wp.com\/lasprimeras.com.do\/wp-content\/uploads\/2023\/11\/WhatsApp-Image-2023-11-30-at-12.17.32-PM-2.jpeg?resize=525%2C300&ssl=1 1.5x"},"classes":[]},{"id":48966,"url":"https:\/\/lasprimeras.com.do\/index.php\/2023\/05\/05\/pese-a-constantes-apagones-gobierno-dice-sistema-energetico-hace-historia\/","url_meta":{"origin":102785,"position":5},"title":"Pese a constantes apagones gobierno dice \u00absistema energ\u00e9tico hace historia\u00bb","author":"prenxa100","date":"5 de mayo de 2023","format":false,"excerpt":"Quejas por apagones ocurridos durante los \u00faltimos d\u00edas no han cesado. Santo Domingo. \u2013 A pesar de la desesperaci\u00f3n por la largas tandas de apagones que ha llevado a los ciudadanos a realizar protestas y quema de gomas, el gobierno dice que el sistema energ\u00e9tico nacional registr\u00f3 \u00abun pico hist\u00f3rico\u2026","rel":"","context":"En \u00abDEPORTES\u00bb","block_context":{"text":"DEPORTES","link":"https:\/\/lasprimeras.com.do\/index.php\/category\/deportes\/"},"img":{"alt_text":"","src":"","width":0,"height":0},"classes":[]}],"jetpack_sharing_enabled":true,"_links":{"self":[{"href":"https:\/\/lasprimeras.com.do\/index.php\/wp-json\/wp\/v2\/posts\/102785","targetHints":{"allow":["GET"]}}],"collection":[{"href":"https:\/\/lasprimeras.com.do\/index.php\/wp-json\/wp\/v2\/posts"}],"about":[{"href":"https:\/\/lasprimeras.com.do\/index.php\/wp-json\/wp\/v2\/types\/post"}],"author":[{"embeddable":true,"href":"https:\/\/lasprimeras.com.do\/index.php\/wp-json\/wp\/v2\/users\/2"}],"replies":[{"embeddable":true,"href":"https:\/\/lasprimeras.com.do\/index.php\/wp-json\/wp\/v2\/comments?post=102785"}],"version-history":[{"count":2,"href":"https:\/\/lasprimeras.com.do\/index.php\/wp-json\/wp\/v2\/posts\/102785\/revisions"}],"predecessor-version":[{"id":102790,"href":"https:\/\/lasprimeras.com.do\/index.php\/wp-json\/wp\/v2\/posts\/102785\/revisions\/102790"}],"wp:featuredmedia":[{"embeddable":true,"href":"https:\/\/lasprimeras.com.do\/index.php\/wp-json\/wp\/v2\/media\/102787"}],"wp:attachment":[{"href":"https:\/\/lasprimeras.com.do\/index.php\/wp-json\/wp\/v2\/media?parent=102785"}],"wp:term":[{"taxonomy":"category","embeddable":true,"href":"https:\/\/lasprimeras.com.do\/index.php\/wp-json\/wp\/v2\/categories?post=102785"},{"taxonomy":"post_tag","embeddable":true,"href":"https:\/\/lasprimeras.com.do\/index.php\/wp-json\/wp\/v2\/tags?post=102785"}],"curies":[{"name":"wp","href":"https:\/\/api.w.org\/{rel}","templated":true}]}}