{"id":102792,"date":"2025-07-08T22:39:52","date_gmt":"2025-07-09T02:39:52","guid":{"rendered":"https:\/\/lasprimeras.com.do\/?p=102792"},"modified":"2025-07-08T22:39:53","modified_gmt":"2025-07-09T02:39:53","slug":"senado-e-infotep-formalizan-acuerdo-para-robustecer-la-formacion-institucional","status":"publish","type":"post","link":"https:\/\/lasprimeras.com.do\/index.php\/2025\/07\/08\/senado-e-infotep-formalizan-acuerdo-para-robustecer-la-formacion-institucional\/","title":{"rendered":"Senado e INFOTEP formalizan acuerdo para robustecer la formaci\u00f3n institucional"},"content":{"rendered":"\n<p><strong>\u2022La C\u00e1mara Alta y el \u00f3rgano rector de la formaci\u00f3n t\u00e9cnico profesional unen esfuerzos para capacitar a senadores y su personal en \u00e1reas estrat\u00e9gicas.<\/strong><\/p>\n\n\n\n<p>El Senado de la Rep\u00fablica y el Instituto Nacional de Formaci\u00f3n T\u00e9cnico Profesional (INFOTEP) firmaron un acuerdo de colaboraci\u00f3n interinstitucional dirigido a los legisladores y colaboradores de la C\u00e1mara Alta, con miras a fortalecer sus capacidades t\u00e9cnicas, administrativas y blandas.<\/p>\n\n\n\n<p>La ceremonia se celebr\u00f3 en la sede del Congreso Nacional, y fue encabezada por el presidente del Senado, Ricardo de los Santos Polanco, junto al director general del INFOTEP, Rafael Santos Bad\u00eda.<\/p>\n\n\n\n<p>El presidente del Senado, Ricardo de los Santos, explic\u00f3 que este acuerdo es fruto de la visi\u00f3n compartida, de que solo a trav\u00e9s de la educaci\u00f3n para la innovaci\u00f3n y el desarrollo de competencias, podemos responder a los desaf\u00edos de una sociedad que evoluciona de manera constante.<\/p>\n\n\n\n<p>\u201cSabemos que la experiencia acumulada del INFOTEP, su prestigio como \u00f3rgano rector de la formaci\u00f3n t\u00e9cnico profesional, y su enfoque en la excelencia, nos acompa\u00f1ar\u00e1n en este proceso de crecimiento institucional\u201d, agreg\u00f3.<\/p>\n\n\n\n<p>De los Santos destac\u00f3 la importancia de este convenio que, \u201cadem\u00e1s de la transferencia de conocimientos, representa un compromiso profundo con la construcci\u00f3n de un Senado que se renueva, que asume la formaci\u00f3n como un eje transversal de su desempe\u00f1o institucional, y que entiende que cada colaborador capacitado es un eslab\u00f3n m\u00e1s s\u00f3lido en la cadena que sostiene la democracia dominicana\u201d.<\/p>\n\n\n\n<figure class=\"wp-block-image size-full is-resized\"><img decoding=\"async\" width=\"800\" height=\"533\" src=\"https:\/\/lasprimeras.com.do\/wp-content\/uploads\/2025\/07\/Ricardo-de-los-Santos-y-Rafael-Santos-Badia-2.jpg\" alt=\"\" class=\"wp-image-102794\" style=\"width:840px;height:auto\" srcset=\"https:\/\/lasprimeras.com.do\/wp-content\/uploads\/2025\/07\/Ricardo-de-los-Santos-y-Rafael-Santos-Badia-2.jpg 800w, https:\/\/lasprimeras.com.do\/wp-content\/uploads\/2025\/07\/Ricardo-de-los-Santos-y-Rafael-Santos-Badia-2-300x200.jpg 300w, https:\/\/lasprimeras.com.do\/wp-content\/uploads\/2025\/07\/Ricardo-de-los-Santos-y-Rafael-Santos-Badia-2-768x512.jpg 768w\" sizes=\"(max-width: 800px) 100vw, 800px\" \/><\/figure>\n\n\n\n<p>En su intervenci\u00f3n, el director general del INFOTEP present\u00f3 los aspectos centrales del acuerdo, indicando que se implementar\u00e1 un plan de formaci\u00f3n y asistencia t\u00e9cnica, alineado con las necesidades del Senado, que abarcar\u00e1 programas dise\u00f1ados para impactar positivamente la productividad y la eficacia institucional.<\/p>\n\n\n\n<p>\u201cEl INFOTEP asiste a este honorable Congreso, para rubricar un importante acuerdo con el Senado de la Rep\u00fablica por el que nos comprometemos a desarrollar un plan de formaci\u00f3n y capacitaci\u00f3n a beneficio de sus senadores y colaboradores, a fin de fortalecer los conocimientos y habilidades necesarias, para impactar la productividad y eficacia institucional\u201d, dijo Rafael Santos.<\/p>\n\n\n\n<p>El convenio, con vigencia inicial de dos a\u00f1os y posibilidad de renovaci\u00f3n, contempla asesor\u00eda especializada, actualizaci\u00f3n de programas formativos y ejecuci\u00f3n de proyectos que impulsen las capacidades t\u00e9cnicas, administrativas y blandas del personal del Senado.<\/p>\n\n\n\n<p>Las capacitaciones incluyen temas como ciberseguridad, gesti\u00f3n de datos, mantenimiento y log\u00edstica de transporte, mantenimiento y mejora de infraestructuras, gesti\u00f3n y seguridad de los servicios de alimentaci\u00f3n, protocolos de seguridad y emergencias, asistencia en salud ocupacional.<\/p>\n\n\n\n<p>Asimismo, emergencias m\u00e9dicas, estrategias de gesti\u00f3n del talento humano, desarrollo organizacional y gesti\u00f3n documental, entre otras \u00e1reas de inter\u00e9s institucional. Estas formaciones estar\u00e1n alineadas a los objetivos estrat\u00e9gicos de modernizaci\u00f3n y fortalecimiento institucional de la C\u00e1mara Alta.<\/p>\n\n\n\n<p>El Senado se encargar\u00e1 de proveer los espacios f\u00edsicos y materiales necesarios para las jornadas formativas, adem\u00e1s de colaborar con el INFOTEP en la recolecci\u00f3n de informaci\u00f3n t\u00e9cnica y en la coordinaci\u00f3n log\u00edstica.<\/p>\n\n\n\n<p>Ambas partes promover\u00e1n programas de formaci\u00f3n dual, pasant\u00edas e inserci\u00f3n laboral para participantes egresados de las acciones formativas.<\/p>\n\n\n\n<p>De igual forma, el acuerdo establece la planificaci\u00f3n conjunta de actividades complementarias como conferencias, conversatorios y proyectos especiales de formaci\u00f3n, as\u00ed como la integraci\u00f3n de un comit\u00e9 interinstitucional para dar seguimiento al cumplimiento del plan de trabajo.<\/p>\n\n\n\n<p>Con esta alianza, el Senado de la Rep\u00fablica y el INFOTEP refuerzan su compromiso con el desarrollo de capital humano calificado en el \u00e1mbito legislativo, contribuyendo a una institucionalidad m\u00e1s eficiente y conectada con los desaf\u00edos del entorno nacional.<\/p>\n\n\n\n<p>Adem\u00e1s del presidente, Ricardo de los Santos (S\u00e1nchez Ram\u00edrez), en el acto participaron los senadores Mar\u00eda Mercedes Ortiz (Hermanas Mirabal); Dagoberto Rodr\u00edguez (Independencia); Alexis Victoria (Mar\u00eda Trinidad S\u00e1nchez); Antonio Marte (Santiago Rodr\u00edguez); Eduard Espiritusanto (La Romana); y Odalis Rodriguez (Valverde); as\u00ed como funcionarios y colaboradores del Senado.<\/p>\n\n\n\n<p>Mientras del Instituto Nacional de Formaci\u00f3n T\u00e9cnico Profesional (INFOTEP) estaban presentes, adem\u00e1s de su director, Rafael Santos Bad\u00eda, la subdirectora general, Maira Morla, y funcionarios de la instituci\u00f3n e invitados especiales.<\/p>\n","protected":false},"excerpt":{"rendered":"<p>\u2022La C\u00e1mara Alta y el \u00f3rgano rector de la formaci\u00f3n t\u00e9cnico profesional unen esfuerzos para capacitar a senadores y su personal en \u00e1reas estrat\u00e9gicas. El Senado de la Rep\u00fablica y&hellip;<\/p>\n","protected":false},"author":2,"featured_media":102793,"comment_status":"open","ping_status":"open","sticky":false,"template":"","format":"standard","meta":{"content-type":"","jetpack_post_was_ever_published":false,"_jetpack_newsletter_access":"","_jetpack_dont_email_post_to_subs":false,"_jetpack_newsletter_tier_id":0,"_jetpack_memberships_contains_paywalled_content":false,"_jetpack_memberships_contains_paid_content":false,"footnotes":""},"categories":[35,25],"tags":[6088,3092,862,1880,5126,413],"class_list":["post-102792","post","type-post","status-publish","format-standard","has-post-thumbnail","hentry","category-nacionales","category-portada","tag-camara-alta","tag-colaboradores","tag-formacion","tag-infotep","tag-legisladores","tag-senado"],"jetpack_featured_media_url":"https:\/\/lasprimeras.com.do\/wp-content\/uploads\/2025\/07\/Ricardo-de-los-Santos-y-Rafael-Santos-Badia-1.jpg","jetpack-related-posts":[{"id":60771,"url":"https:\/\/lasprimeras.com.do\/index.php\/2023\/09\/18\/senado-firma-acuerdo-con-la-universidad-castilla-la-marcha-para-formacion-educativa\/","url_meta":{"origin":102792,"position":0},"title":"Senado firma acuerdo con la Universidad Castilla-La Marcha para formaci\u00f3n educativa","author":"Nelson Feliz","date":"18 de septiembre de 2023","format":false,"excerpt":"\u00a0El acuerdo permitir\u00e1 a senadores, funcionarios y colaboradores\u00a0 de la C\u00e1mara Alta, realizar maestr\u00edas de derecho constitucional y derecho p\u00fablico, de manera presencial. El presidente del Senado de la Rep\u00fablica, Ricardo De los Santos,\u00a0 firm\u00f3 un acuerdo de colaboraci\u00f3n con representantes de la Universidad de Castilla-La Mancha (UCLM), para ofrecer\u2026","rel":"","context":"En \u00abNACIONALES\u00bb","block_context":{"text":"NACIONALES","link":"https:\/\/lasprimeras.com.do\/index.php\/category\/nacionales\/"},"img":{"alt_text":"","src":"https:\/\/i0.wp.com\/lasprimeras.com.do\/wp-content\/uploads\/2023\/09\/senado-1-1.jpg?resize=350%2C200&ssl=1","width":350,"height":200,"srcset":"https:\/\/i0.wp.com\/lasprimeras.com.do\/wp-content\/uploads\/2023\/09\/senado-1-1.jpg?resize=350%2C200&ssl=1 1x, https:\/\/i0.wp.com\/lasprimeras.com.do\/wp-content\/uploads\/2023\/09\/senado-1-1.jpg?resize=525%2C300&ssl=1 1.5x, https:\/\/i0.wp.com\/lasprimeras.com.do\/wp-content\/uploads\/2023\/09\/senado-1-1.jpg?resize=700%2C400&ssl=1 2x"},"classes":[]},{"id":82808,"url":"https:\/\/lasprimeras.com.do\/index.php\/2024\/05\/07\/senado-y-oei-firman-acuerdo-para-capacitar-nuevos-senadores-y-formar-a-sus-colaboradores\/","url_meta":{"origin":102792,"position":1},"title":"Senado y OEI firman acuerdo para capacitar nuevos senadores y formar a sus colaboradores","author":"Esteffany Vargas","date":"7 de mayo de 2024","format":false,"excerpt":"El Senado de la Rep\u00fablica y la Organizaci\u00f3n de los Estados Iberoamericanos para la Educaci\u00f3n, la Ciencia y la Cultura (OEI), firmaron un acuerdo para desarrollar iniciativas de fortalecimiento y asesoramiento t\u00e9cnico en \u00e1reas como democracia, derechos humanos, educaci\u00f3n, ciencia y cultura, para la capacitaci\u00f3n de los nuevos legisladores y\u2026","rel":"","context":"En \u00abNACIONALES\u00bb","block_context":{"text":"NACIONALES","link":"https:\/\/lasprimeras.com.do\/index.php\/category\/nacionales\/"},"img":{"alt_text":"Ricardo de los Santos y Mariano Jabonero","src":"https:\/\/i0.wp.com\/lasprimeras.com.do\/wp-content\/uploads\/2024\/05\/Ricardo-de-los-Santos-y-Mariano-Jabonero-1.jpg?resize=350%2C200&ssl=1","width":350,"height":200,"srcset":"https:\/\/i0.wp.com\/lasprimeras.com.do\/wp-content\/uploads\/2024\/05\/Ricardo-de-los-Santos-y-Mariano-Jabonero-1.jpg?resize=350%2C200&ssl=1 1x, https:\/\/i0.wp.com\/lasprimeras.com.do\/wp-content\/uploads\/2024\/05\/Ricardo-de-los-Santos-y-Mariano-Jabonero-1.jpg?resize=525%2C300&ssl=1 1.5x"},"classes":[]},{"id":78929,"url":"https:\/\/lasprimeras.com.do\/index.php\/2024\/03\/21\/infotep-e-ipes-certifican-oficiales-pn-en-lenguaje-de-senas-facilitador-de-procesos-de-ensenanza\/","url_meta":{"origin":102792,"position":2},"title":"INFOTEP e IPES certifican oficiales PN en lenguaje de se\u00f1as Facilitador\u202fde\u202fProcesos\u202fde Ense\u00f1anza","author":"BIMARY DE JES\u00daS Matos","date":"21 de marzo de 2024","format":false,"excerpt":"Martin Restituyo Santo Domingo.-El Instituto Nacional de Formaci\u00f3n T\u00e9cnico Profesional (INFOTEP) y el Instituto Policial de Educaci\u00f3n Superior (IPES), certificaron a 55 oficiales del cuerpo del orden, quienes fueron capacitados en Facilitador\u202fde\u202fProcesos\u202fde Ense\u00f1anza y Aprendizaje Centrado en el Participante y en Comunicaci\u00f3n en Cultura Sorda y Lengua de Se\u00f1as, Nivel\u2026","rel":"","context":"En \u00abPORTADA\u00bb","block_context":{"text":"PORTADA","link":"https:\/\/lasprimeras.com.do\/index.php\/category\/portada\/"},"img":{"alt_text":"","src":"https:\/\/i0.wp.com\/lasprimeras.com.do\/wp-content\/uploads\/2024\/03\/WhatsApp-Image-2024-03-21-at-5.46.15-PM.jpeg?resize=350%2C200&ssl=1","width":350,"height":200,"srcset":"https:\/\/i0.wp.com\/lasprimeras.com.do\/wp-content\/uploads\/2024\/03\/WhatsApp-Image-2024-03-21-at-5.46.15-PM.jpeg?resize=350%2C200&ssl=1 1x, https:\/\/i0.wp.com\/lasprimeras.com.do\/wp-content\/uploads\/2024\/03\/WhatsApp-Image-2024-03-21-at-5.46.15-PM.jpeg?resize=525%2C300&ssl=1 1.5x, https:\/\/i0.wp.com\/lasprimeras.com.do\/wp-content\/uploads\/2024\/03\/WhatsApp-Image-2024-03-21-at-5.46.15-PM.jpeg?resize=700%2C400&ssl=1 2x, https:\/\/i0.wp.com\/lasprimeras.com.do\/wp-content\/uploads\/2024\/03\/WhatsApp-Image-2024-03-21-at-5.46.15-PM.jpeg?resize=1050%2C600&ssl=1 3x, https:\/\/i0.wp.com\/lasprimeras.com.do\/wp-content\/uploads\/2024\/03\/WhatsApp-Image-2024-03-21-at-5.46.15-PM.jpeg?resize=1400%2C800&ssl=1 4x"},"classes":[]},{"id":101077,"url":"https:\/\/lasprimeras.com.do\/index.php\/2025\/06\/15\/infotep-entrega-certificados-a-colaboradores-del-parque-industrial-itabo-en-haina\/","url_meta":{"origin":102792,"position":3},"title":"INFOTEP entrega certificados a colaboradores del Parque Industrial ITABO en Haina","author":"Nelson Feliz","date":"15 de junio de 2025","format":false,"excerpt":"El Instituto Nacional de Formaci\u00f3n T\u00e9cnico Profesional (INFOTEP) entreg\u00f3 932 certificados a 882 colaboradores de 26 empresas del Parque Industrial de ITABO, quienes completaron satisfactoriamente 44 acciones formativas especializadas, como parte del acuerdo estrat\u00e9gico con la Asociaci\u00f3n Dominicana de Zonas Francas (ADOZONA). Algunos participantes cursaron m\u00e1s de una capacitaci\u00f3n, lo\u2026","rel":"","context":"En \u00abNACIONALES\u00bb","block_context":{"text":"NACIONALES","link":"https:\/\/lasprimeras.com.do\/index.php\/category\/nacionales\/"},"img":{"alt_text":"","src":"https:\/\/i0.wp.com\/lasprimeras.com.do\/wp-content\/uploads\/2025\/06\/INFOTEP-1.jpg?resize=350%2C200&ssl=1","width":350,"height":200,"srcset":"https:\/\/i0.wp.com\/lasprimeras.com.do\/wp-content\/uploads\/2025\/06\/INFOTEP-1.jpg?resize=350%2C200&ssl=1 1x, https:\/\/i0.wp.com\/lasprimeras.com.do\/wp-content\/uploads\/2025\/06\/INFOTEP-1.jpg?resize=525%2C300&ssl=1 1.5x, https:\/\/i0.wp.com\/lasprimeras.com.do\/wp-content\/uploads\/2025\/06\/INFOTEP-1.jpg?resize=700%2C400&ssl=1 2x"},"classes":[]},{"id":101216,"url":"https:\/\/lasprimeras.com.do\/index.php\/2025\/06\/17\/municipalidad-se-integra-al-pacto-nacional-de-seguridad-vial\/","url_meta":{"origin":102792,"position":4},"title":"Municipalidad se integra al Pacto Nacional de Seguridad Vial","author":"Nelson Feliz","date":"17 de junio de 2025","format":false,"excerpt":"En el marco de la celebraci\u00f3n del Congreso internacional \u201cTr\u00e1nsito, Movilidad y Seguridad Vial\u201d, la Liga Municipal Dominicana (LMD), el Instituto Nacional de Tr\u00e1nsito y Transporte Terrestre (INTRANT), el Instituto de Formaci\u00f3n T\u00e9cnico Profesional (INFOTEP) y la Federaci\u00f3n Dominicana de Municipios (FEDOMU), suscribieron un Compromiso por la Seguridad Vial en\u2026","rel":"","context":"En \u00abNACIONALES\u00bb","block_context":{"text":"NACIONALES","link":"https:\/\/lasprimeras.com.do\/index.php\/category\/nacionales\/"},"img":{"alt_text":"","src":"https:\/\/i0.wp.com\/lasprimeras.com.do\/wp-content\/uploads\/2025\/06\/Pacto-Nacional-de-Seguridad-Vial-1.jpg?resize=350%2C200&ssl=1","width":350,"height":200,"srcset":"https:\/\/i0.wp.com\/lasprimeras.com.do\/wp-content\/uploads\/2025\/06\/Pacto-Nacional-de-Seguridad-Vial-1.jpg?resize=350%2C200&ssl=1 1x, https:\/\/i0.wp.com\/lasprimeras.com.do\/wp-content\/uploads\/2025\/06\/Pacto-Nacional-de-Seguridad-Vial-1.jpg?resize=525%2C300&ssl=1 1.5x, https:\/\/i0.wp.com\/lasprimeras.com.do\/wp-content\/uploads\/2025\/06\/Pacto-Nacional-de-Seguridad-Vial-1.jpg?resize=700%2C400&ssl=1 2x"},"classes":[]},{"id":60488,"url":"https:\/\/lasprimeras.com.do\/index.php\/2023\/09\/14\/senado-y-el-tc-firman-acuerdo-de-cooperacion-interinstitucional\/","url_meta":{"origin":102792,"position":5},"title":"Senado y el TC firman acuerdo de cooperaci\u00f3n interinstitucional","author":"Nelson Feliz","date":"14 de septiembre de 2023","format":false,"excerpt":"Los presidentes de ambas entidades, Ricardo De los Santos, y Milton Ray Guevara, acordaron elaborar una estrategia basada en temas puntuales para desarrollarlas de manera conjunta. El Senado de la Rep\u00fablica Dominicana y el Tribunal Constitucional (TC) acordaron establecer v\u00ednculos de cooperaci\u00f3n interinstitucional para desarrollar iniciativas dentro del marco de\u2026","rel":"","context":"En \u00abNACIONALES\u00bb","block_context":{"text":"NACIONALES","link":"https:\/\/lasprimeras.com.do\/index.php\/category\/nacionales\/"},"img":{"alt_text":"ACUERDO SENADO","src":"https:\/\/i0.wp.com\/lasprimeras.com.do\/wp-content\/uploads\/2023\/09\/FIRMA-ACUERDO-SENADO-4.jpg?resize=350%2C200&ssl=1","width":350,"height":200,"srcset":"https:\/\/i0.wp.com\/lasprimeras.com.do\/wp-content\/uploads\/2023\/09\/FIRMA-ACUERDO-SENADO-4.jpg?resize=350%2C200&ssl=1 1x, https:\/\/i0.wp.com\/lasprimeras.com.do\/wp-content\/uploads\/2023\/09\/FIRMA-ACUERDO-SENADO-4.jpg?resize=525%2C300&ssl=1 1.5x, https:\/\/i0.wp.com\/lasprimeras.com.do\/wp-content\/uploads\/2023\/09\/FIRMA-ACUERDO-SENADO-4.jpg?resize=700%2C400&ssl=1 2x"},"classes":[]}],"jetpack_sharing_enabled":true,"_links":{"self":[{"href":"https:\/\/lasprimeras.com.do\/index.php\/wp-json\/wp\/v2\/posts\/102792","targetHints":{"allow":["GET"]}}],"collection":[{"href":"https:\/\/lasprimeras.com.do\/index.php\/wp-json\/wp\/v2\/posts"}],"about":[{"href":"https:\/\/lasprimeras.com.do\/index.php\/wp-json\/wp\/v2\/types\/post"}],"author":[{"embeddable":true,"href":"https:\/\/lasprimeras.com.do\/index.php\/wp-json\/wp\/v2\/users\/2"}],"replies":[{"embeddable":true,"href":"https:\/\/lasprimeras.com.do\/index.php\/wp-json\/wp\/v2\/comments?post=102792"}],"version-history":[{"count":1,"href":"https:\/\/lasprimeras.com.do\/index.php\/wp-json\/wp\/v2\/posts\/102792\/revisions"}],"predecessor-version":[{"id":102795,"href":"https:\/\/lasprimeras.com.do\/index.php\/wp-json\/wp\/v2\/posts\/102792\/revisions\/102795"}],"wp:featuredmedia":[{"embeddable":true,"href":"https:\/\/lasprimeras.com.do\/index.php\/wp-json\/wp\/v2\/media\/102793"}],"wp:attachment":[{"href":"https:\/\/lasprimeras.com.do\/index.php\/wp-json\/wp\/v2\/media?parent=102792"}],"wp:term":[{"taxonomy":"category","embeddable":true,"href":"https:\/\/lasprimeras.com.do\/index.php\/wp-json\/wp\/v2\/categories?post=102792"},{"taxonomy":"post_tag","embeddable":true,"href":"https:\/\/lasprimeras.com.do\/index.php\/wp-json\/wp\/v2\/tags?post=102792"}],"curies":[{"name":"wp","href":"https:\/\/api.w.org\/{rel}","templated":true}]}}