{"id":102796,"date":"2025-07-08T17:47:00","date_gmt":"2025-07-08T21:47:00","guid":{"rendered":"https:\/\/lasprimeras.com.do\/?p=102796"},"modified":"2025-07-08T22:55:04","modified_gmt":"2025-07-09T02:55:04","slug":"senado-concluye-estudio-el-codigo-penal-presentara-informe-en-la-proxima-sesion","status":"publish","type":"post","link":"https:\/\/lasprimeras.com.do\/index.php\/2025\/07\/08\/senado-concluye-estudio-el-codigo-penal-presentara-informe-en-la-proxima-sesion\/","title":{"rendered":"Senado concluye estudio el C\u00f3digo Penal, presentar\u00e1 informe en la pr\u00f3xima sesi\u00f3n"},"content":{"rendered":"\n<p><strong>Las conclusiones de esta pieza legislativa se presentaron con la presencia de los presidentes de ambas c\u00e1maras legislativas y el voto un\u00e1nime de todos los legisladores presentes en la reuni\u00f3n.<\/strong><\/p>\n\n\n\n<p>Por Adalgisa S\u00e1nchez<\/p>\n\n\n\n<p>La Comisi\u00f3n Especial que tiene a su cargo el estudio del proyecto de Ley de C\u00f3digo Penal de la Rep\u00fablica Dominicana anunci\u00f3 que concluyeron con el an\u00e1lisis de la pieza y que ser\u00e1 el pr\u00f3ximo jueves cuando se abocar\u00e1n a presentar el informe favorable al Pleno Senatorial.<\/p>\n\n\n\n<p>Con la presencia de los presidentes de ambas c\u00e1maras legislativas, Ricardo de los Santos, por el Senado de la Rep\u00fablica, y Alfredo Pacheco, de la C\u00e1mara de Diputados; y un quorum completo de senadores y diputados, se aprobaron m\u00e1s de ocho art\u00edculos pendientes y se presentaron las conclusiones de esta pieza legislativa, las cuales fueron aprobadas a unanimidad por los presentes.<\/p>\n\n\n\n<p>Los presidentes de ambas c\u00e1maras coincidieron en expresar su compromiso para que esta pieza, ya consensuada y debatida, sea sancionada en esta legislatura que finaliza el pr\u00f3ximo 26 de julio.<\/p>\n\n\n\n<p>De igual manera, felicitaron a los miembros de la comisi\u00f3n por el \u00e1nimo que prim\u00f3 para debatir, sugerir y proponer cambios y modificaciones en los art\u00edculos que consideran, vienen a garantizar y a castigar los delitos con sanciones de hasta 60 a\u00f1os.<\/p>\n\n\n\n<p>En los trabajos de este martes los legisladores aprobaron a unanimidad la sugerencia de modificaci\u00f3n para que la Ley de C\u00f3digo Penal sea una Ley Org\u00e1nica, que lo adelante llevara por nombre \u201cLey Org\u00e1nica del C\u00f3digo Penal de la Rep\u00fablica Dominicana\u201d, sometida por el diputado de la provincia La Altagracia, Jorge Tavares.<\/p>\n\n\n\n<p>Tavares expres\u00f3 que, con \u00e9sta, se busca fortalecer la normativa legislativa y establece que para esta ser aprobada debe estar presente la tercera parte de los legisladores en el hemiciclo, con un quorum calificado, adem\u00e1s de que evita cualquier choque o interferencia con otra ley existente.<\/p>\n\n\n\n<p>En tanto que el presidente la Comisi\u00f3n, Santiago Zorrilla, inform\u00f3 que los miembros de la comisi\u00f3n realizaron un trabajo encomiable felicitando a cada uno de los presentes por sus aportes, confianza, y el consenso llevado a cabo durante los trabajos.<\/p>\n\n\n\n<p>Asimismo, inform\u00f3 que adem\u00e1s de sancionar algunos art\u00edculos de inter\u00e9s, tambi\u00e9n revisaron otros ya aprobados, y dijo que dentro de los m\u00e1s importantes aprobados este jueves est\u00e1n la sanci\u00f3n al bullying, que ser\u00e1 castigado con penas de 3 a 10 a\u00f1os de prisi\u00f3n; las violaciones a menores, el c\u00famulo de pena seg\u00fan los casos, entre otros de gran importancia.<\/p>\n\n\n\n<p>Por el Senado de la Rep\u00fablica, adem\u00e1s del presidente de la comisi\u00f3n, Santiago Zorrilla, participaron Franklin Romero, Aracelis Villanueva, Crist\u00f3bal Venerado, Omar Fern\u00e1ndez y Mois\u00e9s Ayala.<\/p>\n","protected":false},"excerpt":{"rendered":"<p>Las conclusiones de esta pieza legislativa se presentaron con la presencia de los presidentes de ambas c\u00e1maras legislativas y el voto un\u00e1nime de todos los legisladores presentes en la reuni\u00f3n.&hellip;<\/p>\n","protected":false},"author":2,"featured_media":102797,"comment_status":"open","ping_status":"open","sticky":false,"template":"","format":"standard","meta":{"content-type":"","jetpack_post_was_ever_published":false,"_jetpack_newsletter_access":"","_jetpack_dont_email_post_to_subs":false,"_jetpack_newsletter_tier_id":0,"_jetpack_memberships_contains_paywalled_content":false,"_jetpack_memberships_contains_paid_content":false,"footnotes":""},"categories":[35],"tags":[2229,13808,10366,1975,10060],"class_list":["post-102796","post","type-post","status-publish","format-standard","has-post-thumbnail","hentry","category-nacionales","tag-analisis","tag-codigo-penal","tag-comision-especial","tag-concluye","tag-estudia"],"jetpack_featured_media_url":"https:\/\/lasprimeras.com.do\/wp-content\/uploads\/2025\/07\/senado.jpg","jetpack-related-posts":[{"id":96493,"url":"https:\/\/lasprimeras.com.do\/index.php\/2025\/04\/02\/comision-bicameral-define-metodologia-de-estudio-codigo-penal\/","url_meta":{"origin":102796,"position":0},"title":"Comisi\u00f3n bicameral define metodolog\u00eda de estudio C\u00f3digo Penal","author":"Nelson Feliz","date":"2 de abril de 2025","format":false,"excerpt":"El presidente de la comisi\u00f3n, senador Santiago Jos\u00e9 Zorrilla, manifest\u00f3 que ya es tiempo de dar respuesta al pueblo que ha esperado la pieza por m\u00e1s de 20 a\u00f1os. La comisi\u00f3n bicameral designada para el estudio de los proyectos de ley de C\u00f3digo Penal de la Rep\u00fablica Dominicana acord\u00f3 este\u2026","rel":"","context":"En \u00abNACIONALES\u00bb","block_context":{"text":"NACIONALES","link":"https:\/\/lasprimeras.com.do\/index.php\/category\/nacionales\/"},"img":{"alt_text":"","src":"https:\/\/i0.wp.com\/lasprimeras.com.do\/wp-content\/uploads\/2025\/04\/comision-1.jpg?resize=350%2C200&ssl=1","width":350,"height":200,"srcset":"https:\/\/i0.wp.com\/lasprimeras.com.do\/wp-content\/uploads\/2025\/04\/comision-1.jpg?resize=350%2C200&ssl=1 1x, https:\/\/i0.wp.com\/lasprimeras.com.do\/wp-content\/uploads\/2025\/04\/comision-1.jpg?resize=525%2C300&ssl=1 1.5x"},"classes":[]},{"id":102168,"url":"https:\/\/lasprimeras.com.do\/index.php\/2025\/07\/01\/comision-especial-del-senado-concluye-analisis-proyecto-de-ley-que-modifica-codigo-de-trabajo\/","url_meta":{"origin":102796,"position":1},"title":"Comisi\u00f3n Especial del Senado concluye an\u00e1lisis proyecto de ley que modifica C\u00f3digo de Trabajo","author":"Nelson Feliz","date":"1 de julio de 2025","format":false,"excerpt":"La Comisi\u00f3n Especial del Senado designada para estudiar el proyecto de ley que introduce modificaciones a la Ley n\u00fam. 16-92, del 29 de mayo de 1992 que aprueba el C\u00f3digo de Trabajo, concluy\u00f3 este martes el proceso de an\u00e1lisis de la pieza legislativa, y se apresta a rendir informe favorable\u2026","rel":"","context":"En \u00abNACIONALES\u00bb","block_context":{"text":"NACIONALES","link":"https:\/\/lasprimeras.com.do\/index.php\/category\/nacionales\/"},"img":{"alt_text":"","src":"https:\/\/i0.wp.com\/lasprimeras.com.do\/wp-content\/uploads\/2025\/07\/senado-1.jpg?resize=350%2C200&ssl=1","width":350,"height":200,"srcset":"https:\/\/i0.wp.com\/lasprimeras.com.do\/wp-content\/uploads\/2025\/07\/senado-1.jpg?resize=350%2C200&ssl=1 1x, https:\/\/i0.wp.com\/lasprimeras.com.do\/wp-content\/uploads\/2025\/07\/senado-1.jpg?resize=525%2C300&ssl=1 1.5x, https:\/\/i0.wp.com\/lasprimeras.com.do\/wp-content\/uploads\/2025\/07\/senado-1.jpg?resize=700%2C400&ssl=1 2x"},"classes":[]},{"id":105281,"url":"https:\/\/lasprimeras.com.do\/index.php\/2025\/08\/01\/senado-convirtio-en-ley-el-codigo-penal-de-la-republica-dominicana\/","url_meta":{"origin":102796,"position":2},"title":"Senado convirti\u00f3 en ley el C\u00f3digo Penal de la Rep\u00fablica Dominicana","author":"Nelson Feliz","date":"1 de agosto de 2025","format":false,"excerpt":"De pie, con aplausos y una votaci\u00f3n de 26 de 27 senadores, el Pleno del Senado aprob\u00f3 la novedosa propuesta legislativa luego de m\u00e1s de 25 a\u00f1os de estudio y debates en el Congreso Nacional. Por Adalgisa S\u00e1nchez El Senado de la Rep\u00fablica aprob\u00f3 en \u00fanica lectura las 64 modificaciones\u2026","rel":"","context":"En \u00abNACIONALES\u00bb","block_context":{"text":"NACIONALES","link":"https:\/\/lasprimeras.com.do\/index.php\/category\/nacionales\/"},"img":{"alt_text":"","src":"https:\/\/i0.wp.com\/lasprimeras.com.do\/wp-content\/uploads\/2025\/08\/Senado-de-la-Republica-1.jpg?resize=350%2C200&ssl=1","width":350,"height":200,"srcset":"https:\/\/i0.wp.com\/lasprimeras.com.do\/wp-content\/uploads\/2025\/08\/Senado-de-la-Republica-1.jpg?resize=350%2C200&ssl=1 1x, https:\/\/i0.wp.com\/lasprimeras.com.do\/wp-content\/uploads\/2025\/08\/Senado-de-la-Republica-1.jpg?resize=525%2C300&ssl=1 1.5x, https:\/\/i0.wp.com\/lasprimeras.com.do\/wp-content\/uploads\/2025\/08\/Senado-de-la-Republica-1.jpg?resize=700%2C400&ssl=1 2x"},"classes":[]},{"id":102118,"url":"https:\/\/lasprimeras.com.do\/index.php\/2025\/07\/01\/comision-bicameral-estudia-codigo-penal-se-declara-en-sesion-permanente\/","url_meta":{"origin":102796,"position":3},"title":"Comisi\u00f3n Bicameral estudia C\u00f3digo Penal se declara en sesi\u00f3n permanente","author":"Nelson Feliz","date":"1 de julio de 2025","format":false,"excerpt":"Con la participaci\u00f3n de los presidentes del Senado de la Rep\u00fablica, Ricardo de los Santos y de la C\u00e1mara de Diputados, Alfredo Pacheco, la Comisi\u00f3n Bicameral que estudia el proyecto de ley de C\u00f3digo Penal de la Republica Dominicana se declar\u00f3 este lunes en sesi\u00f3n permanente hasta concluir el estudio\u2026","rel":"","context":"En \u00abNACIONALES\u00bb","block_context":{"text":"NACIONALES","link":"https:\/\/lasprimeras.com.do\/index.php\/category\/nacionales\/"},"img":{"alt_text":"","src":"https:\/\/i0.wp.com\/lasprimeras.com.do\/wp-content\/uploads\/2025\/07\/Codigo-Penal.jpg?resize=350%2C200&ssl=1","width":350,"height":200,"srcset":"https:\/\/i0.wp.com\/lasprimeras.com.do\/wp-content\/uploads\/2025\/07\/Codigo-Penal.jpg?resize=350%2C200&ssl=1 1x, https:\/\/i0.wp.com\/lasprimeras.com.do\/wp-content\/uploads\/2025\/07\/Codigo-Penal.jpg?resize=525%2C300&ssl=1 1.5x, https:\/\/i0.wp.com\/lasprimeras.com.do\/wp-content\/uploads\/2025\/07\/Codigo-Penal.jpg?resize=700%2C400&ssl=1 2x"},"classes":[]},{"id":85239,"url":"https:\/\/lasprimeras.com.do\/index.php\/2024\/06\/26\/senado-aprueba-proyecto-de-ley-codigo-penal-y-envia-estudio-a-comision-especial\/","url_meta":{"origin":102796,"position":4},"title":"Senado aprueba proyecto de ley C\u00f3digo Penal y env\u00eda estudio a comisi\u00f3n especial","author":"Nelson Feliz","date":"26 de junio de 2024","format":false,"excerpt":"El Senado de la Rep\u00fablica aprob\u00f3 en primera lectura y envi\u00f3 a una comisi\u00f3n especial el proyecto de C\u00f3digo Penal, que establece nuevos cargos penales y c\u00famulos de penas, castiga el genocidio, feminicidio, sicariato y da\u00f1os con sustancias qu\u00edmicas, con penas desde 30 a 40 a\u00f1os de prisi\u00f3n. La iniciativa\u2026","rel":"","context":"En \u00abNACIONALES\u00bb","block_context":{"text":"NACIONALES","link":"https:\/\/lasprimeras.com.do\/index.php\/category\/nacionales\/"},"img":{"alt_text":"Ricardo de los Santos","src":"https:\/\/i0.wp.com\/lasprimeras.com.do\/wp-content\/uploads\/2024\/06\/Ricardo-de-los-Santos-6.jpg?resize=350%2C200&ssl=1","width":350,"height":200,"srcset":"https:\/\/i0.wp.com\/lasprimeras.com.do\/wp-content\/uploads\/2024\/06\/Ricardo-de-los-Santos-6.jpg?resize=350%2C200&ssl=1 1x, https:\/\/i0.wp.com\/lasprimeras.com.do\/wp-content\/uploads\/2024\/06\/Ricardo-de-los-Santos-6.jpg?resize=525%2C300&ssl=1 1.5x, https:\/\/i0.wp.com\/lasprimeras.com.do\/wp-content\/uploads\/2024\/06\/Ricardo-de-los-Santos-6.jpg?resize=700%2C400&ssl=1 2x"},"classes":[]},{"id":112481,"url":"https:\/\/lasprimeras.com.do\/index.php\/2025\/10\/22\/ricardo-de-los-santos-coordinada-con-actores-del-sistema-judicial-para-aprobar-reforma-al-codigo-procesal-penal\/","url_meta":{"origin":102796,"position":5},"title":"Ricardo de los Santos coordinada con actores del Sistema Judicial para aprobar reforma al C\u00f3digo Procesal Penal","author":"Nelson Feliz","date":"22 de octubre de 2025","format":false,"excerpt":"Trabajando de manera abierta y coordinada con instituciones del sistema judicial dominicano y organizaciones de la sociedad, permanece la Comisi\u00f3n de Justicia y Derechos Humanos, para actualizar y ajustar a los nuevos tiempos el Proyecto de Ley de modificaci\u00f3n al C\u00f3digo Procesal Penal de la Rep\u00fablica Dominicana, destac\u00f3 este mi\u00e9rcoles\u2026","rel":"","context":"En \u00abNACIONALES\u00bb","block_context":{"text":"NACIONALES","link":"https:\/\/lasprimeras.com.do\/index.php\/category\/nacionales\/"},"img":{"alt_text":"","src":"https:\/\/i0.wp.com\/lasprimeras.com.do\/wp-content\/uploads\/2025\/10\/Ricardo-de-los-Santos-1-1.jpg?resize=350%2C200&ssl=1","width":350,"height":200,"srcset":"https:\/\/i0.wp.com\/lasprimeras.com.do\/wp-content\/uploads\/2025\/10\/Ricardo-de-los-Santos-1-1.jpg?resize=350%2C200&ssl=1 1x, https:\/\/i0.wp.com\/lasprimeras.com.do\/wp-content\/uploads\/2025\/10\/Ricardo-de-los-Santos-1-1.jpg?resize=525%2C300&ssl=1 1.5x, https:\/\/i0.wp.com\/lasprimeras.com.do\/wp-content\/uploads\/2025\/10\/Ricardo-de-los-Santos-1-1.jpg?resize=700%2C400&ssl=1 2x"},"classes":[]}],"jetpack_sharing_enabled":true,"_links":{"self":[{"href":"https:\/\/lasprimeras.com.do\/index.php\/wp-json\/wp\/v2\/posts\/102796","targetHints":{"allow":["GET"]}}],"collection":[{"href":"https:\/\/lasprimeras.com.do\/index.php\/wp-json\/wp\/v2\/posts"}],"about":[{"href":"https:\/\/lasprimeras.com.do\/index.php\/wp-json\/wp\/v2\/types\/post"}],"author":[{"embeddable":true,"href":"https:\/\/lasprimeras.com.do\/index.php\/wp-json\/wp\/v2\/users\/2"}],"replies":[{"embeddable":true,"href":"https:\/\/lasprimeras.com.do\/index.php\/wp-json\/wp\/v2\/comments?post=102796"}],"version-history":[{"count":1,"href":"https:\/\/lasprimeras.com.do\/index.php\/wp-json\/wp\/v2\/posts\/102796\/revisions"}],"predecessor-version":[{"id":102798,"href":"https:\/\/lasprimeras.com.do\/index.php\/wp-json\/wp\/v2\/posts\/102796\/revisions\/102798"}],"wp:featuredmedia":[{"embeddable":true,"href":"https:\/\/lasprimeras.com.do\/index.php\/wp-json\/wp\/v2\/media\/102797"}],"wp:attachment":[{"href":"https:\/\/lasprimeras.com.do\/index.php\/wp-json\/wp\/v2\/media?parent=102796"}],"wp:term":[{"taxonomy":"category","embeddable":true,"href":"https:\/\/lasprimeras.com.do\/index.php\/wp-json\/wp\/v2\/categories?post=102796"},{"taxonomy":"post_tag","embeddable":true,"href":"https:\/\/lasprimeras.com.do\/index.php\/wp-json\/wp\/v2\/tags?post=102796"}],"curies":[{"name":"wp","href":"https:\/\/api.w.org\/{rel}","templated":true}]}}