{"id":102805,"date":"2025-07-08T23:19:59","date_gmt":"2025-07-09T03:19:59","guid":{"rendered":"https:\/\/lasprimeras.com.do\/?p=102805"},"modified":"2025-07-08T23:20:00","modified_gmt":"2025-07-09T03:20:00","slug":"leonel-fernandez-la-humanidad-necesita-una-ia-mas-incluyente-que-empodere-a-las-personas","status":"publish","type":"post","link":"https:\/\/lasprimeras.com.do\/index.php\/2025\/07\/08\/leonel-fernandez-la-humanidad-necesita-una-ia-mas-incluyente-que-empodere-a-las-personas\/","title":{"rendered":"Leonel Fern\u00e1ndez: La humanidad necesita una IA m\u00e1s incluyente, \u201cque empodere a las personas\u201d"},"content":{"rendered":"\n<p><strong>Durante la apertura del V Foro Global @ Casa de Campo, el expresidente dominicano hizo un recorrido hist\u00f3rico sobre el desarrollo de la IA y alert\u00f3 sobre sus retos \u00e9ticos, geopol\u00edticos y sociales.<\/strong><\/p>\n\n\n\n<p>El expresidente de la Rep\u00fablica, Leonel Fern\u00e1ndez, afirm\u00f3 que la humanidad necesita una inteligencia artificial \u201cm\u00e1s incluyente, m\u00e1s sostenible, m\u00e1s accesible, m\u00e1s regulada y, sobre todo, que empodere a las personas\u201d.<\/p>\n\n\n\n<p>Sus palabras marcaron el inicio formal del V Foro Global @ Casa de Campo, un evento organizado por la Fundaci\u00f3n Global Democracia y Desarrollo (Funglode), que se celebra los d\u00edas 7 y 8 de julio en La Romana.<\/p>\n\n\n\n<p>Fern\u00e1ndez traz\u00f3 una l\u00ednea cronol\u00f3gica que abarc\u00f3 desde los or\u00edgenes de la IA con Alan Turing, pasando por los llamados \u201cinviernos\u201d tecnol\u00f3gicos de d\u00e9cadas anteriores, hasta llegar a la aceleraci\u00f3n sin precedentes que vivimos hoy, impulsada por el desarrollo de modelos como GPT-4, Gemini o Copilot.<\/p>\n\n\n\n<p>\u201cEstamos en presencia de una revoluci\u00f3n que redefine no solo nuestra vida cotidiana, sino tambi\u00e9n la condici\u00f3n humana\u201d, afirm\u00f3.<\/p>\n\n\n\n<p>En su alocuci\u00f3n, el tambi\u00e9n presidente de Funglode advirti\u00f3 sobre los dilemas \u00e9ticos y las tensiones geopol\u00edticas que acompa\u00f1an esta tecnolog\u00eda.<\/p>\n\n\n\n<p>Se\u00f1al\u00f3 la pugna entre Estados Unidos y China por la supremac\u00eda tecnol\u00f3gica global, as\u00ed como los desaf\u00edos para una gobernanza internacional efectiva, en un contexto donde \u201ctanto la falta de regulaci\u00f3n como su exceso pueden representar amenazas\u201d.<\/p>\n\n\n\n<p>Tambi\u00e9n destac\u00f3 el auge de aplicaciones como los veh\u00edculos aut\u00f3nomos, las interfaces cerebro-computadora y los algoritmos predictivos, como indicios de una transformaci\u00f3n profunda en curso.<\/p>\n\n\n\n<figure class=\"wp-block-image size-full\"><img decoding=\"async\" width=\"900\" height=\"599\" src=\"https:\/\/lasprimeras.com.do\/wp-content\/uploads\/2025\/07\/Leonel-Fernandez-2.jpg\" alt=\"\" class=\"wp-image-102807\" srcset=\"https:\/\/lasprimeras.com.do\/wp-content\/uploads\/2025\/07\/Leonel-Fernandez-2.jpg 900w, https:\/\/lasprimeras.com.do\/wp-content\/uploads\/2025\/07\/Leonel-Fernandez-2-300x200.jpg 300w, https:\/\/lasprimeras.com.do\/wp-content\/uploads\/2025\/07\/Leonel-Fernandez-2-768x511.jpg 768w\" sizes=\"(max-width: 900px) 100vw, 900px\" \/><\/figure>\n\n\n\n<p>Fern\u00e1ndez cerr\u00f3 su intervenci\u00f3n abogando por una colaboraci\u00f3n multisectorial que involucre a gobiernos, empresas, academia y sociedad civil, con el fin de asegurar que la inteligencia artificial se convierta en una herramienta de inclusi\u00f3n y no de exclusi\u00f3n.<\/p>\n\n\n\n<p>\u201cEsperamos que este foro contribuya a que as\u00ed sea, haci\u00e9ndose eco de esos valores, principios e ideales\u201d, concluy\u00f3.<\/p>\n\n\n\n<p><strong>Sobre el Foro Global<\/strong><\/p>\n\n\n\n<p>Bajo el t\u00edtulo \u201cEl Futuro de la Inteligencia Artificial: Innovaci\u00f3n, \u00c9tica y Desaf\u00edos Globales\u201d, el V Foro Global @ Casa de Campo re\u00fane a expertos internacionales, acad\u00e9micos, empresarios y representantes de organismos p\u00fablicos y privados para debatir sobre los impactos de la inteligencia artificial en sectores clave como la salud, la educaci\u00f3n, la industria, la cultura y la seguridad.<\/p>\n\n\n\n<p>Entre los conferencistas internacionales figuran el Dr. Sam Pitroda, presidente del Pitroda Group; Sayash Kapoor, investigador de Princeton University y senior fellow de Mozilla; y el Dr. Douglas C. Ng, del Digital Data Design Institute en Harvard.<\/p>\n\n\n\n<p>Tambi\u00e9n participan expertos de entidades como Google, MIT RAISE, Teachers College \u2013 Columbia University e Illinois Institute of Technology.<\/p>\n\n\n\n<p>El programa incluye paneles especializados sobre la incidencia de la IA en la medicina personalizada, la transformaci\u00f3n educativa, la ciberseguridad, la agroindustria y las industrias creativas. Adem\u00e1s, se discuten los efectos del auge de la IA generativa en el empleo y las pol\u00edticas p\u00fablicas.<\/p>\n\n\n\n<p>El evento se inici\u00f3 el lunes con un c\u00f3ctel de bienvenida y contin\u00faa hoy martes con una jornada completa de actividades en el Marina Riverside Center.<\/p>\n\n\n\n<p>Durante sus palabras de apertura, el director ejecutivo de Funglode, Marcos Herrera, destac\u00f3 que el debate sobre la inteligencia artificial \u201cya no es opcional, es ineludible\u201d.<\/p>\n\n\n\n<p>Record\u00f3 que hace dos a\u00f1os, durante un foro similar, el pa\u00eds apenas comenzaba a discutir los posibles impactos de esta tecnolog\u00eda, y que, a partir de ese impulso, se ha promovido una estrategia nacional de IA, iniciativas legislativas y un posicionamiento internacional m\u00e1s s\u00f3lido en la materia.<\/p>\n\n\n\n<p>Herrera subray\u00f3 que espacios como este foro permiten enfrentar riesgos estructurales, como la p\u00e9rdida de empleos, el sesgo algor\u00edtmico o la desinformaci\u00f3n automatizada, al tiempo que fomentan una innovaci\u00f3n \u00e9tica.<\/p>\n\n\n\n<p>\u201cCentros de pensamiento como Funglode tienen la responsabilidad de aportar conocimiento riguroso a los tomadores de decisiones y de educar a la ciudadan\u00eda para decidir c\u00f3mo queremos convivir con estas tecnolog\u00edas\u201d, expres\u00f3.<\/p>\n","protected":false},"excerpt":{"rendered":"<p>Durante la apertura del V Foro Global @ Casa de Campo, el expresidente dominicano hizo un recorrido hist\u00f3rico sobre el desarrollo de la IA y alert\u00f3 sobre sus retos \u00e9ticos,&hellip;<\/p>\n","protected":false},"author":2,"featured_media":102806,"comment_status":"open","ping_status":"open","sticky":false,"template":"","format":"standard","meta":{"content-type":"","jetpack_post_was_ever_published":false,"_jetpack_newsletter_access":"","_jetpack_dont_email_post_to_subs":false,"_jetpack_newsletter_tier_id":0,"_jetpack_memberships_contains_paywalled_content":false,"_jetpack_memberships_contains_paid_content":false,"footnotes":""},"categories":[35,25],"tags":[21368,21371,7887,85,51,412,21370,21369],"class_list":["post-102805","post","type-post","status-publish","format-standard","has-post-thumbnail","hentry","category-nacionales","category-portada","tag-empodere","tag-geopoliticos","tag-humanidad","tag-inteligencia-artificial","tag-leonel-fernandez","tag-personas","tag-retos-eticos","tag-v-foro-global"],"jetpack_featured_media_url":"https:\/\/lasprimeras.com.do\/wp-content\/uploads\/2025\/07\/Leonel-Fernandez-1.jpg","jetpack-related-posts":[{"id":106424,"url":"https:\/\/lasprimeras.com.do\/index.php\/2025\/08\/14\/leonel-fernandez-llama-a-fortalecer-el-ministerio-de-educacion-superior-para-garantizar-universidades-de-calidad\/","url_meta":{"origin":102805,"position":0},"title":"Leonel Fern\u00e1ndez llama a fortalecer el Ministerio de Educaci\u00f3n Superior para garantizar universidades de calidad","author":"Nelson Feliz","date":"14 de agosto de 2025","format":false,"excerpt":"En conferencia en Santiago el expresidente expone los retos y oportunidades que la revoluci\u00f3n tecnol\u00f3gica plantea para la academia dominicana. En el marco de la celebraci\u00f3n del 40 aniversario de la fundaci\u00f3n del recinto Santiago de la Universidad Aut\u00f3noma de Santo Domingo (UASD), el expresidente de la Rep\u00fablica Dominicana, Leonel\u2026","rel":"","context":"En \u00abPOLITICA\u00bb","block_context":{"text":"POLITICA","link":"https:\/\/lasprimeras.com.do\/index.php\/category\/politica\/"},"img":{"alt_text":"Leonel Fern\u00e1ndez","src":"https:\/\/i0.wp.com\/lasprimeras.com.do\/wp-content\/uploads\/2025\/08\/Leonel-Fernandez-1.jpg?resize=350%2C200&ssl=1","width":350,"height":200,"srcset":"https:\/\/i0.wp.com\/lasprimeras.com.do\/wp-content\/uploads\/2025\/08\/Leonel-Fernandez-1.jpg?resize=350%2C200&ssl=1 1x, https:\/\/i0.wp.com\/lasprimeras.com.do\/wp-content\/uploads\/2025\/08\/Leonel-Fernandez-1.jpg?resize=525%2C300&ssl=1 1.5x, https:\/\/i0.wp.com\/lasprimeras.com.do\/wp-content\/uploads\/2025\/08\/Leonel-Fernandez-1.jpg?resize=700%2C400&ssl=1 2x"},"classes":[]},{"id":125641,"url":"https:\/\/lasprimeras.com.do\/index.php\/2026\/03\/25\/leonel-fernandez-afirma-que-la-ia-inaugura-una-nueva-era-en-la-medicina\/","url_meta":{"origin":102805,"position":1},"title":"Leonel Fern\u00e1ndez afirma que la IA inaugura una nueva era en la medicina","author":"Nelson Feliz","date":"25 de marzo de 2026","format":false,"excerpt":"Expresidente Fern\u00e1ndez plantea convertir a la Rep\u00fablica Dominicana en un hub de innovaci\u00f3n en salud. El expresidente de la Rep\u00fablica y presidente de la Fundaci\u00f3n Global Democracia y Desarrollo (Funglode), Leonel Fern\u00e1ndez, afirm\u00f3 este martes que la inteligencia artificial est\u00e1 marcando el inicio de una nueva etapa en la medicina,\u2026","rel":"","context":"En \u00abPOLITICA\u00bb","block_context":{"text":"POLITICA","link":"https:\/\/lasprimeras.com.do\/index.php\/category\/politica\/"},"img":{"alt_text":"Leonel Fern\u00e1ndez","src":"https:\/\/i0.wp.com\/lasprimeras.com.do\/wp-content\/uploads\/2026\/03\/Leonel-Fernandez-1.jpg?resize=350%2C200&ssl=1","width":350,"height":200,"srcset":"https:\/\/i0.wp.com\/lasprimeras.com.do\/wp-content\/uploads\/2026\/03\/Leonel-Fernandez-1.jpg?resize=350%2C200&ssl=1 1x, https:\/\/i0.wp.com\/lasprimeras.com.do\/wp-content\/uploads\/2026\/03\/Leonel-Fernandez-1.jpg?resize=525%2C300&ssl=1 1.5x, https:\/\/i0.wp.com\/lasprimeras.com.do\/wp-content\/uploads\/2026\/03\/Leonel-Fernandez-1.jpg?resize=700%2C400&ssl=1 2x"},"classes":[]},{"id":121463,"url":"https:\/\/lasprimeras.com.do\/index.php\/2026\/02\/03\/inteligencia-artificial-y-el-reto-de-la-justicia-social\/","url_meta":{"origin":102805,"position":2},"title":"Inteligencia Artificial y el reto de la justicia social","author":"Nelson Feliz","date":"3 de febrero de 2026","format":false,"excerpt":"Por Araceli Aguilar Salgado \"El verdadero progreso no consiste en aumentar la riqueza, sino en distribuirla mejor.\" Henry George La inteligencia artificial (IA) parece destinada a transformar nuestras vidas en todos los \u00e1mbitos: desde la educaci\u00f3n y la salud, hasta el trabajo y la gobernanza. Sin embargo, este avance tecnol\u00f3gico\u2026","rel":"","context":"En \u00abTECNOL\u00d3GIA\u00bb","block_context":{"text":"TECNOL\u00d3GIA","link":"https:\/\/lasprimeras.com.do\/index.php\/category\/tecnologia\/"},"img":{"alt_text":"inteligencia artificial","src":"https:\/\/i0.wp.com\/lasprimeras.com.do\/wp-content\/uploads\/2024\/01\/inteligencia-artificial.jpg?resize=350%2C200&ssl=1","width":350,"height":200,"srcset":"https:\/\/i0.wp.com\/lasprimeras.com.do\/wp-content\/uploads\/2024\/01\/inteligencia-artificial.jpg?resize=350%2C200&ssl=1 1x, https:\/\/i0.wp.com\/lasprimeras.com.do\/wp-content\/uploads\/2024\/01\/inteligencia-artificial.jpg?resize=525%2C300&ssl=1 1.5x"},"classes":[]},{"id":121675,"url":"https:\/\/lasprimeras.com.do\/index.php\/2026\/02\/03\/la-embajadora-de-los-estados-unidos-visita-al-expresidente-leonel-fernandez-en-funglode\/","url_meta":{"origin":102805,"position":3},"title":"La embajadora de los Estados Unidos visita al expresidente Leonel Fern\u00e1ndez en Funglode","author":"Nelson Feliz","date":"3 de febrero de 2026","format":false,"excerpt":"La embajadora de los Estados Unidos en la Rep\u00fablica Dominicana, Leah Francis Campos, realiz\u00f3 este martes una visita al expresidente de la Rep\u00fablica, doctor Leonel Fern\u00e1ndez, en las instalaciones de la Fundaci\u00f3n Global Democracia y Desarrollo (Funglode), donde sostuvieron un encuentro cordial que vers\u00f3 sobre diversos temas. Durante la reuni\u00f3n,\u2026","rel":"","context":"En \u00abPOLITICA\u00bb","block_context":{"text":"POLITICA","link":"https:\/\/lasprimeras.com.do\/index.php\/category\/politica\/"},"img":{"alt_text":"","src":"https:\/\/i0.wp.com\/lasprimeras.com.do\/wp-content\/uploads\/2026\/02\/leo.jpg?resize=350%2C200&ssl=1","width":350,"height":200,"srcset":"https:\/\/i0.wp.com\/lasprimeras.com.do\/wp-content\/uploads\/2026\/02\/leo.jpg?resize=350%2C200&ssl=1 1x, https:\/\/i0.wp.com\/lasprimeras.com.do\/wp-content\/uploads\/2026\/02\/leo.jpg?resize=525%2C300&ssl=1 1.5x"},"classes":[]},{"id":109989,"url":"https:\/\/lasprimeras.com.do\/index.php\/2025\/09\/24\/leonel-fernandez-resalta-en-new-jersey-aportes-de-la-diaspora-al-desarrollo-de-rd\/","url_meta":{"origin":102805,"position":4},"title":"Leonel Fern\u00e1ndez resalta en New Jersey aportes de la di\u00e1spora al desarrollo de RD","author":"Nelson Feliz","date":"24 de septiembre de 2025","format":false,"excerpt":"New Jersey. \u2013 Desde un abarrotado acto celebrado en la ciudad de Saddle Brook, en New Jersey, el expresidente de la Rep\u00fablica Dominicana y presidente de la Fuerza del Pueblo (FP), Leonel Fern\u00e1ndez, destac\u00f3 el papel fundamental de la di\u00e1spora dominicana en el desarrollo econ\u00f3mico y social del pa\u00eds. La\u2026","rel":"","context":"En \u00abPOLITICA\u00bb","block_context":{"text":"POLITICA","link":"https:\/\/lasprimeras.com.do\/index.php\/category\/politica\/"},"img":{"alt_text":"","src":"https:\/\/i0.wp.com\/lasprimeras.com.do\/wp-content\/uploads\/2025\/09\/Leonel-Fernandez-1-1.jpg?resize=350%2C200&ssl=1","width":350,"height":200,"srcset":"https:\/\/i0.wp.com\/lasprimeras.com.do\/wp-content\/uploads\/2025\/09\/Leonel-Fernandez-1-1.jpg?resize=350%2C200&ssl=1 1x, https:\/\/i0.wp.com\/lasprimeras.com.do\/wp-content\/uploads\/2025\/09\/Leonel-Fernandez-1-1.jpg?resize=525%2C300&ssl=1 1.5x, https:\/\/i0.wp.com\/lasprimeras.com.do\/wp-content\/uploads\/2025\/09\/Leonel-Fernandez-1-1.jpg?resize=700%2C400&ssl=1 2x"},"classes":[]},{"id":122604,"url":"https:\/\/lasprimeras.com.do\/index.php\/2026\/02\/19\/leonel-fernandez-participa-como-orador-principal-en-el-montessori-model-un-en-la-sede-de-las-naciones-unidas\/","url_meta":{"origin":102805,"position":5},"title":"Leonel Fern\u00e1ndez participa como orador principal en el Montessori Model UN en la sede de las Naciones Unidas","author":"Nelson Feliz","date":"19 de febrero de 2026","format":false,"excerpt":"Nueva York.- El expresidente de la Rep\u00fablica Dominicana, Leonel Fern\u00e1ndez, particip\u00f3 como orador principal en el Montessori Model United Nations (MMUN), celebrado en el Sal\u00f3n de la Asamblea General de la sede de las Naciones Unidas, en la ciudad de Nueva York. Fern\u00e1ndez fue invitado en su calidad de presidente\u2026","rel":"","context":"En \u00abPOLITICA\u00bb","block_context":{"text":"POLITICA","link":"https:\/\/lasprimeras.com.do\/index.php\/category\/politica\/"},"img":{"alt_text":"Leonel Fern\u00e1ndez","src":"https:\/\/i0.wp.com\/lasprimeras.com.do\/wp-content\/uploads\/2026\/02\/Leonel-Fernandez-3-2.jpg?resize=350%2C200&ssl=1","width":350,"height":200,"srcset":"https:\/\/i0.wp.com\/lasprimeras.com.do\/wp-content\/uploads\/2026\/02\/Leonel-Fernandez-3-2.jpg?resize=350%2C200&ssl=1 1x, https:\/\/i0.wp.com\/lasprimeras.com.do\/wp-content\/uploads\/2026\/02\/Leonel-Fernandez-3-2.jpg?resize=525%2C300&ssl=1 1.5x, https:\/\/i0.wp.com\/lasprimeras.com.do\/wp-content\/uploads\/2026\/02\/Leonel-Fernandez-3-2.jpg?resize=700%2C400&ssl=1 2x"},"classes":[]}],"jetpack_sharing_enabled":true,"_links":{"self":[{"href":"https:\/\/lasprimeras.com.do\/index.php\/wp-json\/wp\/v2\/posts\/102805","targetHints":{"allow":["GET"]}}],"collection":[{"href":"https:\/\/lasprimeras.com.do\/index.php\/wp-json\/wp\/v2\/posts"}],"about":[{"href":"https:\/\/lasprimeras.com.do\/index.php\/wp-json\/wp\/v2\/types\/post"}],"author":[{"embeddable":true,"href":"https:\/\/lasprimeras.com.do\/index.php\/wp-json\/wp\/v2\/users\/2"}],"replies":[{"embeddable":true,"href":"https:\/\/lasprimeras.com.do\/index.php\/wp-json\/wp\/v2\/comments?post=102805"}],"version-history":[{"count":2,"href":"https:\/\/lasprimeras.com.do\/index.php\/wp-json\/wp\/v2\/posts\/102805\/revisions"}],"predecessor-version":[{"id":102809,"href":"https:\/\/lasprimeras.com.do\/index.php\/wp-json\/wp\/v2\/posts\/102805\/revisions\/102809"}],"wp:featuredmedia":[{"embeddable":true,"href":"https:\/\/lasprimeras.com.do\/index.php\/wp-json\/wp\/v2\/media\/102806"}],"wp:attachment":[{"href":"https:\/\/lasprimeras.com.do\/index.php\/wp-json\/wp\/v2\/media?parent=102805"}],"wp:term":[{"taxonomy":"category","embeddable":true,"href":"https:\/\/lasprimeras.com.do\/index.php\/wp-json\/wp\/v2\/categories?post=102805"},{"taxonomy":"post_tag","embeddable":true,"href":"https:\/\/lasprimeras.com.do\/index.php\/wp-json\/wp\/v2\/tags?post=102805"}],"curies":[{"name":"wp","href":"https:\/\/api.w.org\/{rel}","templated":true}]}}