{"id":102810,"date":"2025-07-08T23:23:36","date_gmt":"2025-07-09T03:23:36","guid":{"rendered":"https:\/\/lasprimeras.com.do\/?p=102810"},"modified":"2025-07-08T23:23:38","modified_gmt":"2025-07-09T03:23:38","slug":"johnny-pujols-comite-politico-del-pld-conocera-sentencia-del-tse","status":"publish","type":"post","link":"https:\/\/lasprimeras.com.do\/index.php\/2025\/07\/08\/johnny-pujols-comite-politico-del-pld-conocera-sentencia-del-tse\/","title":{"rendered":"Johnny Pujols: Comit\u00e9 Pol\u00edtico del PLD conocer\u00e1 sentencia del TSE"},"content":{"rendered":"\n<p><strong>Secretario General del PLD ratifica convocatoria del Comit\u00e9 Pol\u00edtico para el pr\u00f3ximo jueves en horas de la ma\u00f1ana.<\/strong><\/p>\n\n\n\n<p>El Comit\u00e9 Pol\u00edtico del Partido de la Liberaci\u00f3n dominicana se reunir\u00e1 el pr\u00f3ximo jueves para analizar la sentencia del Tribunal Superior Electoral (TSE-01-0010-2025) sobre las aspiraciones a precandidaturas presidencial.<\/p>\n\n\n\n<p>La informaci\u00f3n fue dada por el secretario general del Partido de la Liberaci\u00f3n Dominicana, Johnny Pujols, entrevistado en el programa El Gobierno de la Ma\u00f1ana.<\/p>\n\n\n\n<p>Pujols dijo que en relaci\u00f3n a esa sentencia existen dos alternativas, una la de recurrir v\u00eda del Tribunal Constitucional y la otra acoger sus decisiones.<\/p>\n\n\n\n<p>En ese sentido, indic\u00f3 que aceptarla tiene varios matices diferentes, porque puede haber aceptaci\u00f3n cr\u00edtica, ya que el PRM, que es el partido de gobierno, est\u00e1 en campa\u00f1a y tiene varios precandidatos.<\/p>\n\n\n\n<p>Precis\u00f3 que esos son los dos mecanismos, ya que el Comit\u00e9 Pol\u00edtico los abordar\u00e1 en su reuni\u00f3n del pr\u00f3ximo jueves, asegurando que saldr\u00e1n bien de este proceso.<\/p>\n\n\n\n<p>La sentencia del Tribunal Superior Electoral invalida el numeral 3 del acta n\u00fam. 3 del Comit\u00e9 Pol\u00edtico del PLD, fechado el 3 de marzo de 2025. Esta resoluci\u00f3n hab\u00eda establecido el inicio inmediato de un proceso interno para escoger el aspirante presidencial de mayor simpat\u00eda en la organizaci\u00f3n pol\u00edtica.<\/p>\n\n\n\n<p>Por otro lado, el secretario general pelede\u00edsta inform\u00f3 que el PLD se encuentra en el segundo lugar en t\u00e9rminos de simpat\u00eda electoral en el pa\u00eds en los actuales momentos.<\/p>\n\n\n\n<p>Detall\u00f3 que as\u00ed lo confirman los estudios de mediciones internas que realizan y algunas encuestas que se han publicado.<\/p>\n\n\n\n<p>\u201cNo es algo para que nos sentemos ni nos sintamos conforme, eso est\u00e1 vinculado al trabajo organizativo y electoral que estamos haciendo en todo el territorio nacional\u201d, manifest\u00f3 Pujols.<\/p>\n","protected":false},"excerpt":{"rendered":"<p>Secretario General del PLD ratifica convocatoria del Comit\u00e9 Pol\u00edtico para el pr\u00f3ximo jueves en horas de la ma\u00f1ana. El Comit\u00e9 Pol\u00edtico del Partido de la Liberaci\u00f3n dominicana se reunir\u00e1 el&hellip;<\/p>\n","protected":false},"author":2,"featured_media":99803,"comment_status":"open","ping_status":"open","sticky":false,"template":"","format":"standard","meta":{"content-type":"","jetpack_post_was_ever_published":false,"_jetpack_newsletter_access":"","_jetpack_dont_email_post_to_subs":false,"_jetpack_newsletter_tier_id":0,"_jetpack_memberships_contains_paywalled_content":false,"_jetpack_memberships_contains_paid_content":false,"footnotes":""},"categories":[16559,25],"tags":[3500,21372,4341,269,2304,850],"class_list":["post-102810","post","type-post","status-publish","format-standard","has-post-thumbnail","hentry","category-politica","category-portada","tag-comite-politico","tag-conocera","tag-johnny-pujols","tag-pld","tag-sentencia","tag-tse"],"jetpack_featured_media_url":"https:\/\/lasprimeras.com.do\/wp-content\/uploads\/2025\/05\/Johnny-Pujols-2.jpg","jetpack-related-posts":[{"id":102901,"url":"https:\/\/lasprimeras.com.do\/index.php\/2025\/07\/09\/se-reune-este-jueves-el-cp-del-pld\/","url_meta":{"origin":102810,"position":0},"title":"Se re\u00fane este jueves el CP del PLD","author":"Nelson Feliz","date":"9 de julio de 2025","format":false,"excerpt":"Ser\u00e1 este jueves la reuni\u00f3n del Comit\u00e9 Pol\u00edtico del PLD para conocer la sentencia del TSE sobre las aspiraciones de precandidaturas presidencial. El escenario en la Casa Nacional Reinaldo Pared P\u00e9rez del Partido de la Liberaci\u00f3n Dominicana (PLD) est\u00e1 preparado para recibir a los miembros del Comit\u00e9 Pol\u00edtico de la\u2026","rel":"","context":"En \u00abPOLITICA\u00bb","block_context":{"text":"POLITICA","link":"https:\/\/lasprimeras.com.do\/index.php\/category\/politica\/"},"img":{"alt_text":"CASA PLD","src":"https:\/\/i0.wp.com\/lasprimeras.com.do\/wp-content\/uploads\/2023\/07\/CASA-PLD.jpg?resize=350%2C200&ssl=1","width":350,"height":200,"srcset":"https:\/\/i0.wp.com\/lasprimeras.com.do\/wp-content\/uploads\/2023\/07\/CASA-PLD.jpg?resize=350%2C200&ssl=1 1x, https:\/\/i0.wp.com\/lasprimeras.com.do\/wp-content\/uploads\/2023\/07\/CASA-PLD.jpg?resize=525%2C300&ssl=1 1.5x, https:\/\/i0.wp.com\/lasprimeras.com.do\/wp-content\/uploads\/2023\/07\/CASA-PLD.jpg?resize=700%2C400&ssl=1 2x"},"classes":[]},{"id":102154,"url":"https:\/\/lasprimeras.com.do\/index.php\/2025\/07\/01\/johnny-pujols-ha-faltado-el-criterio-gerencial-en-el-manejo-del-senasa\/","url_meta":{"origin":102810,"position":1},"title":"Johnny Pujols: Ha faltado el criterio gerencial en el manejo del Senasa","author":"Nelson Feliz","date":"1 de julio de 2025","format":false,"excerpt":"El CP del PLD se reunir\u00e1 el lunes 7 julio para conocer la sentencia del Tribunal Superior Electoral (TSE) sobre aspiraciones candidaturas presidenciales. El secretario general del Partido de la Liberaci\u00f3n Dominicana, Johnny Pujols, ratific\u00f3 que el Comit\u00e9 Pol\u00edtico del Partido de la Liberaci\u00f3n Dominicana se reunir\u00e1 el pr\u00f3ximo lunes\u2026","rel":"","context":"En \u00abPOLITICA\u00bb","block_context":{"text":"POLITICA","link":"https:\/\/lasprimeras.com.do\/index.php\/category\/politica\/"},"img":{"alt_text":"","src":"https:\/\/i0.wp.com\/lasprimeras.com.do\/wp-content\/uploads\/2025\/07\/Johnny-Pujols.jpg?resize=350%2C200&ssl=1","width":350,"height":200,"srcset":"https:\/\/i0.wp.com\/lasprimeras.com.do\/wp-content\/uploads\/2025\/07\/Johnny-Pujols.jpg?resize=350%2C200&ssl=1 1x, https:\/\/i0.wp.com\/lasprimeras.com.do\/wp-content\/uploads\/2025\/07\/Johnny-Pujols.jpg?resize=525%2C300&ssl=1 1.5x, https:\/\/i0.wp.com\/lasprimeras.com.do\/wp-content\/uploads\/2025\/07\/Johnny-Pujols.jpg?resize=700%2C400&ssl=1 2x"},"classes":[]},{"id":103179,"url":"https:\/\/lasprimeras.com.do\/index.php\/2025\/07\/13\/pld-pospone-para-el-21-de-julio-decision-sobre-sentencia-del-tse\/","url_meta":{"origin":102810,"position":2},"title":"PLD pospone para el 21 de julio decisi\u00f3n sobre sentencia del TSE","author":"Nelson Feliz","date":"13 de julio de 2025","format":false,"excerpt":"El Comit\u00e9 Pol\u00edtico del Partido de la Liberaci\u00f3n Dominicana (PLD) inici\u00f3 el proceso de evaluaci\u00f3n de la reciente sentencia emitida por el Tribunal Superior Electoral (TSE), la cual podr\u00eda tener implicaciones directas sobre candidaturas presidenciales. La reuni\u00f3n, desarrollada en un ambiente de di\u00e1logo y respeto, fue aplazada para el pr\u00f3ximo\u2026","rel":"","context":"En \u00abPOLITICA\u00bb","block_context":{"text":"POLITICA","link":"https:\/\/lasprimeras.com.do\/index.php\/category\/politica\/"},"img":{"alt_text":"","src":"https:\/\/i0.wp.com\/lasprimeras.com.do\/wp-content\/uploads\/2025\/07\/Danilo-Medina.jpg-3.jpg?resize=350%2C200&ssl=1","width":350,"height":200,"srcset":"https:\/\/i0.wp.com\/lasprimeras.com.do\/wp-content\/uploads\/2025\/07\/Danilo-Medina.jpg-3.jpg?resize=350%2C200&ssl=1 1x, https:\/\/i0.wp.com\/lasprimeras.com.do\/wp-content\/uploads\/2025\/07\/Danilo-Medina.jpg-3.jpg?resize=525%2C300&ssl=1 1.5x, https:\/\/i0.wp.com\/lasprimeras.com.do\/wp-content\/uploads\/2025\/07\/Danilo-Medina.jpg-3.jpg?resize=700%2C400&ssl=1 2x"},"classes":[]},{"id":103032,"url":"https:\/\/lasprimeras.com.do\/index.php\/2025\/07\/10\/comite-politico-del-pld-conoce-de-informes-y-temas-internos\/","url_meta":{"origin":102810,"position":3},"title":"Comit\u00e9 Pol\u00edtico del PLD conoce de informes y temas internos","author":"Nelson Feliz","date":"10 de julio de 2025","format":false,"excerpt":"Aplaza discusi\u00f3n de la sentencia del TSE para el lunes 21 julio El Comit\u00e9 Pol\u00edtico del Partido de la Liberaci\u00f3n Dominicana (PLD) despu\u00e9s dar lectura al contenido de la sentencia del Tribunal Superior Electoral (TSE-01-0010-2025), sobre las aspiraciones a precandidaturas presidencial en esa organizaci\u00f3n pol\u00edtica, decidi\u00f3 aplazar su discusi\u00f3n para\u2026","rel":"","context":"En \u00abPOLITICA\u00bb","block_context":{"text":"POLITICA","link":"https:\/\/lasprimeras.com.do\/index.php\/category\/politica\/"},"img":{"alt_text":"","src":"https:\/\/i0.wp.com\/lasprimeras.com.do\/wp-content\/uploads\/2025\/07\/ReunCP-28.jpg?resize=350%2C200&ssl=1","width":350,"height":200,"srcset":"https:\/\/i0.wp.com\/lasprimeras.com.do\/wp-content\/uploads\/2025\/07\/ReunCP-28.jpg?resize=350%2C200&ssl=1 1x, https:\/\/i0.wp.com\/lasprimeras.com.do\/wp-content\/uploads\/2025\/07\/ReunCP-28.jpg?resize=525%2C300&ssl=1 1.5x, https:\/\/i0.wp.com\/lasprimeras.com.do\/wp-content\/uploads\/2025\/07\/ReunCP-28.jpg?resize=700%2C400&ssl=1 2x"},"classes":[]},{"id":104235,"url":"https:\/\/lasprimeras.com.do\/index.php\/2025\/07\/22\/pld-sigue-fortaleciendo-su-estructura-organizativa-y-su-rol-opositor-video\/","url_meta":{"origin":102810,"position":4},"title":"PLD sigue fortaleciendo su estructura organizativa y su rol opositor | Video","author":"Nelson Feliz","date":"22 de julio de 2025","format":false,"excerpt":"El PLD informa que acata sentencia del TSE, pero expresa desacuerdo con su contenido El Partido de la Liberaci\u00f3n Dominicana (PLD) inform\u00f3 que su Comit\u00e9 Pol\u00edtico en la reuni\u00f3n extraordinaria del pasado lunes acat\u00f3 la sentencia del Tribunal Superior Electoral TSE\/0011\/2025 sobre las aspiraciones a precandidaturas presidencial en esa organizaci\u00f3n\u2026","rel":"","context":"En \u00abPOLITICA\u00bb","block_context":{"text":"POLITICA","link":"https:\/\/lasprimeras.com.do\/index.php\/category\/politica\/"},"img":{"alt_text":"","src":"https:\/\/i0.wp.com\/lasprimeras.com.do\/wp-content\/uploads\/2025\/07\/Pujols-1.jpg?resize=350%2C200&ssl=1","width":350,"height":200,"srcset":"https:\/\/i0.wp.com\/lasprimeras.com.do\/wp-content\/uploads\/2025\/07\/Pujols-1.jpg?resize=350%2C200&ssl=1 1x, https:\/\/i0.wp.com\/lasprimeras.com.do\/wp-content\/uploads\/2025\/07\/Pujols-1.jpg?resize=525%2C300&ssl=1 1.5x, https:\/\/i0.wp.com\/lasprimeras.com.do\/wp-content\/uploads\/2025\/07\/Pujols-1.jpg?resize=700%2C400&ssl=1 2x"},"classes":[]},{"id":121822,"url":"https:\/\/lasprimeras.com.do\/index.php\/2026\/02\/10\/johnny-pujols-convoca-al-comite-politico-para-el-proximo-jueves\/","url_meta":{"origin":102810,"position":5},"title":"Johnny Pujols convoca al Comit\u00e9 Pol\u00edtico para el pr\u00f3ximo jueves","author":"Nelson Feliz","date":"10 de febrero de 2026","format":false,"excerpt":"El secretario general del Partido de la Liberaci\u00f3n Dominicana (PLD), Johnny Pujols, confirm\u00f3 la convocatoria a reuni\u00f3n del Comit\u00e9 Pol\u00edtico el pr\u00f3ximo jueves 12 para organizar la agenda del Comit\u00e9 Central que se reunir\u00e1 el domingo 22 de febrero. Entrevistado en el programa El Despertador, Pujols inform\u00f3 que, en esa\u2026","rel":"","context":"En \u00abPOLITICA\u00bb","block_context":{"text":"POLITICA","link":"https:\/\/lasprimeras.com.do\/index.php\/category\/politica\/"},"img":{"alt_text":"Johnny Pujols","src":"https:\/\/i0.wp.com\/lasprimeras.com.do\/wp-content\/uploads\/2026\/02\/Johnny-Pujols-3.jpg?resize=350%2C200&ssl=1","width":350,"height":200,"srcset":"https:\/\/i0.wp.com\/lasprimeras.com.do\/wp-content\/uploads\/2026\/02\/Johnny-Pujols-3.jpg?resize=350%2C200&ssl=1 1x, https:\/\/i0.wp.com\/lasprimeras.com.do\/wp-content\/uploads\/2026\/02\/Johnny-Pujols-3.jpg?resize=525%2C300&ssl=1 1.5x"},"classes":[]}],"jetpack_sharing_enabled":true,"_links":{"self":[{"href":"https:\/\/lasprimeras.com.do\/index.php\/wp-json\/wp\/v2\/posts\/102810","targetHints":{"allow":["GET"]}}],"collection":[{"href":"https:\/\/lasprimeras.com.do\/index.php\/wp-json\/wp\/v2\/posts"}],"about":[{"href":"https:\/\/lasprimeras.com.do\/index.php\/wp-json\/wp\/v2\/types\/post"}],"author":[{"embeddable":true,"href":"https:\/\/lasprimeras.com.do\/index.php\/wp-json\/wp\/v2\/users\/2"}],"replies":[{"embeddable":true,"href":"https:\/\/lasprimeras.com.do\/index.php\/wp-json\/wp\/v2\/comments?post=102810"}],"version-history":[{"count":1,"href":"https:\/\/lasprimeras.com.do\/index.php\/wp-json\/wp\/v2\/posts\/102810\/revisions"}],"predecessor-version":[{"id":102811,"href":"https:\/\/lasprimeras.com.do\/index.php\/wp-json\/wp\/v2\/posts\/102810\/revisions\/102811"}],"wp:featuredmedia":[{"embeddable":true,"href":"https:\/\/lasprimeras.com.do\/index.php\/wp-json\/wp\/v2\/media\/99803"}],"wp:attachment":[{"href":"https:\/\/lasprimeras.com.do\/index.php\/wp-json\/wp\/v2\/media?parent=102810"}],"wp:term":[{"taxonomy":"category","embeddable":true,"href":"https:\/\/lasprimeras.com.do\/index.php\/wp-json\/wp\/v2\/categories?post=102810"},{"taxonomy":"post_tag","embeddable":true,"href":"https:\/\/lasprimeras.com.do\/index.php\/wp-json\/wp\/v2\/tags?post=102810"}],"curies":[{"name":"wp","href":"https:\/\/api.w.org\/{rel}","templated":true}]}}