{"id":103064,"date":"2025-07-11T08:42:44","date_gmt":"2025-07-11T12:42:44","guid":{"rendered":"https:\/\/lasprimeras.com.do\/?p=103064"},"modified":"2025-07-11T08:42:46","modified_gmt":"2025-07-11T12:42:46","slug":"los-cdc-descubren-que-casi-1-de-cada-3-jovenes-estadounidenses-tiene-prediabetes","status":"publish","type":"post","link":"https:\/\/lasprimeras.com.do\/index.php\/2025\/07\/11\/los-cdc-descubren-que-casi-1-de-cada-3-jovenes-estadounidenses-tiene-prediabetes\/","title":{"rendered":"Los CDC descubren que casi 1 de cada 3 j\u00f3venes estadounidenses tiene prediabetes"},"content":{"rendered":"\n<p>Expertos estadounidenses cuestionan la escasez de datos.<\/p>\n\n\n\n<p>Por JONEL ALECCIA<\/p>\n\n\n\n<p>Una nueva estimaci\u00f3n federal muestra un aumento de la prediabetes entre los adolescentes estadounidenses, un hallazgo que est\u00e1 generando preocupaciones sobre la salud de los ni\u00f1os estadounidenses y la forma en que los funcionarios de salud de la administraci\u00f3n Trump est\u00e1n realizando investigaciones y comunicando informaci\u00f3n, dijeron los expertos.<\/p>\n\n\n\n<p>En 2023, casi 1 de cada 3 j\u00f3venes estadounidenses de entre 12 y 17 a\u00f1os ten\u00eda prediabetes, seg\u00fan datos publicados recientemente por los Centros para el Control y la Prevenci\u00f3n de Enfermedades de EE. UU. Esta cifra es mucho mayor que la estimaci\u00f3n previa de que la afecci\u00f3n afectaba a aproximadamente 1 de cada 5 ni\u00f1os.<\/p>\n\n\n\n<p>No cabe duda de que la prediabetes en los j\u00f3venes estadounidenses es una grave preocupaci\u00f3n. Esta afecci\u00f3n los expone al riesgo de desarrollar diabetes tipo 2, adem\u00e1s de enfermedades card\u00edacas, accidentes cerebrovasculares y otros problemas metab\u00f3licos.<\/p>\n\n\n\n<p>Sin embargo, los cient\u00edficos que estudian y tratan la diabetes se\u00f1alaron que los funcionarios de los CDC solo publicaron un resumen en l\u00ednea de 600 palabras de sus nuevos hallazgos, no los datos brutos ni un art\u00edculo publicado y revisado por pares que describa c\u00f3mo llegaron a la nueva cifra.<\/p>\n\n\n\n<p>La agencia tambi\u00e9n modific\u00f3 la metodolog\u00eda utilizada para calcular la estimaci\u00f3n m\u00e1s alta sin una explicaci\u00f3n detallada.<\/p>\n\n\n\n<p>Esto pone de relieve las dudas sobre la exactitud de la informaci\u00f3n que publica la principal agencia de salud p\u00fablica de Estados Unidos tras los recortes generalizados de personal de los \u00faltimos meses, dijeron los expertos.<\/p>\n\n\n\n<p>\u201cEn el caso de cualquiera de las organizaciones nacionales de salud que ahora est\u00e1n siendo diezmadas por despidos y cesant\u00edas, ser\u00e9 esc\u00e9ptico respecto de las actualizaciones de datos hasta que haya transparencia y claridad sobre la fuente de los datos y el an\u00e1lisis\u201d, dijo Christopher Gardner, experto en diabetes y nutrici\u00f3n de la Universidad de Stanford.<\/p>\n\n\n\n<p>El nuevo an\u00e1lisis utiliz\u00f3 \u201cla \u00faltima ciencia y tecnolog\u00eda\u201d y \u201cla metodolog\u00eda m\u00e1s actualizada, ya que la ciencia est\u00e1 en continua evoluci\u00f3n\u201d, dijo Melissa Dibble, portavoz de los CDC.<\/p>\n\n\n\n<p>\u201cEstos nuevos datos resaltan la magnitud de la prediabetes entre los adolescentes y sirven como una llamada de atenci\u00f3n importante para la naci\u00f3n\u201d, dijo Dibble en un comunicado.<\/p>\n\n\n\n<p>El nuevo an\u00e1lisis se bas\u00f3 en la Encuesta Nacional de Examen de Salud y Nutrici\u00f3n, que recopila informaci\u00f3n sobre indicadores demogr\u00e1ficos y de salud mediante entrevistas, ex\u00e1menes y pruebas de laboratorio.<\/p>\n\n\n\n<p>La prediabetes es un precursor de la diabetes, una enfermedad en la que el az\u00facar se acumula en la sangre. Se caracteriza por niveles ligeramente elevados de az\u00facar en sangre, lo que indica que una persona puede desarrollar diabetes tipo 2.<\/p>\n\n\n\n<p>Los investigadores recopilaron datos sobre los niveles de az\u00facar en sangre de j\u00f3venes estadounidenses, pero tambi\u00e9n cambiaron la metodolog\u00eda utilizada para analizar la informaci\u00f3n, aumentando dr\u00e1sticamente la estimaci\u00f3n de cu\u00e1n com\u00fan es la prediabetes.<\/p>\n\n\n\n<p>El nuevo an\u00e1lisis concluye que aproximadamente 8,4 millones de adolescentes estadounidenses, o casi el 33%, tienen prediabetes.<\/p>\n\n\n\n<p>Esta cifra representa un aumento con respecto a la estimaci\u00f3n del 18% publicada en un art\u00edculo revisado por pares de 2020 , que utiliz\u00f3 la metodolog\u00eda anterior. Si la nueva metodolog\u00eda se hubiera aplicado a los datos del per\u00edodo 2005-2016, la estimaci\u00f3n habr\u00eda sido de aproximadamente el 28%.<\/p>\n\n\n\n<p>El aumento del 28 % a casi el 33 % no es estad\u00edsticamente significativo, aunque refleja un aparente aumento de la prediabetes en ni\u00f1os, afirm\u00f3 Steven Kahn, investigador de diabetes en la Universidad de Washington (UW Medicine) en Seattle y editor jefe de la revista Diabetes Care.<\/p>\n\n\n\n<p>A\u00f1adi\u00f3 que es preocupante que los funcionarios de los CDC hayan proporcionado informaci\u00f3n tan limitada sobre el nuevo an\u00e1lisis. Estos hallazgos suelen publicarse en el Informe Semanal de Morbilidad y Mortalidad de la agencia o enviarse a una revista cient\u00edfica para su revisi\u00f3n por pares y publicaci\u00f3n.<\/p>\n\n\n\n<p>&#8220;Me gustar\u00eda creer que esto no afecta la calidad de los datos de los CDC&#8221;, dijo Kahn. &#8220;Sin embargo, como no hay datos brutos que analizar, ninguno de nosotros puede analizarlos para comprender mejor de d\u00f3nde provienen estas cifras y qu\u00e9 significan realmente&#8221;.<\/p>\n\n\n\n<p>La Dra. Samar Hafida, endocrin\u00f3loga y representante de la Asociaci\u00f3n Americana de Diabetes, dijo que el nuevo an\u00e1lisis &#8220;no fue muy transparente&#8221;, pero se\u00f1al\u00f3 que la estimaci\u00f3n actualizada de los CDC generalmente coincide con lo que los m\u00e9dicos est\u00e1n viendo: un aumento en los j\u00f3venes con obesidad y niveles elevados de az\u00facar en sangre que los ponen en riesgo de sufrir graves problemas de salud en el futuro.<\/p>\n\n\n\n<p>\u201cPodr\u00eda ser que la cifra estuviera un poco inflada, pero no me atrever\u00eda a descartarla\u201d, dijo.<\/p>\n\n\n\n<p>A\u00fan no est\u00e1 claro qu\u00e9 proporci\u00f3n de ni\u00f1os con prediabetes desarrollar\u00e1 la enfermedad, se\u00f1al\u00f3 la Dra. Dana Dabelea, investigadora que estudia la diabetes pedi\u00e1trica en la Universidad de Colorado.<\/p>\n\n\n\n<p>Los niveles de az\u00facar en sangre pueden aumentar en respuesta a los cambios del desarrollo durante la pubertad y luego desaparecer, explic\u00f3.<\/p>\n\n\n\n<p>Aun as\u00ed, las tasas confirmadas de obesidad y diabetes entre los ni\u00f1os est\u00e1n aumentando.<\/p>\n\n\n\n<p>La asociaci\u00f3n de diabetes recomienda que los ni\u00f1os y adolescentes se sometan a pruebas de detecci\u00f3n de diabetes tipo 2 a partir de los 10 a\u00f1os si tienen sobrepeso, obesidad u otro factor de riesgo para la enfermedad.<\/p>\n\n\n\n<p>Centrarse en una dieta saludable, el ejercicio y otros factores relacionados con el estilo de vida es fundamental, se\u00f1al\u00f3 Hafida.<\/p>\n\n\n\n<p>&#8220;Sigue siendo un llamado a la acci\u00f3n&#8221;, dijo. &#8220;Probablemente habr\u00e1 un aumento repentino de casos de diabetes tipo 2 de inicio temprano que no estamos preparados para afrontar&#8221;.<\/p>\n","protected":false},"excerpt":{"rendered":"<p>Expertos estadounidenses cuestionan la escasez de datos. Por JONEL ALECCIA Una nueva estimaci\u00f3n federal muestra un aumento de la prediabetes entre los adolescentes estadounidenses, un hallazgo que est\u00e1 generando preocupaciones&hellip;<\/p>\n","protected":false},"author":10,"featured_media":103065,"comment_status":"open","ping_status":"open","sticky":false,"template":"","format":"standard","meta":{"content-type":"","jetpack_post_was_ever_published":false,"_jetpack_newsletter_access":"","_jetpack_dont_email_post_to_subs":false,"_jetpack_newsletter_tier_id":0,"_jetpack_memberships_contains_paywalled_content":false,"_jetpack_memberships_contains_paid_content":false,"footnotes":""},"categories":[16558],"tags":[21506,21508,4367,3899,21507],"class_list":["post-103064","post","type-post","status-publish","format-standard","has-post-thumbnail","hentry","category-salud","tag-cdc","tag-escasez-de-datos","tag-estadounidenses","tag-jovenes","tag-prediabetes"],"jetpack_featured_media_url":"https:\/\/lasprimeras.com.do\/wp-content\/uploads\/2025\/07\/cdc.jpg","jetpack-related-posts":[{"id":94473,"url":"https:\/\/lasprimeras.com.do\/index.php\/2025\/03\/01\/turista-estadounidense-sufre-preinfarto-en-pedernales\/","url_meta":{"origin":103064,"position":0},"title":"Turista estadounidense sufre preinfarto en Pedernales","author":"Nelson Feliz","date":"1 de marzo de 2025","format":false,"excerpt":"Javier Genao Un turista estadounidense que se encontraba a bordo de un crucero fue trasladado de emergencia a un centro especializado en Santo Domingo despu\u00e9s de sufrir un preinfarto en la zona fronteriza de Pedernales. El incidente ocurri\u00f3 despu\u00e9s de que el ministro de Defensa, teniente general Carlos Antonio Fern\u00e1ndez\u2026","rel":"","context":"En \u00abSALUD\u00bb","block_context":{"text":"SALUD","link":"https:\/\/lasprimeras.com.do\/index.php\/category\/salud\/"},"img":{"alt_text":"","src":"https:\/\/i0.wp.com\/lasprimeras.com.do\/wp-content\/uploads\/2025\/03\/Turista-estadounidense.jpg?resize=350%2C200&ssl=1","width":350,"height":200},"classes":[]},{"id":68122,"url":"https:\/\/lasprimeras.com.do\/index.php\/2023\/11\/21\/por-que-aumentan-los-accidentes-cerebrovasculares-entre-los-jovenes\/","url_meta":{"origin":103064,"position":1},"title":"\u00bfPor qu\u00e9 aumentan los accidentes cerebrovasculares entre los j\u00f3venes?","author":"Nelson Feliz","date":"21 de noviembre de 2023","format":false,"excerpt":"El estilo de vida sedentario, consumo de sustancias, y el estr\u00e9s son factores de riesgo silenciosos de ACV en adultos j\u00f3venes. Los j\u00f3venes y las personas de mediana edad pueden parecer y sentirse sanos, y creer que est\u00e1n a salvo de sufrir accidentes cerebrovasculares graves. Pero un nuevo estudio de\u2026","rel":"","context":"En \u00abSin categor\u00eda\u00bb","block_context":{"text":"Sin categor\u00eda","link":"https:\/\/lasprimeras.com.do\/index.php\/category\/sin-categoria\/"},"img":{"alt_text":"Christopher David Anderson neur\u00f3logo de Mass General Brigham","src":"https:\/\/i0.wp.com\/lasprimeras.com.do\/wp-content\/uploads\/2023\/11\/Christopher-David-Anderson-neurologo-de-Mass-General-Brigham.jpg?resize=350%2C200&ssl=1","width":350,"height":200,"srcset":"https:\/\/i0.wp.com\/lasprimeras.com.do\/wp-content\/uploads\/2023\/11\/Christopher-David-Anderson-neurologo-de-Mass-General-Brigham.jpg?resize=350%2C200&ssl=1 1x, https:\/\/i0.wp.com\/lasprimeras.com.do\/wp-content\/uploads\/2023\/11\/Christopher-David-Anderson-neurologo-de-Mass-General-Brigham.jpg?resize=525%2C300&ssl=1 1.5x"},"classes":[]},{"id":84808,"url":"https:\/\/lasprimeras.com.do\/index.php\/2024\/06\/16\/pediatras-estadounidenses-revierten-un-consejo-de-decadas-contra-la-lactancia-materna-de-las-madres-vih-positivas\/","url_meta":{"origin":103064,"position":2},"title":"Pediatras estadounidenses revierten un consejo de d\u00e9cadas contra la lactancia materna de las madres VIH positivas","author":"Nelson Feliz","date":"16 de junio de 2024","format":false,"excerpt":"POR JONEL ALECCIA Las personas con VIH pueden amamantar a sus beb\u00e9s, siempre y cuando tomen medicamentos que supriman eficazmente el virus que causa el SIDA, dijo el lunes un importante grupo de pediatras de Estados Unidos en un brusco cambio de pol\u00edtica. El nuevo informe de la Academia Estadounidense\u2026","rel":"","context":"En \u00abSin categor\u00eda\u00bb","block_context":{"text":"Sin categor\u00eda","link":"https:\/\/lasprimeras.com.do\/index.php\/category\/sin-categoria\/"},"img":{"alt_text":"","src":"https:\/\/i0.wp.com\/lasprimeras.com.do\/wp-content\/uploads\/2024\/06\/madres.jpg?resize=350%2C200&ssl=1","width":350,"height":200,"srcset":"https:\/\/i0.wp.com\/lasprimeras.com.do\/wp-content\/uploads\/2024\/06\/madres.jpg?resize=350%2C200&ssl=1 1x, https:\/\/i0.wp.com\/lasprimeras.com.do\/wp-content\/uploads\/2024\/06\/madres.jpg?resize=525%2C300&ssl=1 1.5x, https:\/\/i0.wp.com\/lasprimeras.com.do\/wp-content\/uploads\/2024\/06\/madres.jpg?resize=700%2C400&ssl=1 2x"},"classes":[]},{"id":83468,"url":"https:\/\/lasprimeras.com.do\/index.php\/2024\/05\/16\/las-agresiones-sexuales-han-disminuido-en-el-ejercito-estadounidense\/","url_meta":{"origin":103064,"position":3},"title":"Las agresiones sexuales han disminuido en el ej\u00e9rcito estadounidense","author":"Nelson Feliz","date":"16 de mayo de 2024","format":false,"excerpt":"Esto es lo que debe saber sobre los n\u00fameros. POR LOLITA C. BALDOR WASHINGTON (AP) \u2014 Los funcionarios del Pent\u00e1gono son cautelosamente optimistas de que una disminuci\u00f3n general en las agresiones sexuales denunciadas entre miembros del servicio activo y las academias militares sugiere que los l\u00edderes finalmente est\u00e1n logrando controlar\u2026","rel":"","context":"En \u00abSin categor\u00eda\u00bb","block_context":{"text":"Sin categor\u00eda","link":"https:\/\/lasprimeras.com.do\/index.php\/category\/sin-categoria\/"},"img":{"alt_text":"","src":"https:\/\/i0.wp.com\/lasprimeras.com.do\/wp-content\/uploads\/2024\/05\/agresiones.jpg?resize=350%2C200&ssl=1","width":350,"height":200,"srcset":"https:\/\/i0.wp.com\/lasprimeras.com.do\/wp-content\/uploads\/2024\/05\/agresiones.jpg?resize=350%2C200&ssl=1 1x, https:\/\/i0.wp.com\/lasprimeras.com.do\/wp-content\/uploads\/2024\/05\/agresiones.jpg?resize=525%2C300&ssl=1 1.5x, https:\/\/i0.wp.com\/lasprimeras.com.do\/wp-content\/uploads\/2024\/05\/agresiones.jpg?resize=700%2C400&ssl=1 2x"},"classes":[]},{"id":77329,"url":"https:\/\/lasprimeras.com.do\/index.php\/2024\/02\/20\/en-aumento-casi-50-mil-dominicanos-entraron-ilegalmente-a-ee-uu-en-la-vuelta-por-mexico\/","url_meta":{"origin":103064,"position":4},"title":"En aumento: casi 50 mil dominicanos entraron ilegalmente a EE.UU. en la &#8220;vuelta por M\u00e9xico&#8221;","author":"BIMARY DE JES\u00daS Matos","date":"20 de febrero de 2024","format":false,"excerpt":"EE.UU.-M\u00e1s que disminuir, la cantidad de\u00a0dominicanos\u00a0que toman la ruta por\u00a0M\u00e9xico\u00a0aument\u00f3 significativamente en el 2023. Los datos suministrados por Greg Segas, c\u00f3nsul de los\u00a0Estados Unidos\u00a0en la Rep\u00fablica Dominicana, dan cuenta de que a marzo del a\u00f1o pasado\u00a025,000\u00a0dominicanos\u00a0hab\u00edan entrado ilegalmente a territorio estadounidense a trav\u00e9s del cruce fronterizo con\u00a0M\u00e9xico. Pero esta cifra\u2026","rel":"","context":"En \u00abSin categor\u00eda\u00bb","block_context":{"text":"Sin categor\u00eda","link":"https:\/\/lasprimeras.com.do\/index.php\/category\/sin-categoria\/"},"img":{"alt_text":"","src":"https:\/\/i0.wp.com\/lasprimeras.com.do\/wp-content\/uploads\/2024\/02\/fiebre-amarilla-635e1a35-focus-0-0-375-240-1.jpg?resize=350%2C200&ssl=1","width":350,"height":200},"classes":[]},{"id":109683,"url":"https:\/\/lasprimeras.com.do\/index.php\/2025\/09\/21\/sociedad-de-cirugia-cardiovascular-presenta-programa-academico\/","url_meta":{"origin":103064,"position":5},"title":"Sociedad de Cirug\u00eda Cardiovascular presenta programa acad\u00e9mico","author":"Nelson Feliz","date":"21 de septiembre de 2025","format":false,"excerpt":"La Sociedad Dominicana de Cirug\u00eda Cardiovascular present\u00f3 el Programa Acad\u00e9mico de la nueva directiva para el periodo 2025 - 2027; la organizaci\u00f3n agrupa a los profesionales de la medicina que abordan desde el punto de vista quir\u00fargico los problemas del coraz\u00f3n, arterias, venas y vasos linf\u00e1ticos. La presentaci\u00f3n del acto\u2026","rel":"","context":"En \u00abSALUD\u00bb","block_context":{"text":"SALUD","link":"https:\/\/lasprimeras.com.do\/index.php\/category\/salud\/"},"img":{"alt_text":"","src":"https:\/\/i0.wp.com\/lasprimeras.com.do\/wp-content\/uploads\/2025\/09\/SOCICAR.jpg?resize=350%2C200&ssl=1","width":350,"height":200,"srcset":"https:\/\/i0.wp.com\/lasprimeras.com.do\/wp-content\/uploads\/2025\/09\/SOCICAR.jpg?resize=350%2C200&ssl=1 1x, https:\/\/i0.wp.com\/lasprimeras.com.do\/wp-content\/uploads\/2025\/09\/SOCICAR.jpg?resize=525%2C300&ssl=1 1.5x, https:\/\/i0.wp.com\/lasprimeras.com.do\/wp-content\/uploads\/2025\/09\/SOCICAR.jpg?resize=700%2C400&ssl=1 2x"},"classes":[]}],"jetpack_sharing_enabled":true,"_links":{"self":[{"href":"https:\/\/lasprimeras.com.do\/index.php\/wp-json\/wp\/v2\/posts\/103064","targetHints":{"allow":["GET"]}}],"collection":[{"href":"https:\/\/lasprimeras.com.do\/index.php\/wp-json\/wp\/v2\/posts"}],"about":[{"href":"https:\/\/lasprimeras.com.do\/index.php\/wp-json\/wp\/v2\/types\/post"}],"author":[{"embeddable":true,"href":"https:\/\/lasprimeras.com.do\/index.php\/wp-json\/wp\/v2\/users\/10"}],"replies":[{"embeddable":true,"href":"https:\/\/lasprimeras.com.do\/index.php\/wp-json\/wp\/v2\/comments?post=103064"}],"version-history":[{"count":1,"href":"https:\/\/lasprimeras.com.do\/index.php\/wp-json\/wp\/v2\/posts\/103064\/revisions"}],"predecessor-version":[{"id":103066,"href":"https:\/\/lasprimeras.com.do\/index.php\/wp-json\/wp\/v2\/posts\/103064\/revisions\/103066"}],"wp:featuredmedia":[{"embeddable":true,"href":"https:\/\/lasprimeras.com.do\/index.php\/wp-json\/wp\/v2\/media\/103065"}],"wp:attachment":[{"href":"https:\/\/lasprimeras.com.do\/index.php\/wp-json\/wp\/v2\/media?parent=103064"}],"wp:term":[{"taxonomy":"category","embeddable":true,"href":"https:\/\/lasprimeras.com.do\/index.php\/wp-json\/wp\/v2\/categories?post=103064"},{"taxonomy":"post_tag","embeddable":true,"href":"https:\/\/lasprimeras.com.do\/index.php\/wp-json\/wp\/v2\/tags?post=103064"}],"curies":[{"name":"wp","href":"https:\/\/api.w.org\/{rel}","templated":true}]}}