{"id":103067,"date":"2025-07-11T08:50:09","date_gmt":"2025-07-11T12:50:09","guid":{"rendered":"https:\/\/lasprimeras.com.do\/?p=103067"},"modified":"2025-07-11T08:50:09","modified_gmt":"2025-07-11T12:50:09","slug":"el-unico-oftalmologo-de-burkina-faso-para-ninos-ve-el-trauma-tanto-del-juego-como-del-conflicto","status":"publish","type":"post","link":"https:\/\/lasprimeras.com.do\/index.php\/2025\/07\/11\/el-unico-oftalmologo-de-burkina-faso-para-ninos-ve-el-trauma-tanto-del-juego-como-del-conflicto\/","title":{"rendered":"El \u00fanico oftalm\u00f3logo de Burkina Faso para ni\u00f1os ve el trauma tanto del juego como del conflicto"},"content":{"rendered":"\n<p>Por Elia Borras<\/p>\n\n\n\n<p>BOBO-DIOULASSO, Burkina Faso (AP) \u2014 Isaka Diallo jugaba con sus amigos cuando una piedra le impact\u00f3 en el ojo izquierdo. Durante dos semanas, sus padres buscaron un oftalm\u00f3logo en hospitales del oeste de Burkina Faso .<\/p>\n\n\n\n<p>La cl\u00ednica del pueblo solo les recet\u00f3 analg\u00e9sicos. Otros profesionales sanitarios no sab\u00edan qu\u00e9 hacer.<\/p>\n\n\n\n<p>Cuando finalmente encontraron a la Dra. Claudette Yam\u00e9ogo, la \u00fanica oftalm\u00f3loga pedi\u00e1trica de Burkina Faso, la lesi\u00f3n se hab\u00eda vuelto demasiado dif\u00edcil de tratar.<\/p>\n\n\n\n<p>\u201cEl trauma se ha agravado\u201d, dijo Yam\u00e9ogo sobre el estado de Diallo mientras lo atend\u00eda recientemente en el Hospital Universitario Sanou Sourou de Bobo-Dioulasso.<br>\u201cCasos como el de Diallo deben tratarse en las primeras seis horas, pero lo estoy viendo dos semanas despu\u00e9s, y ya es demasiado tarde\u201d.<\/p>\n\n\n\n<p>Es un problema com\u00fan en un pa\u00eds de unos 23 millones de habitantes, donde s\u00f3lo hay 70 oftalm\u00f3logos.<\/p>\n\n\n\n<p>Yam\u00e9ogo, quien comenz\u00f3 a ejercer a fines del a\u00f1o pasado, dijo que el trabajo es abrumador y a menudo requiere que visite, sin costo alguno, a familias que no pueden costear la atenci\u00f3n o no pueden llegar al hospital donde trabaja.<\/p>\n\n\n\n<p>Si bien hay datos limitados disponibles sobre defectos oculares en ni\u00f1os en Burkina Faso o en \u00c1frica en general, se estima que 450 millones de ni\u00f1os en todo el mundo tienen un problema de visi\u00f3n que necesita tratamiento, seg\u00fan la Agencia Internacional para la Prevenci\u00f3n de la Ceguera.<\/p>\n\n\n\n<p>Elon Musk ya no est\u00e1, pero las acciones de DOGE son dif\u00edciles de revertir. El Instituto Estadounidense para la Paz es un caso de estudio.<\/p>\n\n\n\n<p>La intervenci\u00f3n tard\u00eda puede alterar significativamente el futuro de un ni\u00f1o, afirm\u00f3 la organizaci\u00f3n, y muchos de estos casos ocurren en pa\u00edses menos desarrollados.<\/p>\n\n\n\n<p>En Burkina Faso, se estima que el 70% de la poblaci\u00f3n vive en zonas rurales. Sin embargo, los oftalm\u00f3logos se concentran en la capital, Uagadug\u00fa, y otras ciudades importantes, lo que los hace inaccesibles para muchos.<\/p>\n\n\n\n<p>Si bien en 2024 se realizaron m\u00e1s de 2000 procedimientos oftalmol\u00f3gicos en la regi\u00f3n occidental de Hauts-Bassins de Burkina Faso, solo 52 de ellos se realizaron en las zonas m\u00e1s rurales, seg\u00fan el Ministerio de Salud. La mayor\u00eda de los procedimientos se realizaron en la zona de Bobo-Dioulasso, la segunda ciudad m\u00e1s grande de Burkina Faso.<\/p>\n\n\n\n<p>No mucha gente conoce la obra de Yam\u00e9ogo. Incluso cuando lo saben, viajar para visitarla suele requerir d\u00edas de planificaci\u00f3n y ahorro.<\/p>\n\n\n\n<p>En otro desaf\u00edo para acceder a la atenci\u00f3n m\u00e9dica, la familia de Diallo se encuentra entre los 2 millones de personas desplazadas por la violencia a medida que grupos extremistas toman control de partes del pa\u00eds.<\/p>\n\n\n\n<p>Para visitar el hospital de Yam\u00e9ogo desde el pueblo donde est\u00e1n refugiados, tuvieron que recorrer unos 40 kil\u00f3metros (21 millas) en motocicleta hasta Bobo-Dioulasso, gastando 7.500 francos (13 d\u00f3lares) en transporte, un precio alto para una familia de peque\u00f1os agricultores.<\/p>\n\n\n\n<p>Al menos el 70% de los casos de trauma en ni\u00f1os tratados en el hospital provienen de \u00e1reas rurales donde el riesgo de exposici\u00f3n (por conflictos o por juego) es mayor, dijo Yam\u00e9ogo.<\/p>\n\n\n\n<p>Examinar y tratar a un ni\u00f1o es una pr\u00e1ctica delicada que requiere mucho tiempo, algo que muchas familias no pueden permitirse. Muchas deben regresar a casa para ganar dinero para el tratamiento.<\/p>\n\n\n\n<p>Mientras atend\u00eda a Diallo, Yam\u00e9ogo not\u00f3 que el ni\u00f1o asociaba el dibujo de una manzana con un pimiento, lo que la hizo preguntarse: \u00bfSer\u00e1 que no la ve o que no sabe qu\u00e9 es una manzana? La fruta no crece en la regi\u00f3n donde vive.<\/p>\n\n\n\n<p>\u201cNo hay un horario fijo para examinar a los ni\u00f1os\u201d, dijo. \u201cSe necesita mucha paciencia\u201d.<\/p>\n\n\n\n<p>El trabajo de Yameogo ha tenido \u201cun impacto muy positivo en la formaci\u00f3n de futuros pediatras y en la calidad de los servicios de oftalmolog\u00eda\u201d, afirm\u00f3 Jean Diallo, presidente de la Sociedad Burkina Faso de Oftalmolog\u00eda.<\/p>\n\n\n\n<p>\u201cEl ojo de un ni\u00f1o no es igual que el de un adulto, por eso necesitamos especialistas que traten los problemas de forma temprana para que el ni\u00f1o pueda desarrollarse adecuadamente\u201d, afirm\u00f3 Diallo.<\/p>\n\n\n\n<p>Cit\u00f3 el retinoblastoma, un c\u00e1ncer de retina que afecta principalmente a ni\u00f1os peque\u00f1os, y las cataratas cong\u00e9nitas, enfermedades oculares que pueden curarse si se diagnostican a tiempo. Los pediatras no siempre las detectan.<\/p>\n\n\n\n<p>Durante otra consulta, Yam\u00e9ogo le dijo a la familia de Fatao Traor\u00e9, de 5 a\u00f1os, que necesitar\u00eda una cirug\u00eda de c\u00f3rnea como resultado de una lesi\u00f3n sufrida mientras jugaba con un palo.<\/p>\n\n\n\n<p>\u201cA veces siento un pinchazo en el coraz\u00f3n\u201d, dijo Yam\u00e9ogo mientras examinaba al ni\u00f1o tras llegar de su granja en las afueras de Bobo-Dioulasso. \u201cSu iris se ha desprendido de la c\u00f3rnea, por lo que necesita ser hospitalizado\u201d.<\/p>\n\n\n\n<p>El padre, con aspecto abrumado, suspir\u00f3, sin saber de d\u00f3nde saldr\u00eda el dinero para la cirug\u00eda del ni\u00f1o. En teor\u00eda, el gobierno de Burkina Faso cubr\u00eda el costo de los medicamentos y la atenci\u00f3n m\u00e9dica para los ni\u00f1os menores de 5 a\u00f1os, pero a menudo no hab\u00eda medicamentos disponibles en los hospitales, lo que obligaba a las familias a comprarlos en otro lugar.<\/p>\n\n\n\n<p>Una cirug\u00eda como la de Traor\u00e9 puede costar 100.000 CFA (179 d\u00f3lares), el equivalente a varios meses de ingresos para la familia.<\/p>\n","protected":false},"excerpt":{"rendered":"<p>Por Elia Borras BOBO-DIOULASSO, Burkina Faso (AP) \u2014 Isaka Diallo jugaba con sus amigos cuando una piedra le impact\u00f3 en el ojo izquierdo. Durante dos semanas, sus padres buscaron un&hellip;<\/p>\n","protected":false},"author":10,"featured_media":103068,"comment_status":"open","ping_status":"open","sticky":false,"template":"","format":"standard","meta":{"content-type":"","jetpack_post_was_ever_published":false,"_jetpack_newsletter_access":"","_jetpack_dont_email_post_to_subs":false,"_jetpack_newsletter_tier_id":0,"_jetpack_memberships_contains_paywalled_content":false,"_jetpack_memberships_contains_paid_content":false,"footnotes":""},"categories":[16558],"tags":[21509,1501,8474,58,21510,18748],"class_list":["post-103067","post","type-post","status-publish","format-standard","has-post-thumbnail","hentry","category-salud","tag-burkina-faso","tag-conflicto","tag-juego","tag-ninos","tag-oftalmologo","tag-trauma"],"jetpack_featured_media_url":"https:\/\/lasprimeras.com.do\/wp-content\/uploads\/2025\/07\/oftalmologo.jpg","jetpack-related-posts":[{"id":109069,"url":"https:\/\/lasprimeras.com.do\/index.php\/2025\/09\/14\/al-menos-14-soldados-nigerinos-mueren-en-una-emboscada-en-una-region-conflictiva-segun-autoridades\/","url_meta":{"origin":103067,"position":0},"title":"Al menos 14 soldados nigerinos mueren en una emboscada en una regi\u00f3n conflictiva, seg\u00fan autoridades","author":"Nelson Feliz","date":"14 de septiembre de 2025","format":false,"excerpt":"POR BABA AHMED Al menos 14 soldados murieron esta semana en una emboscada de hombres armados en una regi\u00f3n conflictiva de N\u00edger, seg\u00fan afirm\u00f3 el ministro nigerino de Defensa en un comunicado, dentro de un aumento de los ataques milicianos en la naci\u00f3n de \u00c1frica Occidental, gobernada por militares. El\u2026","rel":"","context":"En \u00abINTERNACIONALES\u00bb","block_context":{"text":"INTERNACIONALES","link":"https:\/\/lasprimeras.com.do\/index.php\/category\/sin-categoria\/internacionales\/"},"img":{"alt_text":"","src":"https:\/\/i0.wp.com\/lasprimeras.com.do\/wp-content\/uploads\/2025\/09\/Al-menos-14-soldados-nigerinos-mueren-en-una-emboscada-en-una-region-conflictiva.jpg?resize=350%2C200&ssl=1","width":350,"height":200,"srcset":"https:\/\/i0.wp.com\/lasprimeras.com.do\/wp-content\/uploads\/2025\/09\/Al-menos-14-soldados-nigerinos-mueren-en-una-emboscada-en-una-region-conflictiva.jpg?resize=350%2C200&ssl=1 1x, https:\/\/i0.wp.com\/lasprimeras.com.do\/wp-content\/uploads\/2025\/09\/Al-menos-14-soldados-nigerinos-mueren-en-una-emboscada-en-una-region-conflictiva.jpg?resize=525%2C300&ssl=1 1.5x, https:\/\/i0.wp.com\/lasprimeras.com.do\/wp-content\/uploads\/2025\/09\/Al-menos-14-soldados-nigerinos-mueren-en-una-emboscada-en-una-region-conflictiva.jpg?resize=700%2C400&ssl=1 2x"},"classes":[]},{"id":82483,"url":"https:\/\/lasprimeras.com.do\/index.php\/2024\/05\/04\/haiti-espera-mision-multinacional-en-medio-de-desacuerdos\/","url_meta":{"origin":103067,"position":1},"title":"Hait\u00ed espera misi\u00f3n multinacional en medio de desacuerdos","author":"BIMARY DE JES\u00daS Matos","date":"4 de mayo de 2024","format":false,"excerpt":"Puerto Pr\u00edncipe.- Los haitianos aguardan con esperanza la llegada de una misi\u00f3n multinacional liderada por Kenia que ayude a restaurar la seguridad en el pa\u00eds, en medio de las discrepancias que reinan en el seno del Consejo Presidencial de Transici\u00f3n solo ocho d\u00edas despu\u00e9s de su puesta en marcha. La\u2026","rel":"","context":"En \u00abNACIONALES\u00bb","block_context":{"text":"NACIONALES","link":"https:\/\/lasprimeras.com.do\/index.php\/category\/nacionales\/"},"img":{"alt_text":"","src":"https:\/\/i0.wp.com\/lasprimeras.com.do\/wp-content\/uploads\/2024\/04\/6a0c8a05-4f4b-48f5-a1d9-1ad180753c4a-35.jpg?resize=350%2C200&ssl=1","width":350,"height":200,"srcset":"https:\/\/i0.wp.com\/lasprimeras.com.do\/wp-content\/uploads\/2024\/04\/6a0c8a05-4f4b-48f5-a1d9-1ad180753c4a-35.jpg?resize=350%2C200&ssl=1 1x, https:\/\/i0.wp.com\/lasprimeras.com.do\/wp-content\/uploads\/2024\/04\/6a0c8a05-4f4b-48f5-a1d9-1ad180753c4a-35.jpg?resize=525%2C300&ssl=1 1.5x, https:\/\/i0.wp.com\/lasprimeras.com.do\/wp-content\/uploads\/2024\/04\/6a0c8a05-4f4b-48f5-a1d9-1ad180753c4a-35.jpg?resize=700%2C400&ssl=1 2x, https:\/\/i0.wp.com\/lasprimeras.com.do\/wp-content\/uploads\/2024\/04\/6a0c8a05-4f4b-48f5-a1d9-1ad180753c4a-35.jpg?resize=1050%2C600&ssl=1 3x"},"classes":[]},{"id":93129,"url":"https:\/\/lasprimeras.com.do\/index.php\/2025\/01\/25\/mochotran-realiza-operativo-de-atencion-oftalmologica\/","url_meta":{"origin":103067,"position":2},"title":"Mochotran realiza operativo de atenci\u00f3n oftalmol\u00f3gica","author":"Nelson Feliz","date":"25 de enero de 2025","format":false,"excerpt":"La empresa Optic Go asiste al personal con controles visuales preventivos. El Grupo de Empresas de Transporte Mochotran concluy\u00f3 exitosamente un operativo de atenci\u00f3n oftalmol\u00f3gica, llevado acabo durante dos d\u00edas en la Terminal de Autobuses, ubicada en la avenida Jacobo Majluta, del Municipio Santo Domingo Norte. Durante la jornada, Wilson\u2026","rel":"","context":"En \u00abSALUD\u00bb","block_context":{"text":"SALUD","link":"https:\/\/lasprimeras.com.do\/index.php\/category\/salud\/"},"img":{"alt_text":"Grupo de Empresas de Transporte Mochotran","src":"https:\/\/i0.wp.com\/lasprimeras.com.do\/wp-content\/uploads\/2025\/01\/Grupo-de-Empresas-de-Transporte-Mochotran-2.jpg?resize=350%2C200&ssl=1","width":350,"height":200,"srcset":"https:\/\/i0.wp.com\/lasprimeras.com.do\/wp-content\/uploads\/2025\/01\/Grupo-de-Empresas-de-Transporte-Mochotran-2.jpg?resize=350%2C200&ssl=1 1x, https:\/\/i0.wp.com\/lasprimeras.com.do\/wp-content\/uploads\/2025\/01\/Grupo-de-Empresas-de-Transporte-Mochotran-2.jpg?resize=525%2C300&ssl=1 1.5x, https:\/\/i0.wp.com\/lasprimeras.com.do\/wp-content\/uploads\/2025\/01\/Grupo-de-Empresas-de-Transporte-Mochotran-2.jpg?resize=700%2C400&ssl=1 2x"},"classes":[]},{"id":95905,"url":"https:\/\/lasprimeras.com.do\/index.php\/2025\/03\/21\/club-de-leones-de-wisconsin-realiza-exitoso-operativo-oftalmologico-en-gualey\/","url_meta":{"origin":103067,"position":3},"title":"Club de Leones de Wisconsin realiza exitoso operativo oftalmol\u00f3gico en Gualey","author":"Nelson Feliz","date":"21 de marzo de 2025","format":false,"excerpt":"La Asociaci\u00f3n Internacional de Clubes de Leones junto a los Leones de Wisconsin, realizaron un exitoso operativo oftalmol\u00f3gico en Gualey, beneficiando a casi 8,000 personas de escasos recursos con evaluaciones visuales y entrega de lentes gratuitos. La directora de la Asociaci\u00f3n Internacional de Clubes de Leones, quien coordin\u00f3 el operativo,\u2026","rel":"","context":"En \u00abSALUD\u00bb","block_context":{"text":"SALUD","link":"https:\/\/lasprimeras.com.do\/index.php\/category\/salud\/"},"img":{"alt_text":"","src":"https:\/\/i0.wp.com\/lasprimeras.com.do\/wp-content\/uploads\/2025\/03\/ope-1.jpg?resize=350%2C200&ssl=1","width":350,"height":200,"srcset":"https:\/\/i0.wp.com\/lasprimeras.com.do\/wp-content\/uploads\/2025\/03\/ope-1.jpg?resize=350%2C200&ssl=1 1x, https:\/\/i0.wp.com\/lasprimeras.com.do\/wp-content\/uploads\/2025\/03\/ope-1.jpg?resize=525%2C300&ssl=1 1.5x, https:\/\/i0.wp.com\/lasprimeras.com.do\/wp-content\/uploads\/2025\/03\/ope-1.jpg?resize=700%2C400&ssl=1 2x"},"classes":[]},{"id":82169,"url":"https:\/\/lasprimeras.com.do\/index.php\/2024\/04\/29\/incocegla-y-la-fundacion-rogelio-cruz-realizan-operativo-de-la-vision-en-samana\/","url_meta":{"origin":103067,"position":4},"title":"INCOCEGLA y la Fundaci\u00f3n Rogelio Cruz realizan operativo de la visi\u00f3n en Saman\u00e1","author":"Nelson Feliz","date":"29 de abril de 2024","format":false,"excerpt":"Por Martin Restituyo El Instituto contra la Ceguera por Glaucoma (INCOCEGLA) y la Fundaci\u00f3n Rogelio Cruz realizaron un operativo oftalmol\u00f3gico gratuito en la comunidad Arroyo Chico, en Saman\u00e1. El objetivo principal proporcionar atenci\u00f3n oftalmol\u00f3gica a los residentes locales, con un enfoque particular en la detecci\u00f3n y prevenci\u00f3n del glaucoma y\u2026","rel":"","context":"En \u00abPORTADA\u00bb","block_context":{"text":"PORTADA","link":"https:\/\/lasprimeras.com.do\/index.php\/category\/portada\/"},"img":{"alt_text":"INCOCEGLA","src":"https:\/\/i0.wp.com\/lasprimeras.com.do\/wp-content\/uploads\/2024\/04\/INCOCEGLA-1.jpg?resize=350%2C200&ssl=1","width":350,"height":200,"srcset":"https:\/\/i0.wp.com\/lasprimeras.com.do\/wp-content\/uploads\/2024\/04\/INCOCEGLA-1.jpg?resize=350%2C200&ssl=1 1x, https:\/\/i0.wp.com\/lasprimeras.com.do\/wp-content\/uploads\/2024\/04\/INCOCEGLA-1.jpg?resize=525%2C300&ssl=1 1.5x, https:\/\/i0.wp.com\/lasprimeras.com.do\/wp-content\/uploads\/2024\/04\/INCOCEGLA-1.jpg?resize=700%2C400&ssl=1 2x"},"classes":[]},{"id":86061,"url":"https:\/\/lasprimeras.com.do\/index.php\/2024\/07\/16\/senado-realiza-operativo-oftalmologico-a-colaboradores\/","url_meta":{"origin":103067,"position":5},"title":"Senado realiza operativo oftalmol\u00f3gico a colaboradores","author":"Nelson Feliz","date":"16 de julio de 2024","format":false,"excerpt":"El Senado de la Rep\u00fablica realiz\u00f3 un amplio operativo oftalmol\u00f3gico, en el cual se beneficiaron decenas de sus colaboradores y personal de la C\u00e1mara de Diputados. La jornada dispuesta por el presidente del Senado, Ricardo de los Santos y coordinada por Sonya Uribe, directora de Recursos Humanos, cont\u00f3 con el\u2026","rel":"","context":"En \u00abSin categor\u00eda\u00bb","block_context":{"text":"Sin categor\u00eda","link":"https:\/\/lasprimeras.com.do\/index.php\/category\/sin-categoria\/"},"img":{"alt_text":"","src":"https:\/\/i0.wp.com\/lasprimeras.com.do\/wp-content\/uploads\/2024\/07\/operativo-oftalmologico.jpg?resize=350%2C200&ssl=1","width":350,"height":200,"srcset":"https:\/\/i0.wp.com\/lasprimeras.com.do\/wp-content\/uploads\/2024\/07\/operativo-oftalmologico.jpg?resize=350%2C200&ssl=1 1x, https:\/\/i0.wp.com\/lasprimeras.com.do\/wp-content\/uploads\/2024\/07\/operativo-oftalmologico.jpg?resize=525%2C300&ssl=1 1.5x"},"classes":[]}],"jetpack_sharing_enabled":true,"_links":{"self":[{"href":"https:\/\/lasprimeras.com.do\/index.php\/wp-json\/wp\/v2\/posts\/103067","targetHints":{"allow":["GET"]}}],"collection":[{"href":"https:\/\/lasprimeras.com.do\/index.php\/wp-json\/wp\/v2\/posts"}],"about":[{"href":"https:\/\/lasprimeras.com.do\/index.php\/wp-json\/wp\/v2\/types\/post"}],"author":[{"embeddable":true,"href":"https:\/\/lasprimeras.com.do\/index.php\/wp-json\/wp\/v2\/users\/10"}],"replies":[{"embeddable":true,"href":"https:\/\/lasprimeras.com.do\/index.php\/wp-json\/wp\/v2\/comments?post=103067"}],"version-history":[{"count":1,"href":"https:\/\/lasprimeras.com.do\/index.php\/wp-json\/wp\/v2\/posts\/103067\/revisions"}],"predecessor-version":[{"id":103069,"href":"https:\/\/lasprimeras.com.do\/index.php\/wp-json\/wp\/v2\/posts\/103067\/revisions\/103069"}],"wp:featuredmedia":[{"embeddable":true,"href":"https:\/\/lasprimeras.com.do\/index.php\/wp-json\/wp\/v2\/media\/103068"}],"wp:attachment":[{"href":"https:\/\/lasprimeras.com.do\/index.php\/wp-json\/wp\/v2\/media?parent=103067"}],"wp:term":[{"taxonomy":"category","embeddable":true,"href":"https:\/\/lasprimeras.com.do\/index.php\/wp-json\/wp\/v2\/categories?post=103067"},{"taxonomy":"post_tag","embeddable":true,"href":"https:\/\/lasprimeras.com.do\/index.php\/wp-json\/wp\/v2\/tags?post=103067"}],"curies":[{"name":"wp","href":"https:\/\/api.w.org\/{rel}","templated":true}]}}