{"id":103152,"date":"2025-07-12T22:13:48","date_gmt":"2025-07-13T02:13:48","guid":{"rendered":"https:\/\/lasprimeras.com.do\/?p=103152"},"modified":"2025-07-12T22:13:50","modified_gmt":"2025-07-13T02:13:50","slug":"abinader-celebra-cumpleanos-entregando-titulos-de-propiedad-en-el-municipio-de-quisqueya","status":"publish","type":"post","link":"https:\/\/lasprimeras.com.do\/index.php\/2025\/07\/12\/abinader-celebra-cumpleanos-entregando-titulos-de-propiedad-en-el-municipio-de-quisqueya\/","title":{"rendered":"Abinader celebra cumplea\u00f1os entregando t\u00edtulos de propiedad en el municipio de Quisqueya"},"content":{"rendered":"\n<p><strong>Mandatario dice que la mejor celebraci\u00f3n de cumplea\u00f1os es entregando t\u00edtulos a los m\u00e1s necesitados.<\/strong><\/p>\n\n\n\n<p>El presidente Luis Abinader manifest\u00f3 que la mejor manera que puede tener para celebrar su cumplea\u00f1os es entregar t\u00edtulos a los m\u00e1s necesitados.<\/p>\n\n\n\n<p>El mandatario se traslad\u00f3 este s\u00e1bado, en el d\u00eda de su cumplea\u00f1os, al municipio Quisqueya, en San Pedro de Macor\u00eds, en donde entreg\u00f3 1,800 t\u00edtulos de propiedad para beneficio de 7,200 personas.<\/p>\n\n\n\n<p>En sus emocionadas palabras, el mandatario dijo: &#8220;esto es un sue\u00f1o que se est\u00e1 haciendo realidad&#8221;, al referirse a la entrega de certificados.<\/p>\n\n\n\n<p>La acci\u00f3n, ejecutada por Unidad T\u00e9cnica Ejecutora de Titulaci\u00f3n de Terrenos del Estado (UTECT), en coordinaci\u00f3n con el Consejo Estatal del Az\u00facar (CEA) ya Jurisdicci\u00f3n Inmobiliaria, es una iniciativa del jefe de Estado que forma parte del programa del gobierno para regularizar la tenencia de tierras y garantizar seguridad jur\u00eddica a cientos de familias.<\/p>\n\n\n\n<p>El jefe de Estado reiter\u00f3 que la entrega de los certificados es la mejor celebraci\u00f3n de cumplea\u00f1os que puede tener &#8220;solucionando y entregando t\u00edtulos&#8221;.<\/p>\n\n\n\n<p>Recalc\u00f3 la satisfacci\u00f3n que le da el poder otorgar los t\u00edtulos de los terrenos que por a\u00f1os son el cimiento de los hogares que cobijan sus sue\u00f1os y en el espacio para ganarse el sustento de sus familias.<\/p>\n\n\n\n<p>Reiter\u00f3 que al ser due\u00f1os de los terrenos las propiedades adquieren mayor valor y se convierten en sujetos formales de cr\u00e9dito de la banca y un patrimonio para dejarle a su descendencia.<\/p>\n\n\n\n<p>Dijo que se trabaja para dotar a las familias restantes de los t\u00edtulos de propiedad para que ning\u00fan residente de Quisqueya se quede sin los documentos que los avalen como due\u00f1os de las tierras en la cual por a\u00f1os viven.<\/p>\n\n\n\n<p>&#8220;Para que aqu\u00ed, en Quisqueya, todos tengan sus t\u00edtulos de propiedad&#8221;, enfatiz\u00f3 el jefe de Estado.<\/p>\n\n\n\n<p>Esta es la segunda entrega de certificados de t\u00edtulos que realiza el mandatario en el municipio de Quisqueya dando cumplimiento a su promesa de seguir cambiando vidas en la provincia de San Pedro de Macor\u00eds.<\/p>\n\n\n\n<p>En esta oportunidad abarca un \u00e1rea geogr\u00e1fica de 386,476.60 metros cuadrados. En la primera entrega las beneficiarias fueron mil familias.<\/p>\n\n\n\n<p>En la provincia los t\u00edtulos entregados superan los 20,000, lo que la convierte en la m\u00e1s beneficiada con esta acci\u00f3n del Gobierno.<\/p>\n\n\n\n<p>Nancy Cristina Rodr\u00edguez, quien agradeci\u00f3 a nombre de los beneficiarios, enfatiz\u00f3 en qu\u00e9 el mandatario volvi\u00f3 a la comunidad para entregar los t\u00edtulos de propiedad que prometi\u00f3.<\/p>\n\n\n\n<p>De su lado, el director ejecutivo de la UTECT, Duarte M\u00e9ndez Pe\u00f1a, agradeci\u00f3 al liderazgo comunitario de la localidad, a las autoridades civiles y municipales de la provincia que colabor\u00f3 y crey\u00f3 en este proyecto porque sin su apoyo y fe, no se estar\u00eda viviendo este momento.<\/p>\n\n\n\n<p>\u201cEste esfuerzo no solo tiene un impacto legal o patrimonial, sino tambi\u00e9n econ\u00f3mico. El trabajo realizado ha significado un ahorro colectivo de RD$144,000,000.00 para las familias beneficiadas, recursos que habr\u00edan tenido que invertir si este proceso se hubiera hecho por la v\u00eda privada y hoy, gracias al compromiso del presidente Luis Abinader, reciben estos t\u00edtulos totalmente gratis\u201d, indic\u00f3, M\u00e9ndez Pe\u00f1a.<\/p>\n\n\n\n<p>Indic\u00f3 que est\u00e1 entrega no significa el final de su labor, sino la continuaci\u00f3n de un compromiso firme con la gente.<\/p>\n\n\n\n<p>&#8220;A\u00fan quedan familias por titular, y desde nuestra Unidad seguiremos desplegando todos los esfuerzos necesarios para que cada dominicano que vive sobre tierra del Estado tenga su t\u00edtulo en mano, sin trabas ni excusas&#8221;, expres\u00f3.<\/p>\n\n\n\n<p>Al finalizar la actividad, los lugare\u00f1os entregaron un bizcocho y cantaron cumplea\u00f1os al mandatario.<\/p>\n\n\n\n<p>A la actividad celebrada en el Multiuso Quisqueya asistieron Rafael Burgos, director general de Bienes Nacionales, el CEA y Corde; Yovanny Baltazar, gobernadora de San Pedro de Macor\u00eds; Aracelis Villanueva Figueroa, senadora de San Pedro de Macor\u00eds; Carlos Melo, alcalde del municipio de Quisqueya; los diputados, Miguel Arredondo, Carlixta Carolina Paula y Jacobo Ramos y Robert Polanco, director de los Proyectos Estrat\u00e9gicos y Especiales de la Presidencia (Propeep).<\/p>\n\n\n\n<p>Tambi\u00e9n, H\u00e9ctor Mirambeaux, director general de Catastro Nacional; Nelson Arroyo, vicepresidente ejecutivo de Seguros Banreservas; Rub\u00e9n C\u00e9spedes, subdirector Regional Este de la Unidad T\u00e9cnica Ejecutora de Titulaci\u00f3n de Terrenos del Estado; Rivera Amador Amador, subdirector del Instituto Agrario Dominicano, en representaci\u00f3n de Francisco G. Garc\u00eda y Pedro Richardson, presidente de la Federaci\u00f3n de Distritos Municipales.<\/p>\n","protected":false},"excerpt":{"rendered":"<p>Mandatario dice que la mejor celebraci\u00f3n de cumplea\u00f1os es entregando t\u00edtulos a los m\u00e1s necesitados. El presidente Luis Abinader manifest\u00f3 que la mejor manera que puede tener para celebrar su&hellip;<\/p>\n","protected":false},"author":2,"featured_media":103153,"comment_status":"open","ping_status":"open","sticky":false,"template":"","format":"standard","meta":{"content-type":"","jetpack_post_was_ever_published":false,"_jetpack_newsletter_access":"","_jetpack_dont_email_post_to_subs":false,"_jetpack_newsletter_tier_id":0,"_jetpack_memberships_contains_paywalled_content":false,"_jetpack_memberships_contains_paid_content":false,"footnotes":""},"categories":[35,25],"tags":[11825,67,21550,5838],"class_list":["post-103152","post","type-post","status-publish","format-standard","has-post-thumbnail","hentry","category-nacionales","category-portada","tag-cumpleanos","tag-luis-abinader","tag-municipio-de-quisqueya","tag-titulos-de-propiedad"],"jetpack_featured_media_url":"https:\/\/lasprimeras.com.do\/wp-content\/uploads\/2025\/07\/Luis-Abinader-6.jpg","jetpack-related-posts":[{"id":103117,"url":"https:\/\/lasprimeras.com.do\/index.php\/2025\/07\/11\/abinader-desarrollara-agenda-de-trabajo-este-fin-de-semana-spm-sd-este-y-boca-chica\/","url_meta":{"origin":103152,"position":0},"title":"Abinader desarrollar\u00e1 agenda de trabajo este fin de semana SPM, SD-Este y Boca Chica","author":"Nelson Feliz","date":"11 de julio de 2025","format":false,"excerpt":"El presidente Luis Abinader, continuar\u00e1 este fin de semana con su agenda de trabajo en el territorio nacional, con actividades programadas el s\u00e1bado 12 y domingo 13 de julio en la provincia de San Pedro de Macor\u00eds, Santo Domingo Este y Boca Chica en beneficio de la ciudadan\u00eda. Las acciones\u2026","rel":"","context":"En \u00abNACIONALES\u00bb","block_context":{"text":"NACIONALES","link":"https:\/\/lasprimeras.com.do\/index.php\/category\/nacionales\/"},"img":{"alt_text":"","src":"https:\/\/i0.wp.com\/lasprimeras.com.do\/wp-content\/uploads\/2025\/07\/Luis-Abinader-4-1.jpg?resize=350%2C200&ssl=1","width":350,"height":200,"srcset":"https:\/\/i0.wp.com\/lasprimeras.com.do\/wp-content\/uploads\/2025\/07\/Luis-Abinader-4-1.jpg?resize=350%2C200&ssl=1 1x, https:\/\/i0.wp.com\/lasprimeras.com.do\/wp-content\/uploads\/2025\/07\/Luis-Abinader-4-1.jpg?resize=525%2C300&ssl=1 1.5x, https:\/\/i0.wp.com\/lasprimeras.com.do\/wp-content\/uploads\/2025\/07\/Luis-Abinader-4-1.jpg?resize=700%2C400&ssl=1 2x"},"classes":[]},{"id":74089,"url":"https:\/\/lasprimeras.com.do\/index.php\/2024\/01\/18\/abinader-entrega-3100-titulos-de-propiedad-a-residentes-del-tamarindo\/","url_meta":{"origin":103152,"position":1},"title":"Abinader entrega 3100 t\u00edtulos de propiedad a residentes del Tamarindo","author":"Nelson Feliz","date":"18 de enero de 2024","format":false,"excerpt":"El presidente Luis Abinader entreg\u00f3 3100 t\u00edtulos de propiedad del proyecto Tamarindo I, Santo Domingo Este, que impactar\u00e1 de forma directa en la vida de m\u00e1s de 17,000 personas. Con este acto de entrega de t\u00edtulos de propiedad se benefician los sectores de Villa Tropicalia, Corambal, Casita de los Padres,\u2026","rel":"","context":"En \u00abNACIONALES\u00bb","block_context":{"text":"NACIONALES","link":"https:\/\/lasprimeras.com.do\/index.php\/category\/nacionales\/"},"img":{"alt_text":"Luis Abinader","src":"https:\/\/i0.wp.com\/lasprimeras.com.do\/wp-content\/uploads\/2024\/01\/Luis-Abinader-2.jpg?resize=350%2C200&ssl=1","width":350,"height":200,"srcset":"https:\/\/i0.wp.com\/lasprimeras.com.do\/wp-content\/uploads\/2024\/01\/Luis-Abinader-2.jpg?resize=350%2C200&ssl=1 1x, https:\/\/i0.wp.com\/lasprimeras.com.do\/wp-content\/uploads\/2024\/01\/Luis-Abinader-2.jpg?resize=525%2C300&ssl=1 1.5x"},"classes":[]},{"id":63525,"url":"https:\/\/lasprimeras.com.do\/index.php\/2023\/10\/13\/abinader-inaugurara-cuatro-obras-y-entregara-titulos-de-propiedad-en-azua-y-peravia\/","url_meta":{"origin":103152,"position":2},"title":"Abinader inaugurar\u00e1 cuatro obras y entregar\u00e1 t\u00edtulos de propiedad en Azua y Peravia","author":"Nelson Feliz","date":"13 de octubre de 2023","format":false,"excerpt":"Las obras a inaugurar por el mandatario incluyen una estancia infantil y un palacio municipal en Azua, mientras que en Peravia presidir\u00e1 el relanzamiento de la Zona Franca de Ban\u00ed y la entrega de la primera etapa de la construcci\u00f3n de las calles de Arroyo Hondo y San Jos\u00e9 de\u2026","rel":"","context":"En \u00abNACIONALES\u00bb","block_context":{"text":"NACIONALES","link":"https:\/\/lasprimeras.com.do\/index.php\/category\/nacionales\/"},"img":{"alt_text":"Luis Abinader","src":"https:\/\/i0.wp.com\/lasprimeras.com.do\/wp-content\/uploads\/2023\/10\/Luis-Abinader-5.jpg?resize=350%2C200&ssl=1","width":350,"height":200,"srcset":"https:\/\/i0.wp.com\/lasprimeras.com.do\/wp-content\/uploads\/2023\/10\/Luis-Abinader-5.jpg?resize=350%2C200&ssl=1 1x, https:\/\/i0.wp.com\/lasprimeras.com.do\/wp-content\/uploads\/2023\/10\/Luis-Abinader-5.jpg?resize=525%2C300&ssl=1 1.5x, https:\/\/i0.wp.com\/lasprimeras.com.do\/wp-content\/uploads\/2023\/10\/Luis-Abinader-5.jpg?resize=700%2C400&ssl=1 2x"},"classes":[]},{"id":101873,"url":"https:\/\/lasprimeras.com.do\/index.php\/2025\/06\/27\/abinader-supera-los-127-mil-titulos-de-propiedad-entregados-en-todo-el-pais\/","url_meta":{"origin":103152,"position":3},"title":"Abinader supera los 127 mil t\u00edtulos de propiedad entregados en todo el pa\u00eds","author":"Nelson Feliz","date":"27 de junio de 2025","format":false,"excerpt":"La administraci\u00f3n del presidente Luis Abinader ha superado los 127 mil certificados facilitados gratuitamente a dominicanos de limitados recursos econ\u00f3micos en todo el pa\u00eds, con la entrega de 2 mil 541 t\u00edtulos de propiedad en beneficio de igual cantidad de familias residentes en la Romana. El programa coordinado por La\u2026","rel":"","context":"En \u00abNACIONALES\u00bb","block_context":{"text":"NACIONALES","link":"https:\/\/lasprimeras.com.do\/index.php\/category\/nacionales\/"},"img":{"alt_text":"","src":"https:\/\/i0.wp.com\/lasprimeras.com.do\/wp-content\/uploads\/2025\/06\/abina.jpg?resize=350%2C200&ssl=1","width":350,"height":200,"srcset":"https:\/\/i0.wp.com\/lasprimeras.com.do\/wp-content\/uploads\/2025\/06\/abina.jpg?resize=350%2C200&ssl=1 1x, https:\/\/i0.wp.com\/lasprimeras.com.do\/wp-content\/uploads\/2025\/06\/abina.jpg?resize=525%2C300&ssl=1 1.5x, https:\/\/i0.wp.com\/lasprimeras.com.do\/wp-content\/uploads\/2025\/06\/abina.jpg?resize=700%2C400&ssl=1 2x"},"classes":[]},{"id":74038,"url":"https:\/\/lasprimeras.com.do\/index.php\/2024\/01\/18\/abinader-entrega-3100-titulos-de-propiedad-a-residentes-del-tamarindo-primero\/","url_meta":{"origin":103152,"position":4},"title":"Abinader entrega 3,100 t\u00edtulos de propiedad a residentes del Tamarindo primero","author":"BIMARY DE JES\u00daS Matos","date":"18 de enero de 2024","format":false,"excerpt":"Santo Domingo.-El presidente Luis Abinader entreg\u00f3 este jueves 3100 t\u00edtulos de propiedad del proyecto Tamarindo I, Santo Domingo Este, que impactar\u00e1 de forma directa en la vida de m\u00e1s de 17,000 personas. Con este acto de entrega de t\u00edtulos de propiedad se benefician los sectores de Villa Tropicalia, Corambal, Casita\u2026","rel":"","context":"En \u00abPORTADA\u00bb","block_context":{"text":"PORTADA","link":"https:\/\/lasprimeras.com.do\/index.php\/category\/portada\/"},"img":{"alt_text":"","src":"https:\/\/i0.wp.com\/lasprimeras.com.do\/wp-content\/uploads\/2024\/01\/Presidente-Abinader-entrega-3100-titulos-de-propiedad-a-residentes-del-Tamarindo-primero.jpg?resize=350%2C200&ssl=1","width":350,"height":200,"srcset":"https:\/\/i0.wp.com\/lasprimeras.com.do\/wp-content\/uploads\/2024\/01\/Presidente-Abinader-entrega-3100-titulos-de-propiedad-a-residentes-del-Tamarindo-primero.jpg?resize=350%2C200&ssl=1 1x, https:\/\/i0.wp.com\/lasprimeras.com.do\/wp-content\/uploads\/2024\/01\/Presidente-Abinader-entrega-3100-titulos-de-propiedad-a-residentes-del-Tamarindo-primero.jpg?resize=525%2C300&ssl=1 1.5x"},"classes":[]},{"id":89127,"url":"https:\/\/lasprimeras.com.do\/index.php\/2024\/09\/18\/abinader-dice-triplicara-entrega-de-titulos-de-propiedad-en-este-cuatrenio\/","url_meta":{"origin":103152,"position":5},"title":"Abinader dice triplicar\u00e1 entrega de t\u00edtulos de propiedad en este cuatrenio","author":"Nelson Feliz","date":"18 de septiembre de 2024","format":false,"excerpt":"El presidente Luis Abinader inform\u00f3 este mi\u00e9rcoles que en el pasado cuatrienio de gobierno se entregaron cerca de 110 mil t\u00edtulos de propiedad, al tiempo que asegur\u00f3 que en los pr\u00f3ximos cuatro a\u00f1os esa cantidad ser\u00e1 triplicar\u00e1. Esas palabras fueron expresadas por el mandatario junto a la vicepresidenta Raquel Pe\u00f1a,\u2026","rel":"","context":"En \u00abECONOM\u00cdA\u00bb","block_context":{"text":"ECONOM\u00cdA","link":"https:\/\/lasprimeras.com.do\/index.php\/category\/economia\/"},"img":{"alt_text":"Luis Abinader","src":"https:\/\/i0.wp.com\/lasprimeras.com.do\/wp-content\/uploads\/2024\/09\/Luis-Abinader-2-1.jpg?resize=350%2C200&ssl=1","width":350,"height":200,"srcset":"https:\/\/i0.wp.com\/lasprimeras.com.do\/wp-content\/uploads\/2024\/09\/Luis-Abinader-2-1.jpg?resize=350%2C200&ssl=1 1x, https:\/\/i0.wp.com\/lasprimeras.com.do\/wp-content\/uploads\/2024\/09\/Luis-Abinader-2-1.jpg?resize=525%2C300&ssl=1 1.5x, https:\/\/i0.wp.com\/lasprimeras.com.do\/wp-content\/uploads\/2024\/09\/Luis-Abinader-2-1.jpg?resize=700%2C400&ssl=1 2x"},"classes":[]}],"jetpack_sharing_enabled":true,"_links":{"self":[{"href":"https:\/\/lasprimeras.com.do\/index.php\/wp-json\/wp\/v2\/posts\/103152","targetHints":{"allow":["GET"]}}],"collection":[{"href":"https:\/\/lasprimeras.com.do\/index.php\/wp-json\/wp\/v2\/posts"}],"about":[{"href":"https:\/\/lasprimeras.com.do\/index.php\/wp-json\/wp\/v2\/types\/post"}],"author":[{"embeddable":true,"href":"https:\/\/lasprimeras.com.do\/index.php\/wp-json\/wp\/v2\/users\/2"}],"replies":[{"embeddable":true,"href":"https:\/\/lasprimeras.com.do\/index.php\/wp-json\/wp\/v2\/comments?post=103152"}],"version-history":[{"count":1,"href":"https:\/\/lasprimeras.com.do\/index.php\/wp-json\/wp\/v2\/posts\/103152\/revisions"}],"predecessor-version":[{"id":103154,"href":"https:\/\/lasprimeras.com.do\/index.php\/wp-json\/wp\/v2\/posts\/103152\/revisions\/103154"}],"wp:featuredmedia":[{"embeddable":true,"href":"https:\/\/lasprimeras.com.do\/index.php\/wp-json\/wp\/v2\/media\/103153"}],"wp:attachment":[{"href":"https:\/\/lasprimeras.com.do\/index.php\/wp-json\/wp\/v2\/media?parent=103152"}],"wp:term":[{"taxonomy":"category","embeddable":true,"href":"https:\/\/lasprimeras.com.do\/index.php\/wp-json\/wp\/v2\/categories?post=103152"},{"taxonomy":"post_tag","embeddable":true,"href":"https:\/\/lasprimeras.com.do\/index.php\/wp-json\/wp\/v2\/tags?post=103152"}],"curies":[{"name":"wp","href":"https:\/\/api.w.org\/{rel}","templated":true}]}}