{"id":103161,"date":"2025-07-12T22:49:28","date_gmt":"2025-07-13T02:49:28","guid":{"rendered":"https:\/\/lasprimeras.com.do\/?p=103161"},"modified":"2025-07-12T22:49:29","modified_gmt":"2025-07-13T02:49:29","slug":"fedodim-pide-a-inversionistas-compas-de-espera-que-evite-pagar-dos-veces","status":"publish","type":"post","link":"https:\/\/lasprimeras.com.do\/index.php\/2025\/07\/12\/fedodim-pide-a-inversionistas-compas-de-espera-que-evite-pagar-dos-veces\/","title":{"rendered":"FEDODIM pide a inversionistas compas de espera que evite pagar dos veces"},"content":{"rendered":"\n<p>La Federaci\u00f3n Dominicana de Distrito Municipales (FEDODIM) pidi\u00f3 hoy un compa de espera a los desarrolladores que tienen proyectos en los 27 distritos con poblaci\u00f3n superior a los 15 mil habitantes.<\/p>\n\n\n\n<p>El director ejecutivo de Fedodim, doctor Pedro Richardson, dijo que la tramitaci\u00f3n de la permisolog\u00eda, se espera que el Poder Ejecutivo decrete el reglamento de aplicaci\u00f3n de la Ley 368-22.<\/p>\n\n\n\n<p>Indic\u00f3 que el reglamento bajo ninguna circunstancia modificar\u00e1 la conquista obtenida por los distritos en la Ley y por tanto llamo la atenci\u00f3n de los inversionistas &#8221; a no dejarse&nbsp; confundir de aquellos que los est\u00e1n llamando a realizar pagos en los municipios pues el que paga mal paga dos veces&#8221;.<\/p>\n\n\n\n<p>En Fedodim somos gente sensata, respetuosa de la Ley pero firme en la defensa de los intereses de los habitantes de nuestros distritos por lo que esperamos no se dejen confundir por quienes quieren aprovechar &#8220;sabichosamente&#8221;este espacio de concertaci\u00f3n que hemos aperturado.<\/p>\n","protected":false},"excerpt":{"rendered":"<p>La Federaci\u00f3n Dominicana de Distrito Municipales (FEDODIM) pidi\u00f3 hoy un compa de espera a los desarrolladores que tienen proyectos en los 27 distritos con poblaci\u00f3n superior a los 15 mil&hellip;<\/p>\n","protected":false},"author":2,"featured_media":103162,"comment_status":"open","ping_status":"open","sticky":false,"template":"","format":"standard","meta":{"content-type":"","jetpack_post_was_ever_published":false,"_jetpack_newsletter_access":"","_jetpack_dont_email_post_to_subs":false,"_jetpack_newsletter_tier_id":0,"_jetpack_memberships_contains_paywalled_content":false,"_jetpack_memberships_contains_paid_content":false,"footnotes":""},"categories":[35],"tags":[21554,21556,21555,10014,8606],"class_list":["post-103161","post","type-post","status-publish","format-standard","has-post-thumbnail","hentry","category-nacionales","tag-compas-de-espera","tag-dos-veces","tag-evite-pagar","tag-fedodim","tag-inversionistas"],"jetpack_featured_media_url":"https:\/\/lasprimeras.com.do\/wp-content\/uploads\/2025\/07\/Pedro-Richardson.jpg","jetpack-related-posts":[{"id":100769,"url":"https:\/\/lasprimeras.com.do\/index.php\/2025\/06\/11\/fedodim-ve-propuesta-de-ley-amenaza-autonomia-y-existencia-de-los-distritos-municipales\/","url_meta":{"origin":103161,"position":0},"title":"FEDODIM ve propuesta de ley amenaza autonom\u00eda y existencia de los Distritos Municipales","author":"Nelson Feliz","date":"11 de junio de 2025","format":false,"excerpt":"La Federaci\u00f3n Dominicana de Distritos Municipales (FEDODIM) expresa su m\u00e1s en\u00e9rgico rechazo a la propuesta de modificaci\u00f3n del Art\u00edculo 24 de la Ley 368-22 de Ordenamiento Territorial, la cual busca crear un \"r\u00e9gimen de planificaci\u00f3n vinculada\". As\u00ed lo consider\u00f3 el director ejecutivo de Fedodim, Pedro Richardson quien ve una grave\u2026","rel":"","context":"En \u00abNACIONALES\u00bb","block_context":{"text":"NACIONALES","link":"https:\/\/lasprimeras.com.do\/index.php\/category\/nacionales\/"},"img":{"alt_text":"","src":"https:\/\/i0.wp.com\/lasprimeras.com.do\/wp-content\/uploads\/2025\/06\/WhatsApp-Image-2025-06-11-at-9.52.59-AM.jpeg?resize=350%2C200&ssl=1","width":350,"height":200,"srcset":"https:\/\/i0.wp.com\/lasprimeras.com.do\/wp-content\/uploads\/2025\/06\/WhatsApp-Image-2025-06-11-at-9.52.59-AM.jpeg?resize=350%2C200&ssl=1 1x, https:\/\/i0.wp.com\/lasprimeras.com.do\/wp-content\/uploads\/2025\/06\/WhatsApp-Image-2025-06-11-at-9.52.59-AM.jpeg?resize=525%2C300&ssl=1 1.5x, https:\/\/i0.wp.com\/lasprimeras.com.do\/wp-content\/uploads\/2025\/06\/WhatsApp-Image-2025-06-11-at-9.52.59-AM.jpeg?resize=700%2C400&ssl=1 2x"},"classes":[]},{"id":102219,"url":"https:\/\/lasprimeras.com.do\/index.php\/2025\/07\/02\/fedomu-y-fedodim-buscan-soluciones-junto-al-pleno-de-la-camara-de-cuentas-sobre-alcaldes-sin-declaracion-jurada\/","url_meta":{"origin":103161,"position":1},"title":"Fedomu y Fedodim buscan soluciones junto al Pleno de la C\u00e1mara de Cuentas sobre alcaldes sin Declaraci\u00f3n Jurada","author":"Nelson Feliz","date":"2 de julio de 2025","format":false,"excerpt":"Los directivos de la Federaci\u00f3n Dominicana de Municipios (Fedomu) y Distritos Municipales (Fedodim) acudieron a la sede de la C\u00e1mara de Cuentas de la Rep\u00fablica Dominicana, donde sostuvieron un encuentro con los miembros del Pleno del \u00f3rgano fiscalizador. En la reuni\u00f3n, informaron que disponen de un equipo t\u00e9cnico habilitado para\u2026","rel":"","context":"En \u00abECONOM\u00cdA\u00bb","block_context":{"text":"ECONOM\u00cdA","link":"https:\/\/lasprimeras.com.do\/index.php\/category\/economia\/"},"img":{"alt_text":"","src":"https:\/\/i0.wp.com\/lasprimeras.com.do\/wp-content\/uploads\/2024\/12\/camara-de-cuentas.jpg?resize=350%2C200&ssl=1","width":350,"height":200,"srcset":"https:\/\/i0.wp.com\/lasprimeras.com.do\/wp-content\/uploads\/2024\/12\/camara-de-cuentas.jpg?resize=350%2C200&ssl=1 1x, https:\/\/i0.wp.com\/lasprimeras.com.do\/wp-content\/uploads\/2024\/12\/camara-de-cuentas.jpg?resize=525%2C300&ssl=1 1.5x, https:\/\/i0.wp.com\/lasprimeras.com.do\/wp-content\/uploads\/2024\/12\/camara-de-cuentas.jpg?resize=700%2C400&ssl=1 2x"},"classes":[]},{"id":102377,"url":"https:\/\/lasprimeras.com.do\/index.php\/2025\/07\/03\/consultoria-juridica-del-ejecutivo-reafirma-vigencia-de-ley-de-ordenamiento-territorial-desde-2022\/","url_meta":{"origin":103161,"position":2},"title":"Consultor\u00eda Jur\u00eddica del Ejecutivo reafirma vigencia de ley de Ordenamiento Territorial desde 2022","author":"Nelson Feliz","date":"3 de julio de 2025","format":false,"excerpt":"En una carta oficial enviada al director ejecutivo de la Federaci\u00f3n Dominicana de Distritos Municipales (Fedodim), Pedro Richardson, la Consultor\u00eda Jur\u00eddica del Poder Ejecutivo, dirigida por Antoliano Peralta Romero, confirm\u00f3 de manera categ\u00f3rica que la Ley 368-22 sobre Ordenamiento Territorial, Uso de Suelo y Asentamientos Humanos entr\u00f3 en plena vigencia\u2026","rel":"","context":"En \u00abNACIONALES\u00bb","block_context":{"text":"NACIONALES","link":"https:\/\/lasprimeras.com.do\/index.php\/category\/nacionales\/"},"img":{"alt_text":"Antoliano Peralta Romero","src":"https:\/\/i0.wp.com\/lasprimeras.com.do\/wp-content\/uploads\/2024\/08\/Antoliano-Peralta-Romero-1.jpg?resize=350%2C200&ssl=1","width":350,"height":200,"srcset":"https:\/\/i0.wp.com\/lasprimeras.com.do\/wp-content\/uploads\/2024\/08\/Antoliano-Peralta-Romero-1.jpg?resize=350%2C200&ssl=1 1x, https:\/\/i0.wp.com\/lasprimeras.com.do\/wp-content\/uploads\/2024\/08\/Antoliano-Peralta-Romero-1.jpg?resize=525%2C300&ssl=1 1.5x, https:\/\/i0.wp.com\/lasprimeras.com.do\/wp-content\/uploads\/2024\/08\/Antoliano-Peralta-Romero-1.jpg?resize=700%2C400&ssl=1 2x"},"classes":[]},{"id":69251,"url":"https:\/\/lasprimeras.com.do\/index.php\/2023\/11\/30\/fedodimpartidos-reciben-millones-pero-no-ofrecen-formacion-a-sus-dirigentes\/","url_meta":{"origin":103161,"position":3},"title":"FEDODIM:\u201dpartidos reciben millones pero \u201cno ofrecen formaci\u00f3n a sus dirigentes\u201d\u00a0 \u00a0 \u00a0 \u00a0 \u00a0 \u00a0 \u00a0 \u00a0\u00a0","author":"Nelson Feliz","date":"30 de noviembre de 2023","format":false,"excerpt":"\u00a0250 alcaldes,directores, vocales participan en II Congreso Comunicaci\u00f3n y Marketing pol\u00edtico\u201d. Veron -Punta Cana.-De los dos mil 400 millones\u00a0 que recibieron los partidos pol\u00edticos para el actual proceso electoral 2024, no invierten el obligado diez por ciento para la formaci\u00f3n de sus dirigentes, denunci\u00f3 el director de la Federaci\u00f3n Dominicana\u2026","rel":"","context":"En \u00abECONOM\u00cdA\u00bb","block_context":{"text":"ECONOM\u00cdA","link":"https:\/\/lasprimeras.com.do\/index.php\/category\/economia\/"},"img":{"alt_text":"","src":"https:\/\/i0.wp.com\/lasprimeras.com.do\/wp-content\/uploads\/2023\/11\/FEDODIM.jpg?resize=350%2C200&ssl=1","width":350,"height":200,"srcset":"https:\/\/i0.wp.com\/lasprimeras.com.do\/wp-content\/uploads\/2023\/11\/FEDODIM.jpg?resize=350%2C200&ssl=1 1x, https:\/\/i0.wp.com\/lasprimeras.com.do\/wp-content\/uploads\/2023\/11\/FEDODIM.jpg?resize=525%2C300&ssl=1 1.5x, https:\/\/i0.wp.com\/lasprimeras.com.do\/wp-content\/uploads\/2023\/11\/FEDODIM.jpg?resize=700%2C400&ssl=1 2x"},"classes":[]},{"id":84090,"url":"https:\/\/lasprimeras.com.do\/index.php\/2024\/05\/30\/fedodim-lleva-a-cabo-congreso-las-finanzas-municipales-y-la-cuarta-revolucion-industrial\/","url_meta":{"origin":103161,"position":4},"title":"FEDODIM lleva a cabo congreso \u201cLas Finanzas Municipales y la Cuarta Revoluci\u00f3n Industrial\u201d","author":"Nelson Feliz","date":"30 de mayo de 2024","format":false,"excerpt":"La Federaci\u00f3n Dominicana de Distritos Municipales (FEDODIM) llevar\u00e1 a cabo su XVI Congreso, titulado \u201cLas Finanzas Municipales y la Cuarta Revoluci\u00f3n Industrial\u201d, durante los d\u00edas del 30 de mayo al 1 de junio, en el Hotel Hard Rock Punta Cana, y estar\u00e1 enfocado en temas de municipalidad y sostenibilidad con\u2026","rel":"","context":"En \u00abNACIONALES\u00bb","block_context":{"text":"NACIONALES","link":"https:\/\/lasprimeras.com.do\/index.php\/category\/nacionales\/"},"img":{"alt_text":"Pedro Richardson","src":"https:\/\/i0.wp.com\/lasprimeras.com.do\/wp-content\/uploads\/2024\/05\/Pedro-Richardson.jpg?resize=350%2C200&ssl=1","width":350,"height":200,"srcset":"https:\/\/i0.wp.com\/lasprimeras.com.do\/wp-content\/uploads\/2024\/05\/Pedro-Richardson.jpg?resize=350%2C200&ssl=1 1x, https:\/\/i0.wp.com\/lasprimeras.com.do\/wp-content\/uploads\/2024\/05\/Pedro-Richardson.jpg?resize=525%2C300&ssl=1 1.5x"},"classes":[]},{"id":84158,"url":"https:\/\/lasprimeras.com.do\/index.php\/2024\/05\/31\/fedodim-propone-constitucionalizar-el-poder-municipal\/","url_meta":{"origin":103161,"position":5},"title":"FEDODIM propone constitucionalizar el Poder Municipal","author":"Nelson Feliz","date":"31 de mayo de 2024","format":false,"excerpt":"El director ejecutivo de la Federaci\u00f3n Dominicana de Distritos Municipales (FEDODIM), Pedro Richardson, propuso la constitucionalizaci\u00f3n del Poder Municipal en la apertura del XVI Congreso \u201cLas finanzas municipales y IV Revoluci\u00f3n Industrial\u201d,celebrado en Punta Cana. El Congreso reuni\u00f3 a doscientos diez y siete directores de distritos municipales. \u201cAnte una reforma\u2026","rel":"","context":"En \u00abNACIONALES\u00bb","block_context":{"text":"NACIONALES","link":"https:\/\/lasprimeras.com.do\/index.php\/category\/nacionales\/"},"img":{"alt_text":"Pedro Richardson","src":"https:\/\/i0.wp.com\/lasprimeras.com.do\/wp-content\/uploads\/2024\/05\/Pedro-Richardson-1.jpg?resize=350%2C200&ssl=1","width":350,"height":200,"srcset":"https:\/\/i0.wp.com\/lasprimeras.com.do\/wp-content\/uploads\/2024\/05\/Pedro-Richardson-1.jpg?resize=350%2C200&ssl=1 1x, https:\/\/i0.wp.com\/lasprimeras.com.do\/wp-content\/uploads\/2024\/05\/Pedro-Richardson-1.jpg?resize=525%2C300&ssl=1 1.5x, https:\/\/i0.wp.com\/lasprimeras.com.do\/wp-content\/uploads\/2024\/05\/Pedro-Richardson-1.jpg?resize=700%2C400&ssl=1 2x"},"classes":[]}],"jetpack_sharing_enabled":true,"_links":{"self":[{"href":"https:\/\/lasprimeras.com.do\/index.php\/wp-json\/wp\/v2\/posts\/103161","targetHints":{"allow":["GET"]}}],"collection":[{"href":"https:\/\/lasprimeras.com.do\/index.php\/wp-json\/wp\/v2\/posts"}],"about":[{"href":"https:\/\/lasprimeras.com.do\/index.php\/wp-json\/wp\/v2\/types\/post"}],"author":[{"embeddable":true,"href":"https:\/\/lasprimeras.com.do\/index.php\/wp-json\/wp\/v2\/users\/2"}],"replies":[{"embeddable":true,"href":"https:\/\/lasprimeras.com.do\/index.php\/wp-json\/wp\/v2\/comments?post=103161"}],"version-history":[{"count":1,"href":"https:\/\/lasprimeras.com.do\/index.php\/wp-json\/wp\/v2\/posts\/103161\/revisions"}],"predecessor-version":[{"id":103163,"href":"https:\/\/lasprimeras.com.do\/index.php\/wp-json\/wp\/v2\/posts\/103161\/revisions\/103163"}],"wp:featuredmedia":[{"embeddable":true,"href":"https:\/\/lasprimeras.com.do\/index.php\/wp-json\/wp\/v2\/media\/103162"}],"wp:attachment":[{"href":"https:\/\/lasprimeras.com.do\/index.php\/wp-json\/wp\/v2\/media?parent=103161"}],"wp:term":[{"taxonomy":"category","embeddable":true,"href":"https:\/\/lasprimeras.com.do\/index.php\/wp-json\/wp\/v2\/categories?post=103161"},{"taxonomy":"post_tag","embeddable":true,"href":"https:\/\/lasprimeras.com.do\/index.php\/wp-json\/wp\/v2\/tags?post=103161"}],"curies":[{"name":"wp","href":"https:\/\/api.w.org\/{rel}","templated":true}]}}