{"id":103173,"date":"2025-07-13T14:21:30","date_gmt":"2025-07-13T18:21:30","guid":{"rendered":"https:\/\/lasprimeras.com.do\/?p=103173"},"modified":"2025-07-13T14:21:32","modified_gmt":"2025-07-13T18:21:32","slug":"propeep-impulsa-intervencion-en-capotillo-con-apoyo-directo-a-emprendedores-y-jovenes","status":"publish","type":"post","link":"https:\/\/lasprimeras.com.do\/index.php\/2025\/07\/13\/propeep-impulsa-intervencion-en-capotillo-con-apoyo-directo-a-emprendedores-y-jovenes\/","title":{"rendered":"Propeep impulsa intervenci\u00f3n en Capotillo con apoyo directo a emprendedores y j\u00f3venes"},"content":{"rendered":"\n<p><strong>A trav\u00e9s del programa Renacer Contigo, m\u00e1s de 120 personas fueron impactadas en jornada que promueve capacitaci\u00f3n, inclusi\u00f3n financiera y convivencia comunitaria<\/strong><\/p>\n\n\n\n<p>El programa Renacer Contigo, ejecutado por la Direcci\u00f3n General de Proyectos Estrat\u00e9gicos y Especiales de la Presidencia (Propeep), inici\u00f3 una intervenci\u00f3n integral en el sector Capotillo, del Distrito Nacional, con una jornada de inclusi\u00f3n econ\u00f3mica y social que benefici\u00f3 directamente a 127 emprendedores, j\u00f3venes y l\u00edderes comunitarios.<\/p>\n\n\n\n<p>La jornada marc\u00f3 el comienzo de acciones concretas, luego de la reciente asamblea comunitaria, encabezada por Robert Polanco, director de Propeep, en la que los residentes expresaron sus principales necesidades y aspiraciones.<\/p>\n\n\n\n<p>La r\u00e1pida respuesta ha sido valorada como un signo del compromiso real del Gobierno con las comunidades m\u00e1s vulnerables.<\/p>\n\n\n\n<p>Entre los principales anuncios, destacan nuevas iniciativas de formaci\u00f3n t\u00e9cnica y desarrollo empresarial, gestionadas por Propeep en alianza con Infotep y las Escuelas Vocacionales de las Fuerzas Armadas y la Polic\u00eda Nacional, para ofrecer capacitaci\u00f3n gratuita, de calidad y orientada al autoempleo y la autonom\u00eda econ\u00f3mica de j\u00f3venes y adultos.<\/p>\n\n\n\n<p>Uno de los momentos m\u00e1s destacados fue la demostraci\u00f3n pr\u00e1ctica de servicios como maquillaje, trenzas, barber\u00eda y u\u00f1as acr\u00edlicas, a cargo de j\u00f3venes en formaci\u00f3n de la Fundaci\u00f3n Escoba, exhibiciones que reflejaron el impacto inmediato de los procesos formativos en marcha, despertando entusiasmo en la comunidad.<\/p>\n\n\n\n<p>La jornada tambi\u00e9n incluy\u00f3 charlas sobre convivencia pac\u00edfica, con el objetivo de fortalecer el tejido social y promover ambientes m\u00e1s seguros y colaborativos en el sector.<\/p>\n\n\n\n<p>En el componente de inclusi\u00f3n financiera, decenas de emprendedores presentaron solicitudes de cr\u00e9dito ante representantes de Adopem y Promipyme, consolidando el apoyo al emprendimiento local y el acceso a servicios financieros como ejes del desarrollo comunitario.<\/p>\n\n\n\n<p>Adem\u00e1s de eso, el equipo territorial de Renacer Contigo realiz\u00f3 m\u00e1s de 200 levantamientos socioecon\u00f3micos a emprendedores del sector durante la semana.<\/p>\n\n\n\n<p>Esa informaci\u00f3n servir\u00e1 de base para una segunda fase del programa, que contempla mejoras en viviendas y negocios y entrega de insumos productivos para fortalecer la econom\u00eda local.<\/p>\n\n\n\n<p>Con esta intervenci\u00f3n, Renacer Contigo reafirma su apuesta por un desarrollo integral y sostenible, articulando oportunidades educativas, econ\u00f3micas y sociales, para construir comunidades m\u00e1s fuertes, resilientes e incluyentes.<\/p>\n\n\n\n<p>Impulso de arte urbano con el Paseo de los Colores<\/p>\n\n\n\n<p>En el emblem\u00e1tico sector de Capotillo, Propeep adem\u00e1s impulsa una iniciativa art\u00edstica con el Paseo de los Colores, plasmando los primeros 500 metros cuadrados, convirtiendo en una galer\u00eda de arte urbano las paredes frontales del Centro Educativo Capotillo que rinde homenaje a los Padres de la Patria, as\u00ed como representaciones de s\u00edmbolos hist\u00f3ricos como la Puerta del Conde y el Monumento a la Batalla de Capotillo de 1863.<\/p>\n\n\n\n<p>Adem\u00e1s de embellecer el entorno, el proyecto transmite mensajes de civismo y conciencia social como \u201cMenos ruido, m\u00e1s salud\u201d y \u201cCuida tu barrio, no tires basura\u201d. Tambi\u00e9n incluye un homenaje a la recordada profesora Maritza Casado.<\/p>\n\n\n\n<p>Bajo la coordinaci\u00f3n Lino Garcia y Tony Then, un colectivo de artistas dominicanos, entre ellos Karina Croussett, Kelvin Clase, Frank Pe\u00f1a y otros, dio vida a esta iniciativa que celebra la historia, identidad y esp\u00edritu comunitario de Capotillo.<\/p>\n","protected":false},"excerpt":{"rendered":"<p>A trav\u00e9s del programa Renacer Contigo, m\u00e1s de 120 personas fueron impactadas en jornada que promueve capacitaci\u00f3n, inclusi\u00f3n financiera y convivencia comunitaria El programa Renacer Contigo, ejecutado por la Direcci\u00f3n&hellip;<\/p>\n","protected":false},"author":10,"featured_media":103174,"comment_status":"open","ping_status":"open","sticky":false,"template":"","format":"standard","meta":{"content-type":"","jetpack_post_was_ever_published":false,"_jetpack_newsletter_access":"","_jetpack_dont_email_post_to_subs":false,"_jetpack_newsletter_tier_id":0,"_jetpack_memberships_contains_paywalled_content":false,"_jetpack_memberships_contains_paid_content":false,"footnotes":""},"categories":[35,25],"tags":[6995,2920,164,3899,215,19863],"class_list":["post-103173","post","type-post","status-publish","format-standard","has-post-thumbnail","hentry","category-nacionales","category-portada","tag-capotillo","tag-emprendedores","tag-intervencion","tag-jovenes","tag-propeep","tag-renacer-contigo"],"jetpack_featured_media_url":"https:\/\/lasprimeras.com.do\/wp-content\/uploads\/2025\/07\/propep-1.jpg","jetpack-related-posts":[{"id":104977,"url":"https:\/\/lasprimeras.com.do\/index.php\/2025\/07\/29\/robert-polanco-anuncia-que-propeep-convertira-a-capotillo-en-una-galeria-de-arte-urbano\/","url_meta":{"origin":103173,"position":0},"title":"Robert Polanco anuncia que Propeep convertir\u00e1 a Capotillo en una galer\u00eda de arte urbano","author":"Nelson Feliz","date":"29 de julio de 2025","format":false,"excerpt":"El director de Proyectos Estrat\u00e9gicos y Especiales de la Presidencia (Propeep), Robert Polanco, anunci\u00f3 que el emblem\u00e1tico sector de Capotillo ser\u00e1 convertido en una galer\u00eda de arte urbano como parte del programa de intervenci\u00f3n social que ejecuta el gobierno del presidente Luis Abinader. El funcionario hizo el anuncio durante la\u2026","rel":"","context":"En \u00abNACIONALES\u00bb","block_context":{"text":"NACIONALES","link":"https:\/\/lasprimeras.com.do\/index.php\/category\/nacionales\/"},"img":{"alt_text":"","src":"https:\/\/i0.wp.com\/lasprimeras.com.do\/wp-content\/uploads\/2025\/07\/propep-1-1.jpg?resize=350%2C200&ssl=1","width":350,"height":200,"srcset":"https:\/\/i0.wp.com\/lasprimeras.com.do\/wp-content\/uploads\/2025\/07\/propep-1-1.jpg?resize=350%2C200&ssl=1 1x, https:\/\/i0.wp.com\/lasprimeras.com.do\/wp-content\/uploads\/2025\/07\/propep-1-1.jpg?resize=525%2C300&ssl=1 1.5x, https:\/\/i0.wp.com\/lasprimeras.com.do\/wp-content\/uploads\/2025\/07\/propep-1-1.jpg?resize=700%2C400&ssl=1 2x"},"classes":[]},{"id":114331,"url":"https:\/\/lasprimeras.com.do\/index.php\/2025\/11\/12\/propeep-destina-rd5-3-millones-en-herramientas-para-emprendedores\/","url_meta":{"origin":103173,"position":1},"title":"Propeep destina RD$5.3 millones en herramientas para emprendedores","author":"Nelson Feliz","date":"12 de noviembre de 2025","format":false,"excerpt":"Destaca que gracias a alianzas con Promipyme, Adopem y La Nacional, 394 emprendedores abrieron su primera cuenta de ahorro, y 68 emprendedores accedieron a microcr\u00e9ditos productivos por un monto superior a RD$3.8 millones El director general de Proyectos Estrat\u00e9gicos y Especiales de la Presidencia (Propeep), Robert Polanco, encabez\u00f3 este mi\u00e9rcoles\u2026","rel":"","context":"En \u00abECONOM\u00cdA\u00bb","block_context":{"text":"ECONOM\u00cdA","link":"https:\/\/lasprimeras.com.do\/index.php\/category\/economia\/"},"img":{"alt_text":"","src":"https:\/\/i0.wp.com\/lasprimeras.com.do\/wp-content\/uploads\/2025\/11\/Propeep-1.jpg?resize=350%2C200&ssl=1","width":350,"height":200,"srcset":"https:\/\/i0.wp.com\/lasprimeras.com.do\/wp-content\/uploads\/2025\/11\/Propeep-1.jpg?resize=350%2C200&ssl=1 1x, https:\/\/i0.wp.com\/lasprimeras.com.do\/wp-content\/uploads\/2025\/11\/Propeep-1.jpg?resize=525%2C300&ssl=1 1.5x, https:\/\/i0.wp.com\/lasprimeras.com.do\/wp-content\/uploads\/2025\/11\/Propeep-1.jpg?resize=700%2C400&ssl=1 2x"},"classes":[]},{"id":118524,"url":"https:\/\/lasprimeras.com.do\/index.php\/2025\/12\/30\/propeep-brindo-mas-de-411-mil-servicios-y-beneficio-a-cerca-de-1-5-millones-de-personas-en-2025\/","url_meta":{"origin":103173,"position":2},"title":"Propeep brind\u00f3 m\u00e1s de 411 mil servicios y benefici\u00f3 a cerca de 1.5 millones de personas en 2025","author":"Nelson Feliz","date":"30 de diciembre de 2025","format":false,"excerpt":"A trav\u00e9s del Plan \u201cDominicana Digna\u201d, la entidad impact\u00f3 de forma directa a 148 mil 545 ciudadanos y de manera indirecta a 1, 479, 952, mediante jornadas sociales, infraestructura comunitaria y programas de inclusi\u00f3n en todo el pa\u00eds. La Direcci\u00f3n de Proyectos Estrat\u00e9gicos y Especiales de la Presidencia (Propeep), a\u2026","rel":"","context":"En \u00abECONOM\u00cdA\u00bb","block_context":{"text":"ECONOM\u00cdA","link":"https:\/\/lasprimeras.com.do\/index.php\/category\/economia\/"},"img":{"alt_text":"Propeep","src":"https:\/\/i0.wp.com\/lasprimeras.com.do\/wp-content\/uploads\/2025\/12\/Propeep-1.jpg?resize=350%2C200&ssl=1","width":350,"height":200,"srcset":"https:\/\/i0.wp.com\/lasprimeras.com.do\/wp-content\/uploads\/2025\/12\/Propeep-1.jpg?resize=350%2C200&ssl=1 1x, https:\/\/i0.wp.com\/lasprimeras.com.do\/wp-content\/uploads\/2025\/12\/Propeep-1.jpg?resize=525%2C300&ssl=1 1.5x, https:\/\/i0.wp.com\/lasprimeras.com.do\/wp-content\/uploads\/2025\/12\/Propeep-1.jpg?resize=700%2C400&ssl=1 2x"},"classes":[]},{"id":126235,"url":"https:\/\/lasprimeras.com.do\/index.php\/2026\/03\/31\/propeep-y-banco-adopem-firman-convenio-para-impulsar-inclusion-financiera-de-emprendedores-informales-del-pais\/","url_meta":{"origin":103173,"position":3},"title":"Propeep y Banco Adopem firman convenio para impulsar inclusi\u00f3n financiera de emprendedores informales del pa\u00eds","author":"Nelson Feliz","date":"31 de marzo de 2026","format":false,"excerpt":"_Robert Polanco asegur\u00f3 que esa alianza permitir\u00e1 fortalecer los programas que desarrolla la entidad en comunidades vulnerables de todo el territorio nacional_ La Direcci\u00f3n de Proyectos Estrat\u00e9gicos y Especiales de la Presidencia (Propeep) y el Banco de Ahorro y Cr\u00e9dito Adopem entidad de la Fundaci\u00f3n Microfinanzas FMBBVA, firmaron este lunes\u2026","rel":"","context":"En \u00abECONOM\u00cdA\u00bb","block_context":{"text":"ECONOM\u00cdA","link":"https:\/\/lasprimeras.com.do\/index.php\/category\/economia\/"},"img":{"alt_text":"","src":"https:\/\/i0.wp.com\/lasprimeras.com.do\/wp-content\/uploads\/2026\/03\/IMG-20260330-WA0698.jpg?resize=350%2C200&ssl=1","width":350,"height":200,"srcset":"https:\/\/i0.wp.com\/lasprimeras.com.do\/wp-content\/uploads\/2026\/03\/IMG-20260330-WA0698.jpg?resize=350%2C200&ssl=1 1x, https:\/\/i0.wp.com\/lasprimeras.com.do\/wp-content\/uploads\/2026\/03\/IMG-20260330-WA0698.jpg?resize=525%2C300&ssl=1 1.5x, https:\/\/i0.wp.com\/lasprimeras.com.do\/wp-content\/uploads\/2026\/03\/IMG-20260330-WA0698.jpg?resize=700%2C400&ssl=1 2x, https:\/\/i0.wp.com\/lasprimeras.com.do\/wp-content\/uploads\/2026\/03\/IMG-20260330-WA0698.jpg?resize=1050%2C600&ssl=1 3x, https:\/\/i0.wp.com\/lasprimeras.com.do\/wp-content\/uploads\/2026\/03\/IMG-20260330-WA0698.jpg?resize=1400%2C800&ssl=1 4x"},"classes":[]},{"id":107405,"url":"https:\/\/lasprimeras.com.do\/index.php\/2025\/08\/26\/robert-polancoel-gobierno-realiza-una-intervencion-integral-y-sostenida-en-el-sector-capotillo\/","url_meta":{"origin":103173,"position":4},"title":"Robert Polanco:&#8221;El Gobierno realiza una intervenci\u00f3n integral y sostenida en el sector Capotillo&#8221;","author":"Nelson Feliz","date":"26 de agosto de 2025","format":false,"excerpt":"Anuncia acompa\u00f1amiento directo a 50 adultos mayores y personas con discapacidad, quienes por sus condiciones de salud no pueden movilizarse hasta las jornadas efectuadas en el sector El director de los Proyectos Estrat\u00e9gicos y Especiales de la Presidencia (Propeep), Robert Polanco, afirm\u00f3 este martes que el Gobierno del presidente Luis\u2026","rel":"","context":"En \u00abNACIONALES\u00bb","block_context":{"text":"NACIONALES","link":"https:\/\/lasprimeras.com.do\/index.php\/category\/nacionales\/"},"img":{"alt_text":"","src":"https:\/\/i0.wp.com\/lasprimeras.com.do\/wp-content\/uploads\/2025\/08\/robert-1-2.jpg?resize=350%2C200&ssl=1","width":350,"height":200,"srcset":"https:\/\/i0.wp.com\/lasprimeras.com.do\/wp-content\/uploads\/2025\/08\/robert-1-2.jpg?resize=350%2C200&ssl=1 1x, https:\/\/i0.wp.com\/lasprimeras.com.do\/wp-content\/uploads\/2025\/08\/robert-1-2.jpg?resize=525%2C300&ssl=1 1.5x, https:\/\/i0.wp.com\/lasprimeras.com.do\/wp-content\/uploads\/2025\/08\/robert-1-2.jpg?resize=700%2C400&ssl=1 2x"},"classes":[]},{"id":93520,"url":"https:\/\/lasprimeras.com.do\/index.php\/2025\/02\/12\/robert-polanco-supervisa-trabajos-realiza-propeep-en-capotillo\/","url_meta":{"origin":103173,"position":5},"title":"Robert Polanco supervisa trabajos realiza Propeep en Capotillo","author":"Nelson Feliz","date":"12 de febrero de 2025","format":false,"excerpt":"Afirma trabajar\u00e1 con organizaciones comunitarias para mejorar la inclusi\u00f3n social de los j\u00f3venes. El director de Proyecto Estrat\u00e9gicos y Especiales de la Presidencia (Propeep), Robert Polanco, realiz\u00f3 este mi\u00e9rcoles un recorrido por el sector Capitillo, Distrito Nacional, donde afirm\u00f3 que trabajar\u00e1 con organizaciones de Capotillo para mejorar la inclusi\u00f3n social\u2026","rel":"","context":"En \u00abNACIONALES\u00bb","block_context":{"text":"NACIONALES","link":"https:\/\/lasprimeras.com.do\/index.php\/category\/nacionales\/"},"img":{"alt_text":"","src":"https:\/\/i0.wp.com\/lasprimeras.com.do\/wp-content\/uploads\/2025\/02\/Capotillo-1.jpg?resize=350%2C200&ssl=1","width":350,"height":200,"srcset":"https:\/\/i0.wp.com\/lasprimeras.com.do\/wp-content\/uploads\/2025\/02\/Capotillo-1.jpg?resize=350%2C200&ssl=1 1x, https:\/\/i0.wp.com\/lasprimeras.com.do\/wp-content\/uploads\/2025\/02\/Capotillo-1.jpg?resize=525%2C300&ssl=1 1.5x, https:\/\/i0.wp.com\/lasprimeras.com.do\/wp-content\/uploads\/2025\/02\/Capotillo-1.jpg?resize=700%2C400&ssl=1 2x"},"classes":[]}],"jetpack_sharing_enabled":true,"_links":{"self":[{"href":"https:\/\/lasprimeras.com.do\/index.php\/wp-json\/wp\/v2\/posts\/103173","targetHints":{"allow":["GET"]}}],"collection":[{"href":"https:\/\/lasprimeras.com.do\/index.php\/wp-json\/wp\/v2\/posts"}],"about":[{"href":"https:\/\/lasprimeras.com.do\/index.php\/wp-json\/wp\/v2\/types\/post"}],"author":[{"embeddable":true,"href":"https:\/\/lasprimeras.com.do\/index.php\/wp-json\/wp\/v2\/users\/10"}],"replies":[{"embeddable":true,"href":"https:\/\/lasprimeras.com.do\/index.php\/wp-json\/wp\/v2\/comments?post=103173"}],"version-history":[{"count":1,"href":"https:\/\/lasprimeras.com.do\/index.php\/wp-json\/wp\/v2\/posts\/103173\/revisions"}],"predecessor-version":[{"id":103175,"href":"https:\/\/lasprimeras.com.do\/index.php\/wp-json\/wp\/v2\/posts\/103173\/revisions\/103175"}],"wp:featuredmedia":[{"embeddable":true,"href":"https:\/\/lasprimeras.com.do\/index.php\/wp-json\/wp\/v2\/media\/103174"}],"wp:attachment":[{"href":"https:\/\/lasprimeras.com.do\/index.php\/wp-json\/wp\/v2\/media?parent=103173"}],"wp:term":[{"taxonomy":"category","embeddable":true,"href":"https:\/\/lasprimeras.com.do\/index.php\/wp-json\/wp\/v2\/categories?post=103173"},{"taxonomy":"post_tag","embeddable":true,"href":"https:\/\/lasprimeras.com.do\/index.php\/wp-json\/wp\/v2\/tags?post=103173"}],"curies":[{"name":"wp","href":"https:\/\/api.w.org\/{rel}","templated":true}]}}