{"id":103176,"date":"2025-07-13T14:34:38","date_gmt":"2025-07-13T18:34:38","guid":{"rendered":"https:\/\/lasprimeras.com.do\/?p=103176"},"modified":"2025-07-13T14:34:40","modified_gmt":"2025-07-13T18:34:40","slug":"danilo-medina-en-puerto-plata-si-ellos-saben-hacer-oposicion-que-se-quiten-y-nos-dejen-gobernar","status":"publish","type":"post","link":"https:\/\/lasprimeras.com.do\/index.php\/2025\/07\/13\/danilo-medina-en-puerto-plata-si-ellos-saben-hacer-oposicion-que-se-quiten-y-nos-dejen-gobernar\/","title":{"rendered":"Danilo Medina en Puerto Plata: \u201cSi ellos saben hacer oposici\u00f3n, que se quiten y nos dejen gobernar\u201d"},"content":{"rendered":"\n<p>El expresidente de la Rep\u00fablica y presidente del Partido de la Liberaci\u00f3n Dominicana (PLD), Danilo Medina, afirm\u00f3 que esa organizaci\u00f3n pol\u00edtica ya compite por el primer lugar en la preferencia del electorado nacional, al tiempo que record\u00f3 que fue el \u00fanico partido que, durante su gesti\u00f3n, cumpli\u00f3 m\u00e1s de lo que prometi\u00f3.<\/p>\n\n\n\n<p>Durante una multitudinaria Gran Asamblea General celebrada en la provincia de Puerto Plata \u2014encabezada tambi\u00e9n por el secretario general del PLD, Johnny Pujols\u2014 Medina asegur\u00f3 que el pueblo dominicano se est\u00e1 preparando para \u201ccambiar el cambio\u201d en las elecciones del 2028.<\/p>\n\n\n\n<p>\u201cEstamos trabajando para que eso ocurra, para que se acaben las promesas y volvamos a los hechos concretos, a las acciones. Nosotros somos el \u00fanico partido que prometi\u00f3 y cumpli\u00f3, cumpli\u00f3 m\u00e1s de lo que prometi\u00f3. Y cuando un partido cumple, tiene la autoridad moral para volver a prometer, porque el pueblo sabe que le vamos a cumplir\u201d, expres\u00f3 Medina.<\/p>\n\n\n\n<p>El l\u00edder pelede\u00edsta denunci\u00f3 que numerosas obras ejecutadas durante sus gobiernos han sido abandonadas por la actual administraci\u00f3n, como el Anfiteatro La Puntilla, construido para fomentar el turismo en la regi\u00f3n norte.<\/p>\n\n\n\n<p><strong>En medio de los aplausos, Medina lanz\u00f3 un mensaje contundente:<\/strong><\/p>\n\n\n\n<p>\u201cZapatero a su zapato. Si ellos lo que saben es hacer oposici\u00f3n, que se quiten y nos permitan a los que s\u00ed sabemos gobernar dirigir la Rep\u00fablica Dominicana\u201d, sentenci\u00f3.<\/p>\n\n\n\n<p><strong>Reducci\u00f3n de la pobreza y una revoluci\u00f3n social silenciosa<\/strong><\/p>\n\n\n\n<p>El expresidente destac\u00f3 los avances sociales logrados durante su gesti\u00f3n, se\u00f1alando que la pobreza rural se redujo del 48 % al 24 %, la pobreza general del 42 % al 21 % y la indigencia del 11 % al 2.7 %.<\/p>\n\n\n\n<p>\u201cUn mill\u00f3n y medio de dominicanos salieron de la pobreza bajo nuestros gobiernos. Creamos 125,000 empleos cada a\u00f1o. Cuando sal\u00ed, el pa\u00eds viv\u00eda su cifra m\u00e1s baja de desempleo\u201d, se\u00f1al\u00f3.<\/p>\n\n\n\n<p>Tambi\u00e9n destac\u00f3 pol\u00edticas enfocadas en madres solteras, a quienes ofreci\u00f3 apoyo integral mediante estancias infantiles, la construcci\u00f3n de 27 mil aulas y la implementaci\u00f3n de la tanda extendida.<br>Precis\u00f3 que 193 mil ni\u00f1os menores de cuatro a\u00f1os fueron integrados a estancias infantiles, mientras que en las escuelas p\u00fablicas los estudiantes recib\u00edan desayuno, comida y merienda.<\/p>\n\n\n\n<p><strong>Obras en Puerto Plata: \u201cHicimos m\u00e1s de lo que imaginan\u201d<\/strong><\/p>\n\n\n\n<p>Medina asegur\u00f3 que Puerto Plata fue una de las provincias m\u00e1s beneficiadas por los gobiernos del PLD y present\u00f3 un listado de doce p\u00e1ginas con obras ejecutadas, entre las que mencion\u00f3:<br>38 escuelas, 2 polit\u00e9cnicos, 2 estancias infantiles y 14 CAFI.<\/p>\n\n\n\n<p>602 aulas construidas solo en esa provincia.<\/p>\n\n\n\n<p>Hospitales modernos como el Ricardo Limardo, y los centros de Luper\u00f3n, Isabela y Los Hidalgos, todos con tecnolog\u00eda de punta.<\/p>\n\n\n\n<p>\u201cEl PLD no distingu\u00eda banderas para gobernar. Gobernamos para todos los dominicanos, sin importar su partido pol\u00edtico. Aqu\u00ed est\u00e1 la prueba de que transformamos a Puerto Plata y a todo el pa\u00eds\u201d, enfatiz\u00f3.<\/p>\n\n\n\n<p><strong>Johnny Pujols: \u201cEl PLD es un partido mayoritario con una obra inigualable\u201d<\/strong><\/p>\n\n\n\n<p>De su lado, Johnny Pujols afirm\u00f3 que el PLD es el \u00fanico partido con una trayectoria real de progreso y resultados tangibles.<\/p>\n\n\n\n<p>\u201cNo podemos permitir que quienes mal gobiernan este pa\u00eds sigan mintiendo y enga\u00f1ando al pueblo dominicano. El PLD debe volver, porque tiene una obra inigualable y un compromiso genuino con la gente\u201d, expres\u00f3 el secretario general.<\/p>\n\n\n\n<p>Finalmente, Danilo Medina exhort\u00f3 a la militancia a salir a las calles con orgullo, convencidos de que tienen la autoridad moral para reconquistar el poder:<\/p>\n\n\n\n<p>\u201cEl poder no se regala, el poder se arrebata. Y lo tendremos que arrebatar en el 2028 con el trabajo militante de todos ustedes\u201d, concluy\u00f3 el exmandatario en compa\u00f1\u00eda de una comisi\u00f3n del Comit\u00e9 Pol\u00edtico y la dirigencia local.<\/p>\n","protected":false},"excerpt":{"rendered":"<p>El expresidente de la Rep\u00fablica y presidente del Partido de la Liberaci\u00f3n Dominicana (PLD), Danilo Medina, afirm\u00f3 que esa organizaci\u00f3n pol\u00edtica ya compite por el primer lugar en la preferencia&hellip;<\/p>\n","protected":false},"author":10,"featured_media":103177,"comment_status":"open","ping_status":"open","sticky":false,"template":"","format":"standard","meta":{"content-type":"","jetpack_post_was_ever_published":false,"_jetpack_newsletter_access":"","_jetpack_dont_email_post_to_subs":false,"_jetpack_newsletter_tier_id":0,"_jetpack_memberships_contains_paywalled_content":false,"_jetpack_memberships_contains_paid_content":false,"footnotes":""},"categories":[16559,25],"tags":[501,5207,341,687],"class_list":["post-103176","post","type-post","status-publish","format-standard","has-post-thumbnail","hentry","category-politica","category-portada","tag-danilo-medina","tag-gobernar","tag-oposicion","tag-puerto-plata"],"jetpack_featured_media_url":"https:\/\/lasprimeras.com.do\/wp-content\/uploads\/2025\/07\/Danilo-Medina.jpg-1.jpg","jetpack-related-posts":[{"id":107798,"url":"https:\/\/lasprimeras.com.do\/index.php\/2025\/08\/31\/danilo-medina-la-gente-reconoce-que-con-el-pld-se-vivia-mejor\/","url_meta":{"origin":103176,"position":0},"title":"Danilo Medina : La gente reconoce que con el PLD se vivia mejor","author":"Nelson Feliz","date":"31 de agosto de 2025","format":false,"excerpt":"Danilo Medina: \u201cTenemos la certeza de que el a\u00f1o que viene, a m\u00e1s tardar, el PLD estar\u00e1 encabezando la preferencia electoral en la Rep\u00fablica Dominicana\u201d. El expresidente de la Rep\u00fablica y actual presidente del Partido de la Liberaci\u00f3n Dominicana (PLD), Danilo Medina, afirm\u00f3 que el repunte que muestran las recientes\u2026","rel":"","context":"En \u00abPOLITICA\u00bb","block_context":{"text":"POLITICA","link":"https:\/\/lasprimeras.com.do\/index.php\/category\/politica\/"},"img":{"alt_text":"","src":"https:\/\/i0.wp.com\/lasprimeras.com.do\/wp-content\/uploads\/2025\/08\/DANILO-MEDINA-1-1.jpg?resize=350%2C200&ssl=1","width":350,"height":200,"srcset":"https:\/\/i0.wp.com\/lasprimeras.com.do\/wp-content\/uploads\/2025\/08\/DANILO-MEDINA-1-1.jpg?resize=350%2C200&ssl=1 1x, https:\/\/i0.wp.com\/lasprimeras.com.do\/wp-content\/uploads\/2025\/08\/DANILO-MEDINA-1-1.jpg?resize=525%2C300&ssl=1 1.5x, https:\/\/i0.wp.com\/lasprimeras.com.do\/wp-content\/uploads\/2025\/08\/DANILO-MEDINA-1-1.jpg?resize=700%2C400&ssl=1 2x"},"classes":[]},{"id":107629,"url":"https:\/\/lasprimeras.com.do\/index.php\/2025\/08\/28\/danilo-medina-reafirma-los-simbolos-historicos-del-pld\/","url_meta":{"origin":103176,"position":1},"title":"Danilo Medina reafirma los s\u00edmbolos hist\u00f3ricos del PLD","author":"Nelson Feliz","date":"28 de agosto de 2025","format":false,"excerpt":"Danilo Medina: \u201cSolo existe un Partido de la Liberaci\u00f3n Dominicana, es el de la bandera morada con la estrella amarilla y las siglas PLD\u201d. \u201cSolo existe un Partido de la Liberaci\u00f3n Dominicana, es el de la bandera morada con la estrella amarilla y las siglas PLD\u201d, la aseveraci\u00f3n es del\u2026","rel":"","context":"En \u00abPOLITICA\u00bb","block_context":{"text":"POLITICA","link":"https:\/\/lasprimeras.com.do\/index.php\/category\/politica\/"},"img":{"alt_text":"","src":"https:\/\/i0.wp.com\/lasprimeras.com.do\/wp-content\/uploads\/2025\/08\/Danilo-en-Moca.jpg?resize=350%2C200&ssl=1","width":350,"height":200,"srcset":"https:\/\/i0.wp.com\/lasprimeras.com.do\/wp-content\/uploads\/2025\/08\/Danilo-en-Moca.jpg?resize=350%2C200&ssl=1 1x, https:\/\/i0.wp.com\/lasprimeras.com.do\/wp-content\/uploads\/2025\/08\/Danilo-en-Moca.jpg?resize=525%2C300&ssl=1 1.5x, https:\/\/i0.wp.com\/lasprimeras.com.do\/wp-content\/uploads\/2025\/08\/Danilo-en-Moca.jpg?resize=700%2C400&ssl=1 2x"},"classes":[]},{"id":127340,"url":"https:\/\/lasprimeras.com.do\/index.php\/2026\/04\/10\/danilo-medina-se-muestra-esperanzado-de-que-conflicto-del-medio-oriente-llegue-a-su-fin\/","url_meta":{"origin":103176,"position":2},"title":"Danilo Medina se muestra esperanzado de que conflicto del medio oriente llegue a su fin","author":"Nelson Feliz","date":"10 de abril de 2026","format":false,"excerpt":"-Danilo Medina valora el acercamiento del Gobierno y asegura que el PLD analizar\u00e1 las propuestas que les presenten para hacer llegar sus ideas o sugerencias. El ex presidente de la Rep\u00fablica y presidente del Partido de la Liberaci\u00f3n Dominicana (PLD), Danilo Medina, explic\u00f3 que en lo personal y la direcci\u00f3n\u2026","rel":"","context":"En \u00abPOLITICA\u00bb","block_context":{"text":"POLITICA","link":"https:\/\/lasprimeras.com.do\/index.php\/category\/politica\/"},"img":{"alt_text":"Danilo Medina","src":"https:\/\/i0.wp.com\/lasprimeras.com.do\/wp-content\/uploads\/2026\/04\/Reu-con-representacion-Gobierno-3.jpeg?resize=350%2C200&ssl=1","width":350,"height":200,"srcset":"https:\/\/i0.wp.com\/lasprimeras.com.do\/wp-content\/uploads\/2026\/04\/Reu-con-representacion-Gobierno-3.jpeg?resize=350%2C200&ssl=1 1x, https:\/\/i0.wp.com\/lasprimeras.com.do\/wp-content\/uploads\/2026\/04\/Reu-con-representacion-Gobierno-3.jpeg?resize=525%2C300&ssl=1 1.5x, https:\/\/i0.wp.com\/lasprimeras.com.do\/wp-content\/uploads\/2026\/04\/Reu-con-representacion-Gobierno-3.jpeg?resize=700%2C400&ssl=1 2x, https:\/\/i0.wp.com\/lasprimeras.com.do\/wp-content\/uploads\/2026\/04\/Reu-con-representacion-Gobierno-3.jpeg?resize=1050%2C600&ssl=1 3x"},"classes":[]},{"id":103949,"url":"https:\/\/lasprimeras.com.do\/index.php\/2025\/07\/20\/danilo-medina-desde-dajabon-el-pld-tiene-la-fuerza-moral-para-volver-a-prometer-y-cumplir\/","url_meta":{"origin":103176,"position":3},"title":"Danilo Medina desde Dajab\u00f3n: \u201cEl PLD tiene la fuerza moral para volver a prometer y cumplir\u201d","author":"Nelson Feliz","date":"20 de julio de 2025","format":false,"excerpt":"\u201cEl PLD debe volver a gobernar porque conoce el dolor de la gente\u201d El expresidente de la Rep\u00fablica y presidente del Partido de la Liberaci\u00f3n Dominicana (PLD), Danilo Medina, encabez\u00f3 este lunes una multitudinaria asamblea provincial en Dajab\u00f3n, donde, junto al secretario general de la organizaci\u00f3n, Johnny Pujols, exhort\u00f3 a\u2026","rel":"","context":"En \u00abPOLITICA\u00bb","block_context":{"text":"POLITICA","link":"https:\/\/lasprimeras.com.do\/index.php\/category\/politica\/"},"img":{"alt_text":"","src":"https:\/\/i0.wp.com\/lasprimeras.com.do\/wp-content\/uploads\/2025\/07\/Danilo-Medina-2-1.jpg?resize=350%2C200&ssl=1","width":350,"height":200,"srcset":"https:\/\/i0.wp.com\/lasprimeras.com.do\/wp-content\/uploads\/2025\/07\/Danilo-Medina-2-1.jpg?resize=350%2C200&ssl=1 1x, https:\/\/i0.wp.com\/lasprimeras.com.do\/wp-content\/uploads\/2025\/07\/Danilo-Medina-2-1.jpg?resize=525%2C300&ssl=1 1.5x, https:\/\/i0.wp.com\/lasprimeras.com.do\/wp-content\/uploads\/2025\/07\/Danilo-Medina-2-1.jpg?resize=700%2C400&ssl=1 2x"},"classes":[]},{"id":112195,"url":"https:\/\/lasprimeras.com.do\/index.php\/2025\/10\/19\/danilo-medina-el-pld-ganara-las-proximas-elecciones\/","url_meta":{"origin":103176,"position":4},"title":"Danilo Medina: \u201cEl PLD Ganar\u00e1 las pr\u00f3ximas elecciones\u201d","author":"Nelson Feliz","date":"19 de octubre de 2025","format":false,"excerpt":"Danilo Medina denuncia que la gente no la est\u00e1 pasando bien en el gobierno del PRM. El ex presidente de la Republica, Danilo Medina, Presidente del Partido de la Liberaci\u00f3n Dominicana (PLD), adelant\u00f3 que esa organizaci\u00f3n pol\u00edtica ser\u00e1 la indiscutible ganadora de las pr\u00f3ximas elecciones porque as\u00ed lo est\u00e1n demostrando\u2026","rel":"","context":"En \u00abPOLITICA\u00bb","block_context":{"text":"POLITICA","link":"https:\/\/lasprimeras.com.do\/index.php\/category\/politica\/"},"img":{"alt_text":"","src":"https:\/\/i0.wp.com\/lasprimeras.com.do\/wp-content\/uploads\/2025\/10\/Danilo-Medina-1-1.jpg?resize=350%2C200&ssl=1","width":350,"height":200,"srcset":"https:\/\/i0.wp.com\/lasprimeras.com.do\/wp-content\/uploads\/2025\/10\/Danilo-Medina-1-1.jpg?resize=350%2C200&ssl=1 1x, https:\/\/i0.wp.com\/lasprimeras.com.do\/wp-content\/uploads\/2025\/10\/Danilo-Medina-1-1.jpg?resize=525%2C300&ssl=1 1.5x, https:\/\/i0.wp.com\/lasprimeras.com.do\/wp-content\/uploads\/2025\/10\/Danilo-Medina-1-1.jpg?resize=700%2C400&ssl=1 2x"},"classes":[]},{"id":100946,"url":"https:\/\/lasprimeras.com.do\/index.php\/2025\/06\/13\/danilo-medina-sostendra-un-encuentro-con-miembros-del-cc-del-pld-de-barahona-este-domingo\/","url_meta":{"origin":103176,"position":5},"title":"Danilo Medina sostendr\u00e1 un encuentro con miembros del CC del PLD de Barahona este domingo","author":"Nelson Feliz","date":"13 de junio de 2025","format":false,"excerpt":"Reuni\u00f3n de miembros CC del PLD en las provincias Barahona, Duarte y S\u00e1nchez Ram\u00edrez. El ex presidente de la Rep\u00fablica, y presidente del Partido de la Liberaci\u00f3n Dominicana (PLD), Danilo Medina, estar\u00e1 el pr\u00f3ximo domingo en Barahona para participar en un encuentro con los miembros del Comit\u00e9 Central de la\u2026","rel":"","context":"En \u00abPOLITICA\u00bb","block_context":{"text":"POLITICA","link":"https:\/\/lasprimeras.com.do\/index.php\/category\/politica\/"},"img":{"alt_text":"Danilo Medina","src":"https:\/\/i0.wp.com\/lasprimeras.com.do\/wp-content\/uploads\/2025\/03\/Danilo_Medina-removebg-preview.png?resize=350%2C200&ssl=1","width":350,"height":200,"srcset":"https:\/\/i0.wp.com\/lasprimeras.com.do\/wp-content\/uploads\/2025\/03\/Danilo_Medina-removebg-preview.png?resize=350%2C200&ssl=1 1x, https:\/\/i0.wp.com\/lasprimeras.com.do\/wp-content\/uploads\/2025\/03\/Danilo_Medina-removebg-preview.png?resize=525%2C300&ssl=1 1.5x"},"classes":[]}],"jetpack_sharing_enabled":true,"_links":{"self":[{"href":"https:\/\/lasprimeras.com.do\/index.php\/wp-json\/wp\/v2\/posts\/103176","targetHints":{"allow":["GET"]}}],"collection":[{"href":"https:\/\/lasprimeras.com.do\/index.php\/wp-json\/wp\/v2\/posts"}],"about":[{"href":"https:\/\/lasprimeras.com.do\/index.php\/wp-json\/wp\/v2\/types\/post"}],"author":[{"embeddable":true,"href":"https:\/\/lasprimeras.com.do\/index.php\/wp-json\/wp\/v2\/users\/10"}],"replies":[{"embeddable":true,"href":"https:\/\/lasprimeras.com.do\/index.php\/wp-json\/wp\/v2\/comments?post=103176"}],"version-history":[{"count":1,"href":"https:\/\/lasprimeras.com.do\/index.php\/wp-json\/wp\/v2\/posts\/103176\/revisions"}],"predecessor-version":[{"id":103178,"href":"https:\/\/lasprimeras.com.do\/index.php\/wp-json\/wp\/v2\/posts\/103176\/revisions\/103178"}],"wp:featuredmedia":[{"embeddable":true,"href":"https:\/\/lasprimeras.com.do\/index.php\/wp-json\/wp\/v2\/media\/103177"}],"wp:attachment":[{"href":"https:\/\/lasprimeras.com.do\/index.php\/wp-json\/wp\/v2\/media?parent=103176"}],"wp:term":[{"taxonomy":"category","embeddable":true,"href":"https:\/\/lasprimeras.com.do\/index.php\/wp-json\/wp\/v2\/categories?post=103176"},{"taxonomy":"post_tag","embeddable":true,"href":"https:\/\/lasprimeras.com.do\/index.php\/wp-json\/wp\/v2\/tags?post=103176"}],"curies":[{"name":"wp","href":"https:\/\/api.w.org\/{rel}","templated":true}]}}