{"id":103179,"date":"2025-07-13T14:45:13","date_gmt":"2025-07-13T18:45:13","guid":{"rendered":"https:\/\/lasprimeras.com.do\/?p=103179"},"modified":"2025-07-13T14:45:15","modified_gmt":"2025-07-13T18:45:15","slug":"pld-pospone-para-el-21-de-julio-decision-sobre-sentencia-del-tse","status":"publish","type":"post","link":"https:\/\/lasprimeras.com.do\/index.php\/2025\/07\/13\/pld-pospone-para-el-21-de-julio-decision-sobre-sentencia-del-tse\/","title":{"rendered":"PLD pospone para el 21 de julio decisi\u00f3n sobre sentencia del TSE"},"content":{"rendered":"\n<p>El Comit\u00e9 Pol\u00edtico del Partido de la Liberaci\u00f3n Dominicana (PLD) inici\u00f3 el proceso de evaluaci\u00f3n de la reciente sentencia emitida por el Tribunal Superior Electoral (TSE), la cual podr\u00eda tener implicaciones directas sobre candidaturas presidenciales. <\/p>\n\n\n\n<p>La reuni\u00f3n, desarrollada en un ambiente de di\u00e1logo y respeto, fue aplazada para el pr\u00f3ximo domingo 21 de julio, a fin de continuar con el an\u00e1lisis y escuchar a otros miembros de la direcci\u00f3n partidaria.<\/p>\n\n\n\n<p>El secretario general del PLD, Johnny Pujols, ofreci\u00f3 declaraciones tras el encuentro, se\u00f1alando que el proceso de deliberaci\u00f3n apenas ha comenzado y que a\u00fan es prematuro fijar una posici\u00f3n oficial sobre la decisi\u00f3n del TSE.<\/p>\n\n\n\n<p>\u201cEl Comit\u00e9 Pol\u00edtico del Partido comenz\u00f3 a conocer la propuesta en mucha armon\u00eda, en mucha altura, en un ambiente de di\u00e1logo, buscando lo mejor para el partido. Hay una conciencia clara de la importancia de preservar la unidad interna y la imagen que el PLD ha venido recuperando ante el pueblo dominicano\u201d, expres\u00f3 Pujols.<\/p>\n\n\n\n<p>El dirigente explic\u00f3 que, debido a la ausencia de algunos miembros clave del Comit\u00e9 Pol\u00edtico, fue necesario aplazar la conclusi\u00f3n del an\u00e1lisis para escuchar todas las voces y garantizar una decisi\u00f3n lo m\u00e1s consensuada posible.<\/p>\n\n\n\n<p>Asimismo, Pujols fue enf\u00e1tico al advertir que ning\u00fan dirigente del partido est\u00e1 autorizado a emitir declaraciones p\u00fablicas sobre el contenido o las implicaciones de la sentencia, hasta tanto el Comit\u00e9 Pol\u00edtico concluya su revisi\u00f3n y fije una posici\u00f3n oficial.<\/p>\n\n\n\n<p>\u201cNadie, ning\u00fan miembro del partido, de ning\u00fan nivel, est\u00e1 autorizado a ofrecer posiciones sobre esta sentencia. Estamos en una etapa de estudio profundo, analizando las implicaciones y las motivaciones de los jueces\u201d, reiter\u00f3.<\/p>\n\n\n\n<p>Pujols tambi\u00e9n record\u00f3 que, en m\u00faltiples ocasiones, el PLD ha manifestado su preocupaci\u00f3n por decisiones judiciales que, seg\u00fan afirm\u00f3, han ignorado situaciones similares ocurridas en el litoral oficialista. <\/p>\n\n\n\n<p>Sin embargo, asegur\u00f3 que el partido asumir\u00e1 con responsabilidad la lectura de la sentencia y tomar\u00e1 la decisi\u00f3n que m\u00e1s le convenga, priorizando siempre la unidad y el fortalecimiento institucional.<\/p>\n\n\n\n<p>\u201cEn cualquier discusi\u00f3n dentro del Comit\u00e9 Pol\u00edtico existen diversos puntos de vista, y eso es natural en una organizaci\u00f3n democr\u00e1tica. Lo importante es que todos compartimos la voluntad de actuar en funci\u00f3n del bien colectivo y de cara a los pr\u00f3ximos procesos electorales\u201d, concluy\u00f3.<\/p>\n\n\n\n<p>El secretario general de la organizaci\u00f3n tambi\u00e9n inform\u00f3 que el dirigente y economista Richard Medina fue juramentado como miembro del Comit\u00e9 Pol\u00edtico, en sustituci\u00f3n del reci\u00e9n fenecido dirigente Roberto Rodr\u00edguez Marchena.<\/p>\n","protected":false},"excerpt":{"rendered":"<p>El Comit\u00e9 Pol\u00edtico del Partido de la Liberaci\u00f3n Dominicana (PLD) inici\u00f3 el proceso de evaluaci\u00f3n de la reciente sentencia emitida por el Tribunal Superior Electoral (TSE), la cual podr\u00eda tener&hellip;<\/p>\n","protected":false},"author":10,"featured_media":103180,"comment_status":"open","ping_status":"open","sticky":false,"template":"","format":"standard","meta":{"content-type":"","jetpack_post_was_ever_published":false,"_jetpack_newsletter_access":"","_jetpack_dont_email_post_to_subs":false,"_jetpack_newsletter_tier_id":0,"_jetpack_memberships_contains_paywalled_content":false,"_jetpack_memberships_contains_paid_content":false,"footnotes":""},"categories":[16559],"tags":[21559,40,2267,269,1504,2770,21560],"class_list":["post-103179","post","type-post","status-publish","format-standard","has-post-thumbnail","hentry","category-politica","tag-21-de-julio","tag-candidaturas","tag-decision","tag-pld","tag-presidenciales","tag-relacion","tag-sentencia-del-tse"],"jetpack_featured_media_url":"https:\/\/lasprimeras.com.do\/wp-content\/uploads\/2025\/07\/Danilo-Medina.jpg-3.jpg","jetpack-related-posts":[{"id":104064,"url":"https:\/\/lasprimeras.com.do\/index.php\/2025\/07\/21\/el-comite-politico-del-pld-en-reunion-extraordinaria-como-sentencia-del-tse\/","url_meta":{"origin":103179,"position":0},"title":"El Comit\u00e9 Pol\u00edtico del PLD en reuni\u00f3n extraordinaria, como sentencia del TSE","author":"Nelson Feliz","date":"21 de julio de 2025","format":false,"excerpt":"El Comit\u00e9 Pol\u00edtico del Partido de la Liberaci\u00f3n Dominicana se encuentra reunido este lunes conociendo la sentencia del Tribunal Superior Electoral (TSE-01-0010-2025), sobre las aspiraciones a precandidaturas presidencial en esa organizaci\u00f3n pol\u00edtica. Esta reuni\u00f3n tiene car\u00e1cter extraordinario y se remota a las discusiones que iniciaron durante la reuni\u00f3n pasada del\u2026","rel":"","context":"En \u00abPOLITICA\u00bb","block_context":{"text":"POLITICA","link":"https:\/\/lasprimeras.com.do\/index.php\/category\/politica\/"},"img":{"alt_text":"","src":"https:\/\/i0.wp.com\/lasprimeras.com.do\/wp-content\/uploads\/2025\/07\/ReunCP-1.jpg?resize=350%2C200&ssl=1","width":350,"height":200,"srcset":"https:\/\/i0.wp.com\/lasprimeras.com.do\/wp-content\/uploads\/2025\/07\/ReunCP-1.jpg?resize=350%2C200&ssl=1 1x, https:\/\/i0.wp.com\/lasprimeras.com.do\/wp-content\/uploads\/2025\/07\/ReunCP-1.jpg?resize=525%2C300&ssl=1 1.5x, https:\/\/i0.wp.com\/lasprimeras.com.do\/wp-content\/uploads\/2025\/07\/ReunCP-1.jpg?resize=700%2C400&ssl=1 2x"},"classes":[]},{"id":103944,"url":"https:\/\/lasprimeras.com.do\/index.php\/2025\/07\/20\/se-reune-este-lunes-el-cp-del-pld\/","url_meta":{"origin":103179,"position":1},"title":"Se re\u00fane este lunes el CP del PLD","author":"Nelson Feliz","date":"20 de julio de 2025","format":false,"excerpt":"Ser\u00e1 este lunes la reuni\u00f3n del Comit\u00e9 Pol\u00edtico del PLD para conocer la sentencia del TSE sobre las aspiraciones de precandidaturas presidencial El Comit\u00e9 Pol\u00edtico del Partido de la Liberaci\u00f3n Dominicana (PLD) retoma este lunes la reuni\u00f3n realizada el pasado d\u00eda 10 de julio en la que se comenz\u00f3 a\u2026","rel":"","context":"En \u00abPOLITICA\u00bb","block_context":{"text":"POLITICA","link":"https:\/\/lasprimeras.com.do\/index.php\/category\/politica\/"},"img":{"alt_text":"","src":"https:\/\/i0.wp.com\/lasprimeras.com.do\/wp-content\/uploads\/2024\/05\/CN-PLD.jpg?resize=350%2C200&ssl=1","width":350,"height":200,"srcset":"https:\/\/i0.wp.com\/lasprimeras.com.do\/wp-content\/uploads\/2024\/05\/CN-PLD.jpg?resize=350%2C200&ssl=1 1x, https:\/\/i0.wp.com\/lasprimeras.com.do\/wp-content\/uploads\/2024\/05\/CN-PLD.jpg?resize=525%2C300&ssl=1 1.5x, https:\/\/i0.wp.com\/lasprimeras.com.do\/wp-content\/uploads\/2024\/05\/CN-PLD.jpg?resize=700%2C400&ssl=1 2x"},"classes":[]},{"id":102810,"url":"https:\/\/lasprimeras.com.do\/index.php\/2025\/07\/08\/johnny-pujols-comite-politico-del-pld-conocera-sentencia-del-tse\/","url_meta":{"origin":103179,"position":2},"title":"Johnny Pujols: Comit\u00e9 Pol\u00edtico del PLD conocer\u00e1 sentencia del TSE","author":"Nelson Feliz","date":"8 de julio de 2025","format":false,"excerpt":"Secretario General del PLD ratifica convocatoria del Comit\u00e9 Pol\u00edtico para el pr\u00f3ximo jueves en horas de la ma\u00f1ana. El Comit\u00e9 Pol\u00edtico del Partido de la Liberaci\u00f3n dominicana se reunir\u00e1 el pr\u00f3ximo jueves para analizar la sentencia del Tribunal Superior Electoral (TSE-01-0010-2025) sobre las aspiraciones a precandidaturas presidencial. La informaci\u00f3n fue\u2026","rel":"","context":"En \u00abPOLITICA\u00bb","block_context":{"text":"POLITICA","link":"https:\/\/lasprimeras.com.do\/index.php\/category\/politica\/"},"img":{"alt_text":"","src":"https:\/\/i0.wp.com\/lasprimeras.com.do\/wp-content\/uploads\/2025\/05\/Johnny-Pujols-2.jpg?resize=350%2C200&ssl=1","width":350,"height":200,"srcset":"https:\/\/i0.wp.com\/lasprimeras.com.do\/wp-content\/uploads\/2025\/05\/Johnny-Pujols-2.jpg?resize=350%2C200&ssl=1 1x, https:\/\/i0.wp.com\/lasprimeras.com.do\/wp-content\/uploads\/2025\/05\/Johnny-Pujols-2.jpg?resize=525%2C300&ssl=1 1.5x, https:\/\/i0.wp.com\/lasprimeras.com.do\/wp-content\/uploads\/2025\/05\/Johnny-Pujols-2.jpg?resize=700%2C400&ssl=1 2x"},"classes":[]},{"id":102154,"url":"https:\/\/lasprimeras.com.do\/index.php\/2025\/07\/01\/johnny-pujols-ha-faltado-el-criterio-gerencial-en-el-manejo-del-senasa\/","url_meta":{"origin":103179,"position":3},"title":"Johnny Pujols: Ha faltado el criterio gerencial en el manejo del Senasa","author":"Nelson Feliz","date":"1 de julio de 2025","format":false,"excerpt":"El CP del PLD se reunir\u00e1 el lunes 7 julio para conocer la sentencia del Tribunal Superior Electoral (TSE) sobre aspiraciones candidaturas presidenciales. El secretario general del Partido de la Liberaci\u00f3n Dominicana, Johnny Pujols, ratific\u00f3 que el Comit\u00e9 Pol\u00edtico del Partido de la Liberaci\u00f3n Dominicana se reunir\u00e1 el pr\u00f3ximo lunes\u2026","rel":"","context":"En \u00abPOLITICA\u00bb","block_context":{"text":"POLITICA","link":"https:\/\/lasprimeras.com.do\/index.php\/category\/politica\/"},"img":{"alt_text":"","src":"https:\/\/i0.wp.com\/lasprimeras.com.do\/wp-content\/uploads\/2025\/07\/Johnny-Pujols.jpg?resize=350%2C200&ssl=1","width":350,"height":200,"srcset":"https:\/\/i0.wp.com\/lasprimeras.com.do\/wp-content\/uploads\/2025\/07\/Johnny-Pujols.jpg?resize=350%2C200&ssl=1 1x, https:\/\/i0.wp.com\/lasprimeras.com.do\/wp-content\/uploads\/2025\/07\/Johnny-Pujols.jpg?resize=525%2C300&ssl=1 1.5x, https:\/\/i0.wp.com\/lasprimeras.com.do\/wp-content\/uploads\/2025\/07\/Johnny-Pujols.jpg?resize=700%2C400&ssl=1 2x"},"classes":[]},{"id":103032,"url":"https:\/\/lasprimeras.com.do\/index.php\/2025\/07\/10\/comite-politico-del-pld-conoce-de-informes-y-temas-internos\/","url_meta":{"origin":103179,"position":4},"title":"Comit\u00e9 Pol\u00edtico del PLD conoce de informes y temas internos","author":"Nelson Feliz","date":"10 de julio de 2025","format":false,"excerpt":"Aplaza discusi\u00f3n de la sentencia del TSE para el lunes 21 julio El Comit\u00e9 Pol\u00edtico del Partido de la Liberaci\u00f3n Dominicana (PLD) despu\u00e9s dar lectura al contenido de la sentencia del Tribunal Superior Electoral (TSE-01-0010-2025), sobre las aspiraciones a precandidaturas presidencial en esa organizaci\u00f3n pol\u00edtica, decidi\u00f3 aplazar su discusi\u00f3n para\u2026","rel":"","context":"En \u00abPOLITICA\u00bb","block_context":{"text":"POLITICA","link":"https:\/\/lasprimeras.com.do\/index.php\/category\/politica\/"},"img":{"alt_text":"","src":"https:\/\/i0.wp.com\/lasprimeras.com.do\/wp-content\/uploads\/2025\/07\/ReunCP-28.jpg?resize=350%2C200&ssl=1","width":350,"height":200,"srcset":"https:\/\/i0.wp.com\/lasprimeras.com.do\/wp-content\/uploads\/2025\/07\/ReunCP-28.jpg?resize=350%2C200&ssl=1 1x, https:\/\/i0.wp.com\/lasprimeras.com.do\/wp-content\/uploads\/2025\/07\/ReunCP-28.jpg?resize=525%2C300&ssl=1 1.5x, https:\/\/i0.wp.com\/lasprimeras.com.do\/wp-content\/uploads\/2025\/07\/ReunCP-28.jpg?resize=700%2C400&ssl=1 2x"},"classes":[]},{"id":104171,"url":"https:\/\/lasprimeras.com.do\/index.php\/2025\/07\/22\/el-comite-politico-del-pld-fija-posicion-sobre-la-sentencia-tse-0011-2025\/","url_meta":{"origin":103179,"position":5},"title":"El Comit\u00e9 Pol\u00edtico del PLD fija posici\u00f3n sobre la sentencia TSE\/0011\/2025","author":"Nelson Feliz","date":"22 de julio de 2025","format":false,"excerpt":"El Comit\u00e9 Pol\u00edtico del Partido de la Liberaci\u00f3n Dominicana (PLD), tras conocer y analizar detenidamente la sentencia n\u00fam. TSE\/0011\/2025 emitida por el Tribunal Superior Electoral (TSE), ha adoptado por unanimidad la siguiente posici\u00f3n institucional: El PLD acata la decisi\u00f3n del Tribunal Superior Electoral (TSE), en estricto respeto al Estado de\u2026","rel":"","context":"En \u00abPOLITICA\u00bb","block_context":{"text":"POLITICA","link":"https:\/\/lasprimeras.com.do\/index.php\/category\/politica\/"},"img":{"alt_text":"","src":"https:\/\/i0.wp.com\/lasprimeras.com.do\/wp-content\/uploads\/2025\/07\/Pujols-1.jpg?resize=350%2C200&ssl=1","width":350,"height":200,"srcset":"https:\/\/i0.wp.com\/lasprimeras.com.do\/wp-content\/uploads\/2025\/07\/Pujols-1.jpg?resize=350%2C200&ssl=1 1x, https:\/\/i0.wp.com\/lasprimeras.com.do\/wp-content\/uploads\/2025\/07\/Pujols-1.jpg?resize=525%2C300&ssl=1 1.5x, https:\/\/i0.wp.com\/lasprimeras.com.do\/wp-content\/uploads\/2025\/07\/Pujols-1.jpg?resize=700%2C400&ssl=1 2x"},"classes":[]}],"jetpack_sharing_enabled":true,"_links":{"self":[{"href":"https:\/\/lasprimeras.com.do\/index.php\/wp-json\/wp\/v2\/posts\/103179","targetHints":{"allow":["GET"]}}],"collection":[{"href":"https:\/\/lasprimeras.com.do\/index.php\/wp-json\/wp\/v2\/posts"}],"about":[{"href":"https:\/\/lasprimeras.com.do\/index.php\/wp-json\/wp\/v2\/types\/post"}],"author":[{"embeddable":true,"href":"https:\/\/lasprimeras.com.do\/index.php\/wp-json\/wp\/v2\/users\/10"}],"replies":[{"embeddable":true,"href":"https:\/\/lasprimeras.com.do\/index.php\/wp-json\/wp\/v2\/comments?post=103179"}],"version-history":[{"count":1,"href":"https:\/\/lasprimeras.com.do\/index.php\/wp-json\/wp\/v2\/posts\/103179\/revisions"}],"predecessor-version":[{"id":103181,"href":"https:\/\/lasprimeras.com.do\/index.php\/wp-json\/wp\/v2\/posts\/103179\/revisions\/103181"}],"wp:featuredmedia":[{"embeddable":true,"href":"https:\/\/lasprimeras.com.do\/index.php\/wp-json\/wp\/v2\/media\/103180"}],"wp:attachment":[{"href":"https:\/\/lasprimeras.com.do\/index.php\/wp-json\/wp\/v2\/media?parent=103179"}],"wp:term":[{"taxonomy":"category","embeddable":true,"href":"https:\/\/lasprimeras.com.do\/index.php\/wp-json\/wp\/v2\/categories?post=103179"},{"taxonomy":"post_tag","embeddable":true,"href":"https:\/\/lasprimeras.com.do\/index.php\/wp-json\/wp\/v2\/tags?post=103179"}],"curies":[{"name":"wp","href":"https:\/\/api.w.org\/{rel}","templated":true}]}}