{"id":103182,"date":"2025-07-13T14:54:49","date_gmt":"2025-07-13T18:54:49","guid":{"rendered":"https:\/\/lasprimeras.com.do\/?p=103182"},"modified":"2025-07-13T14:54:51","modified_gmt":"2025-07-13T18:54:51","slug":"ricardo-garcia-rechaza-sea-mutilado-el-jardin-botanico-para-ampliar-la-avenida-colombia","status":"publish","type":"post","link":"https:\/\/lasprimeras.com.do\/index.php\/2025\/07\/13\/ricardo-garcia-rechaza-sea-mutilado-el-jardin-botanico-para-ampliar-la-avenida-colombia\/","title":{"rendered":"Ricardo Garc\u00eda rechaza sea mutilado el Jard\u00edn Bot\u00e1nico para ampliar la avenida Colombia"},"content":{"rendered":"\n<p>Por Joselito Pe\u00f1a<\/p>\n\n\n\n<p>El bi\u00f3logo y ex director del Jard\u00edn Bot\u00e1nico Nacional Ricardo Garc\u00eda, rechazo hoy que se afecte en parte alguna este pulm\u00f3n vegetal para la ampliaci\u00f3n de la avenida Colombia, ya que esto violar\u00eda la parte jur\u00eddica del parque, amparado en la ley 456 que lo crea, la 6400 de Medio Ambiente y la 202-04 de \u00c1reas Protegidas, tambi\u00e9n otros acuerdos internacionales.<\/p>\n\n\n\n<p>El Catedr\u00e1tico Universitario dijo que el jard\u00edn, no es solo el m\u00e1s importante espacio verde que tiene el Distrito Nacional, sino que es la instituci\u00f3n cient\u00edfica m\u00e1s fundamental, que se refiere a la flora y la biodiversidad vegetal de la Republica Dominicana.<\/p>\n\n\n\n<p>\u201cDa\u00f1ar el Jard\u00edn bot\u00e1nico ser\u00eda una barbaridad, porque se estar\u00eda causando un da\u00f1o irreparable y sobre todo que no resolver\u00eda el problema del tr\u00e1nsito en Santo Domingo, la soluci\u00f3n al tr\u00e1nsito es mucho m\u00e1s compleja que la ampliaci\u00f3n de una avenida dijo Garc\u00eda.<\/p>\n\n\n\n<p>Detall\u00f3 que hasta ahora se estar\u00edan tomando unos 11mill metros cuadrados y se les ha pedido a las autoridades que pongan a conocimiento de la poblaci\u00f3n el proyecto, pero esto no se ha hecho, lo que critic\u00f3.<\/p>\n\n\n\n<p>Informo que el ministro de Medio Ambiente admiti\u00f3 p\u00fablicamente que se emitieron unos t\u00e9rminos de referencia para los estudios ambientales de dicho proyecto, lo que considera incorrecto, ya que no se puede emitir termino de referencia para un \u00e1rea protegida.<\/p>\n\n\n\n<p>El bi\u00f3logo llamo a las autoridades a desistir de \u201cda\u00f1ar\u201d el Jard\u00edn Bot\u00e1nico Nacional, por la importancia que este representa para el medio ambiente, para la sostenibilidad de Santo Domingo y sobre todo para la ciencia.<\/p>\n\n\n\n<p>Mostro preocupaci\u00f3n ya que seg\u00fan afirma con este proyecto el jard\u00edn perder\u00eda varias de sus \u00e1reas m\u00e1s importantes: colecci\u00f3n de frutales, especies end\u00e9micas, cactus, afectar\u00eda el sendero educativo taino, el parqueo y el Herbario Nacional entre otras.<\/p>\n\n\n\n<p>Aclaro que el Jard\u00edn Bot\u00e1nico est\u00e1 considerado unos de los 10 m\u00e1s importantes de Am\u00e9rica e incluso del mundo seg\u00fan lo establecido un estudio realizado por Kew Garden de Inglaterra, y el mismo recibe m\u00e1s de cuatrocientas cincuenta mil personas al a\u00f1o.<\/p>\n","protected":false},"excerpt":{"rendered":"<p>Por Joselito Pe\u00f1a El bi\u00f3logo y ex director del Jard\u00edn Bot\u00e1nico Nacional Ricardo Garc\u00eda, rechazo hoy que se afecte en parte alguna este pulm\u00f3n vegetal para la ampliaci\u00f3n de la&hellip;<\/p>\n","protected":false},"author":10,"featured_media":103183,"comment_status":"open","ping_status":"open","sticky":false,"template":"","format":"standard","meta":{"content-type":"","jetpack_post_was_ever_published":false,"_jetpack_newsletter_access":"","_jetpack_dont_email_post_to_subs":false,"_jetpack_newsletter_tier_id":0,"_jetpack_memberships_contains_paywalled_content":false,"_jetpack_memberships_contains_paid_content":false,"footnotes":""},"categories":[35,25],"tags":[21563,21564,7447,20904,21562,21561],"class_list":["post-103182","post","type-post","status-publish","format-standard","has-post-thumbnail","hentry","category-nacionales","category-portada","tag-ampliar","tag-avenida-colombia","tag-exdirector","tag-jardin-botanico","tag-mutilado","tag-ricardo-garcia"],"jetpack_featured_media_url":"https:\/\/lasprimeras.com.do\/wp-content\/uploads\/2025\/07\/botanico.jpg","jetpack-related-posts":[{"id":101793,"url":"https:\/\/lasprimeras.com.do\/index.php\/2025\/06\/26\/ramon-pepin-se-opone-a-que-se-mutile-el-jardin-botanico\/","url_meta":{"origin":103182,"position":0},"title":"Ram\u00f3n Pep\u00edn se opone a que se mutile el Jard\u00edn Bot\u00e1nico","author":"Nelson Feliz","date":"26 de junio de 2025","format":false,"excerpt":"\u201cRecortar el per\u00edmetro del Jard\u00edn Bot\u00e1nico generar\u00eda un da\u00f1o ecol\u00f3gico\u201d El secretario de Obras P\u00fablicas del Partido de la Liberaci\u00f3n Dominicana (PLD), Ram\u00f3n Pep\u00edn, expres\u00f3 su desacuerdo con reducir el per\u00edmetro del Jard\u00edn Bot\u00e1nico Nacional Rafael Moscoso Puello para ampliar la avenida Rep\u00fablica de Colombia. El ex ministro de Obras\u2026","rel":"","context":"En \u00abNACIONALES\u00bb","block_context":{"text":"NACIONALES","link":"https:\/\/lasprimeras.com.do\/index.php\/category\/nacionales\/"},"img":{"alt_text":"Ram\u00f3n Pep\u00edn","src":"https:\/\/i0.wp.com\/lasprimeras.com.do\/wp-content\/uploads\/2025\/06\/Ramon-Pepin.jpg?resize=350%2C200&ssl=1","width":350,"height":200,"srcset":"https:\/\/i0.wp.com\/lasprimeras.com.do\/wp-content\/uploads\/2025\/06\/Ramon-Pepin.jpg?resize=350%2C200&ssl=1 1x, https:\/\/i0.wp.com\/lasprimeras.com.do\/wp-content\/uploads\/2025\/06\/Ramon-Pepin.jpg?resize=525%2C300&ssl=1 1.5x, https:\/\/i0.wp.com\/lasprimeras.com.do\/wp-content\/uploads\/2025\/06\/Ramon-Pepin.jpg?resize=700%2C400&ssl=1 2x"},"classes":[]},{"id":104512,"url":"https:\/\/lasprimeras.com.do\/index.php\/2025\/07\/24\/ricardo-garcia-lamenta-autoridades-no-tomen-en-cuenta-su-opinion-sobre-el-jardin-botanico\/","url_meta":{"origin":103182,"position":1},"title":"Ricardo Garc\u00eda lamenta autoridades no tomen en cuenta su opini\u00f3n sobre el Jard\u00edn Bot\u00e1nico","author":"Nelson Feliz","date":"24 de julio de 2025","format":false,"excerpt":"El bi\u00f3logo y ex director del jard\u00edn Bot\u00e1nico Nacional Ricardo Garc\u00eda rechaz\u00f3 que se le haya impedido dar su opini\u00f3n sobre el parque en el acto que se celebr\u00f3 ayer mi\u00e9rcoles para anunciar el destino del proyecto por las autoridades. Dijo que conoce a fondo la historia de este jard\u00edn\u2026","rel":"","context":"En \u00abNACIONALES\u00bb","block_context":{"text":"NACIONALES","link":"https:\/\/lasprimeras.com.do\/index.php\/category\/nacionales\/"},"img":{"alt_text":"Ricardo Garc\u00eda","src":"https:\/\/i0.wp.com\/lasprimeras.com.do\/wp-content\/uploads\/2025\/07\/Ricardo-Garcia.jpg?resize=350%2C200&ssl=1","width":350,"height":200,"srcset":"https:\/\/i0.wp.com\/lasprimeras.com.do\/wp-content\/uploads\/2025\/07\/Ricardo-Garcia.jpg?resize=350%2C200&ssl=1 1x, https:\/\/i0.wp.com\/lasprimeras.com.do\/wp-content\/uploads\/2025\/07\/Ricardo-Garcia.jpg?resize=525%2C300&ssl=1 1.5x, https:\/\/i0.wp.com\/lasprimeras.com.do\/wp-content\/uploads\/2025\/07\/Ricardo-Garcia.jpg?resize=700%2C400&ssl=1 2x"},"classes":[]},{"id":104103,"url":"https:\/\/lasprimeras.com.do\/index.php\/2025\/07\/21\/abinader-garantiza-no-se-tocara-el-jardin-botanico-y-se-queja-de-que-se-proteste-por-algo-que-no-se-conoce\/","url_meta":{"origin":103182,"position":2},"title":"Abinader garantiza no se tocar\u00e1 el Jard\u00edn Bot\u00e1nico y se queja de que se proteste por algo que no se conoce","author":"Nelson Feliz","date":"21 de julio de 2025","format":false,"excerpt":"El presidente Luis Abinader manifest\u00f3 que la mayor\u00eda de personas que se oponen a la propuesta de ampliaci\u00f3n de la avenida Rep\u00fablica de Colombia, y que impactar\u00eda \u201cen un 0.1%\u201d el Jard\u00edn Bot\u00e1nico, lo hacen porque no conocen de que se trata el proyecto. \u201cEste es el primer proyecto en\u2026","rel":"","context":"En \u00abNACIONALES\u00bb","block_context":{"text":"NACIONALES","link":"https:\/\/lasprimeras.com.do\/index.php\/category\/nacionales\/"},"img":{"alt_text":"Luis Abinader","src":"https:\/\/i0.wp.com\/lasprimeras.com.do\/wp-content\/uploads\/2025\/03\/Luis-Abinader-3.jpg?resize=350%2C200&ssl=1","width":350,"height":200,"srcset":"https:\/\/i0.wp.com\/lasprimeras.com.do\/wp-content\/uploads\/2025\/03\/Luis-Abinader-3.jpg?resize=350%2C200&ssl=1 1x, https:\/\/i0.wp.com\/lasprimeras.com.do\/wp-content\/uploads\/2025\/03\/Luis-Abinader-3.jpg?resize=525%2C300&ssl=1 1.5x, https:\/\/i0.wp.com\/lasprimeras.com.do\/wp-content\/uploads\/2025\/03\/Luis-Abinader-3.jpg?resize=700%2C400&ssl=1 2x"},"classes":[]},{"id":103442,"url":"https:\/\/lasprimeras.com.do\/index.php\/2025\/07\/15\/fuerza-del-pueblo-propone-declarar-el-jardin-botanico-como-area-protegida-para-que-el-prm-no-lo-toque\/","url_meta":{"origin":103182,"position":3},"title":"Fuerza del Pueblo propone declarar el Jard\u00edn Bot\u00e1nico como \u00c1rea Protegida para que \u201cel PRM no lo toque\u201d","author":"Nelson Feliz","date":"15 de julio de 2025","format":false,"excerpt":"La organizaci\u00f3n asegura que Santo Domingo necesita m\u00e1s \u00e1reas verdes, no mutilar las que existen, y llama al Congreso a actuar. El titular de la Secretar\u00eda de Medio Ambiente de la Fuerza del Pueblo, ingeniero Paino Abreu Collado, advirti\u00f3 este martes que el Gobierno del PRM pretende intervenir el Jard\u00edn\u2026","rel":"","context":"En \u00abPOLITICA\u00bb","block_context":{"text":"POLITICA","link":"https:\/\/lasprimeras.com.do\/index.php\/category\/politica\/"},"img":{"alt_text":"","src":"https:\/\/i0.wp.com\/lasprimeras.com.do\/wp-content\/uploads\/2025\/07\/Paino-Abreu-Collado.jpg?resize=350%2C200&ssl=1","width":350,"height":200,"srcset":"https:\/\/i0.wp.com\/lasprimeras.com.do\/wp-content\/uploads\/2025\/07\/Paino-Abreu-Collado.jpg?resize=350%2C200&ssl=1 1x, https:\/\/i0.wp.com\/lasprimeras.com.do\/wp-content\/uploads\/2025\/07\/Paino-Abreu-Collado.jpg?resize=525%2C300&ssl=1 1.5x, https:\/\/i0.wp.com\/lasprimeras.com.do\/wp-content\/uploads\/2025\/07\/Paino-Abreu-Collado.jpg?resize=700%2C400&ssl=1 2x"},"classes":[]},{"id":103204,"url":"https:\/\/lasprimeras.com.do\/index.php\/2025\/07\/13\/zoraima-cuello-el-jardin-botanico-es-parte-del-progreso-que-debemos-defender-por-nuestra-calidad-de-vida\/","url_meta":{"origin":103182,"position":4},"title":"Zoraima Cuello \u201cEl jard\u00edn Bot\u00e1nico es parte del progreso que debemos defender por nuestra calidad de vida\u201d","author":"Nelson Feliz","date":"13 de julio de 2025","format":false,"excerpt":"La vice presidenta del Partido de la Liberaci\u00f3n Dominicana (PLD), Zoraima Cuello, se manifest\u00f3 opuesta a la reducci\u00f3n de \u00e1reas fundamentales del Jard\u00edn Bot\u00e1nico para, como se ha dicho, ampliar la avenida Rep\u00fablica de Colombia en procura de una soluci\u00f3n vial. \u201cA\u00fan no se ha presentado p\u00fablicamente un plan maestro\u2026","rel":"","context":"En \u00abPOLITICA\u00bb","block_context":{"text":"POLITICA","link":"https:\/\/lasprimeras.com.do\/index.php\/category\/politica\/"},"img":{"alt_text":"","src":"https:\/\/i0.wp.com\/lasprimeras.com.do\/wp-content\/uploads\/2025\/07\/Zoraima-Cuello.jpg?resize=350%2C200&ssl=1","width":350,"height":200,"srcset":"https:\/\/i0.wp.com\/lasprimeras.com.do\/wp-content\/uploads\/2025\/07\/Zoraima-Cuello.jpg?resize=350%2C200&ssl=1 1x, https:\/\/i0.wp.com\/lasprimeras.com.do\/wp-content\/uploads\/2025\/07\/Zoraima-Cuello.jpg?resize=525%2C300&ssl=1 1.5x"},"classes":[]},{"id":104020,"url":"https:\/\/lasprimeras.com.do\/index.php\/2025\/07\/21\/el-botanico-no-se-toca-cadena-humana-rodea-el-jardin-botanico-en-defensa-de-areas-verdes\/","url_meta":{"origin":103182,"position":5},"title":"\u201cEl Bot\u00e1nico no se toca\u201d: cadena humana rodea el Jard\u00edn Bot\u00e1nico en defensa de \u00e1reas verdes","author":"Nelson Feliz","date":"21 de julio de 2025","format":false,"excerpt":"La jornada inici\u00f3 con un micr\u00f3fono abierto donde algunos asistentes compartieron sus razones para defender el Jard\u00edn Bot\u00e1nico y expresar su preocupaci\u00f3n por el futuro ambiental de la ciudad. Decenas de ciudadanos se congregaron este domingo frente al Jard\u00edn Bot\u00e1nico Nacional para participar en una manifestaci\u00f3n pac\u00edfica en defensa de\u2026","rel":"","context":"En \u00abNACIONALES\u00bb","block_context":{"text":"NACIONALES","link":"https:\/\/lasprimeras.com.do\/index.php\/category\/nacionales\/"},"img":{"alt_text":"","src":"https:\/\/i0.wp.com\/lasprimeras.com.do\/wp-content\/uploads\/2025\/07\/botanico-2.jpg?resize=350%2C200&ssl=1","width":350,"height":200,"srcset":"https:\/\/i0.wp.com\/lasprimeras.com.do\/wp-content\/uploads\/2025\/07\/botanico-2.jpg?resize=350%2C200&ssl=1 1x, https:\/\/i0.wp.com\/lasprimeras.com.do\/wp-content\/uploads\/2025\/07\/botanico-2.jpg?resize=525%2C300&ssl=1 1.5x, https:\/\/i0.wp.com\/lasprimeras.com.do\/wp-content\/uploads\/2025\/07\/botanico-2.jpg?resize=700%2C400&ssl=1 2x"},"classes":[]}],"jetpack_sharing_enabled":true,"_links":{"self":[{"href":"https:\/\/lasprimeras.com.do\/index.php\/wp-json\/wp\/v2\/posts\/103182","targetHints":{"allow":["GET"]}}],"collection":[{"href":"https:\/\/lasprimeras.com.do\/index.php\/wp-json\/wp\/v2\/posts"}],"about":[{"href":"https:\/\/lasprimeras.com.do\/index.php\/wp-json\/wp\/v2\/types\/post"}],"author":[{"embeddable":true,"href":"https:\/\/lasprimeras.com.do\/index.php\/wp-json\/wp\/v2\/users\/10"}],"replies":[{"embeddable":true,"href":"https:\/\/lasprimeras.com.do\/index.php\/wp-json\/wp\/v2\/comments?post=103182"}],"version-history":[{"count":1,"href":"https:\/\/lasprimeras.com.do\/index.php\/wp-json\/wp\/v2\/posts\/103182\/revisions"}],"predecessor-version":[{"id":103184,"href":"https:\/\/lasprimeras.com.do\/index.php\/wp-json\/wp\/v2\/posts\/103182\/revisions\/103184"}],"wp:featuredmedia":[{"embeddable":true,"href":"https:\/\/lasprimeras.com.do\/index.php\/wp-json\/wp\/v2\/media\/103183"}],"wp:attachment":[{"href":"https:\/\/lasprimeras.com.do\/index.php\/wp-json\/wp\/v2\/media?parent=103182"}],"wp:term":[{"taxonomy":"category","embeddable":true,"href":"https:\/\/lasprimeras.com.do\/index.php\/wp-json\/wp\/v2\/categories?post=103182"},{"taxonomy":"post_tag","embeddable":true,"href":"https:\/\/lasprimeras.com.do\/index.php\/wp-json\/wp\/v2\/tags?post=103182"}],"curies":[{"name":"wp","href":"https:\/\/api.w.org\/{rel}","templated":true}]}}