{"id":103185,"date":"2025-07-13T15:13:10","date_gmt":"2025-07-13T19:13:10","guid":{"rendered":"https:\/\/lasprimeras.com.do\/?p=103185"},"modified":"2025-07-13T15:13:12","modified_gmt":"2025-07-13T19:13:12","slug":"santos-badia-encabeza-recorrido-de-supervision-obras-ejecutada-por-el-gobierno-en-san-cristobal","status":"publish","type":"post","link":"https:\/\/lasprimeras.com.do\/index.php\/2025\/07\/13\/santos-badia-encabeza-recorrido-de-supervision-obras-ejecutada-por-el-gobierno-en-san-cristobal\/","title":{"rendered":"Santos Bad\u00eda encabeza recorrido de supervisi\u00f3n obras ejecutada por el Gobierno en San Crist\u00f3bal"},"content":{"rendered":"\n<p><strong>\u00b7 El director INFOTEP, la gobernadora de SC y otras autoridades recorren proyectos en ejecuci\u00f3n que impactar\u00e1n directamente la salud, la educaci\u00f3n y la formaci\u00f3n t\u00e9cnica de la provincia.<\/strong><\/p>\n\n\n\n<p>En el marco del programa \u201cEl Gobierno en las Provincias\u201d, el director general del Instituto Nacional de Formaci\u00f3n T\u00e9cnico Profesional (INFOTEP), Rafael Santos Bad\u00eda, y la gobernadora Pura Casilla, encabezaron un recorrido de supervisi\u00f3n por obras que ejecuta el Gobierno dominicano en San Crist\u00f3bal, muchas de las cuales se encuentran en su fase final de construcci\u00f3n.<\/p>\n\n\n\n<p>Durante la visita, el director del INFOTEP valor\u00f3 la magnitud de los proyectos y su impacto directo en la calidad de vida de la poblaci\u00f3n, destacando el compromiso del Gobierno con el desarrollo territorial y la formaci\u00f3n t\u00e9cnico-profesional.<\/p>\n\n\n\n<p>\u201cEstas obras que estamos supervisando hoy no son simples estructuras; son compromisos cumplidos del Gobierno del presidente Abinader con la gente de San Crist\u00f3bal. Desde una universidad moderna hasta centros educativos y hospitales dignos, estas edificaciones transformar\u00e1n vidas, generar\u00e1n empleos y aportar\u00e1n al desarrollo humano y social de toda la provincia\u201d, expres\u00f3 Santos Bad\u00eda.<\/p>\n\n\n\n<p>Agreg\u00f3 que la visi\u00f3n del Gobierno es llevar soluciones concretas a las comunidades y fortalecer la institucionalidad mediante la transparencia y la cercan\u00eda con la ciudadan\u00eda.<\/p>\n\n\n\n<p>\u201cEstamos aqu\u00ed para ver los avances o posibles retrasos que puedan tener las obras que estamos realizando en San Crist\u00f3bal, a fin de rendirle un informe al presidente Abinader y agilizar las respuestas a las demandas de los mun\u00edcipes\u201d, sostuvo el titular del INFOTEP.<\/p>\n\n\n\n<p>Por su parte, la gobernadora Pura Casilla reafirm\u00f3 el seguimiento constante a las obras, como parte del mandato presidencial de asegurar su calidad y eficiencia.<\/p>\n\n\n\n<p>\u201cEstamos comprometidos con garantizar la transparencia y la terminaci\u00f3n en tiempo eficaz y con calidad de cada proyecto en nuestra provincia\u201d, indic\u00f3 Casilla.<\/p>\n\n\n\n<p><strong>Obras supervisadas<\/strong><\/p>\n\n\n\n<p>Entre los proyectos inspeccionados se destacan:<\/p>\n\n\n\n<p>\u00b7 El nuevo edificio de la Universidad Aut\u00f3noma de Santo Domingo (UASD) en San Crist\u00f3bal, con un 90 % de avance.<br>\u00b7 La construcci\u00f3n de centros educativos, entre ellos la Escuela B\u00e1sica Bienvenido Franco Castillo, ubicada en el barrio Mach\u00edn, del Distrito Municipal de Do\u00f1a Ana.<br>\u00b7 El nuevo Hospital Municipal de Yaguate, una demanda hist\u00f3rica de la comunidad, que se encuentra en fase de finalizaci\u00f3n.<\/p>\n\n\n\n<p>Tambi\u00e9n fueron mencionadas otras obras en desarrollo, como la Ciudad Sanitaria, la intervenci\u00f3n de la carretera tur\u00edstica del sector Los Cacaos, la Circunvalaci\u00f3n, y la reactivaci\u00f3n de escuelas que permanecieron paralizadas durante a\u00f1os.<\/p>\n\n\n\n<p><strong>Amplia participaci\u00f3n institucional<\/strong><\/p>\n\n\n\n<p>En el recorrido participaron adem\u00e1s los directores regionales de Educaci\u00f3n y Salud, Julio C\u00e9sar Tejeda y Marcelino Fulgencio, el alcalde de Yaguate, Jos\u00e9 Oviedo, el representante senatorial Alexander Lorenzo, as\u00ed como Ondina Marte, directora de Planificaci\u00f3n y Desarrollo, y Odelis Matos, director de Monitoreo de Proyectos y Convenios del INFOTEP.<\/p>\n\n\n\n<p>De forma simult\u00e1nea se llevaron a cabo recorridos similares en otras localidades: Francisco Guillermo Garc\u00eda encabez\u00f3 el de Villa Altagracia, y el ministro Neney Cabrera, el de Haina.<\/p>\n\n\n\n<p><strong>Operativo del INFOTEP en Villa Fundaci\u00f3n<\/strong><\/p>\n\n\n\n<p>Como parte de la jornada, el INFOTEP ejecut\u00f3 un operativo comunitario en Villa Fundaci\u00f3n, donde su aula m\u00f3vil del \u00e1rea de belleza ofreci\u00f3 servicios gratuitos y demostraciones pr\u00e1cticas a los residentes.<\/p>\n\n\n\n<p>\u201cAdmisiones del INFOTEP llev\u00f3 a cabo un operativo con su aula m\u00f3vil del \u00e1rea de belleza, para realizar demostraciones de corte de pelo para los caballeros, lavado y secado de cabellos para las damas, maquillaje, u\u00f1as y m\u00e1s. Tambi\u00e9n hubo exhibiciones del taller de electricidad, con el fin de motivarlos a que hagan cursos y as\u00ed puedan emprender o acceder a un empleo\u201d, explic\u00f3 Santos Bad\u00eda.<\/p>\n\n\n\n<p><strong>Sobre \u201cEl Gobierno en las Provincias<\/strong><\/p>\n\n\n\n<p>Esta iniciativa del Gobierno dominicano tiene como objetivo fortalecer el contacto directo entre el Estado y la poblaci\u00f3n, mediante visitas programadas de funcionarios a las distintas provincias. La finalidad es conocer las necesidades de las comunidades, supervisar las obras en curso y garantizar la ejecuci\u00f3n transparente de los compromisos asumidos.<\/p>\n","protected":false},"excerpt":{"rendered":"<p>\u00b7 El director INFOTEP, la gobernadora de SC y otras autoridades recorren proyectos en ejecuci\u00f3n que impactar\u00e1n directamente la salud, la educaci\u00f3n y la formaci\u00f3n t\u00e9cnica de la provincia. En&hellip;<\/p>\n","protected":false},"author":10,"featured_media":103186,"comment_status":"open","ping_status":"open","sticky":false,"template":"","format":"standard","meta":{"content-type":"","jetpack_post_was_ever_published":false,"_jetpack_newsletter_access":"","_jetpack_dont_email_post_to_subs":false,"_jetpack_newsletter_tier_id":0,"_jetpack_memberships_contains_paywalled_content":false,"_jetpack_memberships_contains_paid_content":false,"footnotes":""},"categories":[35,25],"tags":[5687,171,21565,12647,651,1686],"class_list":["post-103185","post","type-post","status-publish","format-standard","has-post-thumbnail","hentry","category-nacionales","category-portada","tag-compromisos","tag-gobierno","tag-obras-claves","tag-rafael-santos-badia","tag-san-cristobal","tag-supervision"],"jetpack_featured_media_url":"https:\/\/lasprimeras.com.do\/wp-content\/uploads\/2025\/07\/santos-badia-1.jpg","jetpack-related-posts":[{"id":116423,"url":"https:\/\/lasprimeras.com.do\/index.php\/2025\/12\/01\/director-del-infotep-afirma-formacion-tecnico-impulsa-productividad-y-competitividad-de-las-mipymes\/","url_meta":{"origin":103185,"position":0},"title":"Director del INFOTEP afirma Formaci\u00f3n T\u00e9cnico impulsa productividad y competitividad de las MIPYMES","author":"Nelson Feliz","date":"1 de diciembre de 2025","format":false,"excerpt":"\u00b7Rafael Santos Bad\u00eda destaca que la capacitaci\u00f3n, la asistencia t\u00e9cnica y el emprendimiento fortalecen el crecimiento econ\u00f3mico nacional. La formaci\u00f3n t\u00e9cnico profesional se ha convertido en un factor decisivo para el crecimiento de las Mipymes y para el dinamismo econ\u00f3mico del pa\u00eds, afirm\u00f3 el director general del INFOTEP, Rafael Santos\u2026","rel":"","context":"En \u00abECONOM\u00cdA\u00bb","block_context":{"text":"ECONOM\u00cdA","link":"https:\/\/lasprimeras.com.do\/index.php\/category\/economia\/"},"img":{"alt_text":"","src":"https:\/\/i0.wp.com\/lasprimeras.com.do\/wp-content\/uploads\/2025\/12\/Rafael-Santos-Badia.jpg?resize=350%2C200&ssl=1","width":350,"height":200,"srcset":"https:\/\/i0.wp.com\/lasprimeras.com.do\/wp-content\/uploads\/2025\/12\/Rafael-Santos-Badia.jpg?resize=350%2C200&ssl=1 1x, https:\/\/i0.wp.com\/lasprimeras.com.do\/wp-content\/uploads\/2025\/12\/Rafael-Santos-Badia.jpg?resize=525%2C300&ssl=1 1.5x, https:\/\/i0.wp.com\/lasprimeras.com.do\/wp-content\/uploads\/2025\/12\/Rafael-Santos-Badia.jpg?resize=700%2C400&ssl=1 2x"},"classes":[]},{"id":95506,"url":"https:\/\/lasprimeras.com.do\/index.php\/2025\/03\/14\/infotep-impulsa-expansion-de-centros-de-formacion-en-la-zona-noroeste-del-pais\/","url_meta":{"origin":103185,"position":1},"title":"INFOTEP impulsa expansi\u00f3n de centros de formaci\u00f3n en la zona Noroeste del pa\u00eds","author":"Nelson Feliz","date":"14 de marzo de 2025","format":false,"excerpt":"\u201cEstamos trabajando para llevar oportunidades de capacitaci\u00f3n a cada rinc\u00f3n del pa\u00eds, abriendo caminos para el crecimiento y el bienestar de nuestra gente\u201d, Rafael Santos Bad\u00eda. El director general del Instituto Nacional de Formaci\u00f3n T\u00e9cnico Profesional (INFOTEP), Rafael Santos Bad\u00eda, realiz\u00f3 un recorrido por la regi\u00f3n Noroeste del pa\u00eds, en\u2026","rel":"","context":"En \u00abNACIONALES\u00bb","block_context":{"text":"NACIONALES","link":"https:\/\/lasprimeras.com.do\/index.php\/category\/nacionales\/"},"img":{"alt_text":"","src":"https:\/\/i0.wp.com\/lasprimeras.com.do\/wp-content\/uploads\/2025\/03\/Santos-Badia-1.jpg?resize=350%2C200&ssl=1","width":350,"height":200,"srcset":"https:\/\/i0.wp.com\/lasprimeras.com.do\/wp-content\/uploads\/2025\/03\/Santos-Badia-1.jpg?resize=350%2C200&ssl=1 1x, https:\/\/i0.wp.com\/lasprimeras.com.do\/wp-content\/uploads\/2025\/03\/Santos-Badia-1.jpg?resize=525%2C300&ssl=1 1.5x"},"classes":[]},{"id":116899,"url":"https:\/\/lasprimeras.com.do\/index.php\/2025\/12\/04\/infotep-gradua-1416-nuevos-tecnicos-docentes-y-especialistas-en-la-region-sur\/","url_meta":{"origin":103185,"position":2},"title":"Infotep grad\u00faa 1,416 nuevos t\u00e9cnicos, docentes y especialistas en la regi\u00f3n Sur","author":"Nelson Feliz","date":"4 de diciembre de 2025","format":false,"excerpt":"Rafael Santos Bad\u00eda declar\u00f3 que entre 2020 y 2025, en San Juan y El\u00edas Pi\u00f1a, se han capacitado m\u00e1s de 125,345 personas. El Instituto Nacional de Formaci\u00f3n T\u00e9cnico Profesional (Infotep) gradu\u00f3 1,416 nuevos t\u00e9cnicos, docentes y especialistas en 17 ocupaciones de alta demanda, en la ceremonia ordinaria correspondiente a la\u2026","rel":"","context":"En \u00abNACIONALES\u00bb","block_context":{"text":"NACIONALES","link":"https:\/\/lasprimeras.com.do\/index.php\/category\/nacionales\/"},"img":{"alt_text":"","src":"https:\/\/i0.wp.com\/lasprimeras.com.do\/wp-content\/uploads\/2025\/12\/Infotep.jpg?resize=350%2C200&ssl=1","width":350,"height":200,"srcset":"https:\/\/i0.wp.com\/lasprimeras.com.do\/wp-content\/uploads\/2025\/12\/Infotep.jpg?resize=350%2C200&ssl=1 1x, https:\/\/i0.wp.com\/lasprimeras.com.do\/wp-content\/uploads\/2025\/12\/Infotep.jpg?resize=525%2C300&ssl=1 1.5x, https:\/\/i0.wp.com\/lasprimeras.com.do\/wp-content\/uploads\/2025\/12\/Infotep.jpg?resize=700%2C400&ssl=1 2x"},"classes":[]},{"id":102039,"url":"https:\/\/lasprimeras.com.do\/index.php\/2025\/06\/30\/director-de-infotep-afirma-capacitacion-impulsa-empleos-innovacion-y-desarrollo-desde-cada-rincon-del-pais\/","url_meta":{"origin":103185,"position":3},"title":"Director de INFOTEP afirma capacitaci\u00f3n impulsa empleos, innovaci\u00f3n y desarrollo desde cada rinc\u00f3n del pa\u00eds","author":"Nelson Feliz","date":"30 de junio de 2025","format":false,"excerpt":"\u00b7Rafael Santos Bad\u00eda, destac\u00f3 que bajo el gobierno de Luis Abinader se han formado m\u00e1s de 2.7 millones de personas, y afirm\u00f3 que \u201cel pa\u00eds entero quiere INFOTEP\u201d por su impacto en el empleo y el desarrollo local. El director general del Instituto Nacional de Formaci\u00f3n T\u00e9cnico Profesional (INFOTEP), Rafael\u2026","rel":"","context":"En \u00abNACIONALES\u00bb","block_context":{"text":"NACIONALES","link":"https:\/\/lasprimeras.com.do\/index.php\/category\/nacionales\/"},"img":{"alt_text":"Rafael Santos Bad\u00eda","src":"https:\/\/i0.wp.com\/lasprimeras.com.do\/wp-content\/uploads\/2025\/06\/infotep-3.jpg?resize=350%2C200&ssl=1","width":350,"height":200,"srcset":"https:\/\/i0.wp.com\/lasprimeras.com.do\/wp-content\/uploads\/2025\/06\/infotep-3.jpg?resize=350%2C200&ssl=1 1x, https:\/\/i0.wp.com\/lasprimeras.com.do\/wp-content\/uploads\/2025\/06\/infotep-3.jpg?resize=525%2C300&ssl=1 1.5x, https:\/\/i0.wp.com\/lasprimeras.com.do\/wp-content\/uploads\/2025\/06\/infotep-3.jpg?resize=700%2C400&ssl=1 2x"},"classes":[]},{"id":53855,"url":"https:\/\/lasprimeras.com.do\/index.php\/2023\/07\/02\/infotep-y-directivos-cos-acuerdan-fortalecer-servicios-de-formacion-tecnico-profesional\/","url_meta":{"origin":103185,"position":4},"title":"INFOTEP y directivos COS acuerdan fortalecer servicios de formaci\u00f3n t\u00e9cnico profesional","author":"Nelson Feliz","date":"2 de julio de 2023","format":false,"excerpt":"Por Martin Restituyo El director general del Instituto Nacional de Formaci\u00f3n T\u00e9cnico Profesional (INFOTEP), Rafael Santos Bad\u00eda, sostuvo un encuentro con los directivos de los Centros Operativos del Sistema (COS), para informar las medidas tomadas por la instituci\u00f3n para elevar la calidad los servicios que ofrecen. Los COS son entidades\u2026","rel":"","context":"En \u00abNACIONALES\u00bb","block_context":{"text":"NACIONALES","link":"https:\/\/lasprimeras.com.do\/index.php\/category\/nacionales\/"},"img":{"alt_text":"Rafael Santos Bad\u00eda","src":"https:\/\/i0.wp.com\/lasprimeras.com.do\/wp-content\/uploads\/2023\/07\/Rafael-Santos-Badia.jpg?resize=350%2C200&ssl=1","width":350,"height":200,"srcset":"https:\/\/i0.wp.com\/lasprimeras.com.do\/wp-content\/uploads\/2023\/07\/Rafael-Santos-Badia.jpg?resize=350%2C200&ssl=1 1x, https:\/\/i0.wp.com\/lasprimeras.com.do\/wp-content\/uploads\/2023\/07\/Rafael-Santos-Badia.jpg?resize=525%2C300&ssl=1 1.5x, https:\/\/i0.wp.com\/lasprimeras.com.do\/wp-content\/uploads\/2023\/07\/Rafael-Santos-Badia.jpg?resize=700%2C400&ssl=1 2x"},"classes":[]},{"id":80712,"url":"https:\/\/lasprimeras.com.do\/index.php\/2024\/04\/11\/infotep-capacitara-en-centros-donados-por-fonper-en-pedro-garcia-y-la-cumbre-de-santiago\/","url_meta":{"origin":103185,"position":5},"title":"INFOTEP capacitar\u00e1 en centros donados por FONPER en Pedro Garc\u00eda y la Cumbre de Santiago","author":"BIMARY DE JES\u00daS Matos","date":"11 de abril de 2024","format":false,"excerpt":"SANTIAGO. \u2013El Instituto Nacional de Formaci\u00f3n T\u00e9cnico Profesional (INFOTEP), dar\u00e1 inicio a programas de formaci\u00f3n en un Centro de Formaci\u00f3n Textil y Escuela Laboral y dos Panader\u00eda y Reposter\u00eda en los distritos municipales de Pedro Garc\u00eda y La Cumbre, de Santiago, los cuales fueron entregados a la comunidad y equipados\u2026","rel":"","context":"En \u00abNACIONALES\u00bb","block_context":{"text":"NACIONALES","link":"https:\/\/lasprimeras.com.do\/index.php\/category\/nacionales\/"},"img":{"alt_text":"","src":"https:\/\/i0.wp.com\/lasprimeras.com.do\/wp-content\/uploads\/2024\/04\/WhatsApp-Image-2024-04-11-at-12.09.34-PM-1.jpeg?resize=350%2C200&ssl=1","width":350,"height":200,"srcset":"https:\/\/i0.wp.com\/lasprimeras.com.do\/wp-content\/uploads\/2024\/04\/WhatsApp-Image-2024-04-11-at-12.09.34-PM-1.jpeg?resize=350%2C200&ssl=1 1x, https:\/\/i0.wp.com\/lasprimeras.com.do\/wp-content\/uploads\/2024\/04\/WhatsApp-Image-2024-04-11-at-12.09.34-PM-1.jpeg?resize=525%2C300&ssl=1 1.5x, https:\/\/i0.wp.com\/lasprimeras.com.do\/wp-content\/uploads\/2024\/04\/WhatsApp-Image-2024-04-11-at-12.09.34-PM-1.jpeg?resize=700%2C400&ssl=1 2x, https:\/\/i0.wp.com\/lasprimeras.com.do\/wp-content\/uploads\/2024\/04\/WhatsApp-Image-2024-04-11-at-12.09.34-PM-1.jpeg?resize=1050%2C600&ssl=1 3x"},"classes":[]}],"jetpack_sharing_enabled":true,"_links":{"self":[{"href":"https:\/\/lasprimeras.com.do\/index.php\/wp-json\/wp\/v2\/posts\/103185","targetHints":{"allow":["GET"]}}],"collection":[{"href":"https:\/\/lasprimeras.com.do\/index.php\/wp-json\/wp\/v2\/posts"}],"about":[{"href":"https:\/\/lasprimeras.com.do\/index.php\/wp-json\/wp\/v2\/types\/post"}],"author":[{"embeddable":true,"href":"https:\/\/lasprimeras.com.do\/index.php\/wp-json\/wp\/v2\/users\/10"}],"replies":[{"embeddable":true,"href":"https:\/\/lasprimeras.com.do\/index.php\/wp-json\/wp\/v2\/comments?post=103185"}],"version-history":[{"count":1,"href":"https:\/\/lasprimeras.com.do\/index.php\/wp-json\/wp\/v2\/posts\/103185\/revisions"}],"predecessor-version":[{"id":103187,"href":"https:\/\/lasprimeras.com.do\/index.php\/wp-json\/wp\/v2\/posts\/103185\/revisions\/103187"}],"wp:featuredmedia":[{"embeddable":true,"href":"https:\/\/lasprimeras.com.do\/index.php\/wp-json\/wp\/v2\/media\/103186"}],"wp:attachment":[{"href":"https:\/\/lasprimeras.com.do\/index.php\/wp-json\/wp\/v2\/media?parent=103185"}],"wp:term":[{"taxonomy":"category","embeddable":true,"href":"https:\/\/lasprimeras.com.do\/index.php\/wp-json\/wp\/v2\/categories?post=103185"},{"taxonomy":"post_tag","embeddable":true,"href":"https:\/\/lasprimeras.com.do\/index.php\/wp-json\/wp\/v2\/tags?post=103185"}],"curies":[{"name":"wp","href":"https:\/\/api.w.org\/{rel}","templated":true}]}}