{"id":103188,"date":"2025-07-13T15:29:08","date_gmt":"2025-07-13T19:29:08","guid":{"rendered":"https:\/\/lasprimeras.com.do\/?p=103188"},"modified":"2025-07-13T15:29:10","modified_gmt":"2025-07-13T19:29:10","slug":"uit-ayuda-para-que-haiti-corrija-interferencias-de-emisoras-en-frontera","status":"publish","type":"post","link":"https:\/\/lasprimeras.com.do\/index.php\/2025\/07\/13\/uit-ayuda-para-que-haiti-corrija-interferencias-de-emisoras-en-frontera\/","title":{"rendered":"UIT ayuda para que Hait\u00ed corrija interferencias de emisoras en frontera"},"content":{"rendered":"\n<p><strong>INDOTEL propuso que la cooperaci\u00f3n internacional se canalice hacia Hait\u00ed, para dotar a ese pa\u00eds de equipos que eviten afectaciones en las telecomunicaciones dominicanas<\/strong><\/p>\n\n\n\n<p>Ginebra, Suiza. \u2013 La Uni\u00f3n Internacional de Telecomunicaciones (UIT) atender\u00e1 la situaci\u00f3n de las interferencias en la frontera de Rep\u00fablica Dominicana con Hait\u00ed, con apoyo t\u00e9cnico y financiero al vecino pa\u00eds, tras una solicitud realizada por el Instituto Dominicano de las Telecomunicaciones (INDOTEL), con el prop\u00f3sito de corregir las interferencias radioel\u00e9ctricas que afectan las emisoras en la zona lim\u00edtrofe y garantizar la soberan\u00eda del espectro radioel\u00e9ctrico en territorio dominicano.<\/p>\n\n\n\n<p>La propuesta fue presentada por el presidente del Consejo Directivo del INDOTEL, Guido G\u00f3mez Mazara, durante una reuni\u00f3n oficial realizada en la sede de la UIT, en Ginebra, Suiza, con el director de la oficina de desarrollo de ese organismo internacional, Cosmas Zavazava y con Diana Sumimura de la oficina de radiocomunicaciones, a quienes plante\u00f3 la necesidad de que se canalicen recursos t\u00e9cnicos y econ\u00f3micos que permitan a Hait\u00ed modernizar su infraestructura de fiscalizaci\u00f3n del espectro radioel\u00e9ctrico para evitar que sus estaciones de radiodifusi\u00f3n interfieran en el espectro dominicano.<\/p>\n\n\n\n<p>El funcionario dominicano indic\u00f3 que la Hait\u00ed enfrenta limitaciones estructurales, por lo que esta propuesta busca una soluci\u00f3n basada en la cooperaci\u00f3n solidaria, sin comprometer la soberan\u00eda de ninguno de los dos pa\u00edses.<\/p>\n\n\n\n<p>\u201cEl tema de las interferencias transfronterizas requiere soluciones conjuntas. Solicitamos a la UIT que, como aliado hist\u00f3rico de nuestro pa\u00eds, canalice su apoyo hacia Hait\u00ed, para que pueda contar con los recursos t\u00e9cnicos que necesita y as\u00ed garantizar una frontera libre de interferencias\u201d, expres\u00f3 G\u00f3mez Mazara.<\/p>\n\n\n\n<p>El titular de INDOTEL destac\u00f3 que esta iniciativa responde al compromiso institucional con la equidad tecnol\u00f3gica, el respeto al entorno regional y el fortalecimiento de la conectividad en las zonas m\u00e1s vulnerables del territorio nacional. Subray\u00f3 que el planteamiento hecho ante la UIT no busca financiamiento para Rep\u00fablica Dominicana, sino que se enmarca en una visi\u00f3n de corresponsabilidad y desarrollo conjunto.<\/p>\n\n\n\n<p>Cosmas Zavazava, en representaci\u00f3n de la UIT, valor\u00f3 positivamente el enfoque solidario de la propuesta y confirm\u00f3 el compromiso del organismo internacional de apoyar esta gesti\u00f3n, facilitando los fondos y recursos t\u00e9cnicos necesarios para que Hait\u00ed pueda implementar las soluciones requeridas.<\/p>\n\n\n\n<p><strong>Soberan\u00eda 4.0<\/strong><\/p>\n\n\n\n<p>Soberan\u00eda 4.0 impulsa el fortalecimiento de capacidades t\u00e9cnicas, la modernizaci\u00f3n de los sistemas de monitoreo y la articulaci\u00f3n con organismos internacionales para preservar la integridad del espacio radioel\u00e9ctrico nacional.<\/p>\n\n\n\n<p>Con este enfoque, INDOTEL act\u00faa para garantizar comunicaciones estables, proteger el inter\u00e9s p\u00fablico y avanzar hacia una gesti\u00f3n m\u00e1s soberana, moderna y coordinada del espectro.<\/p>\n","protected":false},"excerpt":{"rendered":"<p>INDOTEL propuso que la cooperaci\u00f3n internacional se canalice hacia Hait\u00ed, para dotar a ese pa\u00eds de equipos que eviten afectaciones en las telecomunicaciones dominicanas Ginebra, Suiza. \u2013 La Uni\u00f3n Internacional&hellip;<\/p>\n","protected":false},"author":10,"featured_media":103189,"comment_status":"open","ping_status":"open","sticky":false,"template":"","format":"standard","meta":{"content-type":"","jetpack_post_was_ever_published":false,"_jetpack_newsletter_access":"","_jetpack_dont_email_post_to_subs":false,"_jetpack_newsletter_tier_id":0,"_jetpack_memberships_contains_paywalled_content":false,"_jetpack_memberships_contains_paid_content":false,"footnotes":""},"categories":[16289,25],"tags":[74,217,14991,21566,1226,21344,9978],"class_list":["post-103188","post","type-post","status-publish","format-standard","has-post-thumbnail","hentry","category-internacionales","category-portada","tag-frontera","tag-haiti","tag-indotel","tag-interferencias-de-emisoras","tag-republica-dominicana","tag-telecomunicaciones","tag-uit"],"jetpack_featured_media_url":"https:\/\/lasprimeras.com.do\/wp-content\/uploads\/2025\/07\/indotel.jpg","jetpack-related-posts":[{"id":99278,"url":"https:\/\/lasprimeras.com.do\/index.php\/2025\/05\/19\/indotel-contrarrestara-interferencias-de-emisoras-haitianas-en-la-frontera\/","url_meta":{"origin":103188,"position":0},"title":"Indotel contrarrestara interferencias de emisoras haitianas en la frontera","author":"Nelson Feliz","date":"19 de mayo de 2025","format":false,"excerpt":"El Indotel realiz\u00f3 un estudio t\u00e9cnico que identific\u00f3 niveles cr\u00edticos de interferencia en distintas localidades del norte y el sur del pa\u00eds. El presidente del Instituto Dominicano de las Telecomunicaciones (Indotel), Guido G\u00f3mez Mazara, anunci\u00f3 este lunes el lanzamiento de una red de emisoras culturales y educativas que operar\u00e1n en\u2026","rel":"","context":"En \u00abNACIONALES\u00bb","block_context":{"text":"NACIONALES","link":"https:\/\/lasprimeras.com.do\/index.php\/category\/nacionales\/"},"img":{"alt_text":"","src":"https:\/\/i0.wp.com\/lasprimeras.com.do\/wp-content\/uploads\/2024\/10\/indotel-1.jpg?resize=350%2C200&ssl=1","width":350,"height":200,"srcset":"https:\/\/i0.wp.com\/lasprimeras.com.do\/wp-content\/uploads\/2024\/10\/indotel-1.jpg?resize=350%2C200&ssl=1 1x, https:\/\/i0.wp.com\/lasprimeras.com.do\/wp-content\/uploads\/2024\/10\/indotel-1.jpg?resize=525%2C300&ssl=1 1.5x, https:\/\/i0.wp.com\/lasprimeras.com.do\/wp-content\/uploads\/2024\/10\/indotel-1.jpg?resize=700%2C400&ssl=1 2x"},"classes":[]},{"id":99720,"url":"https:\/\/lasprimeras.com.do\/index.php\/2025\/05\/26\/indotel-licitara-frecuencia-emisoras-de-am-apagadas\/","url_meta":{"origin":103188,"position":1},"title":"INDOTEL licitara frecuencia emisoras de AM apagadas","author":"Nelson Feliz","date":"26 de mayo de 2025","format":false,"excerpt":"El Instituto Dominicano de las Telecomunicaciones (INDOTEL), iniciar\u00e1 un proceso de licitaci\u00f3n de las frecuencia de emisoras de Amplitud Moduladas(AM), que se encuentran apagadas en todo el pa\u00eds. La administraci\u00f3n del Indotel, encabezada por el presidente del Consejo Directivo, doctor Guido G\u00f3mez Mazara, se ha enfocado en la reorganizaci\u00f3n del\u2026","rel":"","context":"En \u00abNACIONALES\u00bb","block_context":{"text":"NACIONALES","link":"https:\/\/lasprimeras.com.do\/index.php\/category\/nacionales\/"},"img":{"alt_text":"","src":"https:\/\/i0.wp.com\/lasprimeras.com.do\/wp-content\/uploads\/2024\/10\/indotel-1.jpg?resize=350%2C200&ssl=1","width":350,"height":200,"srcset":"https:\/\/i0.wp.com\/lasprimeras.com.do\/wp-content\/uploads\/2024\/10\/indotel-1.jpg?resize=350%2C200&ssl=1 1x, https:\/\/i0.wp.com\/lasprimeras.com.do\/wp-content\/uploads\/2024\/10\/indotel-1.jpg?resize=525%2C300&ssl=1 1.5x, https:\/\/i0.wp.com\/lasprimeras.com.do\/wp-content\/uploads\/2024\/10\/indotel-1.jpg?resize=700%2C400&ssl=1 2x"},"classes":[]},{"id":96040,"url":"https:\/\/lasprimeras.com.do\/index.php\/2025\/03\/24\/indotel-clausura-tres-emisoras-de-radio-y-seis-negocios-de-reventa-de-internet-operaban-ilegalmente\/","url_meta":{"origin":103188,"position":2},"title":"INDOTEL clausura tres emisoras de radio y seis negocios de reventa de internet operaban ilegalmente","author":"Nelson Feliz","date":"24 de marzo de 2025","format":false,"excerpt":"La instituci\u00f3n refuerza su lucha contra la operaci\u00f3n ilegal en el espectro radioel\u00e9ctrico y la prestaci\u00f3n de servicios sin autorizaci\u00f3n El Instituto Dominicano de las Telecomunicaciones (INDOTEL) clausur\u00f3 tres emisoras de radio y seis negocios revendedores de servicios de internet que operaban ilegalmente en diferentes partes del pa\u00eds, incumpliendo la\u2026","rel":"","context":"En \u00abNACIONALES\u00bb","block_context":{"text":"NACIONALES","link":"https:\/\/lasprimeras.com.do\/index.php\/category\/nacionales\/"},"img":{"alt_text":"","src":"https:\/\/i0.wp.com\/lasprimeras.com.do\/wp-content\/uploads\/2024\/10\/indotel-1.jpg?resize=350%2C200&ssl=1","width":350,"height":200,"srcset":"https:\/\/i0.wp.com\/lasprimeras.com.do\/wp-content\/uploads\/2024\/10\/indotel-1.jpg?resize=350%2C200&ssl=1 1x, https:\/\/i0.wp.com\/lasprimeras.com.do\/wp-content\/uploads\/2024\/10\/indotel-1.jpg?resize=525%2C300&ssl=1 1.5x, https:\/\/i0.wp.com\/lasprimeras.com.do\/wp-content\/uploads\/2024\/10\/indotel-1.jpg?resize=700%2C400&ssl=1 2x"},"classes":[]},{"id":102756,"url":"https:\/\/lasprimeras.com.do\/index.php\/2025\/07\/08\/rd-firma-acuerdo-con-la-uit-transformara-dos-provincias-en-ciudades-inteligentes\/","url_meta":{"origin":103188,"position":3},"title":"RD firma acuerdo con la UIT transformar\u00e1 dos provincias en ciudades inteligentes","author":"Nelson Feliz","date":"8 de julio de 2025","format":false,"excerpt":"San Pedro de Macor\u00eds y Monse\u00f1or Nouel ser\u00e1n las primeras provincias en implementar el programa de transformaci\u00f3n digital. Ginebra, Suiza.\u2013 Rep\u00fablica Dominicana, a trav\u00e9s del Instituto Dominicano de las Telecomunicaciones (INDOTEL), firm\u00f3 un acuerdo de cooperaci\u00f3n con la Uni\u00f3n Internacional de Telecomunicaciones (UIT) que busca evaluar y fortalecer las capacidades\u2026","rel":"","context":"En \u00abINTERNACIONALES\u00bb","block_context":{"text":"INTERNACIONALES","link":"https:\/\/lasprimeras.com.do\/index.php\/category\/sin-categoria\/internacionales\/"},"img":{"alt_text":"Doreen Bogdan Martin, secretaria general de la UIT, y Guido G\u00f3mez Mazara, presidente del INDOTEL.","src":"https:\/\/i0.wp.com\/lasprimeras.com.do\/wp-content\/uploads\/2025\/07\/Doreen-Bogdan-Martin-secretaria-general-de-la-UIT-y-Guido-Gomez-Mazara-presidente-del-INDOTEL.jpg?resize=350%2C200&ssl=1","width":350,"height":200,"srcset":"https:\/\/i0.wp.com\/lasprimeras.com.do\/wp-content\/uploads\/2025\/07\/Doreen-Bogdan-Martin-secretaria-general-de-la-UIT-y-Guido-Gomez-Mazara-presidente-del-INDOTEL.jpg?resize=350%2C200&ssl=1 1x, https:\/\/i0.wp.com\/lasprimeras.com.do\/wp-content\/uploads\/2025\/07\/Doreen-Bogdan-Martin-secretaria-general-de-la-UIT-y-Guido-Gomez-Mazara-presidente-del-INDOTEL.jpg?resize=525%2C300&ssl=1 1.5x, https:\/\/i0.wp.com\/lasprimeras.com.do\/wp-content\/uploads\/2025\/07\/Doreen-Bogdan-Martin-secretaria-general-de-la-UIT-y-Guido-Gomez-Mazara-presidente-del-INDOTEL.jpg?resize=700%2C400&ssl=1 2x"},"classes":[]},{"id":109405,"url":"https:\/\/lasprimeras.com.do\/index.php\/2025\/09\/21\/la-frontera-espacial-de-la-republica-dominicana-desafios-y-oportunidades\/","url_meta":{"origin":103188,"position":4},"title":"La frontera espacial de la Rep\u00fablica Dominicana: desaf\u00edos y oportunidades","author":"Nelson Feliz","date":"21 de septiembre de 2025","format":false,"excerpt":"Por Justo Del Orbe La Rep\u00fablica Dominicana, Estado caribe\u00f1o con un acelerado desarrollo en materia de telecomunicaciones y tecnolog\u00eda, enfrenta hoy un debate estrat\u00e9gico poco explorado: su frontera espacial. En una era marcada por la revoluci\u00f3n digital, la inteligencia artificial y la conectividad global, el espacio ultraterrestre ha dejado de\u2026","rel":"","context":"En \u00abOPINI\u00d3N\u00bb","block_context":{"text":"OPINI\u00d3N","link":"https:\/\/lasprimeras.com.do\/index.php\/category\/opinion\/"},"img":{"alt_text":"","src":"https:\/\/i0.wp.com\/lasprimeras.com.do\/wp-content\/uploads\/2025\/09\/Justo-Del-Orbe.jpg?resize=350%2C200&ssl=1","width":350,"height":200,"srcset":"https:\/\/i0.wp.com\/lasprimeras.com.do\/wp-content\/uploads\/2025\/09\/Justo-Del-Orbe.jpg?resize=350%2C200&ssl=1 1x, https:\/\/i0.wp.com\/lasprimeras.com.do\/wp-content\/uploads\/2025\/09\/Justo-Del-Orbe.jpg?resize=525%2C300&ssl=1 1.5x, https:\/\/i0.wp.com\/lasprimeras.com.do\/wp-content\/uploads\/2025\/09\/Justo-Del-Orbe.jpg?resize=700%2C400&ssl=1 2x"},"classes":[]},{"id":99155,"url":"https:\/\/lasprimeras.com.do\/index.php\/2025\/05\/18\/indotel-garantiza-conexion-a-internet-de-todos-los-dominicanos\/","url_meta":{"origin":103188,"position":5},"title":"INDOTEL garantiza conexi\u00f3n a internet de todos los dominicanos","author":"Nelson Feliz","date":"18 de mayo de 2025","format":false,"excerpt":"El presidente del Consejo Directivo del Instituto Dominicano de las Telecomunicaciones (INDOTEL), Guido G\u00f3mez Mazara, indic\u00f3 que reducir la brecha digital para garantizar que todos los dominicanos tengan acceso a las herramientas digitales es el compromiso de la actual gesti\u00f3n, durante la celebraci\u00f3n de una jornada institucional orientada a compartir\u2026","rel":"","context":"En \u00abNACIONALES\u00bb","block_context":{"text":"NACIONALES","link":"https:\/\/lasprimeras.com.do\/index.php\/category\/nacionales\/"},"img":{"alt_text":"","src":"https:\/\/i0.wp.com\/lasprimeras.com.do\/wp-content\/uploads\/2025\/05\/Guido-Gomez-Mazara-en-Eucaristia-por-Dia-Mundial-de-las-Telecomunicaciones.jpg?resize=350%2C200&ssl=1","width":350,"height":200,"srcset":"https:\/\/i0.wp.com\/lasprimeras.com.do\/wp-content\/uploads\/2025\/05\/Guido-Gomez-Mazara-en-Eucaristia-por-Dia-Mundial-de-las-Telecomunicaciones.jpg?resize=350%2C200&ssl=1 1x, https:\/\/i0.wp.com\/lasprimeras.com.do\/wp-content\/uploads\/2025\/05\/Guido-Gomez-Mazara-en-Eucaristia-por-Dia-Mundial-de-las-Telecomunicaciones.jpg?resize=525%2C300&ssl=1 1.5x"},"classes":[]}],"jetpack_sharing_enabled":true,"_links":{"self":[{"href":"https:\/\/lasprimeras.com.do\/index.php\/wp-json\/wp\/v2\/posts\/103188","targetHints":{"allow":["GET"]}}],"collection":[{"href":"https:\/\/lasprimeras.com.do\/index.php\/wp-json\/wp\/v2\/posts"}],"about":[{"href":"https:\/\/lasprimeras.com.do\/index.php\/wp-json\/wp\/v2\/types\/post"}],"author":[{"embeddable":true,"href":"https:\/\/lasprimeras.com.do\/index.php\/wp-json\/wp\/v2\/users\/10"}],"replies":[{"embeddable":true,"href":"https:\/\/lasprimeras.com.do\/index.php\/wp-json\/wp\/v2\/comments?post=103188"}],"version-history":[{"count":1,"href":"https:\/\/lasprimeras.com.do\/index.php\/wp-json\/wp\/v2\/posts\/103188\/revisions"}],"predecessor-version":[{"id":103190,"href":"https:\/\/lasprimeras.com.do\/index.php\/wp-json\/wp\/v2\/posts\/103188\/revisions\/103190"}],"wp:featuredmedia":[{"embeddable":true,"href":"https:\/\/lasprimeras.com.do\/index.php\/wp-json\/wp\/v2\/media\/103189"}],"wp:attachment":[{"href":"https:\/\/lasprimeras.com.do\/index.php\/wp-json\/wp\/v2\/media?parent=103188"}],"wp:term":[{"taxonomy":"category","embeddable":true,"href":"https:\/\/lasprimeras.com.do\/index.php\/wp-json\/wp\/v2\/categories?post=103188"},{"taxonomy":"post_tag","embeddable":true,"href":"https:\/\/lasprimeras.com.do\/index.php\/wp-json\/wp\/v2\/tags?post=103188"}],"curies":[{"name":"wp","href":"https:\/\/api.w.org\/{rel}","templated":true}]}}