{"id":103204,"date":"2025-07-13T16:09:24","date_gmt":"2025-07-13T20:09:24","guid":{"rendered":"https:\/\/lasprimeras.com.do\/?p=103204"},"modified":"2025-07-13T16:09:26","modified_gmt":"2025-07-13T20:09:26","slug":"zoraima-cuello-el-jardin-botanico-es-parte-del-progreso-que-debemos-defender-por-nuestra-calidad-de-vida","status":"publish","type":"post","link":"https:\/\/lasprimeras.com.do\/index.php\/2025\/07\/13\/zoraima-cuello-el-jardin-botanico-es-parte-del-progreso-que-debemos-defender-por-nuestra-calidad-de-vida\/","title":{"rendered":"Zoraima Cuello \u201cEl jard\u00edn Bot\u00e1nico es parte del progreso que debemos defender por nuestra calidad de vida\u201d"},"content":{"rendered":"\n<p>La vice presidenta del Partido de la Liberaci\u00f3n Dominicana (PLD), Zoraima Cuello, se manifest\u00f3 opuesta a la reducci\u00f3n de \u00e1reas fundamentales del Jard\u00edn Bot\u00e1nico para, como se ha dicho, ampliar la avenida Rep\u00fablica de Colombia en procura de una soluci\u00f3n vial.<\/p>\n\n\n\n<p>\u201cA\u00fan no se ha presentado p\u00fablicamente un plan maestro que indique qu\u00e9 se har\u00eda con los espacios a eliminar, c\u00f3mo se compensar\u00eda su p\u00e9rdida ecol\u00f3gica, o qu\u00e9 estudios de impacto ambiental respaldan la decisi\u00f3n. Este silencio oficial contradice principios de planificaci\u00f3n urbana moderna, donde la transparencia, la participaci\u00f3n ciudadana y la sostenibilidad ambiental deben guiar toda intervenci\u00f3n p\u00fablica\u201d, explica Cuello en un art\u00edculo publicado en Acento y Vanguardia del Pueblo.<\/p>\n\n\n\n<p>Argumenta que la mutilaci\u00f3n del Jard\u00edn Bot\u00e1nico, no solo compromete la biodiversidad urbana, tambi\u00e9n se pone en riesgo la regulaci\u00f3n t\u00e9rmica y mitigaci\u00f3n de la isla de calor que protege a Santo Domingo del colapso clim\u00e1tico, el espacio educativo y de investigaci\u00f3n cient\u00edfica, que representa el parque, entre otros aspectos.<\/p>\n\n\n\n<p>Sobre el recorte del \u00e1rea del Jard\u00edn Bot\u00e1nico, lleva a la acad\u00e9mica y dirigentes del PLD a formular una serie de interrogantes: \u00bfPerder espacios verdes a cambio de m\u00e1s asfalto y ruido? \u00bfSacrificar un lugar que nos da aire puro, sombra, belleza y conocimiento, para mover m\u00e1s r\u00e1pido los carros? \u00bfQu\u00e9 ciudad le queremos dejar a nuestros hijos: una de concreto o una que respire y eduque?<\/p>\n\n\n\n<p>Zoraima Cuello considera que la Rep\u00fablica Dominicana necesita soluciones viales, pero no a costa de sus pulmones verdes.<\/p>\n\n\n\n<p>\u201cEn un contexto global de crisis clim\u00e1tica, donde los pa\u00edses avanzados luchan por restaurar \u00e1reas verdes y proteger la biodiversidad, no podemos darnos el lujo de desmontar uno de los patrimonios naturales m\u00e1s valiosos por un pu\u00f1ado de metros de asfalto. El Jard\u00edn Bot\u00e1nico no es un obst\u00e1culo al progreso. Es parte del progreso que debemos defender por nuestra calidad de vida&#8221;, concluye.<\/p>\n","protected":false},"excerpt":{"rendered":"<p>La vice presidenta del Partido de la Liberaci\u00f3n Dominicana (PLD), Zoraima Cuello, se manifest\u00f3 opuesta a la reducci\u00f3n de \u00e1reas fundamentales del Jard\u00edn Bot\u00e1nico para, como se ha dicho, ampliar&hellip;<\/p>\n","protected":false},"author":10,"featured_media":103205,"comment_status":"open","ping_status":"open","sticky":false,"template":"","format":"standard","meta":{"content-type":"","jetpack_post_was_ever_published":false,"_jetpack_newsletter_access":"","_jetpack_dont_email_post_to_subs":false,"_jetpack_newsletter_tier_id":0,"_jetpack_memberships_contains_paywalled_content":false,"_jetpack_memberships_contains_paid_content":false,"footnotes":""},"categories":[16559,25],"tags":[21582,21581,20904,269,4126,12713],"class_list":["post-103204","post","type-post","status-publish","format-standard","has-post-thumbnail","hentry","category-politica","category-portada","tag-avenida-republica-de-colombia","tag-calidad-de-vida","tag-jardin-botanico","tag-pld","tag-progreso","tag-zoraima-cuello"],"jetpack_featured_media_url":"https:\/\/lasprimeras.com.do\/wp-content\/uploads\/2025\/07\/Zoraima-Cuello.jpg","jetpack-related-posts":[{"id":101793,"url":"https:\/\/lasprimeras.com.do\/index.php\/2025\/06\/26\/ramon-pepin-se-opone-a-que-se-mutile-el-jardin-botanico\/","url_meta":{"origin":103204,"position":0},"title":"Ram\u00f3n Pep\u00edn se opone a que se mutile el Jard\u00edn Bot\u00e1nico","author":"Nelson Feliz","date":"26 de junio de 2025","format":false,"excerpt":"\u201cRecortar el per\u00edmetro del Jard\u00edn Bot\u00e1nico generar\u00eda un da\u00f1o ecol\u00f3gico\u201d El secretario de Obras P\u00fablicas del Partido de la Liberaci\u00f3n Dominicana (PLD), Ram\u00f3n Pep\u00edn, expres\u00f3 su desacuerdo con reducir el per\u00edmetro del Jard\u00edn Bot\u00e1nico Nacional Rafael Moscoso Puello para ampliar la avenida Rep\u00fablica de Colombia. El ex ministro de Obras\u2026","rel":"","context":"En \u00abNACIONALES\u00bb","block_context":{"text":"NACIONALES","link":"https:\/\/lasprimeras.com.do\/index.php\/category\/nacionales\/"},"img":{"alt_text":"Ram\u00f3n Pep\u00edn","src":"https:\/\/i0.wp.com\/lasprimeras.com.do\/wp-content\/uploads\/2025\/06\/Ramon-Pepin.jpg?resize=350%2C200&ssl=1","width":350,"height":200,"srcset":"https:\/\/i0.wp.com\/lasprimeras.com.do\/wp-content\/uploads\/2025\/06\/Ramon-Pepin.jpg?resize=350%2C200&ssl=1 1x, https:\/\/i0.wp.com\/lasprimeras.com.do\/wp-content\/uploads\/2025\/06\/Ramon-Pepin.jpg?resize=525%2C300&ssl=1 1.5x, https:\/\/i0.wp.com\/lasprimeras.com.do\/wp-content\/uploads\/2025\/06\/Ramon-Pepin.jpg?resize=700%2C400&ssl=1 2x"},"classes":[]},{"id":120064,"url":"https:\/\/lasprimeras.com.do\/index.php\/2026\/01\/20\/zoraima-cuello-un-presupuesto-abultado-con-pobres-resultados-en-la-gestion-publica\/","url_meta":{"origin":103204,"position":1},"title":"Zoraima Cuello: Un presupuesto abultado con pobres resultados en la gesti\u00f3n p\u00fablica","author":"Nelson Feliz","date":"20 de enero de 2026","format":false,"excerpt":"Zoraima Cuello","rel":"","context":"En \u00abPOLITICA\u00bb","block_context":{"text":"POLITICA","link":"https:\/\/lasprimeras.com.do\/index.php\/category\/politica\/"},"img":{"alt_text":"Zoraima Cuello","src":"https:\/\/i0.wp.com\/lasprimeras.com.do\/wp-content\/uploads\/2025\/08\/Zoraima-Cuello.jpg?resize=350%2C200&ssl=1","width":350,"height":200,"srcset":"https:\/\/i0.wp.com\/lasprimeras.com.do\/wp-content\/uploads\/2025\/08\/Zoraima-Cuello.jpg?resize=350%2C200&ssl=1 1x, https:\/\/i0.wp.com\/lasprimeras.com.do\/wp-content\/uploads\/2025\/08\/Zoraima-Cuello.jpg?resize=525%2C300&ssl=1 1.5x, https:\/\/i0.wp.com\/lasprimeras.com.do\/wp-content\/uploads\/2025\/08\/Zoraima-Cuello.jpg?resize=700%2C400&ssl=1 2x"},"classes":[]},{"id":103182,"url":"https:\/\/lasprimeras.com.do\/index.php\/2025\/07\/13\/ricardo-garcia-rechaza-sea-mutilado-el-jardin-botanico-para-ampliar-la-avenida-colombia\/","url_meta":{"origin":103204,"position":2},"title":"Ricardo Garc\u00eda rechaza sea mutilado el Jard\u00edn Bot\u00e1nico para ampliar la avenida Colombia","author":"Nelson Feliz","date":"13 de julio de 2025","format":false,"excerpt":"Por Joselito Pe\u00f1a El bi\u00f3logo y ex director del Jard\u00edn Bot\u00e1nico Nacional Ricardo Garc\u00eda, rechazo hoy que se afecte en parte alguna este pulm\u00f3n vegetal para la ampliaci\u00f3n de la avenida Colombia, ya que esto violar\u00eda la parte jur\u00eddica del parque, amparado en la ley 456 que lo crea, la\u2026","rel":"","context":"En \u00abNACIONALES\u00bb","block_context":{"text":"NACIONALES","link":"https:\/\/lasprimeras.com.do\/index.php\/category\/nacionales\/"},"img":{"alt_text":"","src":"https:\/\/i0.wp.com\/lasprimeras.com.do\/wp-content\/uploads\/2025\/07\/botanico.jpg?resize=350%2C200&ssl=1","width":350,"height":200,"srcset":"https:\/\/i0.wp.com\/lasprimeras.com.do\/wp-content\/uploads\/2025\/07\/botanico.jpg?resize=350%2C200&ssl=1 1x, https:\/\/i0.wp.com\/lasprimeras.com.do\/wp-content\/uploads\/2025\/07\/botanico.jpg?resize=525%2C300&ssl=1 1.5x, https:\/\/i0.wp.com\/lasprimeras.com.do\/wp-content\/uploads\/2025\/07\/botanico.jpg?resize=700%2C400&ssl=1 2x"},"classes":[]},{"id":123961,"url":"https:\/\/lasprimeras.com.do\/index.php\/2026\/03\/06\/zoraima-cuello-es-meritorio-el-aporte-de-la-diaspora-con-las-remesas\/","url_meta":{"origin":103204,"position":3},"title":"Zoraima Cuello: Es meritorio el aporte de la di\u00e1spora con las remesas","author":"Nelson Feliz","date":"6 de marzo de 2026","format":false,"excerpt":"\u201cHacer sostenible e irreversible la reducci\u00f3n de la pobreza es un verdadero desaf\u00edo nacional\u201d La vicepresidenta del Partido de la Liberaci\u00f3n Dominicana (PLD), Zoraima Cuello, aclar\u00f3 este d\u00eda que el desaf\u00edo esencial del Estado en sus metas de reducir la pobreza \u201ces fortalecer las bases internas del progreso para que\u2026","rel":"","context":"En \u00abPOLITICA\u00bb","block_context":{"text":"POLITICA","link":"https:\/\/lasprimeras.com.do\/index.php\/category\/politica\/"},"img":{"alt_text":"Zoraima Cuello","src":"https:\/\/i0.wp.com\/lasprimeras.com.do\/wp-content\/uploads\/2026\/03\/Zoraima-Cuello.jpg?resize=350%2C200&ssl=1","width":350,"height":200,"srcset":"https:\/\/i0.wp.com\/lasprimeras.com.do\/wp-content\/uploads\/2026\/03\/Zoraima-Cuello.jpg?resize=350%2C200&ssl=1 1x, https:\/\/i0.wp.com\/lasprimeras.com.do\/wp-content\/uploads\/2026\/03\/Zoraima-Cuello.jpg?resize=525%2C300&ssl=1 1.5x, https:\/\/i0.wp.com\/lasprimeras.com.do\/wp-content\/uploads\/2026\/03\/Zoraima-Cuello.jpg?resize=700%2C400&ssl=1 2x"},"classes":[]},{"id":104344,"url":"https:\/\/lasprimeras.com.do\/index.php\/2025\/07\/23\/zoraima-cuello-juan-bosch-vive-en-la-alcaldia-de-santiago-video\/","url_meta":{"origin":103204,"position":4},"title":"Zoraima Cuello: &#8220;Juan Bosch vive en la Alcald\u00eda de Santiago&#8221; | Video","author":"Nelson Feliz","date":"23 de julio de 2025","format":false,"excerpt":"Bloque de Regidores del PLD en Santiago, socializa con la direcci\u00f3n partidaria, temas claves para la gesti\u00f3n municipal y el fortalecimiento del Partido. La vicepresidenta del Partido de la Liberaci\u00f3n Dominicana (PLD), Zoraima Cuello, elogi\u00f3 el gesto del Bloque de Regidores de esa organizaci\u00f3n en el ayuntamiento de Santiago de\u2026","rel":"","context":"En \u00abPOLITICA\u00bb","block_context":{"text":"POLITICA","link":"https:\/\/lasprimeras.com.do\/index.php\/category\/politica\/"},"img":{"alt_text":"","src":"https:\/\/i0.wp.com\/lasprimeras.com.do\/wp-content\/uploads\/2025\/07\/pld-3.jpg?resize=350%2C200&ssl=1","width":350,"height":200,"srcset":"https:\/\/i0.wp.com\/lasprimeras.com.do\/wp-content\/uploads\/2025\/07\/pld-3.jpg?resize=350%2C200&ssl=1 1x, https:\/\/i0.wp.com\/lasprimeras.com.do\/wp-content\/uploads\/2025\/07\/pld-3.jpg?resize=525%2C300&ssl=1 1.5x, https:\/\/i0.wp.com\/lasprimeras.com.do\/wp-content\/uploads\/2025\/07\/pld-3.jpg?resize=700%2C400&ssl=1 2x"},"classes":[]},{"id":82598,"url":"https:\/\/lasprimeras.com.do\/index.php\/2024\/05\/05\/zoraima-cuello-acompana-mujeres-de-la-vega-en-su-reclamo-por-el-alto-costo-de-la-vida\/","url_meta":{"origin":103204,"position":5},"title":"Zoraima Cuello acompa\u00f1a mujeres de La Vega en su reclamo por el alto costo de la vida","author":"Esteffany Vargas","date":"5 de mayo de 2024","format":false,"excerpt":"La candidata a la vicepresidencia de la Rep\u00fablica por el Partido de la Liberaci\u00f3n Dominicana (PLD), Zoraima Cuello, march\u00f3 junto a cientos de mujeres en La Vega, uni\u00e9ndose al llamado de la comunidad por el alto costo de la canasta b\u00e1sica familiar, la inseguridad ciudadana, el desempleo, entre otros problemas\u2026","rel":"","context":"En \u00abPORTADA\u00bb","block_context":{"text":"PORTADA","link":"https:\/\/lasprimeras.com.do\/index.php\/category\/portada\/"},"img":{"alt_text":"Zoraima Cuello","src":"https:\/\/i0.wp.com\/lasprimeras.com.do\/wp-content\/uploads\/2024\/05\/Zoraima-Cuello-2.jpg?resize=350%2C200&ssl=1","width":350,"height":200,"srcset":"https:\/\/i0.wp.com\/lasprimeras.com.do\/wp-content\/uploads\/2024\/05\/Zoraima-Cuello-2.jpg?resize=350%2C200&ssl=1 1x, https:\/\/i0.wp.com\/lasprimeras.com.do\/wp-content\/uploads\/2024\/05\/Zoraima-Cuello-2.jpg?resize=525%2C300&ssl=1 1.5x, https:\/\/i0.wp.com\/lasprimeras.com.do\/wp-content\/uploads\/2024\/05\/Zoraima-Cuello-2.jpg?resize=700%2C400&ssl=1 2x"},"classes":[]}],"jetpack_sharing_enabled":true,"_links":{"self":[{"href":"https:\/\/lasprimeras.com.do\/index.php\/wp-json\/wp\/v2\/posts\/103204","targetHints":{"allow":["GET"]}}],"collection":[{"href":"https:\/\/lasprimeras.com.do\/index.php\/wp-json\/wp\/v2\/posts"}],"about":[{"href":"https:\/\/lasprimeras.com.do\/index.php\/wp-json\/wp\/v2\/types\/post"}],"author":[{"embeddable":true,"href":"https:\/\/lasprimeras.com.do\/index.php\/wp-json\/wp\/v2\/users\/10"}],"replies":[{"embeddable":true,"href":"https:\/\/lasprimeras.com.do\/index.php\/wp-json\/wp\/v2\/comments?post=103204"}],"version-history":[{"count":1,"href":"https:\/\/lasprimeras.com.do\/index.php\/wp-json\/wp\/v2\/posts\/103204\/revisions"}],"predecessor-version":[{"id":103206,"href":"https:\/\/lasprimeras.com.do\/index.php\/wp-json\/wp\/v2\/posts\/103204\/revisions\/103206"}],"wp:featuredmedia":[{"embeddable":true,"href":"https:\/\/lasprimeras.com.do\/index.php\/wp-json\/wp\/v2\/media\/103205"}],"wp:attachment":[{"href":"https:\/\/lasprimeras.com.do\/index.php\/wp-json\/wp\/v2\/media?parent=103204"}],"wp:term":[{"taxonomy":"category","embeddable":true,"href":"https:\/\/lasprimeras.com.do\/index.php\/wp-json\/wp\/v2\/categories?post=103204"},{"taxonomy":"post_tag","embeddable":true,"href":"https:\/\/lasprimeras.com.do\/index.php\/wp-json\/wp\/v2\/tags?post=103204"}],"curies":[{"name":"wp","href":"https:\/\/api.w.org\/{rel}","templated":true}]}}