{"id":103219,"date":"2025-07-13T20:34:01","date_gmt":"2025-07-14T00:34:01","guid":{"rendered":"https:\/\/lasprimeras.com.do\/?p=103219"},"modified":"2025-07-13T20:34:02","modified_gmt":"2025-07-14T00:34:02","slug":"abinader-supervisa-obra-en-sde-y-entrega-72-apartamentos-en-boca-chica","status":"publish","type":"post","link":"https:\/\/lasprimeras.com.do\/index.php\/2025\/07\/13\/abinader-supervisa-obra-en-sde-y-entrega-72-apartamentos-en-boca-chica\/","title":{"rendered":"Abinader supervisa obra en SDE y entrega 72 apartamentos en Boca Chica"},"content":{"rendered":"\n<p>El presidente Luis Abinader supervis\u00f3 este domingo los avances de la tercera etapa de la avenida Ecol\u00f3gica, una obra vial que busca mejorar la conectividad y el flujo vehicular en la zona oriental del Gran Santo Domingo.<\/p>\n\n\n\n<p>La obra, ejecutada por el Gobierno a trav\u00e9s del Ministerio de Obras P\u00fablicas y Comunicaciones y el Fideicomiso RD Vial, conecta los municipios Santo Domingo Este y Boca Chica.<\/p>\n\n\n\n<p>El ministro de Obras P\u00fablicas y Comunicaciones (MOPC), Eduardo Estrella, manifest\u00f3 que se espera que antes de que finalice el a\u00f1o este tramo, que tiene una longitud de 1.5 kil\u00f3metros hasta el puerto de Punta Caucedo, est\u00e9 concluido.<\/p>\n\n\n\n<p>&#8220;Esta v\u00eda es muy importante porque va a empalmar directamente con Las Am\u00e9ricas abajo de lo que es el puerto Caucedo, entonces esto nos va a llevar al puerto Caucedo y eso tambi\u00e9n va a invitar a que la carga pesada vaya a Las Am\u00e9ricas y se pueda ir por la Ecol\u00f3gica&#8221;, explic\u00f3.<\/p>\n\n\n\n<p>La obra, que complementa la circunvalaci\u00f3n de Santo Domingo que inicia en Haina, San Crist\u00f3bal es construida por la constructora Rizek.<\/p>\n\n\n\n<p><strong>Entrega 72 apartamentos en Boca Chica<\/strong><\/p>\n\n\n\n<p>Abinader, en compa\u00f1\u00eda del Ministro de Vivienda y Edificaciones (Mived), Carlos Bonilla, entreg\u00f3 72 nuevos apartamentos del proyecto Boca Residence bajo el Plan Nacional de Vivienda Familia Feliz en el municipio Boca Chica, de la provincia Santo Domingo.<\/p>\n\n\n\n<p>La inversi\u00f3n en el proyecto asciende a 182 millones de pesos, mediante una alianza p\u00fablico-privada en la que el subsidio estatal aporta 61 millones y el aporte privado 121 millones. M\u00e1s del 30 % de los beneficiarios de Boca Residence son parte de la di\u00e1spora.<\/p>\n\n\n\n<p><strong>El proyecto<\/strong><\/p>\n\n\n\n<p>Durante la entrega, el Ministro Bonilla destac\u00f3 que estos &#8220;72 apartamentos se suman a los 144 ya entregados por este Plan de Nacional de Vivienda Familia Feliz el a\u00f1o pasado.<\/p>\n\n\n\n<p>En los \u00faltimos a\u00f1os, esta iniciativa ha realizado entregas de m\u00e1s de 3,500 viviendas en todo el pa\u00eds y es nuestro compromiso desde el Mived expandir el impacto de este proyecto para llegar a muchas m\u00e1s familias dominicanas.<\/p>\n\n\n\n<p>As\u00ed como lo hemos hecho con nuestro plan Mi Vivienda con el que hemos entregado m\u00e1s de 9 mil viviendas en tiempo r\u00e9cord&#8221;.<\/p>\n\n\n\n<p>El proyecto, a cargo de la Constructora Comepsa, cuenta con una superficie total de terreno de 68,645 metros cuadrados y contempla 1,096 apartamentos, de los cuales 72 unidades son entregadas este domingo y 144 se entregaron en agosto del 2024.<\/p>\n\n\n\n<p>Boca Residence incluye apartamentos de dos y tres habitaciones, con uno o dos ba\u00f1os, contando con cancha de baloncesto, voleibol, pickleball, barra de acceso automatizada, sistema de drenaje, iluminaci\u00f3n, parqueos y otras facilidades que garantizan seguridad y bienestar para sus residentes.<\/p>\n\n\n\n<p>El proyecto habitacional cuenta, adem\u00e1s, con una ubicaci\u00f3n estrat\u00e9gica cercana a centros educativos, el Aeropuerto Internacional de Las Am\u00e9ricas, transporte p\u00fablico, centros de salud, v\u00edas primarias, la playa de Boca Chica, y un acueducto propio.<\/p>\n\n\n\n<p>Con esta entrega en el proyecto habitacional Boca Residence, se marca el inicio de entrega de viviendas por parte del Mived a trav\u00e9s del Plan Familia Feliz, iniciativa que pas\u00f3 a esta entidad por mandato del presidente Abinader.<\/p>\n\n\n\n<p>En el acto estuvieron presentes la gobernadora de Santo Domingo, Lucrecia Santana; el alcalde de Boca Chica, Ram\u00f3n Candelario; la directora ejecutiva del Instituto Nacional de Atenci\u00f3n de la Primera Infancia (Inaipi), Josefa Castillo; el director general de Bienes Nacionales y el CEA, Rafael Burgos G\u00f3mez.<\/p>\n\n\n\n<p>As\u00ed como los diputados Juan Jos\u00e9 Rojas, Altagracia de los Santos y Mar\u00eda Elisa Su\u00e1rez; el presidente de la Constructora Comepsa, Eduardo Melo; y el p\u00e1rroco Ferm\u00edn de los Santos, de la Parroquia San Esteban.<\/p>\n","protected":false},"excerpt":{"rendered":"<p>El presidente Luis Abinader supervis\u00f3 este domingo los avances de la tercera etapa de la avenida Ecol\u00f3gica, una obra vial que busca mejorar la conectividad y el flujo vehicular en&hellip;<\/p>\n","protected":false},"author":2,"featured_media":103220,"comment_status":"open","ping_status":"open","sticky":false,"template":"","format":"standard","meta":{"content-type":"","jetpack_post_was_ever_published":false,"_jetpack_newsletter_access":"","_jetpack_dont_email_post_to_subs":false,"_jetpack_newsletter_tier_id":0,"_jetpack_memberships_contains_paywalled_content":false,"_jetpack_memberships_contains_paid_content":false,"footnotes":""},"categories":[35,25],"tags":[3879,2703,67,1016,21587],"class_list":["post-103219","post","type-post","status-publish","format-standard","has-post-thumbnail","hentry","category-nacionales","category-portada","tag-apartamentos","tag-boca-chica","tag-luis-abinader","tag-sde","tag-supervisa-obra"],"jetpack_featured_media_url":"https:\/\/lasprimeras.com.do\/wp-content\/uploads\/2025\/07\/Abinader-BC.jpg","jetpack-related-posts":[{"id":118031,"url":"https:\/\/lasprimeras.com.do\/index.php\/2025\/12\/19\/presidente-abinader-inaugura-fase-final-de-la-avenida-ecologica\/","url_meta":{"origin":103219,"position":0},"title":"Presidente Abinader inaugura fase final de la avenida Ecol\u00f3gica","author":"Nelson Feliz","date":"19 de diciembre de 2025","format":false,"excerpt":"Asegura que seguir\u00e1 construyendo un pa\u00eds con mejor infraestructura, porque una mejor infraestructura se traduce en m\u00e1s calidad de vida y mayor competitividad. El presidente Luis Abinader inaugur\u00f3 este viernes la fase final de la avenida Ecol\u00f3gica, una infraestructura estrat\u00e9gica que, afirm\u00f3, representa competitividad para el pa\u00eds, al mejorar la\u2026","rel":"","context":"En \u00abNACIONALES\u00bb","block_context":{"text":"NACIONALES","link":"https:\/\/lasprimeras.com.do\/index.php\/category\/nacionales\/"},"img":{"alt_text":"","src":"https:\/\/i0.wp.com\/lasprimeras.com.do\/wp-content\/uploads\/2025\/12\/Luis-Abin.jpg?resize=350%2C200&ssl=1","width":350,"height":200,"srcset":"https:\/\/i0.wp.com\/lasprimeras.com.do\/wp-content\/uploads\/2025\/12\/Luis-Abin.jpg?resize=350%2C200&ssl=1 1x, https:\/\/i0.wp.com\/lasprimeras.com.do\/wp-content\/uploads\/2025\/12\/Luis-Abin.jpg?resize=525%2C300&ssl=1 1.5x, https:\/\/i0.wp.com\/lasprimeras.com.do\/wp-content\/uploads\/2025\/12\/Luis-Abin.jpg?resize=700%2C400&ssl=1 2x"},"classes":[]},{"id":103117,"url":"https:\/\/lasprimeras.com.do\/index.php\/2025\/07\/11\/abinader-desarrollara-agenda-de-trabajo-este-fin-de-semana-spm-sd-este-y-boca-chica\/","url_meta":{"origin":103219,"position":1},"title":"Abinader desarrollar\u00e1 agenda de trabajo este fin de semana SPM, SD-Este y Boca Chica","author":"Nelson Feliz","date":"11 de julio de 2025","format":false,"excerpt":"El presidente Luis Abinader, continuar\u00e1 este fin de semana con su agenda de trabajo en el territorio nacional, con actividades programadas el s\u00e1bado 12 y domingo 13 de julio en la provincia de San Pedro de Macor\u00eds, Santo Domingo Este y Boca Chica en beneficio de la ciudadan\u00eda. Las acciones\u2026","rel":"","context":"En \u00abNACIONALES\u00bb","block_context":{"text":"NACIONALES","link":"https:\/\/lasprimeras.com.do\/index.php\/category\/nacionales\/"},"img":{"alt_text":"","src":"https:\/\/i0.wp.com\/lasprimeras.com.do\/wp-content\/uploads\/2025\/07\/Luis-Abinader-4-1.jpg?resize=350%2C200&ssl=1","width":350,"height":200,"srcset":"https:\/\/i0.wp.com\/lasprimeras.com.do\/wp-content\/uploads\/2025\/07\/Luis-Abinader-4-1.jpg?resize=350%2C200&ssl=1 1x, https:\/\/i0.wp.com\/lasprimeras.com.do\/wp-content\/uploads\/2025\/07\/Luis-Abinader-4-1.jpg?resize=525%2C300&ssl=1 1.5x, https:\/\/i0.wp.com\/lasprimeras.com.do\/wp-content\/uploads\/2025\/07\/Luis-Abinader-4-1.jpg?resize=700%2C400&ssl=1 2x"},"classes":[]},{"id":108317,"url":"https:\/\/lasprimeras.com.do\/index.php\/2025\/09\/04\/provincia-santo-domingo-se-llevo-el-pastel-mas-grande-en-descentralizacion-de-la-inversion-publica\/","url_meta":{"origin":103219,"position":2},"title":"Provincia Santo Domingo se llev\u00f3 el pastel m\u00e1s grande en descentralizaci\u00f3n de la inversi\u00f3n p\u00fablica","author":"Nelson Feliz","date":"4 de septiembre de 2025","format":false,"excerpt":"Correspondiente con su peso econ\u00f3mico, poblacional y electoral, la provincia de Santo Domingo se llev\u00f3 la mayor cantidad de obras principales durante los 5 a\u00f1os de gobierno del presidente Luis Abinader, con un total de 315 obras de alto impacto terminadas y en desarrollo. La primera es la L\u00ednea 2C\u2026","rel":"","context":"En \u00abECONOM\u00cdA\u00bb","block_context":{"text":"ECONOM\u00cdA","link":"https:\/\/lasprimeras.com.do\/index.php\/category\/economia\/"},"img":{"alt_text":"","src":"https:\/\/i0.wp.com\/lasprimeras.com.do\/wp-content\/uploads\/2025\/09\/obras-1.jpg?resize=350%2C200&ssl=1","width":350,"height":200,"srcset":"https:\/\/i0.wp.com\/lasprimeras.com.do\/wp-content\/uploads\/2025\/09\/obras-1.jpg?resize=350%2C200&ssl=1 1x, https:\/\/i0.wp.com\/lasprimeras.com.do\/wp-content\/uploads\/2025\/09\/obras-1.jpg?resize=525%2C300&ssl=1 1.5x, https:\/\/i0.wp.com\/lasprimeras.com.do\/wp-content\/uploads\/2025\/09\/obras-1.jpg?resize=700%2C400&ssl=1 2x"},"classes":[]},{"id":109530,"url":"https:\/\/lasprimeras.com.do\/index.php\/2025\/09\/18\/abinader-supervisa-construccion-del-paso-a-desnivel-en-la-prolongacion-27-de-febrero-con-isabel-aguiar\/","url_meta":{"origin":103219,"position":3},"title":"Abinader supervisa construcci\u00f3n del paso a desnivel en la Prolongaci\u00f3n 27 de Febrero con Isabel Aguiar","author":"Nelson Feliz","date":"18 de septiembre de 2025","format":false,"excerpt":"El presidente Luis Abinader, realiz\u00f3 anoche una visita de supervisi\u00f3n de los trabajos de construcci\u00f3n del paso a desnivel ubicado en la Prolongaci\u00f3n 27 de Febrero con la avenida Isabel Aguiar, una de las obras de infraestructura vial m\u00e1s importantes en ejecuci\u00f3n en Santo Domingo. \u201cEsta noche me detuve en\u2026","rel":"","context":"En \u00abNACIONALES\u00bb","block_context":{"text":"NACIONALES","link":"https:\/\/lasprimeras.com.do\/index.php\/category\/nacionales\/"},"img":{"alt_text":"","src":"https:\/\/i0.wp.com\/lasprimeras.com.do\/wp-content\/uploads\/2025\/09\/abina.jpg?resize=350%2C200&ssl=1","width":350,"height":200,"srcset":"https:\/\/i0.wp.com\/lasprimeras.com.do\/wp-content\/uploads\/2025\/09\/abina.jpg?resize=350%2C200&ssl=1 1x, https:\/\/i0.wp.com\/lasprimeras.com.do\/wp-content\/uploads\/2025\/09\/abina.jpg?resize=525%2C300&ssl=1 1.5x, https:\/\/i0.wp.com\/lasprimeras.com.do\/wp-content\/uploads\/2025\/09\/abina.jpg?resize=700%2C400&ssl=1 2x"},"classes":[]},{"id":117903,"url":"https:\/\/lasprimeras.com.do\/index.php\/2025\/12\/17\/abinader-supervisa-tunel-bajo-la-plaza-de-la-bandera\/","url_meta":{"origin":103219,"position":4},"title":"Abinader supervisa t\u00fanel bajo la Plaza de la Bandera","author":"Nelson Feliz","date":"17 de diciembre de 2025","format":false,"excerpt":"El mandatario inform\u00f3 que la obra estar\u00eda lista para el segundo trimestre del a\u00f1o 2026 El presidente Luis Abinader, realiz\u00f3 este martes en la noche una visita de supervisi\u00f3n al t\u00fanel subterr\u00e1neo en construcci\u00f3n bajo la Plaza de la Bandera, ubicado en la intersecci\u00f3n de las avenidas Gregorio Luper\u00f3n y\u2026","rel":"","context":"En \u00abNACIONALES\u00bb","block_context":{"text":"NACIONALES","link":"https:\/\/lasprimeras.com.do\/index.php\/category\/nacionales\/"},"img":{"alt_text":"Visita de supervisio\u0301n al tu\u0301nel bajo la Plaza de la Bandera","src":"https:\/\/i0.wp.com\/lasprimeras.com.do\/wp-content\/uploads\/2025\/12\/Visita-de-supervision-al-tunel-bajo-la-Plaza-de-la-Bandera-1.jpg?resize=350%2C200&ssl=1","width":350,"height":200,"srcset":"https:\/\/i0.wp.com\/lasprimeras.com.do\/wp-content\/uploads\/2025\/12\/Visita-de-supervision-al-tunel-bajo-la-Plaza-de-la-Bandera-1.jpg?resize=350%2C200&ssl=1 1x, https:\/\/i0.wp.com\/lasprimeras.com.do\/wp-content\/uploads\/2025\/12\/Visita-de-supervision-al-tunel-bajo-la-Plaza-de-la-Bandera-1.jpg?resize=525%2C300&ssl=1 1.5x, https:\/\/i0.wp.com\/lasprimeras.com.do\/wp-content\/uploads\/2025\/12\/Visita-de-supervision-al-tunel-bajo-la-Plaza-de-la-Bandera-1.jpg?resize=700%2C400&ssl=1 2x"},"classes":[]},{"id":122542,"url":"https:\/\/lasprimeras.com.do\/index.php\/2026\/02\/19\/presidente-abinader-supervisa-avances-en-la-circunvalacion-de-navarrete\/","url_meta":{"origin":103219,"position":5},"title":"Presidente Abinader supervisa avances en la Circunvalaci\u00f3n de Navarrete","author":"Nelson Feliz","date":"19 de febrero de 2026","format":false,"excerpt":"La inauguraci\u00f3n est\u00e1 proyectada para agosto 2026. El presidente Luis Abinader supervis\u00f3 este mi\u00e9rcoles los avances en la construcci\u00f3n de la Circunvalaci\u00f3n de Navarrete, una obra vial de 12.9 kil\u00f3metros que fortalecer\u00e1 la conectividad y el desarrollo de la regi\u00f3n noroeste del pa\u00eds, cuya inauguraci\u00f3n est\u00e1 proyectada para agosto del\u2026","rel":"","context":"En \u00abNACIONALES\u00bb","block_context":{"text":"NACIONALES","link":"https:\/\/lasprimeras.com.do\/index.php\/category\/nacionales\/"},"img":{"alt_text":"Luis Abinader","src":"https:\/\/i0.wp.com\/lasprimeras.com.do\/wp-content\/uploads\/2026\/02\/Luis-Abinader-4.jpg?resize=350%2C200&ssl=1","width":350,"height":200,"srcset":"https:\/\/i0.wp.com\/lasprimeras.com.do\/wp-content\/uploads\/2026\/02\/Luis-Abinader-4.jpg?resize=350%2C200&ssl=1 1x, https:\/\/i0.wp.com\/lasprimeras.com.do\/wp-content\/uploads\/2026\/02\/Luis-Abinader-4.jpg?resize=525%2C300&ssl=1 1.5x, https:\/\/i0.wp.com\/lasprimeras.com.do\/wp-content\/uploads\/2026\/02\/Luis-Abinader-4.jpg?resize=700%2C400&ssl=1 2x"},"classes":[]}],"jetpack_sharing_enabled":true,"_links":{"self":[{"href":"https:\/\/lasprimeras.com.do\/index.php\/wp-json\/wp\/v2\/posts\/103219","targetHints":{"allow":["GET"]}}],"collection":[{"href":"https:\/\/lasprimeras.com.do\/index.php\/wp-json\/wp\/v2\/posts"}],"about":[{"href":"https:\/\/lasprimeras.com.do\/index.php\/wp-json\/wp\/v2\/types\/post"}],"author":[{"embeddable":true,"href":"https:\/\/lasprimeras.com.do\/index.php\/wp-json\/wp\/v2\/users\/2"}],"replies":[{"embeddable":true,"href":"https:\/\/lasprimeras.com.do\/index.php\/wp-json\/wp\/v2\/comments?post=103219"}],"version-history":[{"count":1,"href":"https:\/\/lasprimeras.com.do\/index.php\/wp-json\/wp\/v2\/posts\/103219\/revisions"}],"predecessor-version":[{"id":103221,"href":"https:\/\/lasprimeras.com.do\/index.php\/wp-json\/wp\/v2\/posts\/103219\/revisions\/103221"}],"wp:featuredmedia":[{"embeddable":true,"href":"https:\/\/lasprimeras.com.do\/index.php\/wp-json\/wp\/v2\/media\/103220"}],"wp:attachment":[{"href":"https:\/\/lasprimeras.com.do\/index.php\/wp-json\/wp\/v2\/media?parent=103219"}],"wp:term":[{"taxonomy":"category","embeddable":true,"href":"https:\/\/lasprimeras.com.do\/index.php\/wp-json\/wp\/v2\/categories?post=103219"},{"taxonomy":"post_tag","embeddable":true,"href":"https:\/\/lasprimeras.com.do\/index.php\/wp-json\/wp\/v2\/tags?post=103219"}],"curies":[{"name":"wp","href":"https:\/\/api.w.org\/{rel}","templated":true}]}}