{"id":103234,"date":"2025-07-13T21:18:51","date_gmt":"2025-07-14T01:18:51","guid":{"rendered":"https:\/\/lasprimeras.com.do\/?p=103234"},"modified":"2025-07-13T21:18:53","modified_gmt":"2025-07-14T01:18:53","slug":"leonel-fernandez-desde-bonao-el-gobierno-del-prm-tiene-el-motor-fundido","status":"publish","type":"post","link":"https:\/\/lasprimeras.com.do\/index.php\/2025\/07\/13\/leonel-fernandez-desde-bonao-el-gobierno-del-prm-tiene-el-motor-fundido\/","title":{"rendered":"Leonel Fern\u00e1ndez desde Bonao: el gobierno del PRM tiene el \u201cmotor fundido\u201d"},"content":{"rendered":"\n<p>El presidente de la Fuerza del Pueblo y expresidente de la Rep\u00fablica Dominicana, Leonel Fern\u00e1ndez, asegur\u00f3 en un acto pol\u00edtico en esta provincia que el gobierno del Partido Revolucionario Moderno (PRM) tiene, \u201cel motor fundido\u201d.<\/p>\n\n\n\n<p>La expresi\u00f3n, que se convirti\u00f3 en el eje del discurso de Fern\u00e1ndez, fue utilizada originalmente por uno de los dirigentes del PRM que se juramentaron durante el evento.<\/p>\n\n\n\n<p>Seg\u00fan explic\u00f3, su paso a la Fuerza del Pueblo se debe a que el actual gobierno \u201ctiene el motor fundido\u201d y ya no representa soluciones para el pa\u00eds.<\/p>\n\n\n\n<p>El exmandatario retom\u00f3 la frase y la reforz\u00f3 p\u00fablicamente, se\u00f1alando que frente a ese panorama \u201chay una nueva realidad que la gente empieza a repetir en las calles: la Fuerza del Pueblo crece y crece cada d\u00eda m\u00e1s\u201d.<\/p>\n\n\n\n<p>Fern\u00e1ndez calific\u00f3 al gobierno actual como \u201cquebrado\u201d, y afirm\u00f3 que esto se evidencia en m\u00faltiples sectores, especialmente en el sistema de salud p\u00fablica.<\/p>\n\n\n\n<p>Denunci\u00f3 en ese sentido que el aumento de afiliados a SENASA durante el a\u00f1o electoral respondi\u00f3 a pr\u00e1cticas clientelistas: \u201cIncrementaron el n\u00famero de asegurados con el \u00fanico prop\u00f3sito de ganar de forma abusiva las elecciones\u201d, declar\u00f3.<\/p>\n\n\n\n<p>El l\u00edder de la Fuerza del Pueblo tambi\u00e9n aprovech\u00f3 el escenario para defender su legado de gobierno, particularmente en materia de infraestructura y transporte.<\/p>\n\n\n\n<p>\u201cPodemos mostrar un legado, y por m\u00e1s que se ha querido empa\u00f1ar, el pueblo siempre recurre a la verdad. Eso se hizo. Cuando promet\u00ed en el Congreso, un 27 de febrero, que al a\u00f1o siguiente, luego de la rendici\u00f3n de cuentas, \u00edbamos a inaugurar el Metro de Santo Domingo, eso se cumpli\u00f3\u201d, dijo.<\/p>\n\n\n\n<p>Fern\u00e1ndez subray\u00f3 que su gobierno logr\u00f3 ejecutar obras con precisi\u00f3n y cumplimiento. \u201cCuando promet\u00eda una fecha espec\u00edfica, se cumpl\u00eda. Nadie cre\u00eda que pod\u00edamos construir un Metro subterr\u00e1neo, algo propio de pa\u00edses desarrollados. Y demostramos que s\u00ed pod\u00edamos. Ah\u00ed est\u00e1 el Metro\u201d, record\u00f3.<\/p>\n\n\n\n<p>Se\u00f1al\u00f3 adem\u00e1s que el Metro de Santo Domingo fue construido por ingenieros y arquitectos dominicanos, muchos de los cuales luego fueron contratados para proyectos similares en Panam\u00e1.<\/p>\n\n\n\n<p>\u201cSe vaticinaba un fracaso. Dec\u00edan que ser\u00eda el Waterloo de Leonel, que nadie se montar\u00eda en el Metro. Hoy vemos en los peri\u00f3dicos que este gobierno est\u00e1 duplicando los vagones porque no dan abasto. Yo mismo he visto las largas colas\u201d, indic\u00f3.<\/p>\n\n\n\n<p>Durante su alocuci\u00f3n, tambi\u00e9n expres\u00f3 su consternaci\u00f3n por la reciente tragedia en Juanillo, provincia La Altagracia, donde una embarcaci\u00f3n naufrag\u00f3 rumbo a Puerto Rico.<\/p>\n\n\n\n<p>\u201cMurieron varias personas y se rescataron 17; de esos, diez son haitianos y siete dominicanos. Yo puedo entender que los haitianos est\u00e1n en crisis permanente, su situaci\u00f3n es grav\u00edsima.<\/p>\n\n\n\n<p>Pero me duele que los dominicanos tambi\u00e9n est\u00e9n arriesgando su vida. Este era un pa\u00eds modelo en Am\u00e9rica Latina, ejemplo de prosperidad. Hoy nos lanzamos al mar junto a los haitianos en busca de oportunidades\u201d, lament\u00f3.<\/p>\n\n\n\n<p>En ese mismo acto, Fern\u00e1ndez anunci\u00f3 el inicio de un recorrido pol\u00edtico nacional. \u201cHoy comenzamos a recorrer todas las provincias y todos los municipios, fortaleciendo a\u00fan m\u00e1s la Fuerza del Pueblo.<\/p>\n\n\n\n<p>Que no haya dudas: el progreso volver\u00e1 para el pueblo dominicano en el 2028\u201d, asegur\u00f3.<\/p>\n\n\n\n<p><strong>Juramentaciones refuerzan la estructura del partido en Bonao<\/strong><\/p>\n\n\n\n<p>En el acto pol\u00edtico celebrado en Bonao se juramentaron varias figuras provenientes del PRM y otras organizaciones, entre ellas el ingeniero Bienvenido Cuevas, exprecandidato a alcalde por el PRM en Bonao; Ram\u00f3n de la Cruz, actual regidor en el municipio; Juan Carlos Veras, profesor y exprecandidato a diputado; Lucrecia Rosario, secretaria general del movimiento Mujeres Firmes con Luis Abinader; Israel Castro, exdirigente del PRM en el distrito municipal de Juma Bejucal; y Miguel Polanco, expresidente de la zona I del PRM, entre otros dirigentes.<\/p>\n\n\n\n<p>Fern\u00e1ndez destac\u00f3 que estas integraciones refuerzan el crecimiento de la organizaci\u00f3n, que seg\u00fan afirm\u00f3 \u201cno se detiene\u201d.<\/p>\n","protected":false},"excerpt":{"rendered":"<p>El presidente de la Fuerza del Pueblo y expresidente de la Rep\u00fablica Dominicana, Leonel Fern\u00e1ndez, asegur\u00f3 en un acto pol\u00edtico en esta provincia que el gobierno del Partido Revolucionario Moderno&hellip;<\/p>\n","protected":false},"author":2,"featured_media":103235,"comment_status":"open","ping_status":"open","sticky":false,"template":"","format":"standard","meta":{"content-type":"","jetpack_post_was_ever_published":false,"_jetpack_newsletter_access":"","_jetpack_dont_email_post_to_subs":false,"_jetpack_newsletter_tier_id":0,"_jetpack_memberships_contains_paywalled_content":false,"_jetpack_memberships_contains_paid_content":false,"footnotes":""},"categories":[16559,25],"tags":[899,171,51,21593,31],"class_list":["post-103234","post","type-post","status-publish","format-standard","has-post-thumbnail","hentry","category-politica","category-portada","tag-bonao","tag-gobierno","tag-leonel-fernandez","tag-motor-fundido","tag-prm"],"jetpack_featured_media_url":"https:\/\/lasprimeras.com.do\/wp-content\/uploads\/2025\/07\/leonel-2.jpg","jetpack-related-posts":[{"id":103952,"url":"https:\/\/lasprimeras.com.do\/index.php\/2025\/07\/20\/leonel-fernandez-acusa-al-gobierno-del-prm-de-hacer-retroceder-al-pais-al-siglo-xix\/","url_meta":{"origin":103234,"position":0},"title":"Leonel Fern\u00e1ndez acusa al gobierno del PRM de hacer retroceder al pa\u00eds al siglo XIX","author":"Nelson Feliz","date":"20 de julio de 2025","format":false,"excerpt":"El expresidente dominicano y l\u00edder del partido Fuerza del Pueblo (FP), Leonel Fern\u00e1ndez, arremeti\u00f3 este domingo contra la gesti\u00f3n del Partido Revolucionario Moderno (PRM), asegurando que el pa\u00eds \u201cha retrocedido al siglo XIX\u201d bajo la actual administraci\u00f3n. Las declaraciones fueron ofrecidas durante un acto de juramentaci\u00f3n de nuevos dirigentes que\u2026","rel":"","context":"En \u00abPOLITICA\u00bb","block_context":{"text":"POLITICA","link":"https:\/\/lasprimeras.com.do\/index.php\/category\/politica\/"},"img":{"alt_text":"","src":"https:\/\/i0.wp.com\/lasprimeras.com.do\/wp-content\/uploads\/2025\/07\/leonel-4.jpg?resize=350%2C200&ssl=1","width":350,"height":200,"srcset":"https:\/\/i0.wp.com\/lasprimeras.com.do\/wp-content\/uploads\/2025\/07\/leonel-4.jpg?resize=350%2C200&ssl=1 1x, https:\/\/i0.wp.com\/lasprimeras.com.do\/wp-content\/uploads\/2025\/07\/leonel-4.jpg?resize=525%2C300&ssl=1 1.5x, https:\/\/i0.wp.com\/lasprimeras.com.do\/wp-content\/uploads\/2025\/07\/leonel-4.jpg?resize=700%2C400&ssl=1 2x"},"classes":[]},{"id":114218,"url":"https:\/\/lasprimeras.com.do\/index.php\/2025\/11\/11\/leonel-fernandez-ve-ineficiencia-del-gobierno-provoco-el-apagon\/","url_meta":{"origin":103234,"position":1},"title":"Leonel Fern\u00e1ndez ve \u201cineficiencia del Gobierno\u201d provoc\u00f3 el apag\u00f3n","author":"Nelson Feliz","date":"11 de noviembre de 2025","format":false,"excerpt":"El expresidente Leonel Fern\u00e1ndez conden\u00f3 el apag\u00f3n general que se ha producido este martes en la Rep\u00fablica Dominicana se\u00f1alando, entre otras cosas, que \u201cla ineficiencia del gobierno del PRM no podr\u00eda ser mayor\u201d. En un primer mensaje publicado en redes sociales, Fern\u00e1ndez, presidente del opositor Partido Fuerza del Pueblo, dijo\u2026","rel":"","context":"En \u00abPOLITICA\u00bb","block_context":{"text":"POLITICA","link":"https:\/\/lasprimeras.com.do\/index.php\/category\/politica\/"},"img":{"alt_text":"Leonel Fern\u00e1ndez","src":"https:\/\/i0.wp.com\/lasprimeras.com.do\/wp-content\/uploads\/2025\/11\/Leonel-Fernandez.jpg?resize=350%2C200&ssl=1","width":350,"height":200,"srcset":"https:\/\/i0.wp.com\/lasprimeras.com.do\/wp-content\/uploads\/2025\/11\/Leonel-Fernandez.jpg?resize=350%2C200&ssl=1 1x, https:\/\/i0.wp.com\/lasprimeras.com.do\/wp-content\/uploads\/2025\/11\/Leonel-Fernandez.jpg?resize=525%2C300&ssl=1 1.5x"},"classes":[]},{"id":128061,"url":"https:\/\/lasprimeras.com.do\/index.php\/2026\/04\/19\/el-prm-gobierna-cada-quien-por-su-cuenta-sin-coordinacion-ni-rumbo-cuestiona-leonel-fernandez\/","url_meta":{"origin":103234,"position":2},"title":"El PRM gobierna \u201ccada quien por su cuenta\u201d sin coordinaci\u00f3n ni rumbo, cuestiona Leonel Fern\u00e1ndez","author":"Nelson Feliz","date":"19 de abril de 2026","format":false,"excerpt":"El expresidente advierte que la improvisaci\u00f3n del Gobierno est\u00e1 elevando el costo de la vida y profundizando la incertidumbre en los hogares. El presidente del partido Fuerza del Pueblo y expresidente de la Rep\u00fablica, Leonel Fern\u00e1ndez, cuestion\u00f3 este s\u00e1bado la forma en que el Gobierno del Partido Revolucionario Moderno (PRM)\u2026","rel":"","context":"En \u00abPOLITICA\u00bb","block_context":{"text":"POLITICA","link":"https:\/\/lasprimeras.com.do\/index.php\/category\/politica\/"},"img":{"alt_text":"Leonel Fern\u00e1ndez","src":"https:\/\/i0.wp.com\/lasprimeras.com.do\/wp-content\/uploads\/2026\/04\/Leonel-Fernandez-1.jpg?resize=350%2C200&ssl=1","width":350,"height":200,"srcset":"https:\/\/i0.wp.com\/lasprimeras.com.do\/wp-content\/uploads\/2026\/04\/Leonel-Fernandez-1.jpg?resize=350%2C200&ssl=1 1x, https:\/\/i0.wp.com\/lasprimeras.com.do\/wp-content\/uploads\/2026\/04\/Leonel-Fernandez-1.jpg?resize=525%2C300&ssl=1 1.5x, https:\/\/i0.wp.com\/lasprimeras.com.do\/wp-content\/uploads\/2026\/04\/Leonel-Fernandez-1.jpg?resize=700%2C400&ssl=1 2x"},"classes":[]},{"id":120569,"url":"https:\/\/lasprimeras.com.do\/index.php\/2026\/01\/25\/leonel-acusa-al-prm-de-haber-comprado-elecciones-con-fondos-de-senasa\/","url_meta":{"origin":103234,"position":3},"title":"Leonel acusa al PRM de haber comprado elecciones con fondos de SeNaSa","author":"Nelson Feliz","date":"25 de enero de 2026","format":false,"excerpt":"Fern\u00e1ndez anuncia obras prioritarias para La Cuchilla y Medina de Villa Altagracia El presidente del partido Fuerza del Pueblo, Leonel Fern\u00e1ndez, acus\u00f3 este s\u00e1bado al PRM de utilizar fondos p\u00fablicos del Seguro Nacional de Salud (SeNaSa) para \u201ccomprar elecciones\u201d, al tiempo que asumi\u00f3 compromisos concretos de obras prioritarias para los\u2026","rel":"","context":"En \u00abPOLITICA\u00bb","block_context":{"text":"POLITICA","link":"https:\/\/lasprimeras.com.do\/index.php\/category\/politica\/"},"img":{"alt_text":"Leonel Fern\u00e1ndez","src":"https:\/\/i0.wp.com\/lasprimeras.com.do\/wp-content\/uploads\/2026\/01\/Leonel-Fernandez-JURA.jpg?resize=350%2C200&ssl=1","width":350,"height":200,"srcset":"https:\/\/i0.wp.com\/lasprimeras.com.do\/wp-content\/uploads\/2026\/01\/Leonel-Fernandez-JURA.jpg?resize=350%2C200&ssl=1 1x, https:\/\/i0.wp.com\/lasprimeras.com.do\/wp-content\/uploads\/2026\/01\/Leonel-Fernandez-JURA.jpg?resize=525%2C300&ssl=1 1.5x, https:\/\/i0.wp.com\/lasprimeras.com.do\/wp-content\/uploads\/2026\/01\/Leonel-Fernandez-JURA.jpg?resize=700%2C400&ssl=1 2x"},"classes":[]},{"id":106464,"url":"https:\/\/lasprimeras.com.do\/index.php\/2025\/08\/15\/regidor-del-prm-se-une-a-la-fuerza-del-pueblo-y-es-juramentado-por-leonel-fernandez\/","url_meta":{"origin":103234,"position":4},"title":"Regidor del PRM se une a la Fuerza del Pueblo y es juramentado por Leonel Fern\u00e1ndez","author":"Nelson Feliz","date":"15 de agosto de 2025","format":false,"excerpt":"En el marco de su visita a la Ciudad Coraz\u00f3n, el presidente del partido Fuerza del Pueblo (FP), Leonel Fern\u00e1ndez, jurament\u00f3 al regidor del Partido Revolucionario Moderno (PRM) de Hatillo Palma, provincia Montecristi, Dany Torres, quien formaliz\u00f3 su ingreso a las filas de la organizaci\u00f3n pol\u00edtica liderada por el exmandatario.\u2026","rel":"","context":"En \u00abPOLITICA\u00bb","block_context":{"text":"POLITICA","link":"https:\/\/lasprimeras.com.do\/index.php\/category\/politica\/"},"img":{"alt_text":"","src":"https:\/\/i0.wp.com\/lasprimeras.com.do\/wp-content\/uploads\/2025\/08\/Dany-Torres.jpg?resize=350%2C200&ssl=1","width":350,"height":200,"srcset":"https:\/\/i0.wp.com\/lasprimeras.com.do\/wp-content\/uploads\/2025\/08\/Dany-Torres.jpg?resize=350%2C200&ssl=1 1x, https:\/\/i0.wp.com\/lasprimeras.com.do\/wp-content\/uploads\/2025\/08\/Dany-Torres.jpg?resize=525%2C300&ssl=1 1.5x, https:\/\/i0.wp.com\/lasprimeras.com.do\/wp-content\/uploads\/2025\/08\/Dany-Torres.jpg?resize=700%2C400&ssl=1 2x"},"classes":[]},{"id":126127,"url":"https:\/\/lasprimeras.com.do\/index.php\/2026\/03\/29\/leonel-afirma-que-los-precios-ya-subian-por-la-ineficiencia-del-prm\/","url_meta":{"origin":103234,"position":5},"title":"Leonel afirma que los precios ya sub\u00edan por la ineficiencia del PRM","author":"Nelson Feliz","date":"29 de marzo de 2026","format":false,"excerpt":"El expresidente asegura que el pueblo dominicano se siente frustrado y afirma que el Gobierno del PRM no est\u00e1 para excusas, sino para resolver los problemas del pa\u00eds. Hermanas Mirabal.\u2013 El presidente del partido Fuerza del Pueblo (FP) y expresidente de la Rep\u00fablica, Leonel Fern\u00e1ndez, afirm\u00f3 que el alza en\u2026","rel":"","context":"En \u00abECONOM\u00cdA\u00bb","block_context":{"text":"ECONOM\u00cdA","link":"https:\/\/lasprimeras.com.do\/index.php\/category\/economia\/"},"img":{"alt_text":"Leonel Fern\u00e1ndez","src":"https:\/\/i0.wp.com\/lasprimeras.com.do\/wp-content\/uploads\/2026\/03\/Leonel-Fernandez.jpg?resize=350%2C200&ssl=1","width":350,"height":200,"srcset":"https:\/\/i0.wp.com\/lasprimeras.com.do\/wp-content\/uploads\/2026\/03\/Leonel-Fernandez.jpg?resize=350%2C200&ssl=1 1x, https:\/\/i0.wp.com\/lasprimeras.com.do\/wp-content\/uploads\/2026\/03\/Leonel-Fernandez.jpg?resize=525%2C300&ssl=1 1.5x, https:\/\/i0.wp.com\/lasprimeras.com.do\/wp-content\/uploads\/2026\/03\/Leonel-Fernandez.jpg?resize=700%2C400&ssl=1 2x"},"classes":[]}],"jetpack_sharing_enabled":true,"_links":{"self":[{"href":"https:\/\/lasprimeras.com.do\/index.php\/wp-json\/wp\/v2\/posts\/103234","targetHints":{"allow":["GET"]}}],"collection":[{"href":"https:\/\/lasprimeras.com.do\/index.php\/wp-json\/wp\/v2\/posts"}],"about":[{"href":"https:\/\/lasprimeras.com.do\/index.php\/wp-json\/wp\/v2\/types\/post"}],"author":[{"embeddable":true,"href":"https:\/\/lasprimeras.com.do\/index.php\/wp-json\/wp\/v2\/users\/2"}],"replies":[{"embeddable":true,"href":"https:\/\/lasprimeras.com.do\/index.php\/wp-json\/wp\/v2\/comments?post=103234"}],"version-history":[{"count":1,"href":"https:\/\/lasprimeras.com.do\/index.php\/wp-json\/wp\/v2\/posts\/103234\/revisions"}],"predecessor-version":[{"id":103236,"href":"https:\/\/lasprimeras.com.do\/index.php\/wp-json\/wp\/v2\/posts\/103234\/revisions\/103236"}],"wp:featuredmedia":[{"embeddable":true,"href":"https:\/\/lasprimeras.com.do\/index.php\/wp-json\/wp\/v2\/media\/103235"}],"wp:attachment":[{"href":"https:\/\/lasprimeras.com.do\/index.php\/wp-json\/wp\/v2\/media?parent=103234"}],"wp:term":[{"taxonomy":"category","embeddable":true,"href":"https:\/\/lasprimeras.com.do\/index.php\/wp-json\/wp\/v2\/categories?post=103234"},{"taxonomy":"post_tag","embeddable":true,"href":"https:\/\/lasprimeras.com.do\/index.php\/wp-json\/wp\/v2\/tags?post=103234"}],"curies":[{"name":"wp","href":"https:\/\/api.w.org\/{rel}","templated":true}]}}