{"id":103250,"date":"2025-07-13T22:41:26","date_gmt":"2025-07-14T02:41:26","guid":{"rendered":"https:\/\/lasprimeras.com.do\/?p=103250"},"modified":"2025-07-13T22:41:28","modified_gmt":"2025-07-14T02:41:28","slug":"luis-el-gallo-ve-preocupante-posicion-de-los-obispos-y-amnistia-internacional","status":"publish","type":"post","link":"https:\/\/lasprimeras.com.do\/index.php\/2025\/07\/13\/luis-el-gallo-ve-preocupante-posicion-de-los-obispos-y-amnistia-internacional\/","title":{"rendered":"Luis \u201cEl Gallo\u201d ve preocupante posici\u00f3n de los obispos y Amnist\u00eda Internacional"},"content":{"rendered":"\n<p>El presidente de la Uni\u00f3n Dem\u00f3crata Cristiana \u2013UDC-, Luis Acosta Moreta, Luis \u201cEl Gallo\u201d, pidi\u00f3 hoy el rechazo a las presiones para la fijaci\u00f3n de cuotas de braceros haitianos, que hacen los obispos cat\u00f3licos y Amnist\u00eda Internacional.<\/p>\n\n\n\n<p>Afirm\u00f3 que llama la atenci\u00f3n que al tratar el problema haitiano en el pa\u00eds, haya una gran coincidencia entre la Conferencia del Episcopado Dominicano y Amnist\u00eda Internacional, por lo que ambos pronunciamientos deben ser rechazados.<\/p>\n\n\n\n<p>Indic\u00f3 que ofrece su apoyo militante al presidente Luis Abinader en su pol\u00edtica migratoria, donde se deporta a los indocumentados, respetando su integridad f\u00edsica, pero cumpliendo con la ley.<\/p>\n\n\n\n<p>A\u00f1adi\u00f3 que en sus pronunciamientos p\u00fablicos los obispos y Amnist\u00eda coinciden con los agroindustriales y la industria de la Construcci\u00f3n, en el sentido de abrir cuotas de braceros haitianos.<\/p>\n\n\n\n<p>Afirm\u00f3 que la apertura de un programa de cuotas conllevar\u00eda la suspensi\u00f3n de las deportaciones de ilegales y se corre el peligro de que en el pa\u00eds lleguen millas de indocumentados.<\/p>\n\n\n\n<p>Dijo que las cuotas de indocumentados podr\u00edan ser el primer paso para establecer en el pa\u00eds campamentos de refugiados, para dar auxilio al mill\u00f3n y medio de desplazados por la lucha interna de los haitianos.<\/p>\n\n\n\n<p>Asever\u00f3 que bajo ninguna circunstancia se debe instalar campamentos de refugiados haitianos en el pa\u00eds, y que las soluciones de la virtual guerra civil de Hait\u00ed se tienen que resolver en su territorio.<\/p>\n\n\n\n<p>Respald\u00f3 la postura del presidente Luis Abinader de disponer la deportaci\u00f3n de indocumentados, y reglamentar la asistencia m\u00e9dica a las parturientas ilegales.<\/p>\n\n\n\n<p>Adem\u00e1s, el presidente Abinader ha abierto puertas para tratar el caos haitiano, con los encuentros en el Cntro Econ\u00f3mico y Social, y con las reuniones con los expresidentes Danilo Medina, Hip\u00f3lito Mej\u00eda y Leonel Fern\u00e1ndez.<\/p>\n\n\n\n<p>La crisis haitiana, dijo, no es ,responsabilidad dominicana, y las soluciones deben ser aportadas por las grandes potencias Francia, Canad\u00e1 y los Estados Unidos.<\/p>\n","protected":false},"excerpt":{"rendered":"<p>El presidente de la Uni\u00f3n Dem\u00f3crata Cristiana \u2013UDC-, Luis Acosta Moreta, Luis \u201cEl Gallo\u201d, pidi\u00f3 hoy el rechazo a las presiones para la fijaci\u00f3n de cuotas de braceros haitianos, que&hellip;<\/p>\n","protected":false},"author":2,"featured_media":103251,"comment_status":"open","ping_status":"open","sticky":false,"template":"","format":"standard","meta":{"content-type":"","jetpack_post_was_ever_published":false,"_jetpack_newsletter_access":"","_jetpack_dont_email_post_to_subs":false,"_jetpack_newsletter_tier_id":0,"_jetpack_memberships_contains_paywalled_content":false,"_jetpack_memberships_contains_paid_content":false,"footnotes":""},"categories":[16559],"tags":[377,21604,1208,8143,1045],"class_list":["post-103250","post","type-post","status-publish","format-standard","has-post-thumbnail","hentry","category-politica","tag-amnistia-internacional","tag-los-obispos","tag-luis-el-gallo","tag-posicion","tag-preocupante"],"jetpack_featured_media_url":"https:\/\/lasprimeras.com.do\/wp-content\/uploads\/2025\/07\/OBISPO.jpg","jetpack-related-posts":[{"id":115275,"url":"https:\/\/lasprimeras.com.do\/index.php\/2025\/11\/20\/luis-el-gallo-rechaza-denuncias-de-amnistia-internacional-y-senala-son-viles-mentiras\/","url_meta":{"origin":103250,"position":0},"title":"Luis \u201cEl Gallo\u201d rechaza denuncias de Amnist\u00eda Internacional y se\u00f1ala son viles mentiras","author":"Nelson Feliz","date":"20 de noviembre de 2025","format":false,"excerpt":"El presidente de la Uni\u00f3n Dem\u00f3crata Cristiana -UDC-, Luis Acosta Moreta, Luis \u201cEl Gallo\u201d, rechaz\u00f3 hoy por mentirosas y viles las denuncias de Amnist\u00eda Internacional de que en el pa\u00eds se da a las parturientas haitianas un trato racista, discriminatorio y violador de los derechos humanos. Dijo que por el\u2026","rel":"","context":"En \u00abPOLITICA\u00bb","block_context":{"text":"POLITICA","link":"https:\/\/lasprimeras.com.do\/index.php\/category\/politica\/"},"img":{"alt_text":"","src":"https:\/\/i0.wp.com\/lasprimeras.com.do\/wp-content\/uploads\/2025\/11\/Luis-Acosta-Moreta.jpeg?resize=350%2C200&ssl=1","width":350,"height":200,"srcset":"https:\/\/i0.wp.com\/lasprimeras.com.do\/wp-content\/uploads\/2025\/11\/Luis-Acosta-Moreta.jpeg?resize=350%2C200&ssl=1 1x, https:\/\/i0.wp.com\/lasprimeras.com.do\/wp-content\/uploads\/2025\/11\/Luis-Acosta-Moreta.jpeg?resize=525%2C300&ssl=1 1.5x, https:\/\/i0.wp.com\/lasprimeras.com.do\/wp-content\/uploads\/2025\/11\/Luis-Acosta-Moreta.jpeg?resize=700%2C400&ssl=1 2x"},"classes":[]},{"id":80121,"url":"https:\/\/lasprimeras.com.do\/index.php\/2024\/04\/04\/luis-el-gallo-rechaza-en-rd-se-practique-racismo-y-plantea-hay-que-deportar-todos-los-ilegales-haitianos\/","url_meta":{"origin":103250,"position":1},"title":"Luis \u201cEl Gallo\u201d rechaza en RD se practique racismo, y plantea hay que deportar todos los ilegales haitianos","author":"BIMARY DE JES\u00daS Matos","date":"4 de abril de 2024","format":false,"excerpt":"Santo Domingo.-El presidente de la Uni\u00f3n Dem\u00f3crata Cristiana \u2013UDC-, Luis Acosta Moreta, Luis \u201cEl Gallo\u201d rechaz\u00f3 hoy que en la Rep\u00fablica Dominicana se practique el racismo y la violaci\u00f3n de los derechos humanos de los haitianos, y destac\u00f3 que las deportaciones de ilegales tienen que continuar. Se\u00f1al\u00f3 que la organizaci\u00f3n\u2026","rel":"","context":"En \u00abSin categor\u00eda\u00bb","block_context":{"text":"Sin categor\u00eda","link":"https:\/\/lasprimeras.com.do\/index.php\/category\/sin-categoria\/"},"img":{"alt_text":"","src":"https:\/\/i0.wp.com\/lasprimeras.com.do\/wp-content\/uploads\/2024\/04\/WhatsApp-Image-2024-04-04-at-7.51.08-AM.jpeg?resize=350%2C200&ssl=1","width":350,"height":200,"srcset":"https:\/\/i0.wp.com\/lasprimeras.com.do\/wp-content\/uploads\/2024\/04\/WhatsApp-Image-2024-04-04-at-7.51.08-AM.jpeg?resize=350%2C200&ssl=1 1x, https:\/\/i0.wp.com\/lasprimeras.com.do\/wp-content\/uploads\/2024\/04\/WhatsApp-Image-2024-04-04-at-7.51.08-AM.jpeg?resize=525%2C300&ssl=1 1.5x, https:\/\/i0.wp.com\/lasprimeras.com.do\/wp-content\/uploads\/2024\/04\/WhatsApp-Image-2024-04-04-at-7.51.08-AM.jpeg?resize=700%2C400&ssl=1 2x, https:\/\/i0.wp.com\/lasprimeras.com.do\/wp-content\/uploads\/2024\/04\/WhatsApp-Image-2024-04-04-at-7.51.08-AM.jpeg?resize=1050%2C600&ssl=1 3x"},"classes":[]},{"id":88682,"url":"https:\/\/lasprimeras.com.do\/index.php\/2024\/09\/02\/luis-el-gallo-rechaza-en-rd-haya-racismo-y-discriminacion\/","url_meta":{"origin":103250,"position":2},"title":"Luis \u201cEl Gallo\u201d rechaza en RD haya racismo y discriminaci\u00f3n","author":"Nelson Feliz","date":"2 de septiembre de 2024","format":false,"excerpt":"El presidente de la Uni\u00f3n Dem\u00f3crata Cristiana \u2013UDC-, Luis Acosta Moreta, Luis \u201cEl Gallo\u201d, rechaz\u00f3 hoy las acusaciones de que en el pa\u00eds se practique el racismo y la discriminaci\u00f3n contra los haitianos, y dijo que la aseveraci\u00f3n es una muestra de insolencia e irrespeto de Amnist\u00eda Internacional. Apunt\u00f3 que\u2026","rel":"","context":"En \u00abSin categor\u00eda\u00bb","block_context":{"text":"Sin categor\u00eda","link":"https:\/\/lasprimeras.com.do\/index.php\/category\/sin-categoria\/"},"img":{"alt_text":"","src":"https:\/\/i0.wp.com\/lasprimeras.com.do\/wp-content\/uploads\/2024\/09\/GALLO.jpeg?resize=350%2C200&ssl=1","width":350,"height":200,"srcset":"https:\/\/i0.wp.com\/lasprimeras.com.do\/wp-content\/uploads\/2024\/09\/GALLO.jpeg?resize=350%2C200&ssl=1 1x, https:\/\/i0.wp.com\/lasprimeras.com.do\/wp-content\/uploads\/2024\/09\/GALLO.jpeg?resize=525%2C300&ssl=1 1.5x, https:\/\/i0.wp.com\/lasprimeras.com.do\/wp-content\/uploads\/2024\/09\/GALLO.jpeg?resize=700%2C400&ssl=1 2x"},"classes":[]},{"id":100872,"url":"https:\/\/lasprimeras.com.do\/index.php\/2025\/06\/13\/luis-el-gallo-rechaza-la-regulacion-haitianos\/","url_meta":{"origin":103250,"position":3},"title":"Luis \u201cEl Gallo\u201d rechaza la regulaci\u00f3n haitianos","author":"Nelson Feliz","date":"13 de junio de 2025","format":false,"excerpt":"Pide a la iglesia cat\u00f3lica unirse al pueblo con las deportaciones El presidente de la Uni\u00f3n Dem\u00f3crata Cristiana \u2013UDC-, Luis Acosta Moreta, Luis \u201cEl Gallo\u201d, defendi\u00f3 hoy el derecho del gobierno y el pueblo dominicano a deportar a indocumentados, y pidi\u00f3 a los jesuitas que pensaran m\u00e1s en los intereses\u2026","rel":"","context":"En \u00abPOLITICA\u00bb","block_context":{"text":"POLITICA","link":"https:\/\/lasprimeras.com.do\/index.php\/category\/politica\/"},"img":{"alt_text":"","src":"https:\/\/i0.wp.com\/lasprimeras.com.do\/wp-content\/uploads\/2025\/06\/GALLO-1.jpg?resize=350%2C200&ssl=1","width":350,"height":200,"srcset":"https:\/\/i0.wp.com\/lasprimeras.com.do\/wp-content\/uploads\/2025\/06\/GALLO-1.jpg?resize=350%2C200&ssl=1 1x, https:\/\/i0.wp.com\/lasprimeras.com.do\/wp-content\/uploads\/2025\/06\/GALLO-1.jpg?resize=525%2C300&ssl=1 1.5x"},"classes":[]},{"id":88547,"url":"https:\/\/lasprimeras.com.do\/index.php\/2024\/08\/30\/amnistia-internacional-reitera-que-en-rd-se-ejerce-el-racismo-contra-los-haitianos\/","url_meta":{"origin":103250,"position":4},"title":"Amnist\u00eda Internacional reitera que en RD se ejerce el racismo contra los haitianos","author":"Nelson Feliz","date":"30 de agosto de 2024","format":false,"excerpt":"Santo Domingo, (EFE). \u2013 Amnist\u00eda Internacional (AI) reaccion\u00f3 a lo dicho este jueves por la vicepresidenta dominicana, Raquel Pe\u00f1a, de que en el pa\u00eds no se ejecutan pol\u00edticas migratorias racistas, al lamentar que esta se limitara a negar la evidencia sobre el maltratado que, seg\u00fan esa organizaci\u00f3n, sufren ciudadanos haitianos\u2026","rel":"","context":"En \u00abNACIONALES\u00bb","block_context":{"text":"NACIONALES","link":"https:\/\/lasprimeras.com.do\/index.php\/category\/nacionales\/"},"img":{"alt_text":"haitianos","src":"https:\/\/i0.wp.com\/lasprimeras.com.do\/wp-content\/uploads\/2023\/09\/haitianos.jpeg?resize=350%2C200&ssl=1","width":350,"height":200,"srcset":"https:\/\/i0.wp.com\/lasprimeras.com.do\/wp-content\/uploads\/2023\/09\/haitianos.jpeg?resize=350%2C200&ssl=1 1x, https:\/\/i0.wp.com\/lasprimeras.com.do\/wp-content\/uploads\/2023\/09\/haitianos.jpeg?resize=525%2C300&ssl=1 1.5x, https:\/\/i0.wp.com\/lasprimeras.com.do\/wp-content\/uploads\/2023\/09\/haitianos.jpeg?resize=700%2C400&ssl=1 2x"},"classes":[]},{"id":81728,"url":"https:\/\/lasprimeras.com.do\/index.php\/2024\/04\/24\/luis-el-gallo-rechaza-acusaciones-de-que-rd-da-trato-inhumano-a-los-haitianos-ilegales\/","url_meta":{"origin":103250,"position":5},"title":"Luis \u201cEl Gallo\u201d rechaza acusaciones de que RD da trato inhumano a los haitianos ilegales","author":"BIMARY DE JES\u00daS Matos","date":"24 de abril de 2024","format":false,"excerpt":"Santo Domingo.-El presidente de la Uni\u00f3n Dem\u00f3crata Cristiana -UDC-, Luis Acosta Moreta, Luis \u201cEl Gallo\u201d, rechaz\u00f3 hoy las acusaciones internacionales de que en la Rep\u00fablica Dominicana se da un trato inhumano a los migrantes haitianos, y calific\u00f3 el informe de las Naciones Unidas de ser un malsano chantaje. Indic\u00f3 que\u2026","rel":"","context":"En \u00abNACIONALES\u00bb","block_context":{"text":"NACIONALES","link":"https:\/\/lasprimeras.com.do\/index.php\/category\/nacionales\/"},"img":{"alt_text":"","src":"https:\/\/i0.wp.com\/lasprimeras.com.do\/wp-content\/uploads\/2024\/04\/IMG-20240424-WA0009.jpg?resize=350%2C200&ssl=1","width":350,"height":200},"classes":[]}],"jetpack_sharing_enabled":true,"_links":{"self":[{"href":"https:\/\/lasprimeras.com.do\/index.php\/wp-json\/wp\/v2\/posts\/103250","targetHints":{"allow":["GET"]}}],"collection":[{"href":"https:\/\/lasprimeras.com.do\/index.php\/wp-json\/wp\/v2\/posts"}],"about":[{"href":"https:\/\/lasprimeras.com.do\/index.php\/wp-json\/wp\/v2\/types\/post"}],"author":[{"embeddable":true,"href":"https:\/\/lasprimeras.com.do\/index.php\/wp-json\/wp\/v2\/users\/2"}],"replies":[{"embeddable":true,"href":"https:\/\/lasprimeras.com.do\/index.php\/wp-json\/wp\/v2\/comments?post=103250"}],"version-history":[{"count":1,"href":"https:\/\/lasprimeras.com.do\/index.php\/wp-json\/wp\/v2\/posts\/103250\/revisions"}],"predecessor-version":[{"id":103252,"href":"https:\/\/lasprimeras.com.do\/index.php\/wp-json\/wp\/v2\/posts\/103250\/revisions\/103252"}],"wp:featuredmedia":[{"embeddable":true,"href":"https:\/\/lasprimeras.com.do\/index.php\/wp-json\/wp\/v2\/media\/103251"}],"wp:attachment":[{"href":"https:\/\/lasprimeras.com.do\/index.php\/wp-json\/wp\/v2\/media?parent=103250"}],"wp:term":[{"taxonomy":"category","embeddable":true,"href":"https:\/\/lasprimeras.com.do\/index.php\/wp-json\/wp\/v2\/categories?post=103250"},{"taxonomy":"post_tag","embeddable":true,"href":"https:\/\/lasprimeras.com.do\/index.php\/wp-json\/wp\/v2\/tags?post=103250"}],"curies":[{"name":"wp","href":"https:\/\/api.w.org\/{rel}","templated":true}]}}