{"id":103298,"date":"2025-07-14T11:33:46","date_gmt":"2025-07-14T15:33:46","guid":{"rendered":"https:\/\/lasprimeras.com.do\/?p=103298"},"modified":"2025-07-14T11:33:48","modified_gmt":"2025-07-14T15:33:48","slug":"especialistas-de-latinoamerica-debatiran-en-ny-sobre-migracion-inequidad-y-democracia","status":"publish","type":"post","link":"https:\/\/lasprimeras.com.do\/index.php\/2025\/07\/14\/especialistas-de-latinoamerica-debatiran-en-ny-sobre-migracion-inequidad-y-democracia\/","title":{"rendered":"Especialistas de Latinoam\u00e9rica debatir\u00e1n en NY sobre Migraci\u00f3n, Inequidad y Democracia"},"content":{"rendered":"\n<p><strong>Con la participaci\u00f3n de expertos de Rep\u00fablica Dominicana, Venezuela y Hait\u00ed, la revista Pa\u00eds Dominicano Tem\u00e1tico presenta su edici\u00f3n 21 sobre migraci\u00f3n.<\/strong><\/p>\n\n\n\n<p><strong>Nueva York. \u2013 <\/strong>En un contexto global marcado cada vez m\u00e1s por desplazamientos forzados, fracturas institucionales y desigualdades crecientes, la revista Pa\u00eds Dominicano Tem\u00e1tico presentar\u00e1 en Nueva York su edici\u00f3n n\u00famero 21 con un panel internacional que propone pensar cr\u00edticamente el presente de nuestras sociedades: \u201cMigraci\u00f3n, Inequidad y Democracia\u201d.<\/p>\n\n\n\n<p>El acto de este viernes 18, a las 6:00 de la tarde, tendr\u00e1 de escenario el auditorio de la Direcci\u00f3n de Cultura Dominicana en el Exterior, en el 2406 de Amsterdam Avenue, 4to piso, en Manhattan.<\/p>\n\n\n\n<p>El evento, concebido como un espacio de reflexi\u00f3n regional, contar\u00e1 con la participaci\u00f3n de tres destacados panelistas provenientes de la Rep\u00fablica Dominicana, Venezuela y Hait\u00ed.<\/p>\n\n\n\n<p>La moderaci\u00f3n estar\u00e1 a cargo del periodista y escritor Rafael Menoscal Reynoso, director de la revista y del peri\u00f3dico digital El Pa\u00eds Dominicano, adem\u00e1s de presidente del Consejo de Acceso a la Informaci\u00f3n por la Transparencia (CODAIT).<\/p>\n\n\n\n<p>Con una trayectoria consolidada como promotor de pensamiento cr\u00edtico, Menoscal Reynoso ha convertido Pa\u00eds Dominicano Tem\u00e1tico en una publicaci\u00f3n de debates y referencia para el an\u00e1lisis de los fen\u00f3menos sociopol\u00edticos que impactan a Iberoam\u00e9rica.<\/p>\n\n\n\n<p>Bajo su direcci\u00f3n, la revista ha logrado sostener un enfoque plural, riguroso y comprometido con los desaf\u00edos contempor\u00e1neos que enfrentan las democracias en contextos de alta vulnerabilidad.<\/p>\n\n\n\n<p>Los panelistas son el Dr. Fernando Aquino, PhD, acad\u00e9mico dominicano radicado en Nueva York, investigador del Graduate Center de CUNY y especialista en migraci\u00f3n y participaci\u00f3n pol\u00edtica de la di\u00e1spora caribe\u00f1a.<\/p>\n\n\n\n<p>Aquino ha sido una de las voces m\u00e1s activas en el debate sobre la representaci\u00f3n pol\u00edtica de los dominicanos en el exterior, y ha colaborado con iniciativas que buscan ampliar su incidencia en la vida c\u00edvica estadounidense.<\/p>\n\n\n\n<p>De Venezuela expondr\u00e1 la Dra. Cristina Ciordia, polit\u00f3loga, defensora de derechos humanos y coordinadora de incidencia en la reconocida ONG CEPAZ. Su intervenci\u00f3n se centrar\u00e1 en el impacto de la migraci\u00f3n forzada venezolana, la feminizaci\u00f3n de la pobreza y el retroceso democr\u00e1tico bajo reg\u00edmenes autoritarios.<\/p>\n\n\n\n<p>Ciordia ha participado en foros internacionales sobre el rol de la sociedad civil en tiempos de crisis pol\u00edtica.<\/p>\n\n\n\n<p>Por su parte, el Dr. Jean\u2011Rony Monestime Andr\u00e9, intelectual haitiano, soci\u00f3logo e historiador, aportar\u00e1 una mirada profunda sobre la di\u00e1spora haitiana, la crisis estructural de su pa\u00eds y la construcci\u00f3n de nuevas formas de ciudadan\u00eda transnacional.<\/p>\n\n\n\n<p>Es autor de obras que cuestionan las versiones oficiales de la historia haitiana y ha abogado por una mayor integraci\u00f3n regional basada en el respeto mutuo y la justicia social.<\/p>\n\n\n\n<p>El panel se inscribe en una coyuntura regional que exige respuestas integradas. Migraci\u00f3n, inequidad y democracia ya no pueden abordarse por separado: son parte de un mismo sistema de causas y consecuencias.<\/p>\n\n\n\n<p>La edici\u00f3n 21 de la revista se adentra en ese complejo entramado, con colaboraciones de acad\u00e9micos, periodistas e investigadores que analizan los flujos migratorios desde m\u00faltiples aristas: econ\u00f3micas, pol\u00edticas, \u00e9ticas y culturales.<\/p>\n\n\n\n<p>M\u00e1s all\u00e1 de la presentaci\u00f3n formal de la revista, este encuentro busca generar propuestas concretas. Se debatir\u00e1 sobre la necesidad de pol\u00edticas migratorias humanistas, el fortalecimiento institucional en pa\u00edses con democracias fr\u00e1giles, la amenaza de la desinformaci\u00f3n digital y el papel de los medios de comunicaci\u00f3n frente al auge de narrativas de odio y exclusi\u00f3n.<\/p>\n\n\n\n<p>Para Menoscal Reynoso, el panel constituye una \u201ciniciativa necesaria para pensar el presente sin simplificaciones, desde el di\u00e1logo entre experiencias distintas, pero conectadas por desaf\u00edos comunes\u201d.<\/p>\n\n\n\n<p>A su juicio, \u201clas fronteras son f\u00edsicas, pero tambi\u00e9n narrativas. Y romper esas narrativas es una tarea urgente si queremos sostener alguna forma de futuro democr\u00e1tico\u201d.<\/p>\n\n\n\n<p>El evento est\u00e1 abierto al p\u00fablico y convoca a acad\u00e9micos, estudiantes, periodistas, activistas, diplom\u00e1ticos y miembros de la comunidad dominicana y latinoamericana en Nueva York. Se espera una asistencia plural y participativa, con presencia de medios, instituciones culturales y l\u00edderes comunitarios.<\/p>\n\n\n\n<p>La entrada es libre, con registro previo en la Direcci\u00f3n de Cultura Dominicana en el Exterior. Al finalizar el panel, se pondr\u00e1 a disposici\u00f3n del p\u00fablico la nueva edici\u00f3n impresa de la revista, junto a un conversatorio informal entre los asistentes y panelistas.<\/p>\n","protected":false},"excerpt":{"rendered":"<p>Con la participaci\u00f3n de expertos de Rep\u00fablica Dominicana, Venezuela y Hait\u00ed, la revista Pa\u00eds Dominicano Tem\u00e1tico presenta su edici\u00f3n 21 sobre migraci\u00f3n. Nueva York. \u2013 En un contexto global marcado&hellip;<\/p>\n","protected":false},"author":10,"featured_media":103299,"comment_status":"open","ping_status":"open","sticky":false,"template":"","format":"standard","meta":{"content-type":"","jetpack_post_was_ever_published":false,"_jetpack_newsletter_access":"","_jetpack_dont_email_post_to_subs":false,"_jetpack_newsletter_tier_id":0,"_jetpack_memberships_contains_paywalled_content":false,"_jetpack_memberships_contains_paid_content":false,"footnotes":""},"categories":[16289],"tags":[607,1235,21626,21625,930,104],"class_list":["post-103298","post","type-post","status-publish","format-standard","has-post-thumbnail","hentry","category-internacionales","tag-democracia","tag-especialistas","tag-inequidad","tag-latinoamerica-2","tag-migracion","tag-nueva-york"],"jetpack_featured_media_url":"https:\/\/lasprimeras.com.do\/wp-content\/uploads\/2025\/07\/ESPECIALISTAS.jpg","jetpack-related-posts":[{"id":93769,"url":"https:\/\/lasprimeras.com.do\/index.php\/2025\/02\/19\/dicta-conferencia-la-evolucion-de-la-democracia-en-rd-en-universidad-columbia-ny\/","url_meta":{"origin":103298,"position":0},"title":"Dicta conferencia \u00abLa Evoluci\u00f3n de la Democracia en RD\u00bb en Universidad Columbia-NY","author":"Nelson Feliz","date":"19 de febrero de 2025","format":false,"excerpt":"Por Ram\u00f3n Mercedes NUEVA YORK.- La Universidad de Columbia en esta ciudad fue escenario este lunes de la conferencia \u00abLa Evoluci\u00f3n de la Democracia en la Rep\u00fablica Dominicana\u00bb, dictada por el abogado, consultor y director del Observatorio Pol\u00edtico Dominicano (OPD-FUNGLODE), Nathanael Concepci\u00f3n, con la iniciativa de \u00abJuventud Hablemos\u00bb. Asistieron el\u2026","rel":"","context":"En \u00abINTERNACIONALES\u00bb","block_context":{"text":"INTERNACIONALES","link":"https:\/\/lasprimeras.com.do\/index.php\/category\/sin-categoria\/internacionales\/"},"img":{"alt_text":"","src":"https:\/\/i0.wp.com\/lasprimeras.com.do\/wp-content\/uploads\/2025\/02\/WhatsApp-Image-2025-02-19-at-4.38.52-AM.jpeg?resize=350%2C200&ssl=1","width":350,"height":200,"srcset":"https:\/\/i0.wp.com\/lasprimeras.com.do\/wp-content\/uploads\/2025\/02\/WhatsApp-Image-2025-02-19-at-4.38.52-AM.jpeg?resize=350%2C200&ssl=1 1x, https:\/\/i0.wp.com\/lasprimeras.com.do\/wp-content\/uploads\/2025\/02\/WhatsApp-Image-2025-02-19-at-4.38.52-AM.jpeg?resize=525%2C300&ssl=1 1.5x"},"classes":[]},{"id":108022,"url":"https:\/\/lasprimeras.com.do\/index.php\/2025\/09\/02\/frente-amplio-reflexiona-sobre-situacion-de-democracia-en-rd\/","url_meta":{"origin":103298,"position":1},"title":"Frente Amplio reflexiona sobre situaci\u00f3n de democracia en RD","author":"Nelson Feliz","date":"2 de septiembre de 2025","format":false,"excerpt":"El Frente Amplio concluy\u00f3 su \"V Simposio Nacional\" dedicado a analizar, reflexionar y eventualmente construir colectivamente propuestas acerca de qu\u00e9 hacer y c\u00f3mo encarar los retos identificados. \u201cA la democracia dominicana le falta sustancia, justicia social, ganar la confianza de la ciudadan\u00eda en las instituciones, le falta superar las inequidades\u2026","rel":"","context":"En \u00abPOLITICA\u00bb","block_context":{"text":"POLITICA","link":"https:\/\/lasprimeras.com.do\/index.php\/category\/politica\/"},"img":{"alt_text":"Mar\u00eda Teresa Cabrera","src":"https:\/\/i0.wp.com\/lasprimeras.com.do\/wp-content\/uploads\/2025\/09\/Simposio-1-e1756767835184.jpg?resize=350%2C200&ssl=1","width":350,"height":200,"srcset":"https:\/\/i0.wp.com\/lasprimeras.com.do\/wp-content\/uploads\/2025\/09\/Simposio-1-e1756767835184.jpg?resize=350%2C200&ssl=1 1x, https:\/\/i0.wp.com\/lasprimeras.com.do\/wp-content\/uploads\/2025\/09\/Simposio-1-e1756767835184.jpg?resize=525%2C300&ssl=1 1.5x"},"classes":[]},{"id":66428,"url":"https:\/\/lasprimeras.com.do\/index.php\/2023\/11\/07\/anibal-de-castrord-debe-presentar-su-propia-narrativa-de-las-relaciones-con-haiti\/","url_meta":{"origin":103298,"position":2},"title":"An\u00edbal de Castro:&#8221;RD debe presentar su propia narrativa de las relaciones con Hait\u00ed&#8221;","author":"Nelson Feliz","date":"7 de noviembre de 2023","format":false,"excerpt":"El exembajador An\u00edbal de Castro consider\u00f3 que \u201cla Rep\u00fablica Dominicana est\u00e1 obligada a presentar su propia narrativa sobre sus relaciones con Hait\u00ed\u201d porque las informaciones que se manejan en el exterior \u201cest\u00e1n grandemente divorciadas de la realidad\u201d. Dijo que fuera del pa\u00eds \u201cno se nos hace justicia\u201d y se colocan\u2026","rel":"","context":"En \u00abNACIONALES\u00bb","block_context":{"text":"NACIONALES","link":"https:\/\/lasprimeras.com.do\/index.php\/category\/nacionales\/"},"img":{"alt_text":"An\u00edbal de Castro","src":"https:\/\/i0.wp.com\/lasprimeras.com.do\/wp-content\/uploads\/2023\/11\/Anibal-De-Castro.jpg?resize=350%2C200&ssl=1","width":350,"height":200,"srcset":"https:\/\/i0.wp.com\/lasprimeras.com.do\/wp-content\/uploads\/2023\/11\/Anibal-De-Castro.jpg?resize=350%2C200&ssl=1 1x, https:\/\/i0.wp.com\/lasprimeras.com.do\/wp-content\/uploads\/2023\/11\/Anibal-De-Castro.jpg?resize=525%2C300&ssl=1 1.5x, https:\/\/i0.wp.com\/lasprimeras.com.do\/wp-content\/uploads\/2023\/11\/Anibal-De-Castro.jpg?resize=700%2C400&ssl=1 2x, https:\/\/i0.wp.com\/lasprimeras.com.do\/wp-content\/uploads\/2023\/11\/Anibal-De-Castro.jpg?resize=1050%2C600&ssl=1 3x"},"classes":[]},{"id":105160,"url":"https:\/\/lasprimeras.com.do\/index.php\/2025\/07\/31\/lideres-hispanos-valoran-celebracion-en-ny-de-xxlv-cumbre-latinoamerica\/","url_meta":{"origin":103298,"position":3},"title":"L\u00edderes hispanos valoran celebraci\u00f3n en NY de XXlV Cumbre Latinoam\u00e9rica","author":"Nelson Feliz","date":"31 de julio de 2025","format":false,"excerpt":"https:\/\/www.youtube.com\/watch?v=IOnSP_MNc_8 Por Ram\u00f3n Mercedes NUEVA YORK.- L\u00edderes hispanos de varios pa\u00edses (RD, Ecuador, Colombia, M\u00e9xico y Per\u00fa) valoraron en esta ciudad la celebraci\u00f3n de la XXlV Cumbre Latinoam\u00e9rica de Marketing Pol\u00edtico y Gobernanza. En dicho c\u00f3nclave, efectuado el pasado fin de semana, se plantearon temas pol\u00edticos, de la gobernanza y\u2026","rel":"","context":"En \u00abINTERNACIONALES\u00bb","block_context":{"text":"INTERNACIONALES","link":"https:\/\/lasprimeras.com.do\/index.php\/category\/sin-categoria\/internacionales\/"},"img":{"alt_text":"","src":"https:\/\/i0.wp.com\/lasprimeras.com.do\/wp-content\/uploads\/2025\/07\/WhatsApp-Image-2025-07-30-at-7.21.11-AM.jpeg?resize=350%2C200&ssl=1","width":350,"height":200,"srcset":"https:\/\/i0.wp.com\/lasprimeras.com.do\/wp-content\/uploads\/2025\/07\/WhatsApp-Image-2025-07-30-at-7.21.11-AM.jpeg?resize=350%2C200&ssl=1 1x, https:\/\/i0.wp.com\/lasprimeras.com.do\/wp-content\/uploads\/2025\/07\/WhatsApp-Image-2025-07-30-at-7.21.11-AM.jpeg?resize=525%2C300&ssl=1 1.5x"},"classes":[]},{"id":108759,"url":"https:\/\/lasprimeras.com.do\/index.php\/2025\/09\/10\/abinader-destaca-madurez-politica-de-republica-dominicana-en-dialogo-de-alto-nivel-sobre-haiti\/","url_meta":{"origin":103298,"position":4},"title":"Abinader destaca madurez pol\u00edtica de Rep\u00fablica Dominicana en di\u00e1logo de alto nivel sobre Hait\u00ed","author":"Nelson Feliz","date":"10 de septiembre de 2025","format":false,"excerpt":"El mandatario abordar\u00e1 el abandono de la comunidad internacional ante crisis haitiana en su intervenci\u00f3n en la Asamblea General de la ONU. El presidente Luis Abinader felicit\u00f3 y agradeci\u00f3 al liderazgo pol\u00edtico dominicano por su participaci\u00f3n en el di\u00e1logo de alto nivel sobre la crisis en Hait\u00ed, convocado por el\u2026","rel":"","context":"En \u00abNACIONALES\u00bb","block_context":{"text":"NACIONALES","link":"https:\/\/lasprimeras.com.do\/index.php\/category\/nacionales\/"},"img":{"alt_text":"Luis Abinader","src":"https:\/\/i0.wp.com\/lasprimeras.com.do\/wp-content\/uploads\/2025\/07\/Luis-Abinader-9.jpg?resize=350%2C200&ssl=1","width":350,"height":200,"srcset":"https:\/\/i0.wp.com\/lasprimeras.com.do\/wp-content\/uploads\/2025\/07\/Luis-Abinader-9.jpg?resize=350%2C200&ssl=1 1x, https:\/\/i0.wp.com\/lasprimeras.com.do\/wp-content\/uploads\/2025\/07\/Luis-Abinader-9.jpg?resize=525%2C300&ssl=1 1.5x, https:\/\/i0.wp.com\/lasprimeras.com.do\/wp-content\/uploads\/2025\/07\/Luis-Abinader-9.jpg?resize=700%2C400&ssl=1 2x"},"classes":[]},{"id":109705,"url":"https:\/\/lasprimeras.com.do\/index.php\/2025\/09\/21\/obmica-impulsa-debate-sobre-migracion-y-derecho-a-la-salud-en-republica-dominicana\/","url_meta":{"origin":103298,"position":5},"title":"OBMICA impulsa debate sobre migraci\u00f3n y derecho a la salud en Rep\u00fablica Dominicana","author":"Nelson Feliz","date":"21 de septiembre de 2025","format":false,"excerpt":"Advierten que atribuir los problemas del sistema de salud a la poblaci\u00f3n migrante es un \u201cdiscurso sin evidencia\u201d El Centro para la Observaci\u00f3n Migratoria y Desarrollo Social en el Caribe (OBMICA) celebr\u00f3 el pasado 11 de septiembre el seminario \u201cMigraci\u00f3n y Salud en la Rep\u00fablica Dominicana\u201d, donde expertos nacionales e\u2026","rel":"","context":"En \u00abNACIONALES\u00bb","block_context":{"text":"NACIONALES","link":"https:\/\/lasprimeras.com.do\/index.php\/category\/nacionales\/"},"img":{"alt_text":"","src":"https:\/\/i0.wp.com\/lasprimeras.com.do\/wp-content\/uploads\/2025\/09\/SEMINARIO.jpg?resize=350%2C200&ssl=1","width":350,"height":200,"srcset":"https:\/\/i0.wp.com\/lasprimeras.com.do\/wp-content\/uploads\/2025\/09\/SEMINARIO.jpg?resize=350%2C200&ssl=1 1x, https:\/\/i0.wp.com\/lasprimeras.com.do\/wp-content\/uploads\/2025\/09\/SEMINARIO.jpg?resize=525%2C300&ssl=1 1.5x, https:\/\/i0.wp.com\/lasprimeras.com.do\/wp-content\/uploads\/2025\/09\/SEMINARIO.jpg?resize=700%2C400&ssl=1 2x"},"classes":[]}],"jetpack_sharing_enabled":true,"_links":{"self":[{"href":"https:\/\/lasprimeras.com.do\/index.php\/wp-json\/wp\/v2\/posts\/103298","targetHints":{"allow":["GET"]}}],"collection":[{"href":"https:\/\/lasprimeras.com.do\/index.php\/wp-json\/wp\/v2\/posts"}],"about":[{"href":"https:\/\/lasprimeras.com.do\/index.php\/wp-json\/wp\/v2\/types\/post"}],"author":[{"embeddable":true,"href":"https:\/\/lasprimeras.com.do\/index.php\/wp-json\/wp\/v2\/users\/10"}],"replies":[{"embeddable":true,"href":"https:\/\/lasprimeras.com.do\/index.php\/wp-json\/wp\/v2\/comments?post=103298"}],"version-history":[{"count":1,"href":"https:\/\/lasprimeras.com.do\/index.php\/wp-json\/wp\/v2\/posts\/103298\/revisions"}],"predecessor-version":[{"id":103300,"href":"https:\/\/lasprimeras.com.do\/index.php\/wp-json\/wp\/v2\/posts\/103298\/revisions\/103300"}],"wp:featuredmedia":[{"embeddable":true,"href":"https:\/\/lasprimeras.com.do\/index.php\/wp-json\/wp\/v2\/media\/103299"}],"wp:attachment":[{"href":"https:\/\/lasprimeras.com.do\/index.php\/wp-json\/wp\/v2\/media?parent=103298"}],"wp:term":[{"taxonomy":"category","embeddable":true,"href":"https:\/\/lasprimeras.com.do\/index.php\/wp-json\/wp\/v2\/categories?post=103298"},{"taxonomy":"post_tag","embeddable":true,"href":"https:\/\/lasprimeras.com.do\/index.php\/wp-json\/wp\/v2\/tags?post=103298"}],"curies":[{"name":"wp","href":"https:\/\/api.w.org\/{rel}","templated":true}]}}