{"id":103362,"date":"2025-07-15T07:24:09","date_gmt":"2025-07-15T11:24:09","guid":{"rendered":"https:\/\/lasprimeras.com.do\/?p=103362"},"modified":"2025-07-15T07:24:11","modified_gmt":"2025-07-15T11:24:11","slug":"hijo-de-asesinado-jovenel-moise-el-sabia-que-habia-un-complot-pero-desconocia-los-detalles","status":"publish","type":"post","link":"https:\/\/lasprimeras.com.do\/index.php\/2025\/07\/15\/hijo-de-asesinado-jovenel-moise-el-sabia-que-habia-un-complot-pero-desconocia-los-detalles\/","title":{"rendered":"Hijo de asesinado Jovenel Mo\u00efse: &#8220;\u00c9l sab\u00eda que hab\u00eda un complot, pero desconoc\u00eda los detalles&#8221;"},"content":{"rendered":"\n<p><strong>Joverlein Mo\u00efse, hijo del mandatario, dijo que su padre se encontraba &#8220;aislado&#8221; como una medida de protecci\u00f3n.<\/strong><\/p>\n\n\n\n<p>Al cumplirse esta semana cuatro a\u00f1os del asesinato del presidente de Hait\u00ed, Jovenel Mo\u00efse, su hijo se refiri\u00f3 al complot que llev\u00f3 al tr\u00e1gico desenlace de su padre y a los obst\u00e1culos judiciales y pol\u00edticos que ha encontrado en la b\u00fasqueda de justicia por el magnicidio.<\/p>\n\n\n\n<p>En una entrevista en el programa de radio local haitiano Panel Magik difundida por el peri\u00f3dico Le Nouvelliste, Joverlein Mo\u00efse afirm\u00f3 que su padre estaba aislado, de forma voluntaria, porque sab\u00eda que hab\u00eda un complot en su contra.<\/p>\n\n\n\n<p>&#8220;\u00c9l [Jovenel Mo\u00efse] sab\u00eda que hab\u00eda un complot contra \u00e9l, pero desconoc\u00eda los detalles porque los autores y c\u00f3mplices eran muy cercanos a \u00e9l. Adem\u00e1s, estas son las mismas personas a las que pidi\u00f3 ayuda en los primeros momentos de la tragedia&#8221;, declar\u00f3 Joverlein Mo\u00efse, sin revelar nombres.<\/p>\n\n\n\n<p>Dijo que su padre se encontraba &#8220;aislado&#8221; la v\u00edspera de su asesinato como una medida de protecci\u00f3n, enfatizando que el expresidente no hab\u00eda visitado el Palacio Nacional en los d\u00edas previos a la tragedia.<\/p>\n\n\n\n<p>Critica a la justicia<\/p>\n\n\n\n<p>El joven tambi\u00e9n mencion\u00f3 una ruptura entre el presidente Jovenel Mo\u00efse y su partido pol\u00edtico, el Partido Haitiano T\u00e8t Kale (PHTK), en 2018.<\/p>\n\n\n\n<p>Cuatro a\u00f1os despu\u00e9s del crimen, ocurrido el 7 de julio de 2021, Joverlein Mo\u00efse critica el sistema judicial haitiano y el proceso en curso en Estados Unidos.<\/p>\n\n\n\n<p>La b\u00fasqueda de justicia y verdad se ha visto obstaculizada por obst\u00e1culos judiciales y pol\u00edticos, asegura el joven.<\/p>\n\n\n\n<p>El magnicidio<\/p>\n\n\n\n<p>Este lunes 7 de julio se cumplen cuatro a\u00f1os del magnicidio del \u00faltimo presidente que hasta la fecha ha tenido Hait\u00ed. El magnicidio de Jovenel Moise sigue sin esclarecerse del todo: decenas de implicados han sido arrestados, entre ellos exmilitares colombianos, empresarios haitianos y exfuncionarios del entorno presidencial.<\/p>\n\n\n\n<p>Era la 1:00 de la madrugada del 7 de julio de 2021 cuando un grupo de hombres armados irrumpi\u00f3 en la residencia privada del presidente, en el sector de P\u00e8lerin 5, en Puerto Pr\u00edncipe.<\/p>\n\n\n\n<p>Las c\u00e1maras de seguridad fueron inhabilitadas. Los guardias no opusieron resistencia. En cuesti\u00f3n de minutos, Mo\u00efse recibi\u00f3 al menos 12 disparos de fusil. Su esposa fue herida de gravedad. El ataque fue tan quir\u00fargico como brutal.<\/p>\n\n\n\n<p>La versi\u00f3n oficial que emergi\u00f3 en los d\u00edas siguientes fue ca\u00f3tica: mercenarios colombianos contratados por una empresa de seguridad en Florida, con el aparente respaldo de ciudadanos haitianos en el exilio, fueron se\u00f1alados como autores materiales.<\/p>\n\n\n\n<p>Fuente Diario Libre<\/p>\n","protected":false},"excerpt":{"rendered":"<p>Joverlein Mo\u00efse, hijo del mandatario, dijo que su padre se encontraba &#8220;aislado&#8221; como una medida de protecci\u00f3n. Al cumplirse esta semana cuatro a\u00f1os del asesinato del presidente de Hait\u00ed, Jovenel&hellip;<\/p>\n","protected":false},"author":10,"featured_media":103363,"comment_status":"open","ping_status":"open","sticky":false,"template":"","format":"standard","meta":{"content-type":"","jetpack_post_was_ever_published":false,"_jetpack_newsletter_access":"","_jetpack_dont_email_post_to_subs":false,"_jetpack_newsletter_tier_id":0,"_jetpack_memberships_contains_paywalled_content":false,"_jetpack_memberships_contains_paid_content":false,"footnotes":""},"categories":[16289],"tags":[6395,21651,21650,21649],"class_list":["post-103362","post","type-post","status-publish","format-standard","has-post-thumbnail","hentry","category-internacionales","tag-complot","tag-desconocia-los-detalles","tag-hijo-de-asesinado-jovenel-moise","tag-joverlein-moise"],"jetpack_featured_media_url":"https:\/\/lasprimeras.com.do\/wp-content\/uploads\/2025\/07\/Joverlein-Moise-1.jpg","jetpack-related-posts":[{"id":124355,"url":"https:\/\/lasprimeras.com.do\/index.php\/2026\/03\/11\/se-abre-juicio-en-miami-contra-4-hombres-acusados-del-asesinato-del-presidente-haitiano-jovenel-moise\/","url_meta":{"origin":103362,"position":0},"title":"Se abre juicio en Miami contra 4 hombres acusados \u200b\u200bdel asesinato del presidente haitiano Jovenel Mo\u00efse","author":"Nelson Feliz","date":"11 de marzo de 2026","format":false,"excerpt":"Por David Fischer MIAMI (AP) \u2014 La codicia, la arrogancia y el poder fueron las fuerzas impulsoras detr\u00e1s de cuatro hombres acusados \u200b\u200ben Estados Unidos por el asesinato en 2021 del \u00faltimo presidente electo de Hait\u00ed, Jovenel Mo\u00efse , dijeron los fiscales el martes durante las declaraciones iniciales. Fiscales federales\u2026","rel":"","context":"En \u00abINTERNACIONALES\u00bb","block_context":{"text":"INTERNACIONALES","link":"https:\/\/lasprimeras.com.do\/index.php\/category\/sin-categoria\/internacionales\/"},"img":{"alt_text":"Jovenel Mo\u00efse","src":"https:\/\/i0.wp.com\/lasprimeras.com.do\/wp-content\/uploads\/2026\/03\/Jovenel-Moise.jpg?resize=350%2C200&ssl=1","width":350,"height":200,"srcset":"https:\/\/i0.wp.com\/lasprimeras.com.do\/wp-content\/uploads\/2026\/03\/Jovenel-Moise.jpg?resize=350%2C200&ssl=1 1x, https:\/\/i0.wp.com\/lasprimeras.com.do\/wp-content\/uploads\/2026\/03\/Jovenel-Moise.jpg?resize=525%2C300&ssl=1 1.5x, https:\/\/i0.wp.com\/lasprimeras.com.do\/wp-content\/uploads\/2026\/03\/Jovenel-Moise.jpg?resize=700%2C400&ssl=1 2x"},"classes":[]},{"id":77338,"url":"https:\/\/lasprimeras.com.do\/index.php\/2024\/02\/20\/imputacion-de-la-viuda-del-presidente-de-haiti-abre-nuevo-capitulo-en-caso-de-magnicidio\/","url_meta":{"origin":103362,"position":1},"title":"Imputaci\u00f3n de la viuda del presidente de Hait\u00ed abre nuevo cap\u00edtulo en caso de magnicidio","author":"BIMARY DE JES\u00daS Matos","date":"20 de febrero de 2024","format":false,"excerpt":"Hait\u00ed.-La imputaci\u00f3n por asesinato a\u00a0Martine Mo\u00efse,\u00a0viuda del presidente haitiano\u00a0Jovenel Mo\u00efse, abre un nuevo cap\u00edtulo en la investigaci\u00f3n de este\u00a0magnicidio,\u00a0un caso por el que cinco personas ya se han declarado culpables ante la justicia de Estados Unidos, donde se planific\u00f3 y financi\u00f3 el complot. Mo\u00efse fue\u00a0torturado y asesinado\u00a0la madrugada del 7\u2026","rel":"","context":"En \u00abNACIONALES\u00bb","block_context":{"text":"NACIONALES","link":"https:\/\/lasprimeras.com.do\/index.php\/category\/nacionales\/"},"img":{"alt_text":"","src":"https:\/\/i0.wp.com\/lasprimeras.com.do\/wp-content\/uploads\/2024\/02\/image_content_7844288_20170207152647-focus-0-0-375-240.jpg?resize=350%2C200&ssl=1","width":350,"height":200},"classes":[]},{"id":102688,"url":"https:\/\/lasprimeras.com.do\/index.php\/2025\/07\/07\/hoy-se-conmemoran-cuatro-anos-del-asesinato-del-presidente-haitiano-jovenel-moise\/","url_meta":{"origin":103362,"position":2},"title":"Hoy se conmemoran cuatro a\u00f1os del asesinato del presidente haitiano Jovenel Mo\u00efse","author":"Nelson Feliz","date":"7 de julio de 2025","format":false,"excerpt":"Hoy se cumple el cuarto aniversario del asesinato del expresidente haitiano Jovenel Mo\u00efse, quien fue asesinado por un grupo de mercenarios en su residencia privada en P\u00e9tion\u2011Ville, cerca de Puerto Pr\u00edncipe, en la madrugada del 7 de julio de 2021 El ataque comenz\u00f3 alrededor de la 1 a.m., cuando un\u2026","rel":"","context":"En \u00abHISTORIA\u00bb","block_context":{"text":"HISTORIA","link":"https:\/\/lasprimeras.com.do\/index.php\/category\/historia\/"},"img":{"alt_text":"","src":"https:\/\/i0.wp.com\/lasprimeras.com.do\/wp-content\/uploads\/2025\/07\/Jovenel-Moise.jpg?resize=350%2C200&ssl=1","width":350,"height":200,"srcset":"https:\/\/i0.wp.com\/lasprimeras.com.do\/wp-content\/uploads\/2025\/07\/Jovenel-Moise.jpg?resize=350%2C200&ssl=1 1x, https:\/\/i0.wp.com\/lasprimeras.com.do\/wp-content\/uploads\/2025\/07\/Jovenel-Moise.jpg?resize=525%2C300&ssl=1 1.5x, https:\/\/i0.wp.com\/lasprimeras.com.do\/wp-content\/uploads\/2025\/07\/Jovenel-Moise.jpg?resize=700%2C400&ssl=1 2x, https:\/\/i0.wp.com\/lasprimeras.com.do\/wp-content\/uploads\/2025\/07\/Jovenel-Moise.jpg?resize=1050%2C600&ssl=1 3x"},"classes":[]},{"id":62368,"url":"https:\/\/lasprimeras.com.do\/index.php\/2023\/10\/04\/martelly-es-interrogado-4-horas-por-juez-investiga-asesinato-moise\/","url_meta":{"origin":103362,"position":3},"title":"Martelly es interrogado 4 horas por juez investiga asesinato Moise","author":"BIMARY DE JES\u00daS Matos","date":"4 de octubre de 2023","format":false,"excerpt":"Puerto Pr\u00edncipe.- El expresidente de Hait\u00ed, Michel Martelly, acudi\u00f3 este martes ante el juez de la Instrucci\u00f3n Walther Wesser Voltaire, quien investiga el asesinato del presidente Jovenel Moise, y permaneci\u00f3 durante cuatro horas respondiendo las preguntas del magistrado. Martelly, quien no ofreci\u00f3 declaraciones a los medios tras salir del interrogatorio,\u2026","rel":"","context":"En \u00abPORTADA\u00bb","block_context":{"text":"PORTADA","link":"https:\/\/lasprimeras.com.do\/index.php\/category\/portada\/"},"img":{"alt_text":"","src":"https:\/\/i0.wp.com\/lasprimeras.com.do\/wp-content\/uploads\/2023\/10\/WhatsApp-Image-2023-10-04-at-7.55.08-AM-9.jpeg?resize=350%2C200&ssl=1","width":350,"height":200,"srcset":"https:\/\/i0.wp.com\/lasprimeras.com.do\/wp-content\/uploads\/2023\/10\/WhatsApp-Image-2023-10-04-at-7.55.08-AM-9.jpeg?resize=350%2C200&ssl=1 1x, https:\/\/i0.wp.com\/lasprimeras.com.do\/wp-content\/uploads\/2023\/10\/WhatsApp-Image-2023-10-04-at-7.55.08-AM-9.jpeg?resize=525%2C300&ssl=1 1.5x"},"classes":[]},{"id":64539,"url":"https:\/\/lasprimeras.com.do\/index.php\/2023\/10\/20\/detienen-al-supuesto-planificador-del-asesinato-de-jovenel-moise\/","url_meta":{"origin":103362,"position":4},"title":"Detienen al supuesto planificador del asesinato de Jovenel Mo\u00efse","author":"Nelson Feliz","date":"20 de octubre de 2023","format":false,"excerpt":"Joseph Felix Badio, la persona que supuestamente planific\u00f3 el asesinato en 2021 del presidente haitiano Jovenel Mo\u00efse, fue detenido en Puerto Pr\u00edncipe, inform\u00f3 a EFE la Polic\u00eda. \u201cHa sido detenido\u201d, fue la escueta confirmaci\u00f3n a EFE del portavoz de la Polic\u00eda haitiana, comisario Gary Desrosiers, sobre el arresto de Felix\u2026","rel":"","context":"En \u00abSin categor\u00eda\u00bb","block_context":{"text":"Sin categor\u00eda","link":"https:\/\/lasprimeras.com.do\/index.php\/category\/sin-categoria\/"},"img":{"alt_text":"","src":"https:\/\/i0.wp.com\/lasprimeras.com.do\/wp-content\/uploads\/2023\/10\/preso.png?resize=350%2C200&ssl=1","width":350,"height":200,"srcset":"https:\/\/i0.wp.com\/lasprimeras.com.do\/wp-content\/uploads\/2023\/10\/preso.png?resize=350%2C200&ssl=1 1x, https:\/\/i0.wp.com\/lasprimeras.com.do\/wp-content\/uploads\/2023\/10\/preso.png?resize=525%2C300&ssl=1 1.5x"},"classes":[]},{"id":101030,"url":"https:\/\/lasprimeras.com.do\/index.php\/2025\/06\/15\/cuatro-anos-despues-del-asesinato-del-presidente-de-haiti-la-investigacion-sigue-estancada\/","url_meta":{"origin":103362,"position":5},"title":"Cuatro a\u00f1os despu\u00e9s del asesinato del presidente de Hait\u00ed, la investigaci\u00f3n sigue estancada","author":"Nelson Feliz","date":"15 de junio de 2025","format":false,"excerpt":"POR EVENS SANON and D\u00c1NICA COTO PUERTO PR\u00cdNCIPE, Hait\u00ed (AP) \u2014 Ning\u00fan sospechoso encarcelado en Hait\u00ed ha enfrentado juicio tras ser acusado del asesinato del presidente Jovenel Mo\u00efse, quien fue abatido a tiros en su casa en la capital del pa\u00eds hace casi cuatro a\u00f1os. La violencia de las pandillas,\u2026","rel":"","context":"En \u00abINTERNACIONALES\u00bb","block_context":{"text":"INTERNACIONALES","link":"https:\/\/lasprimeras.com.do\/index.php\/category\/sin-categoria\/internacionales\/"},"img":{"alt_text":"","src":"https:\/\/i0.wp.com\/lasprimeras.com.do\/wp-content\/uploads\/2025\/06\/seguridad-haitiana.jpg?resize=350%2C200&ssl=1","width":350,"height":200,"srcset":"https:\/\/i0.wp.com\/lasprimeras.com.do\/wp-content\/uploads\/2025\/06\/seguridad-haitiana.jpg?resize=350%2C200&ssl=1 1x, https:\/\/i0.wp.com\/lasprimeras.com.do\/wp-content\/uploads\/2025\/06\/seguridad-haitiana.jpg?resize=525%2C300&ssl=1 1.5x, https:\/\/i0.wp.com\/lasprimeras.com.do\/wp-content\/uploads\/2025\/06\/seguridad-haitiana.jpg?resize=700%2C400&ssl=1 2x"},"classes":[]}],"jetpack_sharing_enabled":true,"_links":{"self":[{"href":"https:\/\/lasprimeras.com.do\/index.php\/wp-json\/wp\/v2\/posts\/103362","targetHints":{"allow":["GET"]}}],"collection":[{"href":"https:\/\/lasprimeras.com.do\/index.php\/wp-json\/wp\/v2\/posts"}],"about":[{"href":"https:\/\/lasprimeras.com.do\/index.php\/wp-json\/wp\/v2\/types\/post"}],"author":[{"embeddable":true,"href":"https:\/\/lasprimeras.com.do\/index.php\/wp-json\/wp\/v2\/users\/10"}],"replies":[{"embeddable":true,"href":"https:\/\/lasprimeras.com.do\/index.php\/wp-json\/wp\/v2\/comments?post=103362"}],"version-history":[{"count":1,"href":"https:\/\/lasprimeras.com.do\/index.php\/wp-json\/wp\/v2\/posts\/103362\/revisions"}],"predecessor-version":[{"id":103364,"href":"https:\/\/lasprimeras.com.do\/index.php\/wp-json\/wp\/v2\/posts\/103362\/revisions\/103364"}],"wp:featuredmedia":[{"embeddable":true,"href":"https:\/\/lasprimeras.com.do\/index.php\/wp-json\/wp\/v2\/media\/103363"}],"wp:attachment":[{"href":"https:\/\/lasprimeras.com.do\/index.php\/wp-json\/wp\/v2\/media?parent=103362"}],"wp:term":[{"taxonomy":"category","embeddable":true,"href":"https:\/\/lasprimeras.com.do\/index.php\/wp-json\/wp\/v2\/categories?post=103362"},{"taxonomy":"post_tag","embeddable":true,"href":"https:\/\/lasprimeras.com.do\/index.php\/wp-json\/wp\/v2\/tags?post=103362"}],"curies":[{"name":"wp","href":"https:\/\/api.w.org\/{rel}","templated":true}]}}