{"id":103389,"date":"2025-07-15T09:13:13","date_gmt":"2025-07-15T13:13:13","guid":{"rendered":"https:\/\/lasprimeras.com.do\/?p=103389"},"modified":"2025-07-15T09:13:14","modified_gmt":"2025-07-15T13:13:14","slug":"ucranianos-agradecen-ayuda-de-eeuu-pero-ven-excesivos-los-50-dias-del-plazo-de-trump-a-putin","status":"publish","type":"post","link":"https:\/\/lasprimeras.com.do\/index.php\/2025\/07\/15\/ucranianos-agradecen-ayuda-de-eeuu-pero-ven-excesivos-los-50-dias-del-plazo-de-trump-a-putin\/","title":{"rendered":"Ucranianos agradecen ayuda de EEUU pero ven excesivos los 50 d\u00edas del plazo de Trump a Putin"},"content":{"rendered":"\n<p>POR VASILISA STEPANENKO<br>and LORNE COOK<\/p>\n\n\n\n<p>KIEV, Ucrania (AP) \u2014 Los ucranianos recibieron con agrado la promesa del presidente Donald Trump de m\u00e1s armas fabricadas en Estados Unidos en su lucha contra la invasi\u00f3n de Rusia, aunque no est\u00e1 claro qu\u00e9 recibir\u00e1n exactamente y con qu\u00e9 rapidez.<\/p>\n\n\n\n<p>El marco temporal para futuras entregas de armas que los pa\u00edses europeos han acordado pagar es crucial.<\/p>\n\n\n\n<p>Rusia ha emprendido una campa\u00f1a de verano para abrirse paso en varios tramos de los 1.000 kil\u00f3metros (620 millas) del frente, y sus drones y misiles golpean las ciudades ucranianas m\u00e1s que en cualquier otro momento en los \u00faltimos tres a\u00f1os.<\/p>\n\n\n\n<p>Los funcionarios ucranianos no han hecho comentarios directos sobre la decisi\u00f3n de Trump de dar a Rusia 50 d\u00edas para llegar a un acuerdo para poner fin a la guerra, o enfrentar lo que describi\u00f3 como sanciones econ\u00f3micas \u201cmuy severas\u201d.<\/p>\n\n\n\n<p>Aunque algunos creen que los aranceles estrictos sobre Mosc\u00fa podr\u00edan ser un factor decisivo, el aplazamiento hasta septiembre a otros les pareci\u00f3 demasiado largo.<\/p>\n\n\n\n<p>Para Rusia, el retraso de Trump en las nuevas sanciones es un respiro.<\/p>\n\n\n\n<p>\u201cOh, cu\u00e1nto puede cambiar tanto en el campo de batalla como con el estado de \u00e1nimo de quienes lideran a Estados Unidos y la OTAN en 50 d\u00edas\u201d, coment\u00f3 el legislador ruso Konstantin Kosachev.<\/p>\n\n\n\n<p>La televisi\u00f3n estatal rusa se\u00f1al\u00f3 que la decisi\u00f3n de Trump supondr\u00eda una carga financiera mayor para Europa.<\/p>\n\n\n\n<p>Rusia controla ahora alrededor del 20% de Ucrania. El ej\u00e9rcito ucraniano, agotado, ha ido perdiendo terreno recientemente, pero no hay se\u00f1ales de un colapso inminente en la l\u00ednea del frente, dicen los analistas.<\/p>\n\n\n\n<p>El presidente de Ucrania, Volodymyr Zelenskyy, dijo que habl\u00f3 con Trump despu\u00e9s del anuncio del l\u00edder republicano en la Oficina Oval el lunes, y le agradeci\u00f3 la decisi\u00f3n de enviar m\u00e1s misiles antia\u00e9reos Patriot que son vitales para defender las ciudades ucranianas.<\/p>\n\n\n\n<p>\u201cHablamos de\u2026 las medidas y decisiones necesarias para brindar mayor protecci\u00f3n a la gente de los ataques rusos y fortalecer nuestras posiciones\u201d, dijo Zelenskyy en Telegram. \u201cAcordamos hablar m\u00e1s a menudo y coordinar nuestros pasos en el futuro\u201d.<\/p>\n\n\n\n<p>Trump y Zelenskyy han tenido una relaci\u00f3n notoriamente tensa, y el consentimiento de Washington para proporcionar m\u00e1s armamento ha aliviado las preocupaciones de Kiev.<\/p>\n\n\n\n<p>Aun as\u00ed, algunos ucranianos sintieron que la decisi\u00f3n de Estados Unidos no alterar\u00e1 el curso de la guerra.<\/p>\n\n\n\n<p>\u201cSi tomamos la situaci\u00f3n en su conjunto, dif\u00edcilmente parece que esto cambiar\u00e1 fundamentalmente algo\u201d, dijo Oles Oliinyk, residente de Kiev de 33 a\u00f1os, a The Associated Press.<\/p>\n\n\n\n<p>Nina Tokar, de 70 a\u00f1os, tambi\u00e9n fue esc\u00e9ptica. \u201cTengo muy poca fe en (Trump). Hoy dice una cosa, y ma\u00f1ana puede decir otra\u201d.<\/p>\n\n\n\n<p>Un oficial del ej\u00e9rcito ucraniano que lucha en la regi\u00f3n noreste de J\u00e1rkiv en Ucrania dijo que el retraso de 50 d\u00edas en las sanciones \u201ces un tiempo muy largo\u201d.<\/p>\n\n\n\n<p>\u201cEllos (los rusos) dir\u00e1n: \u2018Denos dos semanas m\u00e1s\u2019, y luego en dos semanas, \u2018Denos otra semana\u2019. Se prolongar\u00e1 hasta octubre o noviembre\u201d, dijo a AP el militar, que se identific\u00f3 s\u00f3lo por su apodo, \u201cGato\u201d, de acuerdo con las reglas del ej\u00e9rcito ucraniano.<\/p>\n\n\n\n<p>El ministro holand\u00e9s de Exteriores, Caspar Veldkamp, estuvo de acuerdo. \u201cCreo que los 50 d\u00edas que ha anunciado el se\u00f1or Trump son bastante largos. Es hasta el 2 de septiembre. Creo que es bastante largo\u201d.<\/p>\n\n\n\n<p>Queda mucho por resolver sobre c\u00f3mo se proporcionar\u00e1n las armas, especialmente los sistemas Patriot, dijo el ministro dan\u00e9s de Exteriores, Lars L\u00f8kke Rasmussen, en Bruselas el martes.<\/p>\n\n\n\n<p>Pero, en un indicio de que Europa est\u00e1 aliviada de que Estados Unidos no se haya retirado del conflicto, agreg\u00f3: \u201cLo m\u00e1s importante es que ahora tenemos una disposici\u00f3n estadounidense para entregar estas armas tan necesarias\u201d.<\/p>\n\n\n\n<p>Algunos pa\u00edses europeos, como Hungr\u00eda y Eslovaquia, todav\u00eda dependen en gran medida de Rusia para el suministro de energ\u00eda y podr\u00edan verse gravemente afectados por las sanciones secundarias amenazadas por Trump a los pa\u00edses que compran su petr\u00f3leo y gas, un esfuerzo por aislar a Mosc\u00fa en la econom\u00eda global.<\/p>\n\n\n\n<p>El ministro lituano de Exteriores, K\u0119stutis Budrys, dijo que el retraso de 50 d\u00edas de Trump era una \u201cse\u00f1al para que Europa se prepare, porque todav\u00eda tenemos algunos estados miembros que est\u00e1n expuestos a las importaciones de petr\u00f3leo y productos petroleros de Rusia\u201d.<\/p>\n\n\n\n<p>El ministro alem\u00e1n de Defensa, Boris Pistorius, dijo que queda por ver si el anuncio de Trump ser\u00e1 un cambio de rumbo, pero \u201clo que es decisivo es que el tono ha cambiado\u201d.<\/p>\n\n\n\n<p>La amenaza del presidente de imponer sanciones despu\u00e9s de 50 d\u00edas es \u201cun progreso significativo\u201d, dijo Pistorius a la televisora ARD.<\/p>\n","protected":false},"excerpt":{"rendered":"<p>POR VASILISA STEPANENKOand LORNE COOK KIEV, Ucrania (AP) \u2014 Los ucranianos recibieron con agrado la promesa del presidente Donald Trump de m\u00e1s armas fabricadas en Estados Unidos en su lucha&hellip;<\/p>\n","protected":false},"author":10,"featured_media":103390,"comment_status":"open","ping_status":"open","sticky":false,"template":"","format":"standard","meta":{"content-type":"","jetpack_post_was_ever_published":false,"_jetpack_newsletter_access":"","_jetpack_dont_email_post_to_subs":false,"_jetpack_newsletter_tier_id":0,"_jetpack_memberships_contains_paywalled_content":false,"_jetpack_memberships_contains_paid_content":false,"footnotes":""},"categories":[16289],"tags":[978,979,21664,2708,780,421],"class_list":["post-103389","post","type-post","status-publish","format-standard","has-post-thumbnail","hentry","category-internacionales","tag-donald-trump","tag-eeuu","tag-excesivos","tag-plazo","tag-ucranianos","tag-vladimir-putin"],"jetpack_featured_media_url":"https:\/\/lasprimeras.com.do\/wp-content\/uploads\/2025\/07\/fuego-1.jpg","jetpack-related-posts":[{"id":95553,"url":"https:\/\/lasprimeras.com.do\/index.php\/2025\/03\/14\/putin-esta-de-acuerdo-en-principio-con-la-propuesta-de-alto-el-fuego-en-ucrania-y-dice-que-se-necesitan-mas-discusiones\/","url_meta":{"origin":103389,"position":0},"title":"Putin est\u00e1 de acuerdo en principio con la propuesta de alto el fuego en Ucrania y dice que se necesitan m\u00e1s discusiones","author":"Nelson Feliz","date":"14 de marzo de 2025","format":false,"excerpt":"El presidente ruso, Vladimir Putin, dijo el jueves que est\u00e1 de acuerdo en principio con la propuesta estadounidense de un alto el fuego de 30 d\u00edas en Ucrania, pero enfatiz\u00f3 que los t\u00e9rminos a\u00fan est\u00e1n por definirse y agreg\u00f3 que cualquier tregua debe allanar el camino hacia una paz duradera\u2026","rel":"","context":"En \u00abINTERNACIONALES\u00bb","block_context":{"text":"INTERNACIONALES","link":"https:\/\/lasprimeras.com.do\/index.php\/category\/sin-categoria\/internacionales\/"},"img":{"alt_text":"Vladimir Putin","src":"https:\/\/i0.wp.com\/lasprimeras.com.do\/wp-content\/uploads\/2025\/03\/Vladimir-Putin.png?resize=350%2C200&ssl=1","width":350,"height":200,"srcset":"https:\/\/i0.wp.com\/lasprimeras.com.do\/wp-content\/uploads\/2025\/03\/Vladimir-Putin.png?resize=350%2C200&ssl=1 1x, https:\/\/i0.wp.com\/lasprimeras.com.do\/wp-content\/uploads\/2025\/03\/Vladimir-Putin.png?resize=525%2C300&ssl=1 1.5x, https:\/\/i0.wp.com\/lasprimeras.com.do\/wp-content\/uploads\/2025\/03\/Vladimir-Putin.png?resize=700%2C400&ssl=1 2x"},"classes":[]},{"id":93539,"url":"https:\/\/lasprimeras.com.do\/index.php\/2025\/02\/13\/rusia-celebra-llamada-entre-trump-y-putin-zelenskyy-advierte-que-no-aceptara-acuerdo-sin-consulta\/","url_meta":{"origin":103389,"position":1},"title":"Rusia celebra llamada entre Trump y Putin; Zelenskyy advierte que no aceptar\u00e1 acuerdo sin consulta","author":"Nelson Feliz","date":"13 de febrero de 2025","format":false,"excerpt":"KHMELNYTSKI, Ucrania (AP) \u2014 Funcionarios rusos y medios estatales adoptaron un tono triunfante el jueves despu\u00e9s que el presidente de Estados Unidos, Donald Trump, desechara tres a\u00f1os de pol\u00edtica estadounidense y anunciara que probablemente se reunir\u00e1 pronto con el presidente ruso Vlad\u00edmir Putin para negociar un acuerdo de paz en\u2026","rel":"","context":"En \u00abINTERNACIONALES\u00bb","block_context":{"text":"INTERNACIONALES","link":"https:\/\/lasprimeras.com.do\/index.php\/category\/sin-categoria\/internacionales\/"},"img":{"alt_text":"","src":"https:\/\/i0.wp.com\/lasprimeras.com.do\/wp-content\/uploads\/2025\/02\/PUTIN.jpg?resize=350%2C200&ssl=1","width":350,"height":200,"srcset":"https:\/\/i0.wp.com\/lasprimeras.com.do\/wp-content\/uploads\/2025\/02\/PUTIN.jpg?resize=350%2C200&ssl=1 1x, https:\/\/i0.wp.com\/lasprimeras.com.do\/wp-content\/uploads\/2025\/02\/PUTIN.jpg?resize=525%2C300&ssl=1 1.5x, https:\/\/i0.wp.com\/lasprimeras.com.do\/wp-content\/uploads\/2025\/02\/PUTIN.jpg?resize=700%2C400&ssl=1 2x"},"classes":[]},{"id":94767,"url":"https:\/\/lasprimeras.com.do\/index.php\/2025\/03\/05\/el-kremlin-afirma-que-una-ley-ucraniana-de-2022-prohibe-a-zelenski-conversar-con-putin\/","url_meta":{"origin":103389,"position":2},"title":"El Kremlin afirma que una ley ucraniana de 2022 proh\u00edbe a Zelenski conversar con Putin","author":"Nelson Feliz","date":"5 de marzo de 2025","format":false,"excerpt":"Por LA PRENSA ASOCIADA Un decreto ucraniano de 2022 que descarta las negociaciones con el presidente ruso, Vladimir Putin, plantea la cuesti\u00f3n de qui\u00e9n podr\u00eda sentarse a la mesa en posibles conversaciones de paz destinadas a poner fin a su guerra de tres a\u00f1os , dijo el mi\u00e9rcoles el portavoz\u2026","rel":"","context":"En \u00abINTERNACIONALES\u00bb","block_context":{"text":"INTERNACIONALES","link":"https:\/\/lasprimeras.com.do\/index.php\/category\/sin-categoria\/internacionales\/"},"img":{"alt_text":"","src":"https:\/\/i0.wp.com\/lasprimeras.com.do\/wp-content\/uploads\/2025\/03\/decreto-ucraniano.png?resize=350%2C200&ssl=1","width":350,"height":200,"srcset":"https:\/\/i0.wp.com\/lasprimeras.com.do\/wp-content\/uploads\/2025\/03\/decreto-ucraniano.png?resize=350%2C200&ssl=1 1x, https:\/\/i0.wp.com\/lasprimeras.com.do\/wp-content\/uploads\/2025\/03\/decreto-ucraniano.png?resize=525%2C300&ssl=1 1.5x, https:\/\/i0.wp.com\/lasprimeras.com.do\/wp-content\/uploads\/2025\/03\/decreto-ucraniano.png?resize=700%2C400&ssl=1 2x"},"classes":[]},{"id":97649,"url":"https:\/\/lasprimeras.com.do\/index.php\/2025\/04\/25\/ucrania-reporta-3-muertos-en-otro-ataque-ruso-con-drones-tras-las-criticas-de-trump-a-putin\/","url_meta":{"origin":103389,"position":3},"title":"Ucrania reporta 3 muertos en otro ataque ruso con drones tras las cr\u00edticas de Trump a Putin","author":"Nelson Feliz","date":"25 de abril de 2025","format":false,"excerpt":"POR ILLIA NOVIKOV KIEV, Ucrania (AP) \u2014 Un dron ruso alcanz\u00f3 un edificio de apartamentos en una ciudad del sureste de Ucrania y caus\u00f3 tres muertos y 10 heridos, dijeron funcionarios el viernes, un d\u00eda despu\u00e9s de que el presidente de Estados Unidos, Donald Trump, reprendi\u00f3 a su hom\u00f3logo en\u2026","rel":"","context":"En \u00abINTERNACIONALES\u00bb","block_context":{"text":"INTERNACIONALES","link":"https:\/\/lasprimeras.com.do\/index.php\/category\/sin-categoria\/internacionales\/"},"img":{"alt_text":"","src":"https:\/\/i0.wp.com\/lasprimeras.com.do\/wp-content\/uploads\/2025\/04\/muertos-1.jpg?resize=350%2C200&ssl=1","width":350,"height":200,"srcset":"https:\/\/i0.wp.com\/lasprimeras.com.do\/wp-content\/uploads\/2025\/04\/muertos-1.jpg?resize=350%2C200&ssl=1 1x, https:\/\/i0.wp.com\/lasprimeras.com.do\/wp-content\/uploads\/2025\/04\/muertos-1.jpg?resize=525%2C300&ssl=1 1.5x, https:\/\/i0.wp.com\/lasprimeras.com.do\/wp-content\/uploads\/2025\/04\/muertos-1.jpg?resize=700%2C400&ssl=1 2x"},"classes":[]},{"id":95724,"url":"https:\/\/lasprimeras.com.do\/index.php\/2025\/03\/18\/trump-y-putin-hablaran-por-telefono-sobre-alto-el-fuego-pero-zelenskyy-se-muestra-esceptico\/","url_meta":{"origin":103389,"position":4},"title":"Trump y Putin hablar\u00e1n por tel\u00e9fono sobre alto el fuego, pero Zelenskyy se muestra esc\u00e9ptico","author":"Nelson Feliz","date":"18 de marzo de 2025","format":false,"excerpt":"POR AAMER MADHANI WASHINGTON (AP) \u2014 Donald Trump, mantendr\u00e1 conversaciones el martes con su hom\u00f3logo ruso, Vlad\u00edmir Putin, en su intento por obtener apoyos para la propuesta de alto el fuego de Estados Unidos que espera que pueda crear una v\u00eda para poner fin a la devastadora guerra de Rusia\u2026","rel":"","context":"En \u00abINTERNACIONALES\u00bb","block_context":{"text":"INTERNACIONALES","link":"https:\/\/lasprimeras.com.do\/index.php\/category\/sin-categoria\/internacionales\/"},"img":{"alt_text":"Vlad\u00edmir Putin y Donald Trump","src":"https:\/\/i0.wp.com\/lasprimeras.com.do\/wp-content\/uploads\/2025\/03\/Vladimir-Putin-y-Donald-Trump.jpg?resize=350%2C200&ssl=1","width":350,"height":200,"srcset":"https:\/\/i0.wp.com\/lasprimeras.com.do\/wp-content\/uploads\/2025\/03\/Vladimir-Putin-y-Donald-Trump.jpg?resize=350%2C200&ssl=1 1x, https:\/\/i0.wp.com\/lasprimeras.com.do\/wp-content\/uploads\/2025\/03\/Vladimir-Putin-y-Donald-Trump.jpg?resize=525%2C300&ssl=1 1.5x, https:\/\/i0.wp.com\/lasprimeras.com.do\/wp-content\/uploads\/2025\/03\/Vladimir-Putin-y-Donald-Trump.jpg?resize=700%2C400&ssl=1 2x"},"classes":[]},{"id":93826,"url":"https:\/\/lasprimeras.com.do\/index.php\/2025\/02\/21\/los-ucranianos-se-unen-en-torno-a-zelenskyy-despues-de-que-trump-intento-denigrarlo\/","url_meta":{"origin":103389,"position":5},"title":"Los ucranianos se unen en torno a Zelenskyy despu\u00e9s de que Trump intent\u00f3 denigrarlo","author":"Nelson Feliz","date":"21 de febrero de 2025","format":false,"excerpt":"KIEV, Ucrania (AP) \u2014 D\u00edas antes del tercer aniversario de la invasi\u00f3n a gran escala de Rusia, los ucranianos est\u00e1n tan abatidos y tensos como lo estaban justo antes de que Mosc\u00fa iniciara la guerra. Solo que ahora, no solo est\u00e1n preocupados por su enemigo habitual. La sorprendente nueva amenaza\u2026","rel":"","context":"En \u00abINTERNACIONALES\u00bb","block_context":{"text":"INTERNACIONALES","link":"https:\/\/lasprimeras.com.do\/index.php\/category\/sin-categoria\/internacionales\/"},"img":{"alt_text":"","src":"https:\/\/i0.wp.com\/lasprimeras.com.do\/wp-content\/uploads\/2025\/02\/Volodymyr-Zelenskyy.png?resize=350%2C200&ssl=1","width":350,"height":200,"srcset":"https:\/\/i0.wp.com\/lasprimeras.com.do\/wp-content\/uploads\/2025\/02\/Volodymyr-Zelenskyy.png?resize=350%2C200&ssl=1 1x, https:\/\/i0.wp.com\/lasprimeras.com.do\/wp-content\/uploads\/2025\/02\/Volodymyr-Zelenskyy.png?resize=525%2C300&ssl=1 1.5x, https:\/\/i0.wp.com\/lasprimeras.com.do\/wp-content\/uploads\/2025\/02\/Volodymyr-Zelenskyy.png?resize=700%2C400&ssl=1 2x, https:\/\/i0.wp.com\/lasprimeras.com.do\/wp-content\/uploads\/2025\/02\/Volodymyr-Zelenskyy.png?resize=1050%2C600&ssl=1 3x"},"classes":[]}],"jetpack_sharing_enabled":true,"_links":{"self":[{"href":"https:\/\/lasprimeras.com.do\/index.php\/wp-json\/wp\/v2\/posts\/103389","targetHints":{"allow":["GET"]}}],"collection":[{"href":"https:\/\/lasprimeras.com.do\/index.php\/wp-json\/wp\/v2\/posts"}],"about":[{"href":"https:\/\/lasprimeras.com.do\/index.php\/wp-json\/wp\/v2\/types\/post"}],"author":[{"embeddable":true,"href":"https:\/\/lasprimeras.com.do\/index.php\/wp-json\/wp\/v2\/users\/10"}],"replies":[{"embeddable":true,"href":"https:\/\/lasprimeras.com.do\/index.php\/wp-json\/wp\/v2\/comments?post=103389"}],"version-history":[{"count":1,"href":"https:\/\/lasprimeras.com.do\/index.php\/wp-json\/wp\/v2\/posts\/103389\/revisions"}],"predecessor-version":[{"id":103391,"href":"https:\/\/lasprimeras.com.do\/index.php\/wp-json\/wp\/v2\/posts\/103389\/revisions\/103391"}],"wp:featuredmedia":[{"embeddable":true,"href":"https:\/\/lasprimeras.com.do\/index.php\/wp-json\/wp\/v2\/media\/103390"}],"wp:attachment":[{"href":"https:\/\/lasprimeras.com.do\/index.php\/wp-json\/wp\/v2\/media?parent=103389"}],"wp:term":[{"taxonomy":"category","embeddable":true,"href":"https:\/\/lasprimeras.com.do\/index.php\/wp-json\/wp\/v2\/categories?post=103389"},{"taxonomy":"post_tag","embeddable":true,"href":"https:\/\/lasprimeras.com.do\/index.php\/wp-json\/wp\/v2\/tags?post=103389"}],"curies":[{"name":"wp","href":"https:\/\/api.w.org\/{rel}","templated":true}]}}