{"id":103392,"date":"2025-07-15T09:27:15","date_gmt":"2025-07-15T13:27:15","guid":{"rendered":"https:\/\/lasprimeras.com.do\/?p=103392"},"modified":"2025-07-15T09:27:17","modified_gmt":"2025-07-15T13:27:17","slug":"siria-anuncia-un-alto-el-fuego-tras-violencia-religiosa","status":"publish","type":"post","link":"https:\/\/lasprimeras.com.do\/index.php\/2025\/07\/15\/siria-anuncia-un-alto-el-fuego-tras-violencia-religiosa\/","title":{"rendered":"Siria anuncia un alto el fuego tras violencia religiosa"},"content":{"rendered":"\n<p>POR GHAITH ALSAYED and ABBY SEWELL<\/p>\n\n\n\n<p>BUSRA AL-HARIR, Siria (AP) \u2014 El ministro de defensa de Siria anunci\u00f3 el martes un alto el fuego poco despu\u00e9s de que las fuerzas gubernamentales entraran en una ciudad clave en la provincia de Sweida.<\/p>\n\n\n\n<p>El anuncio se produjo al d\u00eda siguiente de enfrentamientos sectarios que dejaron decenas de muertos y despu\u00e9s de que Israel realizara ataques a\u00e9reos en la zona.<\/p>\n\n\n\n<p>El ministro de Defensa, Murhaf Abu Qasra, dijo en un comunicado que tras un \u201cacuerdo con los notables y dignatarios de la ciudad, responderemos solo a las fuentes de fuego y enfrentaremos cualquier ataque de grupos fuera de la ley\u201d.<\/p>\n\n\n\n<p>Los enfrentamientos comenzaron con una serie de secuestros y ataques de represalia entre miembros de tribus beduinas sun\u00edes locales y facciones armadas drusas en la provincia sure\u00f1a, un n\u00facleo de la comunidad drusa.<\/p>\n\n\n\n<p>El primer ministro de Israel, Benjamin Netanyahu, y el ministro de Defensa, Israel Katz, dijeron en un comunicado conjunto que Israel hab\u00eda atacado para \u201cevitar que el r\u00e9gimen sirio lastime\u201d a los drusos \u201cy para asegurar el desarme en el \u00e1rea adyacente a nuestras fronteras con Siria\u201d.<\/p>\n\n\n\n<p>Las fuerzas de seguridad del gobierno sirio enviadas para restaurar el orden el lunes tambi\u00e9n se enfrentaron con grupos armados drusos. Durante el d\u00eda, Israel atac\u00f3 un tanque militar del gobierno sirio y dijo que estaba actuando para proteger a la minor\u00eda religiosa drusa.<\/p>\n\n\n\n<p>El ej\u00e9rcito israel\u00ed dijo en un comunicado que hab\u00eda atacado \u201cveh\u00edculos militares pertenecientes al r\u00e9gimen sirio\u201d. En Israel, los drusos est\u00e1n vistos como una minor\u00eda leal al gobierno y a menudo sirven en las fuerzas armadas.<\/p>\n\n\n\n<p>La agencia de noticias estatal SANA no dio detalles sobre el ataque del martes. Sin embargo, el Observatorio Sirio de Derechos Humanos, con sede en Reino Unido, dijo que Israel atac\u00f3 un tanque perteneciente al ej\u00e9rcito sirio cuando las fuerzas comenzaron a adentrarse m\u00e1s en la ciudad de Sweida.<\/p>\n\n\n\n<p>\u201cGuerra total de aniquilaci\u00f3n\u201d<\/p>\n\n\n\n<p>Israel ha adoptado una postura agresiva hacia los nuevos l\u00edderes de Siria desde la ca\u00edda del expresidente Bashar Assad en una ofensiva rel\u00e1mpago de rebeldes liderada por grupos insurgentes islamistas sun\u00edes en diciembre, y afirma que no quiere milicianos cerca de sus fronteras.<\/p>\n\n\n\n<p>Las fuerzas israel\u00edes han tomado una zona de amortiguaci\u00f3n patrullada por la ONU en territorio sirio a lo largo de la frontera con los Altos del Gol\u00e1n y han hecho cientos de ataques a\u00e9reos contra instalaciones militares en Siria.<\/p>\n\n\n\n<p>M\u00e1s temprano el martes, l\u00edderes religiosos de la comunidad drusa en Siria pidieron a las facciones armadas que han estado enfrent\u00e1ndose con las fuerzas gubernamentales que entreguen sus armas y cooperen con las autoridades conforme entran en la capital provincial de Sweida.<\/p>\n\n\n\n<p>Una de las principales autoridades religiosas luego public\u00f3 un video retract\u00e1ndose de la petici\u00f3n.<\/p>\n\n\n\n<p>La declaraci\u00f3n inicial ped\u00eda a las facciones armadas en Sweida que \u201ccooperen con las fuerzas del Ministerio del Interior, que no resistan su entrada y que entreguen sus armas al Ministerio del Interior\u201d.<\/p>\n\n\n\n<p>La declaraci\u00f3n tambi\u00e9n ped\u00eda \u201cabrir un di\u00e1logo con el gobierno sirio para abordar las repercusiones de los eventos\u201d.<\/p>\n\n\n\n<p>El comandante de Seguridad Interna en la Gobernaci\u00f3n de Sweida, el general de brigada Ahmad al-Dalati, celebr\u00f3 la declaraci\u00f3n y pidi\u00f3 \u201ca todas las autoridades religiosas y activistas sociales que adopten una postura nacional unificada que apoye las medidas del Ministerio del Interior para extender la autoridad del estado y lograr la seguridad en toda la provincia\u201d.<\/p>\n\n\n\n<p>El jeque Hikmat Al-Hijri, un l\u00edder espiritual druso que se ha opuesto al gobierno en Damasco, dijo en un mensaje de video que la declaraci\u00f3n anterior de los l\u00edderes drusos se hab\u00eda emitido tras un acuerdo con las autoridades en Damasco, pero \u201crompieron la promesa y continuaron el bombardeo indiscriminado de civiles desarmados\u201d.<\/p>\n\n\n\n<p>\u201cEstamos siendo sometidos a una guerra total de aniquilaci\u00f3n\u201d, dijo.<\/p>\n\n\n\n<p>Algunos videos en las redes sociales mostraron a combatientes armados con cautivos drusos, empleando consignas contra su religi\u00f3n y golpe\u00e1ndolos.<\/p>\n\n\n\n<p>Ataques y represalias entre comunidades<\/p>\n\n\n\n<p>La comunidad drusa es un grupo minoritario que comenz\u00f3 como una rama del ismailismo en el siglo X, una rama del islam chi\u00ed. M\u00e1s de la mitad del aproximadamente mill\u00f3n de drusos en todo el mundo viven en Siria.<\/p>\n\n\n\n<p>La mayor\u00eda de los otros drusos viven en L\u00edbano e Israel, incluidos los Altos del Gol\u00e1n, que Israel captur\u00f3 de Siria en la Guerra de los Seis D\u00edas de 1967 y anexion\u00f3 en 1981.<\/p>\n\n\n\n<p>En varias ocasiones, se han producido enfrentamientos entre fuerzas leales al gobierno y combatientes drusos desde la ca\u00edda de Assad.<\/p>\n\n\n\n<p>La \u00faltima ronda de combates ha aumentado los temores de otra espiral de violencia religiosa. En marzo, una emboscada a las fuerzas de seguridad del gobierno por parte de combatientes leales a Assad desencaden\u00f3 d\u00edas de ataques y represalias entre comunidades religiosas.<\/p>\n\n\n\n<p>Cientos de civiles fueron asesinados, la mayor\u00eda de ellos miembros de la secta minoritaria alau\u00ed a la que pertenece Assad. Se form\u00f3 una comisi\u00f3n para investigar los ataques, pero no ha hecho p\u00fablicos sus hallazgos.<\/p>\n\n\n\n<p>El conflicto tambi\u00e9n ha generado preocupaciones sobre la escalada de la intervenci\u00f3n israel\u00ed.<\/p>\n\n\n\n<p>Aunque muchos drusos en Siria han dicho que no quieren que Israel intervenga en su nombre, facciones de la minor\u00eda drusa tambi\u00e9n han mirado con suspicacia a las nuevas autoridades en Damasco, especialmente despu\u00e9s de los ataques a alau\u00edes y otros grupos minoritarios.<\/p>\n","protected":false},"excerpt":{"rendered":"<p>POR GHAITH ALSAYED and ABBY SEWELL BUSRA AL-HARIR, Siria (AP) \u2014 El ministro de defensa de Siria anunci\u00f3 el martes un alto el fuego poco despu\u00e9s de que las fuerzas&hellip;<\/p>\n","protected":false},"author":10,"featured_media":103393,"comment_status":"open","ping_status":"open","sticky":false,"template":"","format":"standard","meta":{"content-type":"","jetpack_post_was_ever_published":false,"_jetpack_newsletter_access":"","_jetpack_dont_email_post_to_subs":false,"_jetpack_newsletter_tier_id":0,"_jetpack_memberships_contains_paywalled_content":false,"_jetpack_memberships_contains_paid_content":false,"footnotes":""},"categories":[16289],"tags":[9062,21665,11038,3882],"class_list":["post-103392","post","type-post","status-publish","format-standard","has-post-thumbnail","hentry","category-internacionales","tag-alto-el-fuego","tag-religiosa","tag-siria","tag-violencia"],"jetpack_featured_media_url":"https:\/\/lasprimeras.com.do\/wp-content\/uploads\/2025\/07\/alto-el-fuego-1.jpg","jetpack-related-posts":[{"id":103508,"url":"https:\/\/lasprimeras.com.do\/index.php\/2025\/07\/16\/israel-ataca-en-damasco-mientras-continuan-los-choques-entre-fuerzas-sirias-y-grupos-drusos-en-siria\/","url_meta":{"origin":103392,"position":0},"title":"Israel ataca en Damasco mientras contin\u00faan los choques entre fuerzas sirias y grupos drusos en Siria","author":"Nelson Feliz","date":"16 de julio de 2025","format":false,"excerpt":"DAMASCO, Siria (AP) \u2014 Los enfrentamientos en la ciudad sure\u00f1a siria de Sweida se intensificaron el mi\u00e9rcoles tras el colapso de un alto el fuego entre las fuerzas gubernamentales y grupos armados drusos, mientras Israel amenazaba con escalar su participaci\u00f3n, diciendo que apoya a la minor\u00eda religiosa drusa. El Ej\u00e9rcito\u2026","rel":"","context":"En \u00abINTERNACIONALES\u00bb","block_context":{"text":"INTERNACIONALES","link":"https:\/\/lasprimeras.com.do\/index.php\/category\/sin-categoria\/internacionales\/"},"img":{"alt_text":"","src":"https:\/\/i0.wp.com\/lasprimeras.com.do\/wp-content\/uploads\/2025\/07\/siria.jpg?resize=350%2C200&ssl=1","width":350,"height":200,"srcset":"https:\/\/i0.wp.com\/lasprimeras.com.do\/wp-content\/uploads\/2025\/07\/siria.jpg?resize=350%2C200&ssl=1 1x, https:\/\/i0.wp.com\/lasprimeras.com.do\/wp-content\/uploads\/2025\/07\/siria.jpg?resize=525%2C300&ssl=1 1.5x, https:\/\/i0.wp.com\/lasprimeras.com.do\/wp-content\/uploads\/2025\/07\/siria.jpg?resize=700%2C400&ssl=1 2x"},"classes":[]},{"id":103998,"url":"https:\/\/lasprimeras.com.do\/index.php\/2025\/07\/21\/enviado-de-eeuu-reafirma-apoyo-al-gobierno-de-siria-y-critica-intervencion-de-israel\/","url_meta":{"origin":103392,"position":1},"title":"Enviado de EEUU reafirma apoyo al gobierno de Siria y critica intervenci\u00f3n de Israel","author":"Nelson Feliz","date":"21 de julio de 2025","format":false,"excerpt":"POR ABBY SEWELL BEIRUT (AP) \u2014 Un enviado de Estados Unidos reafirm\u00f3 el apoyo de Washington al nuevo gobierno en Siria, afirmando el lunes que no hay alternativa a trabajar con las autoridades actuales para unir al pa\u00eds, que a\u00fan se recupera de una guerra civil de casi 14 a\u00f1os\u2026","rel":"","context":"En \u00abINTERNACIONALES\u00bb","block_context":{"text":"INTERNACIONALES","link":"https:\/\/lasprimeras.com.do\/index.php\/category\/sin-categoria\/internacionales\/"},"img":{"alt_text":"","src":"https:\/\/i0.wp.com\/lasprimeras.com.do\/wp-content\/uploads\/2025\/07\/Tom-Barrack.jpg?resize=350%2C200&ssl=1","width":350,"height":200,"srcset":"https:\/\/i0.wp.com\/lasprimeras.com.do\/wp-content\/uploads\/2025\/07\/Tom-Barrack.jpg?resize=350%2C200&ssl=1 1x, https:\/\/i0.wp.com\/lasprimeras.com.do\/wp-content\/uploads\/2025\/07\/Tom-Barrack.jpg?resize=525%2C300&ssl=1 1.5x, https:\/\/i0.wp.com\/lasprimeras.com.do\/wp-content\/uploads\/2025\/07\/Tom-Barrack.jpg?resize=700%2C400&ssl=1 2x"},"classes":[]},{"id":103756,"url":"https:\/\/lasprimeras.com.do\/index.php\/2025\/07\/18\/fuerzas-del-gobierno-sirio-se-alistan-para-volver-a-sweida-tras-choques-entre-drusos-y-beduinos\/","url_meta":{"origin":103392,"position":2},"title":"Fuerzas del gobierno sirio se alistan para volver a Sweida tras choques entre drusos y beduinos","author":"Nelson Feliz","date":"18 de julio de 2025","format":false,"excerpt":"POR GHAITH ALSAYED DAMASCO, Siria (AP) \u2014 Los enfrentamientos entre grupos armados drusos y miembros de clanes beduinos se reanudaron en el sur de Siria durante la noche, y las fuerzas gubernamentales se preparaban para volver a desplegarse en la zona el viernes despu\u00e9s de retirarse en virtud de un\u2026","rel":"","context":"En \u00abINTERNACIONALES\u00bb","block_context":{"text":"INTERNACIONALES","link":"https:\/\/lasprimeras.com.do\/index.php\/category\/sin-categoria\/internacionales\/"},"img":{"alt_text":"","src":"https:\/\/i0.wp.com\/lasprimeras.com.do\/wp-content\/uploads\/2025\/07\/drusos.jpg?resize=350%2C200&ssl=1","width":350,"height":200,"srcset":"https:\/\/i0.wp.com\/lasprimeras.com.do\/wp-content\/uploads\/2025\/07\/drusos.jpg?resize=350%2C200&ssl=1 1x, https:\/\/i0.wp.com\/lasprimeras.com.do\/wp-content\/uploads\/2025\/07\/drusos.jpg?resize=525%2C300&ssl=1 1.5x, https:\/\/i0.wp.com\/lasprimeras.com.do\/wp-content\/uploads\/2025\/07\/drusos.jpg?resize=700%2C400&ssl=1 2x"},"classes":[]},{"id":104001,"url":"https:\/\/lasprimeras.com.do\/index.php\/2025\/07\/21\/el-gobierno-sirio-comienza-a-evacuar-familias-beduinas-de-sweida-para-poner-fin-a-la-violencia\/","url_meta":{"origin":103392,"position":3},"title":"El gobierno sirio comienza a evacuar familias beduinas de Sweida para poner fin a la violencia","author":"Nelson Feliz","date":"21 de julio de 2025","format":false,"excerpt":"POR GHAITH ALSAYED and KAREEM CHEHAYEB BUSRA AL-HARIR, Siria (AP) \u2014 El gobierno sirio comenz\u00f3 el lunes a evacuar a las familias beduinas atrapadas dentro de la ciudad de Sweida, donde se han producido choques entre milicianos drusos y combatientes beduinos durante m\u00e1s de una semana. La violencia entre las\u2026","rel":"","context":"En \u00abINTERNACIONALES\u00bb","block_context":{"text":"INTERNACIONALES","link":"https:\/\/lasprimeras.com.do\/index.php\/category\/sin-categoria\/internacionales\/"},"img":{"alt_text":"","src":"https:\/\/i0.wp.com\/lasprimeras.com.do\/wp-content\/uploads\/2025\/07\/HAMBRE.jpg?resize=350%2C200&ssl=1","width":350,"height":200,"srcset":"https:\/\/i0.wp.com\/lasprimeras.com.do\/wp-content\/uploads\/2025\/07\/HAMBRE.jpg?resize=350%2C200&ssl=1 1x, https:\/\/i0.wp.com\/lasprimeras.com.do\/wp-content\/uploads\/2025\/07\/HAMBRE.jpg?resize=525%2C300&ssl=1 1.5x, https:\/\/i0.wp.com\/lasprimeras.com.do\/wp-content\/uploads\/2025\/07\/HAMBRE.jpg?resize=700%2C400&ssl=1 2x"},"classes":[]},{"id":109045,"url":"https:\/\/lasprimeras.com.do\/index.php\/2025\/09\/14\/turquia-mira-con-reparo-a-israel-tras-el-ataque-aereo-a-hamas-en-qatar\/","url_meta":{"origin":103392,"position":4},"title":"Turqu\u00eda mira con reparo a Israel tras el ataque a\u00e9reo a Ham\u00e1s en Qatar","author":"Nelson Feliz","date":"14 de septiembre de 2025","format":false,"excerpt":"POR ANDREW WILKS and ABBY SEWELL ESTAMBUL (AP) \u2014 El ataque israel\u00ed a una reuni\u00f3n de funcionarios de Ham\u00e1s en Qatar ha generado una creciente preocupaci\u00f3n en Turqu\u00eda sobre que pueda ser el pr\u00f3ximo objetivo. El portavoz del Ministerio turco de Defensa, el contralmirante Zeki Akturk, advirti\u00f3 en Ankara el\u2026","rel":"","context":"En \u00abINTERNACIONALES\u00bb","block_context":{"text":"INTERNACIONALES","link":"https:\/\/lasprimeras.com.do\/index.php\/category\/sin-categoria\/internacionales\/"},"img":{"alt_text":"","src":"https:\/\/i0.wp.com\/lasprimeras.com.do\/wp-content\/uploads\/2025\/09\/turquia.jpg?resize=350%2C200&ssl=1","width":350,"height":200,"srcset":"https:\/\/i0.wp.com\/lasprimeras.com.do\/wp-content\/uploads\/2025\/09\/turquia.jpg?resize=350%2C200&ssl=1 1x, https:\/\/i0.wp.com\/lasprimeras.com.do\/wp-content\/uploads\/2025\/09\/turquia.jpg?resize=525%2C300&ssl=1 1.5x, https:\/\/i0.wp.com\/lasprimeras.com.do\/wp-content\/uploads\/2025\/09\/turquia.jpg?resize=700%2C400&ssl=1 2x"},"classes":[]},{"id":97151,"url":"https:\/\/lasprimeras.com.do\/index.php\/2025\/04\/16\/ministro-de-defensa-de-israel-dice-que-soldados-permaneceran-en-gaza-libano-y-siria-indefinidamente\/","url_meta":{"origin":103392,"position":5},"title":"Ministro de Defensa de Israel dice que soldados permanecer\u00e1n en Gaza, L\u00edbano y Siria indefinidamente","author":"Nelson Feliz","date":"16 de abril de 2025","format":false,"excerpt":"POR WAFAA SHURAFA, ISAAC SCHARF and SAMY MAGDY JERUSAL\u00c9N (AP) \u2014 El ministro de defensa israel\u00ed, Israel Katz, dijo el mi\u00e9rcoles que sus soldados permanecer\u00e1n indefinidamente en las llamadas zonas de seguridad en la Franja de Gaza, L\u00edbano y Siria, declaraciones que podr\u00edan complicar a\u00fan m\u00e1s las conversaciones con Ham\u00e1s\u2026","rel":"","context":"En \u00abINTERNACIONALES\u00bb","block_context":{"text":"INTERNACIONALES","link":"https:\/\/lasprimeras.com.do\/index.php\/category\/sin-categoria\/internacionales\/"},"img":{"alt_text":"","src":"https:\/\/i0.wp.com\/lasprimeras.com.do\/wp-content\/uploads\/2025\/04\/ATAQUE.jpg?resize=350%2C200&ssl=1","width":350,"height":200,"srcset":"https:\/\/i0.wp.com\/lasprimeras.com.do\/wp-content\/uploads\/2025\/04\/ATAQUE.jpg?resize=350%2C200&ssl=1 1x, https:\/\/i0.wp.com\/lasprimeras.com.do\/wp-content\/uploads\/2025\/04\/ATAQUE.jpg?resize=525%2C300&ssl=1 1.5x, https:\/\/i0.wp.com\/lasprimeras.com.do\/wp-content\/uploads\/2025\/04\/ATAQUE.jpg?resize=700%2C400&ssl=1 2x"},"classes":[]}],"jetpack_sharing_enabled":true,"_links":{"self":[{"href":"https:\/\/lasprimeras.com.do\/index.php\/wp-json\/wp\/v2\/posts\/103392","targetHints":{"allow":["GET"]}}],"collection":[{"href":"https:\/\/lasprimeras.com.do\/index.php\/wp-json\/wp\/v2\/posts"}],"about":[{"href":"https:\/\/lasprimeras.com.do\/index.php\/wp-json\/wp\/v2\/types\/post"}],"author":[{"embeddable":true,"href":"https:\/\/lasprimeras.com.do\/index.php\/wp-json\/wp\/v2\/users\/10"}],"replies":[{"embeddable":true,"href":"https:\/\/lasprimeras.com.do\/index.php\/wp-json\/wp\/v2\/comments?post=103392"}],"version-history":[{"count":1,"href":"https:\/\/lasprimeras.com.do\/index.php\/wp-json\/wp\/v2\/posts\/103392\/revisions"}],"predecessor-version":[{"id":103394,"href":"https:\/\/lasprimeras.com.do\/index.php\/wp-json\/wp\/v2\/posts\/103392\/revisions\/103394"}],"wp:featuredmedia":[{"embeddable":true,"href":"https:\/\/lasprimeras.com.do\/index.php\/wp-json\/wp\/v2\/media\/103393"}],"wp:attachment":[{"href":"https:\/\/lasprimeras.com.do\/index.php\/wp-json\/wp\/v2\/media?parent=103392"}],"wp:term":[{"taxonomy":"category","embeddable":true,"href":"https:\/\/lasprimeras.com.do\/index.php\/wp-json\/wp\/v2\/categories?post=103392"},{"taxonomy":"post_tag","embeddable":true,"href":"https:\/\/lasprimeras.com.do\/index.php\/wp-json\/wp\/v2\/tags?post=103392"}],"curies":[{"name":"wp","href":"https:\/\/api.w.org\/{rel}","templated":true}]}}