{"id":103456,"date":"2025-07-15T18:41:23","date_gmt":"2025-07-15T22:41:23","guid":{"rendered":"https:\/\/lasprimeras.com.do\/?p=103456"},"modified":"2025-07-15T18:43:44","modified_gmt":"2025-07-15T22:43:44","slug":"abinader-declara-duelo-oficial-por-el-fallecimiento-de-rafael-antonio-fello-subervi-bonilla","status":"publish","type":"post","link":"https:\/\/lasprimeras.com.do\/index.php\/2025\/07\/15\/abinader-declara-duelo-oficial-por-el-fallecimiento-de-rafael-antonio-fello-subervi-bonilla\/","title":{"rendered":"Abinader declara duelo oficial por el fallecimiento de Rafael Antonio \u00abFello\u00bb Suberv\u00ed Bonilla"},"content":{"rendered":"\n<p>El presidente Luis Abinader, mediante el decreto 387-25, declar\u00f3 para este mi\u00e9rcoles 16 de julio duelo oficial por el fallecimiento del dirigente pol\u00edtico Rafael &#8220;Fello&#8221; Suberv\u00ed Bonilla.<\/p>\n\n\n\n<p>Bonilla falleci\u00f3 la madrugada de este martes a los 83 a\u00f1os de edad tras complicaciones de salud.<\/p>\n\n\n\n<p>El primer mandatario instruye al Ministerio de Defensa a que &#8220;rinda los honores militares a este prominente ciudadano dominicano&#8221;.<\/p>\n\n\n\n<p>Este mi\u00e9rcoles la Bandera Nacional deber\u00e1 ondear a media asta en los recintos militares y edificios p\u00fablicos en todo el pa\u00eds.<\/p>\n\n\n\n<p>Fello Suberb\u00ed era abogado y dedic\u00f3 varios a\u00f1os de su vida a la pol\u00edtica, pues desde el a\u00f1o 1961 se desempe\u00f1\u00f3 como alcalde, diputado, candidato presidencial y vicepresidencial y ministro de Turismo.<\/p>\n\n\n\n<p>Uno de sus primeros puestos administrativos que ocup\u00f3 fue como director del Departamento de Bienes Inmuebles en el Ayuntamiento del Distrito Nacional, en el a\u00f1o 1967.<\/p>\n\n\n\n<p>Fue asesor de la Facultad de Ciencias Jur\u00eddicas y Econ\u00f3micas de la Universidad Pedro Henr\u00edquez Ure\u00f1a (UNPHU) en 1993. Tambi\u00e9n presidente regional de la Organizaci\u00f3n Mundial de Turismo (OMT), para las Am\u00e9ricas, y presidente del Comit\u00e9 de Acci\u00f3n de Turismo del Sistema Econ\u00f3mico Latinoamericano (SELA).<\/p>\n\n\n\n<p>En dos ocasiones fue alcalde del Distrito Nacional (1986-1990; 1994-1998). Adem\u00e1s, de diputado del Distrito Nacional en dos ocasiones (1990-1994; 1998), por el Partido Revolucionario Dominicano (PRD).<\/p>\n\n\n\n<p>Desde 1995 ten\u00eda aspiraciones de ser presidente de la Rep\u00fablica Dominicana.<\/p>\n\n\n\n<p>Un a\u00f1o m\u00e1s tarde dijo que aspirar\u00eda a esa posici\u00f3n en el a\u00f1o 2000, y que el 16 de agosto de 1996 dejar\u00eda su posici\u00f3n de s\u00edndico del Distrito Nacional para aspirar a ser compa\u00f1ero de boleta de Jos\u00e9 Francisco Pe\u00f1a G\u00f3mez o a la presidencia de la Rep\u00fablica, si este no se postulaba.<\/p>\n\n\n\n<div data-wp-interactive=\"core\/file\" class=\"wp-block-file\"><object data-wp-bind--hidden=\"!state.hasPdfPreview\" hidden class=\"wp-block-file__embed\" data=\"https:\/\/lasprimeras.com.do\/wp-content\/uploads\/2025\/07\/Decreto-387-25.pdf\" type=\"application\/pdf\" style=\"width:100%;height:600px\" aria-label=\"Incrustado de Decreto 387-25.\"><\/object><a id=\"wp-block-file--media-9e37615d-c665-4af3-bf1e-033a97eac04f\" href=\"https:\/\/lasprimeras.com.do\/wp-content\/uploads\/2025\/07\/Decreto-387-25.pdf\">Decreto 387-25<\/a><a href=\"https:\/\/lasprimeras.com.do\/wp-content\/uploads\/2025\/07\/Decreto-387-25.pdf\" class=\"wp-block-file__button wp-element-button\" download aria-describedby=\"wp-block-file--media-9e37615d-c665-4af3-bf1e-033a97eac04f\">Descarga<\/a><\/div>\n","protected":false},"excerpt":{"rendered":"<p>El presidente Luis Abinader, mediante el decreto 387-25, declar\u00f3 para este mi\u00e9rcoles 16 de julio duelo oficial por el fallecimiento del dirigente pol\u00edtico Rafael &#8220;Fello&#8221; Suberv\u00ed Bonilla. Bonilla falleci\u00f3 la&hellip;<\/p>\n","protected":false},"author":2,"featured_media":103370,"comment_status":"open","ping_status":"open","sticky":false,"template":"","format":"standard","meta":{"content-type":"","jetpack_post_was_ever_published":false,"_jetpack_newsletter_access":"","_jetpack_dont_email_post_to_subs":false,"_jetpack_newsletter_tier_id":0,"_jetpack_memberships_contains_paywalled_content":false,"_jetpack_memberships_contains_paid_content":false,"footnotes":""},"categories":[35,25],"tags":[9625,1065,67,21692],"class_list":["post-103456","post","type-post","status-publish","format-standard","has-post-thumbnail","hentry","category-nacionales","category-portada","tag-duelo-oficial","tag-fallecimiento","tag-luis-abinader","tag-rafael-antonio-fello-subervi-bonilla"],"jetpack_featured_media_url":"https:\/\/lasprimeras.com.do\/wp-content\/uploads\/2025\/07\/Fello_Subervi-removebg-preview.png","jetpack-related-posts":[{"id":103547,"url":"https:\/\/lasprimeras.com.do\/index.php\/2025\/07\/16\/adn-declara-tres-dias-de-duelo-municipal-por-fallecimiento-de-rafael-subervi-bonilla\/","url_meta":{"origin":103456,"position":0},"title":"ADN declara &#8220;tres d\u00edas de duelo municipal&#8221; por fallecimiento de Rafael Suberv\u00ed Bonilla","author":"Nelson Feliz","date":"16 de julio de 2025","format":false,"excerpt":"Dispuso que la bandera nacional y la municipal sean colocadas a media asta los d\u00edas 16, 17 y 18 de julio. El Concejo de Regidores del Ayuntamiento del Distrito Nacional (ADN) declar\u00f3 tres d\u00edas de duelo municipal por el fallecimiento del exs\u00edndico Rafael Suberv\u00ed Bonilla (Fello), figura emblem\u00e1tica de la\u2026","rel":"","context":"En \u00abNACIONALES\u00bb","block_context":{"text":"NACIONALES","link":"https:\/\/lasprimeras.com.do\/index.php\/category\/nacionales\/"},"img":{"alt_text":"","src":"https:\/\/i0.wp.com\/lasprimeras.com.do\/wp-content\/uploads\/2025\/07\/Concejo-Regidores-ADN.jpg?resize=350%2C200&ssl=1","width":350,"height":200,"srcset":"https:\/\/i0.wp.com\/lasprimeras.com.do\/wp-content\/uploads\/2025\/07\/Concejo-Regidores-ADN.jpg?resize=350%2C200&ssl=1 1x, https:\/\/i0.wp.com\/lasprimeras.com.do\/wp-content\/uploads\/2025\/07\/Concejo-Regidores-ADN.jpg?resize=525%2C300&ssl=1 1.5x, https:\/\/i0.wp.com\/lasprimeras.com.do\/wp-content\/uploads\/2025\/07\/Concejo-Regidores-ADN.jpg?resize=700%2C400&ssl=1 2x"},"classes":[]},{"id":103405,"url":"https:\/\/lasprimeras.com.do\/index.php\/2025\/07\/15\/los-actos-funebres-en-honor-a-rafael-fello-subervi-bonilla-hoy-a-partir-de-las-400-pm\/","url_meta":{"origin":103456,"position":1},"title":"Los actos f\u00fanebres en honor a Rafael &#8211; Fello- Suberv\u00ed Bonilla hoy a partir de las 4:00 pm","author":"Nelson Feliz","date":"15 de julio de 2025","format":false,"excerpt":"La Corporaci\u00f3n del Acueducto y Alcantarillado de Santo Domingo (CAASD) expresa su profundo pesar por el fallecimiento del se\u00f1or Rafael \u201cFello\u201d Suberv\u00ed Bonilla, destacado dirigente pol\u00edtico y exalcalde del Distrito Nacional. Don Fello Suberv\u00ed deja un legado invaluable en la vida p\u00fablica dominicana, fruto de su incansable compromiso con el\u2026","rel":"","context":"En \u00abNACIONALES\u00bb","block_context":{"text":"NACIONALES","link":"https:\/\/lasprimeras.com.do\/index.php\/category\/nacionales\/"},"img":{"alt_text":"","src":"https:\/\/i0.wp.com\/lasprimeras.com.do\/wp-content\/uploads\/2025\/07\/FELLO.jpg?resize=350%2C200&ssl=1","width":350,"height":200,"srcset":"https:\/\/i0.wp.com\/lasprimeras.com.do\/wp-content\/uploads\/2025\/07\/FELLO.jpg?resize=350%2C200&ssl=1 1x, https:\/\/i0.wp.com\/lasprimeras.com.do\/wp-content\/uploads\/2025\/07\/FELLO.jpg?resize=525%2C300&ssl=1 1.5x, https:\/\/i0.wp.com\/lasprimeras.com.do\/wp-content\/uploads\/2025\/07\/FELLO.jpg?resize=700%2C400&ssl=1 2x"},"classes":[]},{"id":103686,"url":"https:\/\/lasprimeras.com.do\/index.php\/2025\/07\/17\/el-prd-rinde-homenaje-postumo-a-rafael-fello-subervi-bonilla\/","url_meta":{"origin":103456,"position":2},"title":"El PRD rinde homenaje p\u00f3stumo a Rafael \u201cFello\u201d Suberv\u00ed Bonilla","author":"Nelson Feliz","date":"17 de julio de 2025","format":false,"excerpt":"El Partido Revolucionario Dominicano (PRD) rindi\u00f3 este jueves tributo a Rafael Suberv\u00ed Bonilla, quien fuera dirigente suyo y alcalde del Distrito Nacional, quien falleciera este la madrugada del martes. La ceremonia, celebrada en la Casa Nacional del PRD, fue presidida por Miguel Vargas Maldonado, presidente de este partido. Cont\u00f3 con\u2026","rel":"","context":"En \u00abNACIONALES\u00bb","block_context":{"text":"NACIONALES","link":"https:\/\/lasprimeras.com.do\/index.php\/category\/nacionales\/"},"img":{"alt_text":"","src":"https:\/\/i0.wp.com\/lasprimeras.com.do\/wp-content\/uploads\/2025\/07\/Miguel-Vargas-Maldonado.jpg?resize=350%2C200&ssl=1","width":350,"height":200,"srcset":"https:\/\/i0.wp.com\/lasprimeras.com.do\/wp-content\/uploads\/2025\/07\/Miguel-Vargas-Maldonado.jpg?resize=350%2C200&ssl=1 1x, https:\/\/i0.wp.com\/lasprimeras.com.do\/wp-content\/uploads\/2025\/07\/Miguel-Vargas-Maldonado.jpg?resize=525%2C300&ssl=1 1.5x, https:\/\/i0.wp.com\/lasprimeras.com.do\/wp-content\/uploads\/2025\/07\/Miguel-Vargas-Maldonado.jpg?resize=700%2C400&ssl=1 2x"},"classes":[]},{"id":103356,"url":"https:\/\/lasprimeras.com.do\/index.php\/2025\/07\/15\/fallece-dirigente-politico-fello-suvbervi-un-roble-del-prd\/","url_meta":{"origin":103456,"position":3},"title":"Fallece dirigente pol\u00edtico Fello Suberv\u00ed un Roble del PRD","author":"Nelson Feliz","date":"15 de julio de 2025","format":false,"excerpt":"Falleci\u00f3 la madrugada de este martes el abogado ,pol\u00edtico dominicano y exs\u00edndico del Distrito Nacional, Rafael Antonio \u00abFello\u00bb Suberv\u00ed Bonilla. Suberv\u00ed Bonilla, quien desde hace varios a\u00f1os ven\u00eda confrontando problemas de salud, adem\u00e1s ocup\u00f3 otras importantes posiciones p\u00fablicas, entre ella ministro de Turismo y de Interior y Polic\u00eda. Suberv\u00ed Bonilla,\u2026","rel":"","context":"En \u00abNACIONALES\u00bb","block_context":{"text":"NACIONALES","link":"https:\/\/lasprimeras.com.do\/index.php\/category\/nacionales\/"},"img":{"alt_text":"","src":"https:\/\/i0.wp.com\/lasprimeras.com.do\/wp-content\/uploads\/2025\/07\/Fello-Subervi.jpg?resize=350%2C200&ssl=1","width":350,"height":200,"srcset":"https:\/\/i0.wp.com\/lasprimeras.com.do\/wp-content\/uploads\/2025\/07\/Fello-Subervi.jpg?resize=350%2C200&ssl=1 1x, https:\/\/i0.wp.com\/lasprimeras.com.do\/wp-content\/uploads\/2025\/07\/Fello-Subervi.jpg?resize=525%2C300&ssl=1 1.5x"},"classes":[]},{"id":103369,"url":"https:\/\/lasprimeras.com.do\/index.php\/2025\/07\/15\/fallece-fello-subervi-exalcalde-de-santo-domingo-y-destacado-dirigente-del-prd-historico\/","url_meta":{"origin":103456,"position":4},"title":"Fallece Fello Suberv\u00ed, exalcalde de Santo Domingo y destacado dirigente del PRD hist\u00f3rico","author":"Nelson Feliz","date":"15 de julio de 2025","format":false,"excerpt":"La noticia fue confirmada por su esposa Miguelina Ortiz, al programa Hoy Mismo. Rafael Antonio \"Fello\" Suberv\u00ed Bonilla, exalcalde del Distrito Nacional y uno de los pol\u00edticos emblem\u00e1ticos del Partido Revolucionario Dominicano (PRD), falleci\u00f3 este martes 15 de julio a los 83 a\u00f1os. La noticia fue confirmada por su esposa\u2026","rel":"","context":"En \u00abNACIONALES\u00bb","block_context":{"text":"NACIONALES","link":"https:\/\/lasprimeras.com.do\/index.php\/category\/nacionales\/"},"img":{"alt_text":"Rafael Antonio \"Fello\" Suberv\u00ed Bonilla","src":"https:\/\/i0.wp.com\/lasprimeras.com.do\/wp-content\/uploads\/2025\/07\/Fello_Subervi-removebg-preview.png?resize=350%2C200&ssl=1","width":350,"height":200,"srcset":"https:\/\/i0.wp.com\/lasprimeras.com.do\/wp-content\/uploads\/2025\/07\/Fello_Subervi-removebg-preview.png?resize=350%2C200&ssl=1 1x, https:\/\/i0.wp.com\/lasprimeras.com.do\/wp-content\/uploads\/2025\/07\/Fello_Subervi-removebg-preview.png?resize=525%2C300&ssl=1 1.5x"},"classes":[]},{"id":103681,"url":"https:\/\/lasprimeras.com.do\/index.php\/2025\/07\/17\/adn-realiza-honras-funebres-a-fello-subervi-en-el-palacio-municipal\/","url_meta":{"origin":103456,"position":5},"title":"ADN realiza honras f\u00fanebres a Fello Suberv\u00ed en el Palacio Municipal","author":"Nelson Feliz","date":"17 de julio de 2025","format":false,"excerpt":"El Ayuntamiento del Distrito Nacional realiz\u00f3 este jueves las honras f\u00fanebres al exalcalde Rafael \u201cFello\u201d Suberv\u00ed Bonilla en el Palacio Municipal. En un emotivo acto de cuerpo presente, las autoridades municipales, encabezadas por Carolina Mej\u00eda, expresaron su solidaridad y respeto a los familiares del emblem\u00e1tico l\u00edder pol\u00edtico que pereci\u00f3 la\u2026","rel":"","context":"En \u00abNACIONALES\u00bb","block_context":{"text":"NACIONALES","link":"https:\/\/lasprimeras.com.do\/index.php\/category\/nacionales\/"},"img":{"alt_text":"","src":"https:\/\/i0.wp.com\/lasprimeras.com.do\/wp-content\/uploads\/2025\/07\/ADN.jpg?resize=350%2C200&ssl=1","width":350,"height":200,"srcset":"https:\/\/i0.wp.com\/lasprimeras.com.do\/wp-content\/uploads\/2025\/07\/ADN.jpg?resize=350%2C200&ssl=1 1x, https:\/\/i0.wp.com\/lasprimeras.com.do\/wp-content\/uploads\/2025\/07\/ADN.jpg?resize=525%2C300&ssl=1 1.5x, https:\/\/i0.wp.com\/lasprimeras.com.do\/wp-content\/uploads\/2025\/07\/ADN.jpg?resize=700%2C400&ssl=1 2x"},"classes":[]}],"jetpack_sharing_enabled":true,"_links":{"self":[{"href":"https:\/\/lasprimeras.com.do\/index.php\/wp-json\/wp\/v2\/posts\/103456","targetHints":{"allow":["GET"]}}],"collection":[{"href":"https:\/\/lasprimeras.com.do\/index.php\/wp-json\/wp\/v2\/posts"}],"about":[{"href":"https:\/\/lasprimeras.com.do\/index.php\/wp-json\/wp\/v2\/types\/post"}],"author":[{"embeddable":true,"href":"https:\/\/lasprimeras.com.do\/index.php\/wp-json\/wp\/v2\/users\/2"}],"replies":[{"embeddable":true,"href":"https:\/\/lasprimeras.com.do\/index.php\/wp-json\/wp\/v2\/comments?post=103456"}],"version-history":[{"count":2,"href":"https:\/\/lasprimeras.com.do\/index.php\/wp-json\/wp\/v2\/posts\/103456\/revisions"}],"predecessor-version":[{"id":103459,"href":"https:\/\/lasprimeras.com.do\/index.php\/wp-json\/wp\/v2\/posts\/103456\/revisions\/103459"}],"wp:featuredmedia":[{"embeddable":true,"href":"https:\/\/lasprimeras.com.do\/index.php\/wp-json\/wp\/v2\/media\/103370"}],"wp:attachment":[{"href":"https:\/\/lasprimeras.com.do\/index.php\/wp-json\/wp\/v2\/media?parent=103456"}],"wp:term":[{"taxonomy":"category","embeddable":true,"href":"https:\/\/lasprimeras.com.do\/index.php\/wp-json\/wp\/v2\/categories?post=103456"},{"taxonomy":"post_tag","embeddable":true,"href":"https:\/\/lasprimeras.com.do\/index.php\/wp-json\/wp\/v2\/tags?post=103456"}],"curies":[{"name":"wp","href":"https:\/\/api.w.org\/{rel}","templated":true}]}}