{"id":103460,"date":"2025-07-15T18:50:36","date_gmt":"2025-07-15T22:50:36","guid":{"rendered":"https:\/\/lasprimeras.com.do\/?p=103460"},"modified":"2025-07-15T18:50:37","modified_gmt":"2025-07-15T22:50:37","slug":"abinader-inaugurara-obras-deportivas-y-supervisara-en-de-santiago-este-miercoles","status":"publish","type":"post","link":"https:\/\/lasprimeras.com.do\/index.php\/2025\/07\/15\/abinader-inaugurara-obras-deportivas-y-supervisara-en-de-santiago-este-miercoles\/","title":{"rendered":"Abinader inaugurar\u00e1 obras deportivas y supervisar\u00e1 en de Santiago este mi\u00e9rcoles"},"content":{"rendered":"\n<p>El presidente Luis Abinader agotar\u00e1 este mi\u00e9rcoles una agenda de actividades en distintos sectores de la provincia de Santiago, que abarcan la inauguraci\u00f3n de obras deportivas, supervisi\u00f3n de infraestructura de obras, jornadas de inclusi\u00f3n social y encuentros con sectores industriales.<\/p>\n\n\n\n<p>La agenda del mandatario est\u00e1 programada para iniciar a las 9:30 de la ma\u00f1ana con la inauguraci\u00f3n de la Octava Reuni\u00f3n de Ministros en Materia de Seguridad P\u00fablica de Las Am\u00e9ricas (MISPA VIII).<\/p>\n\n\n\n<p>M\u00e1s tarde, el Jefe del Estado inaugurar\u00e1 el Polideportivo del barrio Hato Mayor y presidir\u00e1 la Jornada de Inclusi\u00f3n Social Primero T\u00fa, en el Barrio Pek\u00edn.<\/p>\n\n\n\n<p>Posteriormente, sostendr\u00e1 una sesi\u00f3n de trabajo en la Corporaci\u00f3n del Acueducto y Alcantarillado de Santiago (CORASAAN), en donde participar\u00e1n representantes de la instituci\u00f3n para evaluar avances en proyectos h\u00eddricos de la regi\u00f3n.<\/p>\n\n\n\n<p>En horas de la tarde, el presidente Abinader encabezar\u00e1 otra jornada de inclusi\u00f3n Social Primero T\u00fa, en el barrio de Cienfuegos e inaugurar\u00e1 un polideportivo en el Ensanche Espaillat de esta provincia.<\/p>\n\n\n\n<p>Terminando la tarde, el gobernante realizar\u00e1 una visita de supervisi\u00f3n de los avances del Monorriel, proyecto clave en la modernizaci\u00f3n del transporte urbano de Santiago.<\/p>\n\n\n\n<p>Para las 7:00 de la noche, el mandatario presidir\u00e1 la apertura de la Expo Amaprosan 2025, la cual tendr\u00e1 lugar en el Parque Central Metropolitano, donde se destacar\u00e1n los avances y oportunidades del sector exportador dominicano.<\/p>\n\n\n\n<p>La jornada del presidente Abinader en Santiago reflejar\u00e1 una gesti\u00f3n activa centrada en el bienestar ciudadano y la proyecci\u00f3n del pa\u00eds en temas de seguridad, deporte, transporte e inclusi\u00f3n social.<\/p>\n","protected":false},"excerpt":{"rendered":"<p>El presidente Luis Abinader agotar\u00e1 este mi\u00e9rcoles una agenda de actividades en distintos sectores de la provincia de Santiago, que abarcan la inauguraci\u00f3n de obras deportivas, supervisi\u00f3n de infraestructura de&hellip;<\/p>\n","protected":false},"author":2,"featured_media":103461,"comment_status":"open","ping_status":"open","sticky":false,"template":"","format":"standard","meta":{"content-type":"","jetpack_post_was_ever_published":false,"_jetpack_newsletter_access":"","_jetpack_dont_email_post_to_subs":false,"_jetpack_newsletter_tier_id":0,"_jetpack_memberships_contains_paywalled_content":false,"_jetpack_memberships_contains_paid_content":false,"footnotes":""},"categories":[35,25],"tags":[67,9006,1049,8236],"class_list":["post-103460","post","type-post","status-publish","format-standard","has-post-thumbnail","hentry","category-nacionales","category-portada","tag-luis-abinader","tag-obras-deportivas","tag-santiago","tag-supervisara"],"jetpack_featured_media_url":"https:\/\/lasprimeras.com.do\/wp-content\/uploads\/2025\/07\/anina-1.jpg","jetpack-related-posts":[{"id":116225,"url":"https:\/\/lasprimeras.com.do\/index.php\/2025\/11\/28\/abinader-sostendra-almuerzo-este-sabado-con-militares-en-el-ministerio-de-defensa\/","url_meta":{"origin":103460,"position":0},"title":"Abinader sostendr\u00e1 almuerzo este s\u00e1bado con militares en el Ministerio de Defensa","author":"Nelson Feliz","date":"28 de noviembre de 2025","format":false,"excerpt":"Tambi\u00e9n en Santiago de los Caballeros inaugurar\u00e1 un centro educativo, dos polideportivos, el Centro Cultural Banreservas, sostendr\u00e1 encuentros con comerciantes e industriales y supervisar\u00e1 el programa de asfaltado en el sector Los Solares. El presidente Luis Abinader encabezar\u00e1 este s\u00e1bado y domingo una serie de actividades en el Distrito Nacional\u2026","rel":"","context":"En \u00abNACIONALES\u00bb","block_context":{"text":"NACIONALES","link":"https:\/\/lasprimeras.com.do\/index.php\/category\/nacionales\/"},"img":{"alt_text":"","src":"https:\/\/i0.wp.com\/lasprimeras.com.do\/wp-content\/uploads\/2025\/11\/Luis-Abinader-10.jpg?resize=350%2C200&ssl=1","width":350,"height":200,"srcset":"https:\/\/i0.wp.com\/lasprimeras.com.do\/wp-content\/uploads\/2025\/11\/Luis-Abinader-10.jpg?resize=350%2C200&ssl=1 1x, https:\/\/i0.wp.com\/lasprimeras.com.do\/wp-content\/uploads\/2025\/11\/Luis-Abinader-10.jpg?resize=525%2C300&ssl=1 1.5x, https:\/\/i0.wp.com\/lasprimeras.com.do\/wp-content\/uploads\/2025\/11\/Luis-Abinader-10.jpg?resize=700%2C400&ssl=1 2x"},"classes":[]},{"id":104536,"url":"https:\/\/lasprimeras.com.do\/index.php\/2025\/07\/24\/abinader-entregara-obras-hidraulicas-deportivas-energeticas-y-sociales-en-la-provincia-azua-este-sabado\/","url_meta":{"origin":103460,"position":1},"title":"Abinader entregar\u00e1 obras hidr\u00e1ulicas, deportivas, energ\u00e9ticas y sociales en la provincia Azua este s\u00e1bado","author":"Nelson Feliz","date":"24 de julio de 2025","format":false,"excerpt":"Este viernes el mandatario encabezar\u00e1 \"El Gobierno Contigo\", en el municipio de Guerra. El presidente Luis Abinader agotar\u00e1 una agenda de trabajo este s\u00e1bado en la provincia de Azua , donde dejar\u00e1 inauguradas importantes obras de infraestructuras, deportivas, hidr\u00e1ulica, y energ\u00e9tica, adem\u00e1s de encabezar encuentros con j\u00f3venes estudiantes y una\u2026","rel":"","context":"En \u00abNACIONALES\u00bb","block_context":{"text":"NACIONALES","link":"https:\/\/lasprimeras.com.do\/index.php\/category\/nacionales\/"},"img":{"alt_text":"","src":"https:\/\/i0.wp.com\/lasprimeras.com.do\/wp-content\/uploads\/2025\/07\/Luis-Abinader-2-1.jpg?resize=350%2C200&ssl=1","width":350,"height":200,"srcset":"https:\/\/i0.wp.com\/lasprimeras.com.do\/wp-content\/uploads\/2025\/07\/Luis-Abinader-2-1.jpg?resize=350%2C200&ssl=1 1x, https:\/\/i0.wp.com\/lasprimeras.com.do\/wp-content\/uploads\/2025\/07\/Luis-Abinader-2-1.jpg?resize=525%2C300&ssl=1 1.5x, https:\/\/i0.wp.com\/lasprimeras.com.do\/wp-content\/uploads\/2025\/07\/Luis-Abinader-2-1.jpg?resize=700%2C400&ssl=1 2x"},"classes":[]},{"id":128593,"url":"https:\/\/lasprimeras.com.do\/index.php\/2026\/04\/24\/abinader-inaugurara-nueve-obras-en-la-vega-santiago-duarte-y-maria-trinidad-sanchez-este-fin-de-semana\/","url_meta":{"origin":103460,"position":2},"title":"Abinader inaugurar\u00e1 nueve obras en La Vega, Santiago, Duarte y Mar\u00eda Trinidad S\u00e1nchez este fin de semana","author":"Nelson Feliz","date":"24 de abril de 2026","format":false,"excerpt":"Las obras a inaugurar incluyen siete carreteras y dos centros educativos; tambi\u00e9n participar\u00e1 en la Feria Regional del Libro y la Cultura; entre otras. El presidente de la Rep\u00fablica, Luis Abinader, desarrollar\u00e1 este fin de semana una agenda de actividades oficiales que incluye inauguraciones de carreteras, visitas de supervisi\u00f3n y\u2026","rel":"","context":"En \u00abNACIONALES\u00bb","block_context":{"text":"NACIONALES","link":"https:\/\/lasprimeras.com.do\/index.php\/category\/nacionales\/"},"img":{"alt_text":"Luis Abinader","src":"https:\/\/i0.wp.com\/lasprimeras.com.do\/wp-content\/uploads\/2026\/03\/Luis-Abinader-7-1.jpg?resize=350%2C200&ssl=1","width":350,"height":200,"srcset":"https:\/\/i0.wp.com\/lasprimeras.com.do\/wp-content\/uploads\/2026\/03\/Luis-Abinader-7-1.jpg?resize=350%2C200&ssl=1 1x, https:\/\/i0.wp.com\/lasprimeras.com.do\/wp-content\/uploads\/2026\/03\/Luis-Abinader-7-1.jpg?resize=525%2C300&ssl=1 1.5x, https:\/\/i0.wp.com\/lasprimeras.com.do\/wp-content\/uploads\/2026\/03\/Luis-Abinader-7-1.jpg?resize=700%2C400&ssl=1 2x"},"classes":[]},{"id":51748,"url":"https:\/\/lasprimeras.com.do\/index.php\/2023\/06\/02\/abinader-visitara-este-fin-de-semana-a-santiago-valverde-santo-domingo-y-el-dn\/","url_meta":{"origin":103460,"position":3},"title":"Abinader visitar\u00e1 este fin de semana a Santiago, Valverde, Santo Domingo y el DN","author":"prenxa100","date":"2 de junio de 2023","format":false,"excerpt":"La agenda del mandatario incluye inauguraciones, remozamientos de obras, visita de supervisi\u00f3n a jornada de la Propeep, entrega de t\u00edtulos de propiedad y apartamentos. Por Wilson P\u00e9rez Santo Domingo.- El presidente Luis Abinader agotar\u00e1 una apretada agenda este s\u00e1bado 3 y domingo 4 en las provincias de Santiago, Valverde, Santo\u2026","rel":"","context":"En \u00abNACIONALES\u00bb","block_context":{"text":"NACIONALES","link":"https:\/\/lasprimeras.com.do\/index.php\/category\/nacionales\/"},"img":{"alt_text":"","src":"","width":0,"height":0},"classes":[]},{"id":87268,"url":"https:\/\/lasprimeras.com.do\/index.php\/2024\/08\/09\/abinader-hara-primera-prueba-del-monorriel-de-santiago\/","url_meta":{"origin":103460,"position":4},"title":"Abinader har\u00e1 primera prueba del Monorriel de Santiago","author":"Nelson Feliz","date":"9 de agosto de 2024","format":false,"excerpt":"Mandatario estar\u00e1 desde este viernes inaugurando obras en el Cibao. El presidente Luis Abinader agotar\u00e1 una amplia agenda de trabajo desde este viernes y hasta el domingo en la regi\u00f3n del Cibao que incluye la primera prueba del Monorriel de Santiago. El mandatario se trasladar\u00e1 a las provincias Duarte y\u2026","rel":"","context":"En \u00abNACIONALES\u00bb","block_context":{"text":"NACIONALES","link":"https:\/\/lasprimeras.com.do\/index.php\/category\/nacionales\/"},"img":{"alt_text":"Luis Abinader","src":"https:\/\/i0.wp.com\/lasprimeras.com.do\/wp-content\/uploads\/2024\/08\/Luis-Abinader-6.jpg?resize=350%2C200&ssl=1","width":350,"height":200,"srcset":"https:\/\/i0.wp.com\/lasprimeras.com.do\/wp-content\/uploads\/2024\/08\/Luis-Abinader-6.jpg?resize=350%2C200&ssl=1 1x, https:\/\/i0.wp.com\/lasprimeras.com.do\/wp-content\/uploads\/2024\/08\/Luis-Abinader-6.jpg?resize=525%2C300&ssl=1 1.5x"},"classes":[]},{"id":93347,"url":"https:\/\/lasprimeras.com.do\/index.php\/2025\/02\/07\/abinader-inicia-este-domingo-el-programa-el-gobierno-contigo\/","url_meta":{"origin":103460,"position":5},"title":"Abinader inicia este domingo el programa El Gobierno Contigo","author":"Nelson Feliz","date":"7 de febrero de 2025","format":false,"excerpt":"Tambi\u00e9n Inaugurar\u00e1 cinco nuevas obras. El Gobierno Contigo, as\u00ed se llama el programa que desde este domingo pondr\u00e1 en marcha el presidente Luis Abinader y que procura acercar cada vez m\u00e1s a las instituciones p\u00fablicas de asistencia social con la poblaci\u00f3n. Las instituciones involucradas desarrollar\u00e1n jornadas de soluci\u00f3n a problemas\u2026","rel":"","context":"En \u00abNACIONALES\u00bb","block_context":{"text":"NACIONALES","link":"https:\/\/lasprimeras.com.do\/index.php\/category\/nacionales\/"},"img":{"alt_text":"Luis Abinader","src":"https:\/\/i0.wp.com\/lasprimeras.com.do\/wp-content\/uploads\/2025\/01\/Luis-Abinader.jpg?resize=350%2C200&ssl=1","width":350,"height":200,"srcset":"https:\/\/i0.wp.com\/lasprimeras.com.do\/wp-content\/uploads\/2025\/01\/Luis-Abinader.jpg?resize=350%2C200&ssl=1 1x, https:\/\/i0.wp.com\/lasprimeras.com.do\/wp-content\/uploads\/2025\/01\/Luis-Abinader.jpg?resize=525%2C300&ssl=1 1.5x, https:\/\/i0.wp.com\/lasprimeras.com.do\/wp-content\/uploads\/2025\/01\/Luis-Abinader.jpg?resize=700%2C400&ssl=1 2x"},"classes":[]}],"jetpack_sharing_enabled":true,"_links":{"self":[{"href":"https:\/\/lasprimeras.com.do\/index.php\/wp-json\/wp\/v2\/posts\/103460","targetHints":{"allow":["GET"]}}],"collection":[{"href":"https:\/\/lasprimeras.com.do\/index.php\/wp-json\/wp\/v2\/posts"}],"about":[{"href":"https:\/\/lasprimeras.com.do\/index.php\/wp-json\/wp\/v2\/types\/post"}],"author":[{"embeddable":true,"href":"https:\/\/lasprimeras.com.do\/index.php\/wp-json\/wp\/v2\/users\/2"}],"replies":[{"embeddable":true,"href":"https:\/\/lasprimeras.com.do\/index.php\/wp-json\/wp\/v2\/comments?post=103460"}],"version-history":[{"count":1,"href":"https:\/\/lasprimeras.com.do\/index.php\/wp-json\/wp\/v2\/posts\/103460\/revisions"}],"predecessor-version":[{"id":103462,"href":"https:\/\/lasprimeras.com.do\/index.php\/wp-json\/wp\/v2\/posts\/103460\/revisions\/103462"}],"wp:featuredmedia":[{"embeddable":true,"href":"https:\/\/lasprimeras.com.do\/index.php\/wp-json\/wp\/v2\/media\/103461"}],"wp:attachment":[{"href":"https:\/\/lasprimeras.com.do\/index.php\/wp-json\/wp\/v2\/media?parent=103460"}],"wp:term":[{"taxonomy":"category","embeddable":true,"href":"https:\/\/lasprimeras.com.do\/index.php\/wp-json\/wp\/v2\/categories?post=103460"},{"taxonomy":"post_tag","embeddable":true,"href":"https:\/\/lasprimeras.com.do\/index.php\/wp-json\/wp\/v2\/tags?post=103460"}],"curies":[{"name":"wp","href":"https:\/\/api.w.org\/{rel}","templated":true}]}}