{"id":103463,"date":"2025-07-15T18:56:11","date_gmt":"2025-07-15T22:56:11","guid":{"rendered":"https:\/\/lasprimeras.com.do\/?p=103463"},"modified":"2025-07-15T18:56:13","modified_gmt":"2025-07-15T22:56:13","slug":"zoraima-cuello-reafirma-que-el-gobierno-abandono-ciudad-juan-bosch-y-acusa-falta-de-continuidad","status":"publish","type":"post","link":"https:\/\/lasprimeras.com.do\/index.php\/2025\/07\/15\/zoraima-cuello-reafirma-que-el-gobierno-abandono-ciudad-juan-bosch-y-acusa-falta-de-continuidad\/","title":{"rendered":"Zoraima Cuello reafirma que el gobierno abandon\u00f3 Ciudad Juan Bosch y acusa falta de continuidad"},"content":{"rendered":"\n<p>La vicepresidenta del Partido de la Liberaci\u00f3n Dominicana (PLD), Zoraima Cuello, reiter\u00f3 este lunes su denuncia sobre el abandono del proyecto habitacional Ciudad Juan Bosch por parte del gobierno de Luis Abinader.<\/p>\n\n\n\n<p>Esta obra, concebida durante la gesti\u00f3n del expresidente Danilo Medina, fue planteada como un modelo de desarrollo urban\u00edstico integral en beneficio de familias de clase trabajadora.<\/p>\n\n\n\n<p>Durante una llamada telef\u00f3nica al programa radial El Sol de la Ma\u00f1ana, Cuello respondi\u00f3 a declaraciones del ministro de la Presidencia, Jos\u00e9 Ignacio Paliza, quien asegur\u00f3 que al asumir el gobierno en 2020 encontraron un proyecto \u201ccolapsado\u201d.<\/p>\n\n\n\n<p>Cuello rechaz\u00f3 esa versi\u00f3n y asegur\u00f3 que, al cierre del per\u00edodo 2016-2020, el proyecto ya contaba con 7,660 viviendas construidas y m\u00e1s de 4,000 unidades en fase avanzada de ejecuci\u00f3n.<\/p>\n\n\n\n<p>\u201cEse modelo fue dise\u00f1ado no solo para ofrecer viviendas asequibles, sino para garantizar calidad de vida, con servicios complementarios y una planificaci\u00f3n urbana ejemplar\u201d, afirm\u00f3.<\/p>\n\n\n\n<p>La dirigente pelede\u00edsta cit\u00f3 el deterioro de la Ciudad Juan Bosch como evidencia del abandono estatal.<\/p>\n\n\n\n<p>Explic\u00f3 que una reciente visita, realizada junto a una comisi\u00f3n pol\u00edtica del PLD, permiti\u00f3 constatar el deterioro de los servicios b\u00e1sicos y la precarizaci\u00f3n de la vida de los residentes.<\/p>\n\n\n\n<p>Entre las principales problem\u00e1ticas identificadas, mencion\u00f3:<\/p>\n\n\n\n<p>Apagones constantes<\/p>\n\n\n\n<p>Deficiencia del transporte p\u00fablico<\/p>\n\n\n\n<p>Escasez de agua potable<\/p>\n\n\n\n<p>Inseguridad creciente<\/p>\n\n\n\n<p>Acumulaci\u00f3n de basura e insalubridad<\/p>\n\n\n\n<p>Sistema de drenaje pluvial colapsado<\/p>\n\n\n\n<p>Infraestructura vial en mal estado<\/p>\n\n\n\n<p>Cuello tambi\u00e9n lament\u00f3 que muchas de las instalaciones sociales construidas durante los gobiernos del PLD \u2014como centros de atenci\u00f3n para adultos mayores, parques inclusivos, destacamentos policiales, un hospital y una estaci\u00f3n de bomberos\u2014 se encuentren sin mantenimiento o fuera de funcionamiento.<\/p>\n\n\n\n<p>\u201cCiudad Juan Bosch es hoy v\u00edctima de la falta de continuidad del Estado. El abandono se refleja en cada esquina: en el deterioro de las calles, en la oscuridad de las noches sin luz, en la incertidumbre de quienes compraron una vivienda con la esperanza de un futuro mejor\u201d, expres\u00f3.<\/p>\n\n\n\n<p>Finalmente, Zoraima Cuello subray\u00f3 que \u201cla cr\u00edtica debe ir acompa\u00f1ada de responsabilidad y datos\u201d, e hizo un llamado a las autoridades a retomar con seriedad la gesti\u00f3n de este proyecto urbano, para no defraudar a las miles de familias que a\u00fan creen en la promesa de Ciudad Juan Bosch como su hogar definitivo.<\/p>\n","protected":false},"excerpt":{"rendered":"<p>La vicepresidenta del Partido de la Liberaci\u00f3n Dominicana (PLD), Zoraima Cuello, reiter\u00f3 este lunes su denuncia sobre el abandono del proyecto habitacional Ciudad Juan Bosch por parte del gobierno de&hellip;<\/p>\n","protected":false},"author":2,"featured_media":90095,"comment_status":"open","ping_status":"open","sticky":false,"template":"","format":"standard","meta":{"content-type":"","jetpack_post_was_ever_published":false,"_jetpack_newsletter_access":"","_jetpack_dont_email_post_to_subs":false,"_jetpack_newsletter_tier_id":0,"_jetpack_memberships_contains_paywalled_content":false,"_jetpack_memberships_contains_paid_content":false,"footnotes":""},"categories":[16559,25],"tags":[6837,177,171,12713],"class_list":["post-103463","post","type-post","status-publish","format-standard","has-post-thumbnail","hentry","category-politica","category-portada","tag-abandono-2","tag-ciudad-juan-bosch","tag-gobierno","tag-zoraima-cuello"],"jetpack_featured_media_url":"https:\/\/lasprimeras.com.do\/wp-content\/uploads\/2024\/10\/Zoraima-Cuello.jpg","jetpack-related-posts":[{"id":104344,"url":"https:\/\/lasprimeras.com.do\/index.php\/2025\/07\/23\/zoraima-cuello-juan-bosch-vive-en-la-alcaldia-de-santiago-video\/","url_meta":{"origin":103463,"position":0},"title":"Zoraima Cuello: &#8220;Juan Bosch vive en la Alcald\u00eda de Santiago&#8221; | Video","author":"Nelson Feliz","date":"23 de julio de 2025","format":false,"excerpt":"Bloque de Regidores del PLD en Santiago, socializa con la direcci\u00f3n partidaria, temas claves para la gesti\u00f3n municipal y el fortalecimiento del Partido. La vicepresidenta del Partido de la Liberaci\u00f3n Dominicana (PLD), Zoraima Cuello, elogi\u00f3 el gesto del Bloque de Regidores de esa organizaci\u00f3n en el ayuntamiento de Santiago de\u2026","rel":"","context":"En \u00abPOLITICA\u00bb","block_context":{"text":"POLITICA","link":"https:\/\/lasprimeras.com.do\/index.php\/category\/politica\/"},"img":{"alt_text":"","src":"https:\/\/i0.wp.com\/lasprimeras.com.do\/wp-content\/uploads\/2025\/07\/pld-3.jpg?resize=350%2C200&ssl=1","width":350,"height":200,"srcset":"https:\/\/i0.wp.com\/lasprimeras.com.do\/wp-content\/uploads\/2025\/07\/pld-3.jpg?resize=350%2C200&ssl=1 1x, https:\/\/i0.wp.com\/lasprimeras.com.do\/wp-content\/uploads\/2025\/07\/pld-3.jpg?resize=525%2C300&ssl=1 1.5x, https:\/\/i0.wp.com\/lasprimeras.com.do\/wp-content\/uploads\/2025\/07\/pld-3.jpg?resize=700%2C400&ssl=1 2x"},"classes":[]},{"id":101721,"url":"https:\/\/lasprimeras.com.do\/index.php\/2025\/06\/25\/preservar-y-rescatar-la-ciudad-juan-bosch\/","url_meta":{"origin":103463,"position":1},"title":"Preservar y Rescatar La Ciudad Juan Bosch","author":"Nelson Feliz","date":"25 de junio de 2025","format":false,"excerpt":"Por: Luis Fern\u00e1ndezEscritor y comunicador La ciudad Juan Bosch proyecto habitacional de viviendas dignas de bajo costo iniciado el 18 de Junio del 2014, en Santo Domingo Este por el gobierno del entonces presidente Danilo Medina, mediante una alianza p\u00fablico privada, fue uno de los planes que ejecut\u00f3 ese gobierno\u2026","rel":"","context":"En \u00abOPINI\u00d3N\u00bb","block_context":{"text":"OPINI\u00d3N","link":"https:\/\/lasprimeras.com.do\/index.php\/category\/opinion\/"},"img":{"alt_text":"","src":"https:\/\/i0.wp.com\/lasprimeras.com.do\/wp-content\/uploads\/2025\/06\/La-Ciudad-Juan-Bosch.jpg?resize=350%2C200&ssl=1","width":350,"height":200,"srcset":"https:\/\/i0.wp.com\/lasprimeras.com.do\/wp-content\/uploads\/2025\/06\/La-Ciudad-Juan-Bosch.jpg?resize=350%2C200&ssl=1 1x, https:\/\/i0.wp.com\/lasprimeras.com.do\/wp-content\/uploads\/2025\/06\/La-Ciudad-Juan-Bosch.jpg?resize=525%2C300&ssl=1 1.5x, https:\/\/i0.wp.com\/lasprimeras.com.do\/wp-content\/uploads\/2025\/06\/La-Ciudad-Juan-Bosch.jpg?resize=700%2C400&ssl=1 2x"},"classes":[]},{"id":101530,"url":"https:\/\/lasprimeras.com.do\/index.php\/2025\/06\/23\/comision-del-pld-constata-deterioro-de-servicios-en-ciudad-juan-bosch-video\/","url_meta":{"origin":103463,"position":2},"title":"Comisi\u00f3n del PLD constata deterioro de servicios en Ciudad Juan Bosch | Video","author":"Nelson Feliz","date":"23 de junio de 2025","format":false,"excerpt":"El Partido de la Liberaci\u00f3n Dominicana se hizo eco de la situaci\u00f3n de deterioro del complejo habitacional, Ciudad Juan Bosch en Santo Domingo Este cuyos moradores reportan dificultades en el transporte p\u00fablico, apagones constantes, falta de agua potable, inseguridad, insalubridad por la acumulaci\u00f3n de basura y un sistema de drenaje\u2026","rel":"","context":"En \u00abPOLITICA\u00bb","block_context":{"text":"POLITICA","link":"https:\/\/lasprimeras.com.do\/index.php\/category\/politica\/"},"img":{"alt_text":"","src":"https:\/\/i0.wp.com\/lasprimeras.com.do\/wp-content\/uploads\/2025\/06\/Zoraima-Cuello.jpg?resize=350%2C200&ssl=1","width":350,"height":200,"srcset":"https:\/\/i0.wp.com\/lasprimeras.com.do\/wp-content\/uploads\/2025\/06\/Zoraima-Cuello.jpg?resize=350%2C200&ssl=1 1x, https:\/\/i0.wp.com\/lasprimeras.com.do\/wp-content\/uploads\/2025\/06\/Zoraima-Cuello.jpg?resize=525%2C300&ssl=1 1.5x, https:\/\/i0.wp.com\/lasprimeras.com.do\/wp-content\/uploads\/2025\/06\/Zoraima-Cuello.jpg?resize=700%2C400&ssl=1 2x"},"classes":[]},{"id":120656,"url":"https:\/\/lasprimeras.com.do\/index.php\/2026\/01\/26\/honrar-hoy-a-duarte-implica-algo-mas-que-evocarlo\/","url_meta":{"origin":103463,"position":3},"title":"\u201cHonrar hoy a Duarte implica algo m\u00e1s que evocarlo\u201d","author":"Nelson Feliz","date":"26 de enero de 2026","format":false,"excerpt":"Zoraima Cuello","rel":"","context":"En \u00abOPINI\u00d3N\u00bb","block_context":{"text":"OPINI\u00d3N","link":"https:\/\/lasprimeras.com.do\/index.php\/category\/opinion\/"},"img":{"alt_text":"Zoraima Cuello","src":"https:\/\/i0.wp.com\/lasprimeras.com.do\/wp-content\/uploads\/2026\/01\/Zoraima-Cuello.jpg?resize=350%2C200&ssl=1","width":350,"height":200,"srcset":"https:\/\/i0.wp.com\/lasprimeras.com.do\/wp-content\/uploads\/2026\/01\/Zoraima-Cuello.jpg?resize=350%2C200&ssl=1 1x, https:\/\/i0.wp.com\/lasprimeras.com.do\/wp-content\/uploads\/2026\/01\/Zoraima-Cuello.jpg?resize=525%2C300&ssl=1 1.5x, https:\/\/i0.wp.com\/lasprimeras.com.do\/wp-content\/uploads\/2026\/01\/Zoraima-Cuello.jpg?resize=700%2C400&ssl=1 2x"},"classes":[]},{"id":83285,"url":"https:\/\/lasprimeras.com.do\/index.php\/2024\/05\/14\/zoraima-cuello-presenta-propuestas-y-soluciones-en-educacion-salud-y-empleos-en-entrevista-con-r-cavada\/","url_meta":{"origin":103463,"position":4},"title":"Zoraima Cuello presenta propuestas y soluciones en educaci\u00f3n, salud y empleos en entrevista con R. Cavada","author":"Nelson Feliz","date":"14 de mayo de 2024","format":false,"excerpt":"La candidata vicepresidencial por el Partido de la Liberaci\u00f3n Dominicana (PLD), Zoraima Cuello, asegur\u00f3 que transformar la educaci\u00f3n es uno de los principales planes de Gobierno que piensa implementar a partir del 16 de agosto de este a\u00f1o. Cuello habl\u00f3 durante una entrevista que le realiz\u00f3 el reconocido comunicador, Roberto\u2026","rel":"","context":"En \u00abPORTADA\u00bb","block_context":{"text":"PORTADA","link":"https:\/\/lasprimeras.com.do\/index.php\/category\/portada\/"},"img":{"alt_text":"Zoraima Cuello","src":"https:\/\/i0.wp.com\/lasprimeras.com.do\/wp-content\/uploads\/2024\/05\/Zoraima-Cuello-4.jpg?resize=350%2C200&ssl=1","width":350,"height":200,"srcset":"https:\/\/i0.wp.com\/lasprimeras.com.do\/wp-content\/uploads\/2024\/05\/Zoraima-Cuello-4.jpg?resize=350%2C200&ssl=1 1x, https:\/\/i0.wp.com\/lasprimeras.com.do\/wp-content\/uploads\/2024\/05\/Zoraima-Cuello-4.jpg?resize=525%2C300&ssl=1 1.5x"},"classes":[]},{"id":82101,"url":"https:\/\/lasprimeras.com.do\/index.php\/2024\/04\/28\/zoraima-cuello-presenta-plan-de-soluciones-a-problemas-de-la-provincia-espaillat\/","url_meta":{"origin":103463,"position":5},"title":"Zoraima Cuello presenta plan de soluciones a problemas de\u00a0 la provincia Espaillat","author":"Nelson Feliz","date":"28 de abril de 2024","format":false,"excerpt":"Durante el recorrido recibi\u00f3 el respaldo de dirigentes del PLD La candidata a la vicepresidencia de la Rep\u00fablica por el Partido de la Liberaci\u00f3n Dominicana (PLD), Zoraima Cuello, present\u00f3 en la provincia Espaillat, la propuesta de Gobierno del candidato presidencial, Abel Mart\u00ednez, en lo relativo a empleo, agricultura, educaci\u00f3n, infraestructura,\u2026","rel":"","context":"En \u00abPORTADA\u00bb","block_context":{"text":"PORTADA","link":"https:\/\/lasprimeras.com.do\/index.php\/category\/portada\/"},"img":{"alt_text":"Zoraima Cuello","src":"https:\/\/i0.wp.com\/lasprimeras.com.do\/wp-content\/uploads\/2024\/04\/Zoraima-Cuello.jpg?resize=350%2C200&ssl=1","width":350,"height":200,"srcset":"https:\/\/i0.wp.com\/lasprimeras.com.do\/wp-content\/uploads\/2024\/04\/Zoraima-Cuello.jpg?resize=350%2C200&ssl=1 1x, https:\/\/i0.wp.com\/lasprimeras.com.do\/wp-content\/uploads\/2024\/04\/Zoraima-Cuello.jpg?resize=525%2C300&ssl=1 1.5x, https:\/\/i0.wp.com\/lasprimeras.com.do\/wp-content\/uploads\/2024\/04\/Zoraima-Cuello.jpg?resize=700%2C400&ssl=1 2x"},"classes":[]}],"jetpack_sharing_enabled":true,"_links":{"self":[{"href":"https:\/\/lasprimeras.com.do\/index.php\/wp-json\/wp\/v2\/posts\/103463","targetHints":{"allow":["GET"]}}],"collection":[{"href":"https:\/\/lasprimeras.com.do\/index.php\/wp-json\/wp\/v2\/posts"}],"about":[{"href":"https:\/\/lasprimeras.com.do\/index.php\/wp-json\/wp\/v2\/types\/post"}],"author":[{"embeddable":true,"href":"https:\/\/lasprimeras.com.do\/index.php\/wp-json\/wp\/v2\/users\/2"}],"replies":[{"embeddable":true,"href":"https:\/\/lasprimeras.com.do\/index.php\/wp-json\/wp\/v2\/comments?post=103463"}],"version-history":[{"count":2,"href":"https:\/\/lasprimeras.com.do\/index.php\/wp-json\/wp\/v2\/posts\/103463\/revisions"}],"predecessor-version":[{"id":103465,"href":"https:\/\/lasprimeras.com.do\/index.php\/wp-json\/wp\/v2\/posts\/103463\/revisions\/103465"}],"wp:featuredmedia":[{"embeddable":true,"href":"https:\/\/lasprimeras.com.do\/index.php\/wp-json\/wp\/v2\/media\/90095"}],"wp:attachment":[{"href":"https:\/\/lasprimeras.com.do\/index.php\/wp-json\/wp\/v2\/media?parent=103463"}],"wp:term":[{"taxonomy":"category","embeddable":true,"href":"https:\/\/lasprimeras.com.do\/index.php\/wp-json\/wp\/v2\/categories?post=103463"},{"taxonomy":"post_tag","embeddable":true,"href":"https:\/\/lasprimeras.com.do\/index.php\/wp-json\/wp\/v2\/tags?post=103463"}],"curies":[{"name":"wp","href":"https:\/\/api.w.org\/{rel}","templated":true}]}}