{"id":103466,"date":"2025-07-15T18:58:36","date_gmt":"2025-07-15T22:58:36","guid":{"rendered":"https:\/\/lasprimeras.com.do\/?p=103466"},"modified":"2025-07-15T18:58:38","modified_gmt":"2025-07-15T22:58:38","slug":"a-pesar-de-llamado-de-abinader-senadores-retrasan-aprobacion-de-los-codigos-penal-y-laboral","status":"publish","type":"post","link":"https:\/\/lasprimeras.com.do\/index.php\/2025\/07\/15\/a-pesar-de-llamado-de-abinader-senadores-retrasan-aprobacion-de-los-codigos-penal-y-laboral\/","title":{"rendered":"A pesar de llamado de Abinader, senadores retrasan aprobaci\u00f3n de los c\u00f3digos Penal y Laboral"},"content":{"rendered":"\n<p>Con relaci\u00f3n al nuevo C\u00f3digo Penal el senador Santiago Zorrilla manifest\u00f3 que retrasar\u00e1n la aprobaci\u00f3n de la pieza debido a que esperan unas observaciones que la PGR y otros sectores est\u00e1n supuestos a realizar.<\/p>\n\n\n\n<p>Los senadores retardaron los procedimientos de aprobaci\u00f3n de las propuestas de modificaci\u00f3n tanto al C\u00f3digo Penal como al C\u00f3digo de Trabajo, a pesar del llamado del presidente Luis Abinader en dar el visto bueno a ambas propuestas legislativas antes de la culminaci\u00f3n de la presente legislatura.<\/p>\n\n\n\n<p>Ambas modificaciones estaban supuestas a ser conocidas y aprobadas en una segunda lectura durante la sesi\u00f3n de este martes en el Senado de la Rep\u00fablica, sin embargo, ninguna fue propuesta para ser introducida a la orden del d\u00eda debido a propuestas de modificaciones recientes realizadas desde varios sectores.<\/p>\n\n\n\n<p>C\u00f3digo Penal<br>Con relaci\u00f3n al nuevo C\u00f3digo Penal el senador Santiago Zorrilla, presidente de la comisi\u00f3n bicameral que estudi\u00f3 la pieza, manifest\u00f3 a los medios de comunicaci\u00f3n que retrasaran la aprobaci\u00f3n de la pieza debido a que esperan unas observaciones que la Procuradur\u00eda General de la Rep\u00fablica y otros sectores est\u00e1n supuestos a realizar.<\/p>\n\n\n\n<p>El legislador manifest\u00f3 que no han recibido \u201cning\u00fan tipo de presi\u00f3n\u201d de parte de otros sectores sociales y que tanto los senadores y diputados entienden el rol que deben de jugar y la urgencia de que la sociedad tenga un nuevo C\u00f3digo Penal.<\/p>\n\n\n\n<p>\u201cNo existe la presi\u00f3n, el Senado de la Rep\u00fablica no est\u00e1 para tomar presi\u00f3n de nadie, nosotros sabemos el rol que tenemos ante la sociedad y ante el pueblo y no podemos tomar presi\u00f3n de ning\u00fan otro poder y de grupo sociales. Estamos esperando una propuesta de la Procuradur\u00eda y de unas personas que nos han llamado y vamos a ver tambi\u00e9n\u201d, indic\u00f3 Zorrilla.<\/p>\n\n\n\n<p>Esas modificaciones que ser\u00e1n planteadas se sumaran a las que los senadores Omar Fern\u00e1ndez y Mois\u00e9s Ayala anunciaron que realizar\u00edan durante el procedimiento de segunda lectura de la pieza.<\/p>\n\n\n\n<p>La propuesta de nuevo C\u00f3digo Penal no contiene la despenalizaci\u00f3n del aborto asistido en tres causales excepcionales e integrar\u00eda la figura del c\u00famulo de penas por el cual a un mismo individuo se le puede sentenciar tras ser hallado culpable en varios cargos en su contra. El c\u00famulo puede llegar hasta los 60 a\u00f1os de prisi\u00f3n, adem\u00e1s de que tipifica 72 nuevos cr\u00edmenes.<\/p>\n\n\n\n<p>C\u00f3digo Laboral<br>Mientras que el conocimiento del C\u00f3digo Laboral fue retrasado debido a los recientes se\u00f1alamientos realizados por el sector empresarial y el rechazo de los sindicalistas a esos nuevos planteamientos.<\/p>\n\n\n\n<p>El presidente de la comisi\u00f3n que estudi\u00f3 esa pieza, el senador Rafael Bar\u00f3n Duluc (Cholitin), manifest\u00f3 que el principal punto de discusi\u00f3n se mantiene siendo la figura de la cesant\u00eda laboral.<\/p>\n\n\n\n<p>\u201cEse tema nosotros lo aprobamos como vino (en la propuesta realizada por el Poder Ejecutivo), o sea, no se toc\u00f3; al final la cesant\u00eda permanecer\u00eda\u201d, manifest\u00f3 el senador.<\/p>\n\n\n\n<p>La propuesta del Poder Ejecutivo fue realizada a ra\u00edz de los resultados del dialogo tripartito, del cual forman parte los sectores empresarial, laboral y el Gobierno, sin embargo, una vez la pieza fue aprobada por los senadores en una primera lectura, los empresarios rechazaron el proyecto de modificaci\u00f3n al C\u00f3digo de Trabajo, por considerar que \u201crepresenta un retroceso\u201d y se\u00f1alando que el mismo ignora varios \u201cacuerdos alcanzados\u201d durante el desarrollo del dialogo tripartito.<\/p>\n\n\n\n<p>Aunque los empresarios han hecho un llamado a retomar el dialogo, los sindicalistas han manifestado que ese tema no fue tocado en el nuevo proyecto para \u201cmantener el orden laboral y evitar una posible huelga general y explosi\u00f3n social\u201d.<\/p>\n\n\n\n<p>El representante de la provincia La Altagracia en la C\u00e1mara Alta indic\u00f3 que se han acogido las propuestas de ambos sectores a la propuesta enviada desde el Gobierno, aunque tambi\u00e9n han validado las posiciones sustentadas en la pieza legislativa aprobada en una primera lectura la pasada semana.<\/p>\n\n\n\n<p>\u201cHay varios puntos que pueden ser objeto de modificaci\u00f3n, por ejemplo el tema de las zonas francas, que si bien es cierto que estuvo la intenci\u00f3n de darle a los trabajadores de las zonas francas esos derechos de las bonificaciones, tambi\u00e9n es cierto que puede poner en peligro la presencia de esas empresas de zonas francas en el pa\u00eds por lo que es valido mantener el sistema como est\u00e1\u201d, argument\u00f3 Duluc al tiempo que asegur\u00f3 que el c\u00f3digo aprobado ser\u00e1 \u201cuno bueno para todos los sectores y todos los dominicanos\u201d.<\/p>\n\n\n\n<p>\u00bfQueda tiempo?<br>Abinader fue enf\u00e1tico en su se\u00f1alamiento de que estas nuevas leyes deben ser aprobadas antes de que culmine la presente legislatura, la cual concluye el pr\u00f3ximo 26 de julio.<\/p>\n\n\n\n<p>Hasta tanto ambas piezas no sean aprobadas en una segunda lectura por los senadores, las mismas no pueden ser remitidas hacia la C\u00e1mara de Diputados, quienes tambi\u00e9n tienen que repetir el mismo proceso de leer y aprobar en dos lecturas consecutivas ambos c\u00f3digos, los cuales quedar\u00edan convertidos en ley siempre y cuando no modifiquen lo aprobado por el Senado.<\/p>\n\n\n\n<p>Mientras Zorrilla y Duluc afirman que ambos c\u00f3digos pueden ser aprobados antes de ese 26 de julio, Abinader manifest\u00f3 que est\u00e1 dispuesto a convocar a una legislatura extraordinaria.<\/p>\n\n\n\n<p>M\u00faltiples senadores se mostraron de acuerdo con la idea de continuar laborando hasta el 15 de agosto.<\/p>\n\n\n\n<p>El C\u00f3digo Laboral corre el riesgo de perimir si no es aprobado en la presente legislatura ya que data en el Congreso Nacional desde el pasado mes de noviembre; al perimir, el proyecto deber\u00eda de ser reintroducido para volver a ser conocido y aprobado dos veces.<\/p>\n\n\n\n<p>Duluc indic\u00f3 que eso no representar\u00eda un \u201cretraso mayor\u201d por lo que solamente tiene que ser reintroducido por el Senado y ser liberado de lectura durante el conocimiento de la primera lectura.<\/p>\n\n\n\n<p>Fuente Listin Diario<\/p>\n","protected":false},"excerpt":{"rendered":"<p>Con relaci\u00f3n al nuevo C\u00f3digo Penal el senador Santiago Zorrilla manifest\u00f3 que retrasar\u00e1n la aprobaci\u00f3n de la pieza debido a que esperan unas observaciones que la PGR y otros sectores&hellip;<\/p>\n","protected":false},"author":2,"featured_media":74168,"comment_status":"open","ping_status":"open","sticky":false,"template":"","format":"standard","meta":{"content-type":"","jetpack_post_was_ever_published":false,"_jetpack_newsletter_access":"","_jetpack_dont_email_post_to_subs":false,"_jetpack_newsletter_tier_id":0,"_jetpack_memberships_contains_paywalled_content":false,"_jetpack_memberships_contains_paid_content":false,"footnotes":""},"categories":[16559,25],"tags":[6367,21695,67,21694,3300],"class_list":["post-103466","post","type-post","status-publish","format-standard","has-post-thumbnail","hentry","category-politica","category-portada","tag-aprobacion","tag-codigos-penal-y-laboral","tag-luis-abinader","tag-retrasan","tag-senadores"],"jetpack_featured_media_url":"https:\/\/lasprimeras.com.do\/wp-content\/uploads\/2024\/01\/Senadores.jpg","jetpack-related-posts":[{"id":108282,"url":"https:\/\/lasprimeras.com.do\/index.php\/2025\/09\/04\/consejo-de-abogados-expresa-satisfaccion-por-la-aprobacion-del-nuevo-codigo-penal\/","url_meta":{"origin":103466,"position":0},"title":"Consejo de Abogados expresa satisfacci\u00f3n por la aprobaci\u00f3n del Nuevo C\u00f3digo Penal","author":"Nelson Feliz","date":"4 de septiembre de 2025","format":false,"excerpt":"El Consejo Nacional de Expresidentes del Colegio de Abogados de la Rep\u00fablica Dominicana expresa al pueblo dominicano su profunda satisfacci\u00f3n por la aprobaci\u00f3n del Nuevo C\u00f3digo Penal, tras m\u00e1s de veinte a\u00f1os de intensos debates, an\u00e1lisis t\u00e9cnicos y reclamos provenientes de todos los sectores de la vida nacional. Este nuevo\u2026","rel":"","context":"En \u00abNACIONALES\u00bb","block_context":{"text":"NACIONALES","link":"https:\/\/lasprimeras.com.do\/index.php\/category\/nacionales\/"},"img":{"alt_text":"","src":"https:\/\/i0.wp.com\/lasprimeras.com.do\/wp-content\/uploads\/2025\/09\/abogados.jpg?resize=350%2C200&ssl=1","width":350,"height":200,"srcset":"https:\/\/i0.wp.com\/lasprimeras.com.do\/wp-content\/uploads\/2025\/09\/abogados.jpg?resize=350%2C200&ssl=1 1x, https:\/\/i0.wp.com\/lasprimeras.com.do\/wp-content\/uploads\/2025\/09\/abogados.jpg?resize=525%2C300&ssl=1 1.5x, https:\/\/i0.wp.com\/lasprimeras.com.do\/wp-content\/uploads\/2025\/09\/abogados.jpg?resize=700%2C400&ssl=1 2x"},"classes":[]},{"id":86436,"url":"https:\/\/lasprimeras.com.do\/index.php\/2024\/07\/24\/udc-propone-dejar-codigo-penal-para-nuevos-congresistas-respalda-posicion-abinader\/","url_meta":{"origin":103466,"position":1},"title":"UDC propone dejar C\u00f3digo Penal para nuevos congresistas; respalda posici\u00f3n Abinader","author":"Nelson Feliz","date":"24 de julio de 2024","format":false,"excerpt":"El presidente de la Uni\u00f3n Dem\u00f3crata Cristiana \u2013UDC_, Luis Acosta Moreta, Luis \u201cEl Gallo\u201d, consider\u00f3 que el conocimiento del C\u00f3digo Procesal Penal se debe congelar en este per\u00edodo legislativo y dejar su aprobaci\u00f3n a las nuevas autoridades congresuales \u2013 Dijo compartir plenamente la inquietud del presidente Luis Abinader de que\u2026","rel":"","context":"En \u00abSin categor\u00eda\u00bb","block_context":{"text":"Sin categor\u00eda","link":"https:\/\/lasprimeras.com.do\/index.php\/category\/sin-categoria\/"},"img":{"alt_text":"Luis Acosta Moreta","src":"https:\/\/i0.wp.com\/lasprimeras.com.do\/wp-content\/uploads\/2024\/07\/Luis-Acosta-Moreta-1.jpg?resize=350%2C200&ssl=1","width":350,"height":200,"srcset":"https:\/\/i0.wp.com\/lasprimeras.com.do\/wp-content\/uploads\/2024\/07\/Luis-Acosta-Moreta-1.jpg?resize=350%2C200&ssl=1 1x, https:\/\/i0.wp.com\/lasprimeras.com.do\/wp-content\/uploads\/2024\/07\/Luis-Acosta-Moreta-1.jpg?resize=525%2C300&ssl=1 1.5x"},"classes":[]},{"id":104935,"url":"https:\/\/lasprimeras.com.do\/index.php\/2025\/07\/29\/udc-pide-se-dejen-a-un-lado-compromisos-y-egos-en-la-aprobacion-de-codigo-penal\/","url_meta":{"origin":103466,"position":2},"title":"UDC pide se dejen a un lado compromisos y egos en la aprobaci\u00f3n de C\u00f3digo Penal","author":"Nelson Feliz","date":"29 de julio de 2025","format":false,"excerpt":"El presidente de la Uni\u00f3n Dem\u00f3crata Cristiana \u2013UDC-, Luis Acosta Moreta, Luis \u201cEl Gallo\u201d, consider\u00f3 hoy que en la aprobaci\u00f3n del nuevo c\u00f3digo penal se deben dejar a un lado los egos, los compromisos comerciales y profesionales y trabajar para dotar a la sociedad dominicana de una justicia seria e\u2026","rel":"","context":"En \u00abPOLITICA\u00bb","block_context":{"text":"POLITICA","link":"https:\/\/lasprimeras.com.do\/index.php\/category\/politica\/"},"img":{"alt_text":"","src":"https:\/\/i0.wp.com\/lasprimeras.com.do\/wp-content\/uploads\/2025\/07\/Luis-Acosta-Moreta-1.jpg?resize=350%2C200&ssl=1","width":350,"height":200,"srcset":"https:\/\/i0.wp.com\/lasprimeras.com.do\/wp-content\/uploads\/2025\/07\/Luis-Acosta-Moreta-1.jpg?resize=350%2C200&ssl=1 1x, https:\/\/i0.wp.com\/lasprimeras.com.do\/wp-content\/uploads\/2025\/07\/Luis-Acosta-Moreta-1.jpg?resize=525%2C300&ssl=1 1.5x, https:\/\/i0.wp.com\/lasprimeras.com.do\/wp-content\/uploads\/2025\/07\/Luis-Acosta-Moreta-1.jpg?resize=700%2C400&ssl=1 2x"},"classes":[]},{"id":86103,"url":"https:\/\/lasprimeras.com.do\/index.php\/2024\/07\/17\/luis-el-gallo-pide-se-congele-conocimiento-codigo-penal-y-el-tema-del-aborto\/","url_meta":{"origin":103466,"position":3},"title":"Luis \u201cEl Gallo\u201d pide se congele conocimiento C\u00f3digo Penal y el tema del aborto","author":"Nelson Feliz","date":"17 de julio de 2024","format":false,"excerpt":"El presidente de la Uni\u00f3n Dem\u00f3crata Cristiana \u2013UDC-, Luis Acosta Moreta, Luis \u201cEl Gallo\u201d, pidi\u00f3 hoy que el nuevo C\u00f3digo Penal y el tema de los abortos, deben congelarse\u00a0 de inmediato, para ser conocidos a fondo por los nuevos legisladores. Destac\u00f3 que solo con el tratamiento a la prohibici\u00f3n o\u2026","rel":"","context":"En \u00abSin categor\u00eda\u00bb","block_context":{"text":"Sin categor\u00eda","link":"https:\/\/lasprimeras.com.do\/index.php\/category\/sin-categoria\/"},"img":{"alt_text":"","src":"https:\/\/i0.wp.com\/lasprimeras.com.do\/wp-content\/uploads\/2024\/07\/Luis-Acosta-Moreta-2.jpg?resize=350%2C200&ssl=1","width":350,"height":200,"srcset":"https:\/\/i0.wp.com\/lasprimeras.com.do\/wp-content\/uploads\/2024\/07\/Luis-Acosta-Moreta-2.jpg?resize=350%2C200&ssl=1 1x, https:\/\/i0.wp.com\/lasprimeras.com.do\/wp-content\/uploads\/2024\/07\/Luis-Acosta-Moreta-2.jpg?resize=525%2C300&ssl=1 1.5x, https:\/\/i0.wp.com\/lasprimeras.com.do\/wp-content\/uploads\/2024\/07\/Luis-Acosta-Moreta-2.jpg?resize=700%2C400&ssl=1 2x"},"classes":[]},{"id":105495,"url":"https:\/\/lasprimeras.com.do\/index.php\/2025\/08\/04\/ricardo-de-los-santos-felicita-al-presidente-abinader-por-la-promulgacion-del-codigo-penal\/","url_meta":{"origin":103466,"position":4},"title":"Ricardo de los Santos felicita al presidente Abinader por la promulgaci\u00f3n del C\u00f3digo Penal","author":"Nelson Feliz","date":"4 de agosto de 2025","format":false,"excerpt":"\u00a0El presidente del Senado, Ricardo de los Santos, agradeci\u00f3 al mandatario de la Rep\u00fablica, Luis Abinader, por acoger con responsabilidad y visi\u00f3n de futuro el nuevo C\u00f3digo Penal, una pieza legislativa esperada por la sociedad dominicana. El representante de S\u00e1nchez Ram\u00edrez, a trav\u00e9s de un mensaje en su cuenta de\u2026","rel":"","context":"En \u00abNACIONALES\u00bb","block_context":{"text":"NACIONALES","link":"https:\/\/lasprimeras.com.do\/index.php\/category\/nacionales\/"},"img":{"alt_text":"Ricardo de los Santos","src":"https:\/\/i0.wp.com\/lasprimeras.com.do\/wp-content\/uploads\/2025\/08\/Ricardo-de-los-Santos-1.jpg?resize=350%2C200&ssl=1","width":350,"height":200,"srcset":"https:\/\/i0.wp.com\/lasprimeras.com.do\/wp-content\/uploads\/2025\/08\/Ricardo-de-los-Santos-1.jpg?resize=350%2C200&ssl=1 1x, https:\/\/i0.wp.com\/lasprimeras.com.do\/wp-content\/uploads\/2025\/08\/Ricardo-de-los-Santos-1.jpg?resize=525%2C300&ssl=1 1.5x, https:\/\/i0.wp.com\/lasprimeras.com.do\/wp-content\/uploads\/2025\/08\/Ricardo-de-los-Santos-1.jpg?resize=700%2C400&ssl=1 2x"},"classes":[]},{"id":105262,"url":"https:\/\/lasprimeras.com.do\/index.php\/2025\/07\/31\/victor-terrero-califica-de-machistas-e-inhumanos-a-diputados-por-excluir-las-tres-causales-del-codigo-penal\/","url_meta":{"origin":103466,"position":5},"title":"V\u00edctor Terrero califica de \u201cmachistas e inhumanos\u201d a diputados por excluir las tres causales del C\u00f3digo Penal","author":"Nelson Feliz","date":"31 de julio de 2025","format":false,"excerpt":"El miembro del Comit\u00e9 Central del Partido de la Liberaci\u00f3n Dominicana (PLD), doctor V\u00edctor Manuel Terrero, calific\u00f3 hoy de cobardes, ignorantes, insensibles, machistas e inhumanos a los diputados y senadores que aprobaron el controversial proyecto de reforma al C\u00f3digo Penal, excluyendo las tres causales para la interrupci\u00f3n del embarazo. Terrero,\u2026","rel":"","context":"En \u00abPOLITICA\u00bb","block_context":{"text":"POLITICA","link":"https:\/\/lasprimeras.com.do\/index.php\/category\/politica\/"},"img":{"alt_text":"Victor Terrero","src":"https:\/\/i0.wp.com\/lasprimeras.com.do\/wp-content\/uploads\/2023\/10\/Victor-Terrero.jpg?resize=350%2C200&ssl=1","width":350,"height":200,"srcset":"https:\/\/i0.wp.com\/lasprimeras.com.do\/wp-content\/uploads\/2023\/10\/Victor-Terrero.jpg?resize=350%2C200&ssl=1 1x, https:\/\/i0.wp.com\/lasprimeras.com.do\/wp-content\/uploads\/2023\/10\/Victor-Terrero.jpg?resize=525%2C300&ssl=1 1.5x, https:\/\/i0.wp.com\/lasprimeras.com.do\/wp-content\/uploads\/2023\/10\/Victor-Terrero.jpg?resize=700%2C400&ssl=1 2x"},"classes":[]}],"jetpack_sharing_enabled":true,"_links":{"self":[{"href":"https:\/\/lasprimeras.com.do\/index.php\/wp-json\/wp\/v2\/posts\/103466","targetHints":{"allow":["GET"]}}],"collection":[{"href":"https:\/\/lasprimeras.com.do\/index.php\/wp-json\/wp\/v2\/posts"}],"about":[{"href":"https:\/\/lasprimeras.com.do\/index.php\/wp-json\/wp\/v2\/types\/post"}],"author":[{"embeddable":true,"href":"https:\/\/lasprimeras.com.do\/index.php\/wp-json\/wp\/v2\/users\/2"}],"replies":[{"embeddable":true,"href":"https:\/\/lasprimeras.com.do\/index.php\/wp-json\/wp\/v2\/comments?post=103466"}],"version-history":[{"count":1,"href":"https:\/\/lasprimeras.com.do\/index.php\/wp-json\/wp\/v2\/posts\/103466\/revisions"}],"predecessor-version":[{"id":103467,"href":"https:\/\/lasprimeras.com.do\/index.php\/wp-json\/wp\/v2\/posts\/103466\/revisions\/103467"}],"wp:featuredmedia":[{"embeddable":true,"href":"https:\/\/lasprimeras.com.do\/index.php\/wp-json\/wp\/v2\/media\/74168"}],"wp:attachment":[{"href":"https:\/\/lasprimeras.com.do\/index.php\/wp-json\/wp\/v2\/media?parent=103466"}],"wp:term":[{"taxonomy":"category","embeddable":true,"href":"https:\/\/lasprimeras.com.do\/index.php\/wp-json\/wp\/v2\/categories?post=103466"},{"taxonomy":"post_tag","embeddable":true,"href":"https:\/\/lasprimeras.com.do\/index.php\/wp-json\/wp\/v2\/tags?post=103466"}],"curies":[{"name":"wp","href":"https:\/\/api.w.org\/{rel}","templated":true}]}}