{"id":103468,"date":"2025-07-15T19:05:03","date_gmt":"2025-07-15T23:05:03","guid":{"rendered":"https:\/\/lasprimeras.com.do\/?p=103468"},"modified":"2025-07-15T19:05:04","modified_gmt":"2025-07-15T23:05:04","slug":"realizan-pruebas-de-funcionamiento-en-teleferico-de-puerto-plata","status":"publish","type":"post","link":"https:\/\/lasprimeras.com.do\/index.php\/2025\/07\/15\/realizan-pruebas-de-funcionamiento-en-teleferico-de-puerto-plata\/","title":{"rendered":"Realizan pruebas de funcionamiento en telef\u00e9rico de Puerto Plata"},"content":{"rendered":"\n<p>Edgar Lantigua<\/p>\n\n\n\n<p>El telef\u00e9rico de Puerto Plata fue puesto en funcionamiento, como parte de un procedimiento t\u00e9cnico para verificar el estado de este transporte que lleva m\u00e1s de un a\u00f1o inactivo.<\/p>\n\n\n\n<p>Para los moradores, fue una sorpresa observar las cabinas del telef\u00e9rico subiendo y bajando a la monta\u00f1a Isabel de Torres lo que provoc\u00f3 m\u00faltiples reacciones de la ciudadan\u00eda en las redes sociales.<\/p>\n\n\n\n<p>Ante esto, la administraci\u00f3n del telef\u00e9rico inform\u00f3 en un comunicado que \u201cla movilizaci\u00f3n de las cabinas observada durante el d\u00eda forma parte de un procedimiento t\u00e9cnico solicitado por las compa\u00f1\u00edas que participar\u00e1n en el proceso de remozamiento y licitaci\u00f3n del nuevo sistema\u201d.<\/p>\n\n\n\n<p>\u201cEsta movilizaci\u00f3n corresponde a una prueba t\u00e9cnica necesaria para evaluar el estado actual del sistema, tras m\u00e1s de un a\u00f1o de inactividad. Durante el procedimiento, las cabinas (funiculares) estuvieron completamente vac\u00edas, cumpliendo con los protocolos establecidos y sin poner en riesgo la seguridad de personas o instalaciones\u201d, indic\u00f3.<\/p>\n\n\n\n<p>El objetivo principal de esta maniobra fue comprobar el estado del rodaje, los frenos y el funcionamiento general del engranaje operativo, como parte de los requisitos t\u00e9cnicos exigidos por las compa\u00f1\u00edas interesadas en el proceso de renovaci\u00f3n del telef\u00e9rico\u201d.<\/p>\n\n\n\n<p>Fedanorte convoca marcha<\/p>\n\n\n\n<p>A las 10:00 de la ma\u00f1ana la Federaci\u00f3n de Trabajadores y Vendedores de Artesan\u00eda y Afines de la Regi\u00f3n Norte (Fedanorte), hab\u00eda convocado una rueda de prensa para anunciar una marcha para el pr\u00f3ximo mi\u00e9rcoles 23 de julio.<\/p>\n\n\n\n<p>Durante el encuentro Mariano Rodr\u00edguez, presidente de Fedanorte, destac\u00f3 que no permitir\u00e1n la privatizaci\u00f3n de esas instalaciones, y denunci\u00f3 la situaci\u00f3n que est\u00e1n enfrentando los vendedores del telef\u00e9rico con esas instalaciones cerradas hace m\u00e1s de un a\u00f1o.<\/p>\n\n\n\n<p>Por su parte, el sindicalista Luis Bencosme, dijo que no permitir\u00e1n que esto se produzca, porque el inter\u00e9s es que se privaticen esas instalaciones, por lo cual est\u00e1n dejando destruir la Puntilla y han paralizado el telef\u00e9rico para privatizarlo.<\/p>\n\n\n\n<p>La marcha ser\u00e1 realizada el mi\u00e9rcoles 23 de julio a partir de las 8:00 de la ma\u00f1ana, partiendo de la Plaza Independencia hasta la Gobernaci\u00f3n provincial.<\/p>\n\n\n\n<p>Fuente Listin Diario<\/p>\n","protected":false},"excerpt":{"rendered":"<p>Edgar Lantigua El telef\u00e9rico de Puerto Plata fue puesto en funcionamiento, como parte de un procedimiento t\u00e9cnico para verificar el estado de este transporte que lleva m\u00e1s de un a\u00f1o&hellip;<\/p>\n","protected":false},"author":2,"featured_media":103469,"comment_status":"open","ping_status":"open","sticky":false,"template":"","format":"standard","meta":{"content-type":"","jetpack_post_was_ever_published":false,"_jetpack_newsletter_access":"","_jetpack_dont_email_post_to_subs":false,"_jetpack_newsletter_tier_id":0,"_jetpack_memberships_contains_paywalled_content":false,"_jetpack_memberships_contains_paid_content":false,"footnotes":""},"categories":[35],"tags":[2683,2269,687,4828],"class_list":["post-103468","post","type-post","status-publish","format-standard","has-post-thumbnail","hentry","category-nacionales","tag-funcionamiento","tag-pruebas","tag-puerto-plata","tag-teleferico"],"jetpack_featured_media_url":"https:\/\/lasprimeras.com.do\/wp-content\/uploads\/2025\/07\/tele.png","jetpack-related-posts":[{"id":103581,"url":"https:\/\/lasprimeras.com.do\/index.php\/2025\/07\/16\/abinader-emite-decreto-que-pone-en-manos-de-un-fideicomiso-la-gestion-del-teleferico-de-puerto-plata\/","url_meta":{"origin":103468,"position":0},"title":"Abinader emite decreto que pone en manos de un fideicomiso la gesti\u00f3n del Telef\u00e9rico de Puerto Plata","author":"Nelson Feliz","date":"16 de julio de 2025","format":false,"excerpt":"El presidente Luis Abinader emiti\u00f3 el decreto n\u00fam. 162-25, con el cual ordena la constituci\u00f3n de un fideicomiso p\u00fablico para administrar el telef\u00e9rico de Puerto Plata, cerrado hace m\u00e1s de un a\u00f1o para la instalaci\u00f3n de un sistema de transporte moderno que a\u00fan no ha comenzado. Seg\u00fan consta en el\u2026","rel":"","context":"En \u00abECONOM\u00cdA\u00bb","block_context":{"text":"ECONOM\u00cdA","link":"https:\/\/lasprimeras.com.do\/index.php\/category\/economia\/"},"img":{"alt_text":"","src":"https:\/\/i0.wp.com\/lasprimeras.com.do\/wp-content\/uploads\/2025\/07\/tele.jpg?resize=350%2C200&ssl=1","width":350,"height":200,"srcset":"https:\/\/i0.wp.com\/lasprimeras.com.do\/wp-content\/uploads\/2025\/07\/tele.jpg?resize=350%2C200&ssl=1 1x, https:\/\/i0.wp.com\/lasprimeras.com.do\/wp-content\/uploads\/2025\/07\/tele.jpg?resize=525%2C300&ssl=1 1.5x, https:\/\/i0.wp.com\/lasprimeras.com.do\/wp-content\/uploads\/2025\/07\/tele.jpg?resize=700%2C400&ssl=1 2x"},"classes":[]},{"id":78281,"url":"https:\/\/lasprimeras.com.do\/index.php\/2024\/03\/01\/fitram-fija-fecha-del-teleferico-de-santiago\/","url_meta":{"origin":103468,"position":1},"title":"Fitram fija fecha del telef\u00e9rico de Santiago","author":"BIMARY DE JES\u00daS Matos","date":"1 de marzo de 2024","format":false,"excerpt":"Santiago. El presidente Luis Abinader dejar\u00e1 en funcionamiento el pr\u00f3ximo 17 de marzo el telef\u00e9rico de Santiago, proceso que incluye la sensibilizaci\u00f3n ciudadana. De acuerdo a las informaciones ofrecidas por los directivos del Sistema de Transporte Masivo de la Rep\u00fablica Dominicana (Fitram), la actividad de inauguraci\u00f3n del sistema de transporte\u2026","rel":"","context":"En \u00abPORTADA\u00bb","block_context":{"text":"PORTADA","link":"https:\/\/lasprimeras.com.do\/index.php\/category\/portada\/"},"img":{"alt_text":"","src":"https:\/\/i0.wp.com\/lasprimeras.com.do\/wp-content\/uploads\/2024\/03\/65e12c620b645_5-trabajo-del-teldeferico-28-2-2024-2-copy-768x461-1.jpg?resize=350%2C200&ssl=1","width":350,"height":200,"srcset":"https:\/\/i0.wp.com\/lasprimeras.com.do\/wp-content\/uploads\/2024\/03\/65e12c620b645_5-trabajo-del-teldeferico-28-2-2024-2-copy-768x461-1.jpg?resize=350%2C200&ssl=1 1x, https:\/\/i0.wp.com\/lasprimeras.com.do\/wp-content\/uploads\/2024\/03\/65e12c620b645_5-trabajo-del-teldeferico-28-2-2024-2-copy-768x461-1.jpg?resize=525%2C300&ssl=1 1.5x, https:\/\/i0.wp.com\/lasprimeras.com.do\/wp-content\/uploads\/2024\/03\/65e12c620b645_5-trabajo-del-teldeferico-28-2-2024-2-copy-768x461-1.jpg?resize=700%2C400&ssl=1 2x"},"classes":[]},{"id":120287,"url":"https:\/\/lasprimeras.com.do\/index.php\/2026\/01\/22\/dirigente-de-la-fp-afirma-que-gestion-de-collado-es-mas-de-marketing-que-de-resultados\/","url_meta":{"origin":103468,"position":2},"title":"Dirigente de la FP afirma que gesti\u00f3n de Collado es m\u00e1s de marketing que de resultados","author":"Nelson Feliz","date":"22 de enero de 2026","format":false,"excerpt":"El miembro de la Direcci\u00f3n Pol\u00edtica y titular de la Secretar\u00eda de asuntos Tur\u00edsticos de la FP, denunci\u00f3 que el telef\u00e9rico de la Loma Isabel de Torres de Puerto Plata, lleva m\u00e1s de un a\u00f1o sin operar y las actuales autoridades de Turismo, no han sido capaz de ponerlo en\u2026","rel":"","context":"En \u00abPOLITICA\u00bb","block_context":{"text":"POLITICA","link":"https:\/\/lasprimeras.com.do\/index.php\/category\/politica\/"},"img":{"alt_text":"","src":"https:\/\/i0.wp.com\/lasprimeras.com.do\/wp-content\/uploads\/2026\/01\/IMG-20260122-WA0293.jpg?resize=350%2C200&ssl=1","width":350,"height":200,"srcset":"https:\/\/i0.wp.com\/lasprimeras.com.do\/wp-content\/uploads\/2026\/01\/IMG-20260122-WA0293.jpg?resize=350%2C200&ssl=1 1x, https:\/\/i0.wp.com\/lasprimeras.com.do\/wp-content\/uploads\/2026\/01\/IMG-20260122-WA0293.jpg?resize=525%2C300&ssl=1 1.5x, https:\/\/i0.wp.com\/lasprimeras.com.do\/wp-content\/uploads\/2026\/01\/IMG-20260122-WA0293.jpg?resize=700%2C400&ssl=1 2x, https:\/\/i0.wp.com\/lasprimeras.com.do\/wp-content\/uploads\/2026\/01\/IMG-20260122-WA0293.jpg?resize=1050%2C600&ssl=1 3x"},"classes":[]},{"id":105122,"url":"https:\/\/lasprimeras.com.do\/index.php\/2025\/07\/30\/el-metro-y-el-teleferico-iniciaran-operaciones-a-las-530-de-la-manana\/","url_meta":{"origin":103468,"position":3},"title":"El metro y el telef\u00e9rico iniciar\u00e1n operaciones a las 5:30 de la ma\u00f1ana","author":"Nelson Feliz","date":"30 de julio de 2025","format":false,"excerpt":"La extensi\u00f3n del horario forma parte del plan \"RD se Mueve\", que busca mejorar la movilidad en la ciudad y ofrecer facilidades a los usuarios. El Metro y la L\u00ednea 1 del Telef\u00e9rico de Santo Domingo operar\u00e1n desde las 5:30 de la ma\u00f1ana, a partir del jueves 31 de julio,\u2026","rel":"","context":"En \u00abNACIONALES\u00bb","block_context":{"text":"NACIONALES","link":"https:\/\/lasprimeras.com.do\/index.php\/category\/nacionales\/"},"img":{"alt_text":"","src":"https:\/\/i0.wp.com\/lasprimeras.com.do\/wp-content\/uploads\/2025\/07\/metro-y-el-teleferico.jpg?resize=350%2C200&ssl=1","width":350,"height":200,"srcset":"https:\/\/i0.wp.com\/lasprimeras.com.do\/wp-content\/uploads\/2025\/07\/metro-y-el-teleferico.jpg?resize=350%2C200&ssl=1 1x, https:\/\/i0.wp.com\/lasprimeras.com.do\/wp-content\/uploads\/2025\/07\/metro-y-el-teleferico.jpg?resize=525%2C300&ssl=1 1.5x, https:\/\/i0.wp.com\/lasprimeras.com.do\/wp-content\/uploads\/2025\/07\/metro-y-el-teleferico.jpg?resize=700%2C400&ssl=1 2x"},"classes":[]},{"id":79418,"url":"https:\/\/lasprimeras.com.do\/index.php\/2024\/03\/27\/el-teleferico-de-santiago-supera-los-10-mil-usuarios\/","url_meta":{"origin":103468,"position":4},"title":"El Telef\u00e9rico de Santiago supera los 10 mil usuarios","author":"BIMARY DE JES\u00daS Matos","date":"27 de marzo de 2024","format":false,"excerpt":"Santiago.-En apenas 14 d\u00edas y en dos horas diarias en su marcha en blanco o de familiarizaci\u00f3n, el Telef\u00e9rico de Santiago ha movilizado m\u00e1s diez mil personas que van a conocer el sistema de movilidad por cable. Largas filas de usuarios de diversos sectores de la Ciudad Coraz\u00f3n se han\u2026","rel":"","context":"En \u00abPORTADA\u00bb","block_context":{"text":"PORTADA","link":"https:\/\/lasprimeras.com.do\/index.php\/category\/portada\/"},"img":{"alt_text":"","src":"https:\/\/i0.wp.com\/lasprimeras.com.do\/wp-content\/uploads\/2024\/03\/1-millon-de-jovenes-votaran-en-las-elecciones-municipales-2-6.webp?resize=350%2C200&ssl=1","width":350,"height":200},"classes":[]},{"id":51387,"url":"https:\/\/lasprimeras.com.do\/index.php\/2023\/05\/30\/extienden-servicio-gratuito-del-teleferico-alcarrizos-y-horarios-de-funcionamiento\/","url_meta":{"origin":103468,"position":5},"title":"Extienden servicio gratuito del Telef\u00e9rico Alcarrizos y horarios de funcionamiento","author":"prenxa100","date":"30 de mayo de 2023","format":false,"excerpt":"Santo Domingo, RD.-. La Oficina de Proyectos de Movilidad Urbana e Interurbana de la Presidencia inform\u00f3 que se extender\u00e1 hasta el 16 de junio las operaciones gratuitas del Telef\u00e9rico de Los Alcarrizos incluyendo las rutas alimentadoras de la OMSA que operan bajo el Sistema Integrado de Transporte (SIT). El d\u00eda\u2026","rel":"","context":"En \u00abNACIONALES\u00bb","block_context":{"text":"NACIONALES","link":"https:\/\/lasprimeras.com.do\/index.php\/category\/nacionales\/"},"img":{"alt_text":"","src":"","width":0,"height":0},"classes":[]}],"jetpack_sharing_enabled":true,"_links":{"self":[{"href":"https:\/\/lasprimeras.com.do\/index.php\/wp-json\/wp\/v2\/posts\/103468","targetHints":{"allow":["GET"]}}],"collection":[{"href":"https:\/\/lasprimeras.com.do\/index.php\/wp-json\/wp\/v2\/posts"}],"about":[{"href":"https:\/\/lasprimeras.com.do\/index.php\/wp-json\/wp\/v2\/types\/post"}],"author":[{"embeddable":true,"href":"https:\/\/lasprimeras.com.do\/index.php\/wp-json\/wp\/v2\/users\/2"}],"replies":[{"embeddable":true,"href":"https:\/\/lasprimeras.com.do\/index.php\/wp-json\/wp\/v2\/comments?post=103468"}],"version-history":[{"count":1,"href":"https:\/\/lasprimeras.com.do\/index.php\/wp-json\/wp\/v2\/posts\/103468\/revisions"}],"predecessor-version":[{"id":103470,"href":"https:\/\/lasprimeras.com.do\/index.php\/wp-json\/wp\/v2\/posts\/103468\/revisions\/103470"}],"wp:featuredmedia":[{"embeddable":true,"href":"https:\/\/lasprimeras.com.do\/index.php\/wp-json\/wp\/v2\/media\/103469"}],"wp:attachment":[{"href":"https:\/\/lasprimeras.com.do\/index.php\/wp-json\/wp\/v2\/media?parent=103468"}],"wp:term":[{"taxonomy":"category","embeddable":true,"href":"https:\/\/lasprimeras.com.do\/index.php\/wp-json\/wp\/v2\/categories?post=103468"},{"taxonomy":"post_tag","embeddable":true,"href":"https:\/\/lasprimeras.com.do\/index.php\/wp-json\/wp\/v2\/tags?post=103468"}],"curies":[{"name":"wp","href":"https:\/\/api.w.org\/{rel}","templated":true}]}}