{"id":103480,"date":"2025-07-15T21:10:52","date_gmt":"2025-07-16T01:10:52","guid":{"rendered":"https:\/\/lasprimeras.com.do\/?p=103480"},"modified":"2025-07-15T21:10:53","modified_gmt":"2025-07-16T01:10:53","slug":"denuncian-abuso-policial-a-joven-comerciante-en-la-romanavideo","status":"publish","type":"post","link":"https:\/\/lasprimeras.com.do\/index.php\/2025\/07\/15\/denuncian-abuso-policial-a-joven-comerciante-en-la-romanavideo\/","title":{"rendered":"Denuncian abuso policial a joven comerciante en La Romana(Video)"},"content":{"rendered":"\n<p>Familiares del joven comerciante David Santana, propietario de la tienda David Technology, denunciaron que su pariente fue v\u00edctima de un abuso por parte de dos agentes policiales, quienes se lo llevaron detenido sin ninguna justificaci\u00f3n.<\/p>\n\n\n\n<p>Seg\u00fan \u00e9stos, todo se trata de una persecuci\u00f3n por parte de los uniformados, ya qu\u00e9, en el pasado mes de abril, tambi\u00e9n apresaron al joven, cuando estaba en su tienda de tecnolog\u00eda, ubicada ahora en la Pedro A. Lluberes de \u00e9sta ciudad La Romana.<\/p>\n\n\n\n<figure class=\"wp-block-video\"><video height=\"848\" style=\"aspect-ratio: 636 \/ 848;\" width=\"636\" controls src=\"https:\/\/lasprimeras.com.do\/wp-content\/uploads\/2025\/07\/AQPsSuo7i5K8_5WL8mtbvHwTZv2REApTo9z61sg6028fYuj6k-LSqY0xWrK805RaQ_MnzHA6DwoP9ob_R7g-dKEh.mp4\"><\/video><\/figure>\n\n\n\n<p>Tras la detenci\u00f3n de Santana este jueves, su hermano Piter Santana public\u00f3 en su cuenta de facebook: &#8220;Ay\u00fademe hacer viral este videos al hermano m\u00edo lo tiene alto estos Polic\u00edas se lo llevaron al frente de su negocio a ahora aparece que le quieren hacer un expediente para llevarlo al tribunal ma\u00f1ana&#8221;.<\/p>\n\n\n\n<p>ps:\/\/www.facebook.com\/Nenoband4\/videos\/1906579556806739\/?rdid=Baxj8axB3YFciviH#<\/p>\n\n\n\n<p>Cortes\u00eda de Chico Angel.<\/p>\n","protected":false},"excerpt":{"rendered":"<p>Familiares del joven comerciante David Santana, propietario de la tienda David Technology, denunciaron que su pariente fue v\u00edctima de un abuso por parte de dos agentes policiales, quienes se lo&hellip;<\/p>\n","protected":false},"author":2,"featured_media":103482,"comment_status":"open","ping_status":"open","sticky":false,"template":"","format":"standard","meta":{"content-type":"","jetpack_post_was_ever_published":false,"_jetpack_newsletter_access":"","_jetpack_dont_email_post_to_subs":false,"_jetpack_newsletter_tier_id":0,"_jetpack_memberships_contains_paywalled_content":false,"_jetpack_memberships_contains_paid_content":false,"footnotes":""},"categories":[35,25],"tags":[1280,2165,1384,1127,965,1266],"class_list":["post-103480","post","type-post","status-publish","format-standard","has-post-thumbnail","hentry","category-nacionales","category-portada","tag-abuso","tag-comerciante","tag-denuncian","tag-joven","tag-la-romana","tag-policial"],"jetpack_featured_media_url":"https:\/\/lasprimeras.com.do\/wp-content\/uploads\/2025\/07\/joven.jpg","jetpack-related-posts":[{"id":89862,"url":"https:\/\/lasprimeras.com.do\/index.php\/2024\/10\/06\/policias-hieren-de-gravedad-joven-en-los-tres-brazos\/","url_meta":{"origin":103480,"position":0},"title":"Polic\u00edas hieren de gravedad joven en Los Tres Brazos","author":"Nelson Feliz","date":"6 de octubre de 2024","format":false,"excerpt":"Por Rode Feliz\u00a0 Dilanezequiel22@gmail.com Un nuevo incidente de abuso policial ha generado conmoci\u00f3n en la sociedad dominicana. Familiares exigen justicia. Un joven de 24 a\u00f1os residente en el sector Los Tres Brazos en Santo Domingo Este, se encuentra en estado cr\u00edtico en el Hospital Dar\u00edo Contreras tras ser herido de\u2026","rel":"","context":"En \u00abMILITARES\u00bb","block_context":{"text":"MILITARES","link":"https:\/\/lasprimeras.com.do\/index.php\/category\/militares\/"},"img":{"alt_text":"","src":"https:\/\/i0.wp.com\/lasprimeras.com.do\/wp-content\/uploads\/2024\/10\/Policia-Nacional-2.jpg?resize=350%2C200&ssl=1","width":350,"height":200,"srcset":"https:\/\/i0.wp.com\/lasprimeras.com.do\/wp-content\/uploads\/2024\/10\/Policia-Nacional-2.jpg?resize=350%2C200&ssl=1 1x, https:\/\/i0.wp.com\/lasprimeras.com.do\/wp-content\/uploads\/2024\/10\/Policia-Nacional-2.jpg?resize=525%2C300&ssl=1 1.5x, https:\/\/i0.wp.com\/lasprimeras.com.do\/wp-content\/uploads\/2024\/10\/Policia-Nacional-2.jpg?resize=700%2C400&ssl=1 2x"},"classes":[]},{"id":58755,"url":"https:\/\/lasprimeras.com.do\/index.php\/2023\/08\/28\/jovenes-denunciaron-al-comunicador-de-puerto-plata-por-abuso-sexual\/","url_meta":{"origin":103480,"position":1},"title":"J\u00f3venes denunciaron al comunicador de Puerto Plata por abuso sexual","author":"Nelson Feliz","date":"28 de agosto de 2023","format":false,"excerpt":"Con este testimonio, otras v\u00edctimas del acusado han salido a contar sus versiones en torno a agresiones sufridas por parte del implicado. Tras las declaraciones p\u00fablicas de la joven Keiddy Santos sobre el abuso sexual que cometi\u00f3 en su contra el comunicador radicado en Sos\u00faa, Puerto Plata, Eddy Gabriel Dom\u00ednguez,\u2026","rel":"","context":"En \u00abJUSTICIA\u00bb","block_context":{"text":"JUSTICIA","link":"https:\/\/lasprimeras.com.do\/index.php\/category\/justicia\/"},"img":{"alt_text":"Eddy Gabriel Dom\u00ednguez, comunicador arrestado por abuso sexual y denunciado por acoso a tras jovenes.FOTO EXTERNA","src":"https:\/\/i0.wp.com\/lasprimeras.com.do\/wp-content\/uploads\/2023\/08\/Eddy-Gabriel-Dominguez.jpg?resize=350%2C200&ssl=1","width":350,"height":200,"srcset":"https:\/\/i0.wp.com\/lasprimeras.com.do\/wp-content\/uploads\/2023\/08\/Eddy-Gabriel-Dominguez.jpg?resize=350%2C200&ssl=1 1x, https:\/\/i0.wp.com\/lasprimeras.com.do\/wp-content\/uploads\/2023\/08\/Eddy-Gabriel-Dominguez.jpg?resize=525%2C300&ssl=1 1.5x"},"classes":[]},{"id":92260,"url":"https:\/\/lasprimeras.com.do\/index.php\/2025\/01\/01\/siguen-los-escandalos-denuncian-seguridad-de-guzman-peralta-agrede-personas-iban-a-rio\/","url_meta":{"origin":103480,"position":2},"title":"Siguen los esc\u00e1ndalos: Denuncian seguridad de Guzm\u00e1n Peralta agrede personas ib\u00e1n a r\u00edo","author":"Nelson Feliz","date":"1 de enero de 2025","format":false,"excerpt":"Un grupo de personas denunciaron la tarde de hoy que agentes policiales de la seguridad del director general de la polic\u00eda el Mayor General Ram\u00f3n Antonio Guzm\u00e1n Peralta, lo agredieron mientras estos se dirig\u00edan al R\u00edo Hoyo de Puta, en S\u00e1bana Grandes de Boy\u00e1, Monte Plata. Sureiby Hern\u00e1ndez, Mois\u00e9s Hern\u00e1ndez,\u2026","rel":"","context":"En \u00abNACIONALES\u00bb","block_context":{"text":"NACIONALES","link":"https:\/\/lasprimeras.com.do\/index.php\/category\/nacionales\/"},"img":{"alt_text":"","src":"https:\/\/i0.wp.com\/lasprimeras.com.do\/wp-content\/uploads\/2025\/01\/AGRESION.jpg?resize=350%2C200&ssl=1","width":350,"height":200,"srcset":"https:\/\/i0.wp.com\/lasprimeras.com.do\/wp-content\/uploads\/2025\/01\/AGRESION.jpg?resize=350%2C200&ssl=1 1x, https:\/\/i0.wp.com\/lasprimeras.com.do\/wp-content\/uploads\/2025\/01\/AGRESION.jpg?resize=525%2C300&ssl=1 1.5x, https:\/\/i0.wp.com\/lasprimeras.com.do\/wp-content\/uploads\/2025\/01\/AGRESION.jpg?resize=700%2C400&ssl=1 2x"},"classes":[]},{"id":98029,"url":"https:\/\/lasprimeras.com.do\/index.php\/2025\/04\/30\/dueno-de-barberia-denuncia-la-policia-busca-incriminarlo-con-fotos-de-bebidas-alcoholicas\/","url_meta":{"origin":103480,"position":3},"title":"Due\u00f1o de barber\u00eda denuncia la Polic\u00eda busca incriminarlo con fotos de bebidas alcoh\u00f3licas","author":"Nelson Feliz","date":"30 de abril de 2025","format":false,"excerpt":"El joven neg\u00f3 que en su establecimiento se vendan bebidas alcoh\u00f3licas. El propietario de la barber\u00eda Exotic, Dawry David Santana, denunci\u00f3 este martes que los agentes de la Polic\u00eda Nacional que intentaron cerrar su negocio la madrugada del domingo 27 de abril, utilizaron fotograf\u00edas de bebidas alcoh\u00f3licas que son de\u2026","rel":"","context":"En \u00abNACIONALES\u00bb","block_context":{"text":"NACIONALES","link":"https:\/\/lasprimeras.com.do\/index.php\/category\/nacionales\/"},"img":{"alt_text":"","src":"https:\/\/i0.wp.com\/lasprimeras.com.do\/wp-content\/uploads\/2025\/04\/Dawry-David-Santana.jpg?resize=350%2C200&ssl=1","width":350,"height":200,"srcset":"https:\/\/i0.wp.com\/lasprimeras.com.do\/wp-content\/uploads\/2025\/04\/Dawry-David-Santana.jpg?resize=350%2C200&ssl=1 1x, https:\/\/i0.wp.com\/lasprimeras.com.do\/wp-content\/uploads\/2025\/04\/Dawry-David-Santana.jpg?resize=525%2C300&ssl=1 1.5x, https:\/\/i0.wp.com\/lasprimeras.com.do\/wp-content\/uploads\/2025\/04\/Dawry-David-Santana.jpg?resize=700%2C400&ssl=1 2x"},"classes":[]},{"id":99251,"url":"https:\/\/lasprimeras.com.do\/index.php\/2025\/05\/19\/cae-abatido-el-abusador-al-enfrentar-patrulla-en-la-romana\/","url_meta":{"origin":103480,"position":4},"title":"Cae abatido \u201cEl Abusador\u201d al enfrentar patrulla en La Romana","author":"Nelson Feliz","date":"19 de mayo de 2025","format":false,"excerpt":"\u201cEl Abusador\u201d era buscado por homicidio y ataque a un sargento mayor ERD -Le ocupan pistola utilizada contra los agentes, la cual portaba de manera ilegal. Un reconocido delincuente que era activamente buscado con orden de arresto por su implicaci\u00f3n en el homicidio de otro antisocial identificado como Rayner Rodr\u00edguez\u2026","rel":"","context":"En \u00abMILITARES\u00bb","block_context":{"text":"MILITARES","link":"https:\/\/lasprimeras.com.do\/index.php\/category\/militares\/"},"img":{"alt_text":"","src":"https:\/\/i0.wp.com\/lasprimeras.com.do\/wp-content\/uploads\/2024\/06\/Pistola.jpg?resize=350%2C200&ssl=1","width":350,"height":200,"srcset":"https:\/\/i0.wp.com\/lasprimeras.com.do\/wp-content\/uploads\/2024\/06\/Pistola.jpg?resize=350%2C200&ssl=1 1x, https:\/\/i0.wp.com\/lasprimeras.com.do\/wp-content\/uploads\/2024\/06\/Pistola.jpg?resize=525%2C300&ssl=1 1.5x, https:\/\/i0.wp.com\/lasprimeras.com.do\/wp-content\/uploads\/2024\/06\/Pistola.jpg?resize=700%2C400&ssl=1 2x"},"classes":[]},{"id":66637,"url":"https:\/\/lasprimeras.com.do\/index.php\/2023\/11\/08\/amarilis-santana-sera-candidata-alcaldesa-y-carlos-perez-a-diputado-en-la-romana\/","url_meta":{"origin":103480,"position":5},"title":"Amarilis Santana ser\u00e1 candidata alcaldesa y Carlos P\u00e9rez a diputado en La Romana","author":"Nelson Feliz","date":"8 de noviembre de 2023","format":false,"excerpt":"Fuerza del Pueblo presenta candidaturas de consenso La exsenadora Amarilis Santana ser\u00e1 la candidata a alcaldesa en el municipio cabecera de esta provincia de La Romana, acompa\u00f1ada de \u00c1ngel David \u00c1vila, como candidato a vicealcalde, en la boleta de las elecciones municipales de febrero del 2024. Santana es una prestigiosa\u2026","rel":"","context":"En \u00abPORTADA\u00bb","block_context":{"text":"PORTADA","link":"https:\/\/lasprimeras.com.do\/index.php\/category\/portada\/"},"img":{"alt_text":"Fuerza del Pueblo","src":"https:\/\/i0.wp.com\/lasprimeras.com.do\/wp-content\/uploads\/2023\/11\/WhatsApp-Image-2023-11-08-at-10.16.15-AM.jpeg?resize=350%2C200&ssl=1","width":350,"height":200,"srcset":"https:\/\/i0.wp.com\/lasprimeras.com.do\/wp-content\/uploads\/2023\/11\/WhatsApp-Image-2023-11-08-at-10.16.15-AM.jpeg?resize=350%2C200&ssl=1 1x, https:\/\/i0.wp.com\/lasprimeras.com.do\/wp-content\/uploads\/2023\/11\/WhatsApp-Image-2023-11-08-at-10.16.15-AM.jpeg?resize=525%2C300&ssl=1 1.5x, https:\/\/i0.wp.com\/lasprimeras.com.do\/wp-content\/uploads\/2023\/11\/WhatsApp-Image-2023-11-08-at-10.16.15-AM.jpeg?resize=700%2C400&ssl=1 2x, https:\/\/i0.wp.com\/lasprimeras.com.do\/wp-content\/uploads\/2023\/11\/WhatsApp-Image-2023-11-08-at-10.16.15-AM.jpeg?resize=1050%2C600&ssl=1 3x, https:\/\/i0.wp.com\/lasprimeras.com.do\/wp-content\/uploads\/2023\/11\/WhatsApp-Image-2023-11-08-at-10.16.15-AM.jpeg?resize=1400%2C800&ssl=1 4x"},"classes":[]}],"jetpack_sharing_enabled":true,"_links":{"self":[{"href":"https:\/\/lasprimeras.com.do\/index.php\/wp-json\/wp\/v2\/posts\/103480","targetHints":{"allow":["GET"]}}],"collection":[{"href":"https:\/\/lasprimeras.com.do\/index.php\/wp-json\/wp\/v2\/posts"}],"about":[{"href":"https:\/\/lasprimeras.com.do\/index.php\/wp-json\/wp\/v2\/types\/post"}],"author":[{"embeddable":true,"href":"https:\/\/lasprimeras.com.do\/index.php\/wp-json\/wp\/v2\/users\/2"}],"replies":[{"embeddable":true,"href":"https:\/\/lasprimeras.com.do\/index.php\/wp-json\/wp\/v2\/comments?post=103480"}],"version-history":[{"count":1,"href":"https:\/\/lasprimeras.com.do\/index.php\/wp-json\/wp\/v2\/posts\/103480\/revisions"}],"predecessor-version":[{"id":103483,"href":"https:\/\/lasprimeras.com.do\/index.php\/wp-json\/wp\/v2\/posts\/103480\/revisions\/103483"}],"wp:featuredmedia":[{"embeddable":true,"href":"https:\/\/lasprimeras.com.do\/index.php\/wp-json\/wp\/v2\/media\/103482"}],"wp:attachment":[{"href":"https:\/\/lasprimeras.com.do\/index.php\/wp-json\/wp\/v2\/media?parent=103480"}],"wp:term":[{"taxonomy":"category","embeddable":true,"href":"https:\/\/lasprimeras.com.do\/index.php\/wp-json\/wp\/v2\/categories?post=103480"},{"taxonomy":"post_tag","embeddable":true,"href":"https:\/\/lasprimeras.com.do\/index.php\/wp-json\/wp\/v2\/tags?post=103480"}],"curies":[{"name":"wp","href":"https:\/\/api.w.org\/{rel}","templated":true}]}}