{"id":103487,"date":"2025-07-15T23:21:11","date_gmt":"2025-07-16T03:21:11","guid":{"rendered":"https:\/\/lasprimeras.com.do\/?p=103487"},"modified":"2025-07-15T23:21:13","modified_gmt":"2025-07-16T03:21:13","slug":"luis-a-tejeda-ciudad-juan-bosch-no-necesita-visitas-politicas-necesita-soluciones","status":"publish","type":"post","link":"https:\/\/lasprimeras.com.do\/index.php\/2025\/07\/15\/luis-a-tejeda-ciudad-juan-bosch-no-necesita-visitas-politicas-necesita-soluciones\/","title":{"rendered":"Luis A. Tejeda: \u201cCiudad Juan Bosch no necesita visitas pol\u00edticas, necesita soluciones\u201d"},"content":{"rendered":"\n<p>El miembro del Comit\u00e9 Pol\u00edtico del Partido de la Liberaci\u00f3n Dominicana (PLD), Luis Alberto Tejeda, afirm\u00f3 este domingo que los problemas estructurales que afectan a los mun\u00edcipes de Ciudad Juan Bosch no se resuelven con visitas improvisadas, sino con acciones concretas y voluntad de gobernar con responsabilidad.<\/p>\n\n\n\n<p>Ante las denuncias constantes de los residentes sobre la falta de agua potable, apagones frecuentes, acumulaci\u00f3n de basura y deterioro de los espacios p\u00fablicos, Tejeda insisti\u00f3 en que Ciudad Juan Bosch lo que necesita \u201ces que le resuelvan, no que le prometan\u201d.<\/p>\n\n\n\n<p>\u201cHace alrededor de un mes, una comisi\u00f3n de nuestro partido visit\u00f3 esta comunidad y document\u00f3 los m\u00faltiples males que la afectan. En ese momento, algunos voceros oficiales minimizaron la situaci\u00f3n y acusaron al PLD de exagerar.<\/p>\n\n\n\n<p>Sin embargo, la reciente visita del ministro administrativo de la Presidencia, Jos\u00e9 Ignacio Paliza, confirma que lo que expresaban los ciudadanos era cierto\u201d, sostuvo.<\/p>\n\n\n\n<p>Tejeda se refiri\u00f3 a la visita de Paliza, realizada tras las manifestaciones con cacerolazos que protagonizaron los moradores de Ciudad Juan Bosch en d\u00edas recientes, exigiendo respuestas del Gobierno Central ante el deterioro progresivo de las condiciones de vida en este complejo habitacional.<\/p>\n\n\n\n<p>\u201cAhora resulta que no est\u00e1bamos exagerando. Lo que los ciudadanos dijeron se ha confirmado. Lo que necesita Ciudad Juan Bosch no son discursos ni visitas pol\u00edticas, sino soluciones reales a los problemas del d\u00eda a d\u00eda\u201d, apunt\u00f3 el tambi\u00e9n excandidato a la alcald\u00eda de Santo Domingo Este.<\/p>\n\n\n\n<p>El abandono de un proyecto modelo<\/p>\n\n\n\n<p>Luis Alberto record\u00f3 que Ciudad Juan Bosch fue concebida como un proyecto habitacional integral por los gobiernos del PLD, dotado de planificaci\u00f3n urbana, mantenimiento continuo y atenci\u00f3n a los servicios b\u00e1sicos.<\/p>\n\n\n\n<p>\u201cEste era un proyecto modelo. Cuando lo entregamos, estaba funcionando con criterios de sostenibilidad y dignidad. Pero todo eso se ha ido perdiendo. Lo que antes era un ejemplo, hoy es un s\u00edmbolo del abandono y la desidia\u201d, denunci\u00f3.<\/p>\n\n\n\n<p>Finalmente, llam\u00f3 al Gobierno a asumir con seriedad su responsabilidad frente a las demandas ciudadanas, y a actuar con transparencia y eficiencia para rescatar a Ciudad Juan Bosch del abandono.<\/p>\n\n\n\n<p>\u201cLos ciudadanos est\u00e1n cansados de promesas. Lo que exigen es agua, energ\u00eda, limpieza y seguridad. Y eso no se resuelve con una simple visita, se resuelve con trabajo, planificaci\u00f3n y compromiso con la gente\u201d, concluy\u00f3.<\/p>\n","protected":false},"excerpt":{"rendered":"<p>El miembro del Comit\u00e9 Pol\u00edtico del Partido de la Liberaci\u00f3n Dominicana (PLD), Luis Alberto Tejeda, afirm\u00f3 este domingo que los problemas estructurales que afectan a los mun\u00edcipes de Ciudad Juan&hellip;<\/p>\n","protected":false},"author":2,"featured_media":103488,"comment_status":"open","ping_status":"open","sticky":false,"template":"","format":"standard","meta":{"content-type":"","jetpack_post_was_ever_published":false,"_jetpack_newsletter_access":"","_jetpack_dont_email_post_to_subs":false,"_jetpack_newsletter_tier_id":0,"_jetpack_memberships_contains_paywalled_content":false,"_jetpack_memberships_contains_paid_content":false,"footnotes":""},"categories":[16559,25],"tags":[177,21700,21702,21701],"class_list":["post-103487","post","type-post","status-publish","format-standard","has-post-thumbnail","hentry","category-politica","category-portada","tag-ciudad-juan-bosch","tag-luis-a-tejeda","tag-necesita-soluciones","tag-no-necesita-visitas-politicas"],"jetpack_featured_media_url":"https:\/\/lasprimeras.com.do\/wp-content\/uploads\/2025\/07\/Luis-Alberto-Tejeda.jpg","jetpack-related-posts":[{"id":66350,"url":"https:\/\/lasprimeras.com.do\/index.php\/2023\/11\/06\/luis-alberto-sde-necesita-es-un-gerente-como-yo-que-resuelvo\/","url_meta":{"origin":103487,"position":0},"title":"Luis Alberto: SDE necesita es un gerente como yo \u201cque resuelvo\u201d","author":"Nelson Feliz","date":"6 de noviembre de 2023","format":false,"excerpt":"Promete luego de ser juramentado como alcalde seguir realizando recorridos por barrios de SDE. El aspirante alcalde por el Partido de la Liberaci\u00f3n Dominicana (PLD) en el municipio Santo Domingo Este, Luis Alberto Tejeda, durante un amplio recorrido por el municipio, manifest\u00f3 que para que vuelva lo \u201cBueno a Santo\u2026","rel":"","context":"En \u00abPORTADA\u00bb","block_context":{"text":"PORTADA","link":"https:\/\/lasprimeras.com.do\/index.php\/category\/portada\/"},"img":{"alt_text":"Luis Alberto Tejeda","src":"https:\/\/i0.wp.com\/lasprimeras.com.do\/wp-content\/uploads\/2023\/10\/Luis-Alberto-Tejeda-2.jpg?resize=350%2C200&ssl=1","width":350,"height":200,"srcset":"https:\/\/i0.wp.com\/lasprimeras.com.do\/wp-content\/uploads\/2023\/10\/Luis-Alberto-Tejeda-2.jpg?resize=350%2C200&ssl=1 1x, https:\/\/i0.wp.com\/lasprimeras.com.do\/wp-content\/uploads\/2023\/10\/Luis-Alberto-Tejeda-2.jpg?resize=525%2C300&ssl=1 1.5x, https:\/\/i0.wp.com\/lasprimeras.com.do\/wp-content\/uploads\/2023\/10\/Luis-Alberto-Tejeda-2.jpg?resize=700%2C400&ssl=1 2x"},"classes":[]},{"id":103463,"url":"https:\/\/lasprimeras.com.do\/index.php\/2025\/07\/15\/zoraima-cuello-reafirma-que-el-gobierno-abandono-ciudad-juan-bosch-y-acusa-falta-de-continuidad\/","url_meta":{"origin":103487,"position":1},"title":"Zoraima Cuello reafirma que el gobierno abandon\u00f3 Ciudad Juan Bosch y acusa falta de continuidad","author":"Nelson Feliz","date":"15 de julio de 2025","format":false,"excerpt":"La vicepresidenta del Partido de la Liberaci\u00f3n Dominicana (PLD), Zoraima Cuello, reiter\u00f3 este lunes su denuncia sobre el abandono del proyecto habitacional Ciudad Juan Bosch por parte del gobierno de Luis Abinader. Esta obra, concebida durante la gesti\u00f3n del expresidente Danilo Medina, fue planteada como un modelo de desarrollo urban\u00edstico\u2026","rel":"","context":"En \u00abPOLITICA\u00bb","block_context":{"text":"POLITICA","link":"https:\/\/lasprimeras.com.do\/index.php\/category\/politica\/"},"img":{"alt_text":"Zoraima Cuello","src":"https:\/\/i0.wp.com\/lasprimeras.com.do\/wp-content\/uploads\/2024\/10\/Zoraima-Cuello.jpg?resize=350%2C200&ssl=1","width":350,"height":200,"srcset":"https:\/\/i0.wp.com\/lasprimeras.com.do\/wp-content\/uploads\/2024\/10\/Zoraima-Cuello.jpg?resize=350%2C200&ssl=1 1x, https:\/\/i0.wp.com\/lasprimeras.com.do\/wp-content\/uploads\/2024\/10\/Zoraima-Cuello.jpg?resize=525%2C300&ssl=1 1.5x"},"classes":[]},{"id":101721,"url":"https:\/\/lasprimeras.com.do\/index.php\/2025\/06\/25\/preservar-y-rescatar-la-ciudad-juan-bosch\/","url_meta":{"origin":103487,"position":2},"title":"Preservar y Rescatar La Ciudad Juan Bosch","author":"Nelson Feliz","date":"25 de junio de 2025","format":false,"excerpt":"Por: Luis Fern\u00e1ndezEscritor y comunicador La ciudad Juan Bosch proyecto habitacional de viviendas dignas de bajo costo iniciado el 18 de Junio del 2014, en Santo Domingo Este por el gobierno del entonces presidente Danilo Medina, mediante una alianza p\u00fablico privada, fue uno de los planes que ejecut\u00f3 ese gobierno\u2026","rel":"","context":"En \u00abOPINI\u00d3N\u00bb","block_context":{"text":"OPINI\u00d3N","link":"https:\/\/lasprimeras.com.do\/index.php\/category\/opinion\/"},"img":{"alt_text":"","src":"https:\/\/i0.wp.com\/lasprimeras.com.do\/wp-content\/uploads\/2025\/06\/La-Ciudad-Juan-Bosch.jpg?resize=350%2C200&ssl=1","width":350,"height":200,"srcset":"https:\/\/i0.wp.com\/lasprimeras.com.do\/wp-content\/uploads\/2025\/06\/La-Ciudad-Juan-Bosch.jpg?resize=350%2C200&ssl=1 1x, https:\/\/i0.wp.com\/lasprimeras.com.do\/wp-content\/uploads\/2025\/06\/La-Ciudad-Juan-Bosch.jpg?resize=525%2C300&ssl=1 1.5x, https:\/\/i0.wp.com\/lasprimeras.com.do\/wp-content\/uploads\/2025\/06\/La-Ciudad-Juan-Bosch.jpg?resize=700%2C400&ssl=1 2x"},"classes":[]},{"id":100059,"url":"https:\/\/lasprimeras.com.do\/index.php\/2025\/05\/30\/30-de-mayo-es-el-dia-de-la-libertad\/","url_meta":{"origin":103487,"position":3},"title":"30 de mayo es el D\u00eda de la Libertad","author":"Nelson Feliz","date":"30 de mayo de 2025","format":false,"excerpt":"No podemos olvidar jam\u00e1s aquel tiempo en el que el terror era predominante, dice el PLD sobre la tiran\u00eda de Trujillo En el 64 aniversario del ajusticiamiento del tirano, Rafael Le\u00f3nidas Trujillo, el Partido de la Liberaci\u00f3n Dominicana (PLD), reafirm\u00f3 el compromiso asumido en sus 51 a\u00f1os de existencia de\u2026","rel":"","context":"En \u00abHISTORIA\u00bb","block_context":{"text":"HISTORIA","link":"https:\/\/lasprimeras.com.do\/index.php\/category\/historia\/"},"img":{"alt_text":"","src":"https:\/\/i0.wp.com\/lasprimeras.com.do\/wp-content\/uploads\/2025\/05\/30-de-mayo-es-el-Dia-de-la-Libertad.jpg?resize=350%2C200&ssl=1","width":350,"height":200,"srcset":"https:\/\/i0.wp.com\/lasprimeras.com.do\/wp-content\/uploads\/2025\/05\/30-de-mayo-es-el-Dia-de-la-Libertad.jpg?resize=350%2C200&ssl=1 1x, https:\/\/i0.wp.com\/lasprimeras.com.do\/wp-content\/uploads\/2025\/05\/30-de-mayo-es-el-Dia-de-la-Libertad.jpg?resize=525%2C300&ssl=1 1.5x, https:\/\/i0.wp.com\/lasprimeras.com.do\/wp-content\/uploads\/2025\/05\/30-de-mayo-es-el-Dia-de-la-Libertad.jpg?resize=700%2C400&ssl=1 2x"},"classes":[]},{"id":105250,"url":"https:\/\/lasprimeras.com.do\/index.php\/2025\/07\/31\/luis-alberto-tejeda-llama-a-la-validacion-activa-de-estructuras-partidarias\/","url_meta":{"origin":103487,"position":4},"title":"Luis Alberto Tejeda llama a la validaci\u00f3n activa de estructuras partidarias","author":"Nelson Feliz","date":"31 de julio de 2025","format":false,"excerpt":"El miembro del Comit\u00e9 Pol\u00edtico del Partido de la Liberaci\u00f3n Dominicana (PLD) y excandidato a la alcald\u00eda de Santo Domingo Este, Luis Alberto Tejeda, hizo un llamado enf\u00e1tico a la militancia pelede\u00edsta a participar activamente en el proceso de validaci\u00f3n interna. \u201cCon esta validaci\u00f3n quiero motivar a todos los miembros\u2026","rel":"","context":"En \u00abPOLITICA\u00bb","block_context":{"text":"POLITICA","link":"https:\/\/lasprimeras.com.do\/index.php\/category\/politica\/"},"img":{"alt_text":"Luis Alberto Tejeda","src":"https:\/\/i0.wp.com\/lasprimeras.com.do\/wp-content\/uploads\/2025\/07\/Luis-Alberto-Tejeda-1.jpg?resize=350%2C200&ssl=1","width":350,"height":200,"srcset":"https:\/\/i0.wp.com\/lasprimeras.com.do\/wp-content\/uploads\/2025\/07\/Luis-Alberto-Tejeda-1.jpg?resize=350%2C200&ssl=1 1x, https:\/\/i0.wp.com\/lasprimeras.com.do\/wp-content\/uploads\/2025\/07\/Luis-Alberto-Tejeda-1.jpg?resize=525%2C300&ssl=1 1.5x, https:\/\/i0.wp.com\/lasprimeras.com.do\/wp-content\/uploads\/2025\/07\/Luis-Alberto-Tejeda-1.jpg?resize=700%2C400&ssl=1 2x"},"classes":[]},{"id":106331,"url":"https:\/\/lasprimeras.com.do\/index.php\/2025\/08\/12\/luis-alberto-tejeda-la-juventud-es-la-fuerza-que-transforma-la-nacion\/","url_meta":{"origin":103487,"position":5},"title":"Luis Alberto Tejeda: \u201cLa juventud es la fuerza que transforma la naci\u00f3n\u201d","author":"Nelson Feliz","date":"12 de agosto de 2025","format":false,"excerpt":"El miembro del Comit\u00e9 Pol\u00edtico del Partido de la Liberaci\u00f3n Dominicana (PLD), Luis Alberto Tejeda, destac\u00f3 que la juventud es una fuerza transformadora capaz de impulsar los cambios que demanda la sociedad y de construir un futuro de mayores oportunidades para todos. \u201cIndiscutiblemente, nuestros j\u00f3venes son la energ\u00eda que impulsa\u2026","rel":"","context":"En \u00abPOLITICA\u00bb","block_context":{"text":"POLITICA","link":"https:\/\/lasprimeras.com.do\/index.php\/category\/politica\/"},"img":{"alt_text":"Luis Alberto Tejeda","src":"https:\/\/i0.wp.com\/lasprimeras.com.do\/wp-content\/uploads\/2024\/06\/Luis-Alberto-Tejeda.jpg?resize=350%2C200&ssl=1","width":350,"height":200,"srcset":"https:\/\/i0.wp.com\/lasprimeras.com.do\/wp-content\/uploads\/2024\/06\/Luis-Alberto-Tejeda.jpg?resize=350%2C200&ssl=1 1x, https:\/\/i0.wp.com\/lasprimeras.com.do\/wp-content\/uploads\/2024\/06\/Luis-Alberto-Tejeda.jpg?resize=525%2C300&ssl=1 1.5x"},"classes":[]}],"jetpack_sharing_enabled":true,"_links":{"self":[{"href":"https:\/\/lasprimeras.com.do\/index.php\/wp-json\/wp\/v2\/posts\/103487","targetHints":{"allow":["GET"]}}],"collection":[{"href":"https:\/\/lasprimeras.com.do\/index.php\/wp-json\/wp\/v2\/posts"}],"about":[{"href":"https:\/\/lasprimeras.com.do\/index.php\/wp-json\/wp\/v2\/types\/post"}],"author":[{"embeddable":true,"href":"https:\/\/lasprimeras.com.do\/index.php\/wp-json\/wp\/v2\/users\/2"}],"replies":[{"embeddable":true,"href":"https:\/\/lasprimeras.com.do\/index.php\/wp-json\/wp\/v2\/comments?post=103487"}],"version-history":[{"count":1,"href":"https:\/\/lasprimeras.com.do\/index.php\/wp-json\/wp\/v2\/posts\/103487\/revisions"}],"predecessor-version":[{"id":103489,"href":"https:\/\/lasprimeras.com.do\/index.php\/wp-json\/wp\/v2\/posts\/103487\/revisions\/103489"}],"wp:featuredmedia":[{"embeddable":true,"href":"https:\/\/lasprimeras.com.do\/index.php\/wp-json\/wp\/v2\/media\/103488"}],"wp:attachment":[{"href":"https:\/\/lasprimeras.com.do\/index.php\/wp-json\/wp\/v2\/media?parent=103487"}],"wp:term":[{"taxonomy":"category","embeddable":true,"href":"https:\/\/lasprimeras.com.do\/index.php\/wp-json\/wp\/v2\/categories?post=103487"},{"taxonomy":"post_tag","embeddable":true,"href":"https:\/\/lasprimeras.com.do\/index.php\/wp-json\/wp\/v2\/tags?post=103487"}],"curies":[{"name":"wp","href":"https:\/\/api.w.org\/{rel}","templated":true}]}}