{"id":103529,"date":"2025-07-15T09:28:29","date_gmt":"2025-07-15T13:28:29","guid":{"rendered":"https:\/\/lasprimeras.com.do\/?p=103529"},"modified":"2025-07-16T09:32:04","modified_gmt":"2025-07-16T13:32:04","slug":"conductores-bicicletas-electricas-en-nyc-podrian-caer-en-mano-inmigracion","status":"publish","type":"post","link":"https:\/\/lasprimeras.com.do\/index.php\/2025\/07\/15\/conductores-bicicletas-electricas-en-nyc-podrian-caer-en-mano-inmigracion\/","title":{"rendered":"Conductores bicicletas el\u00e9ctricas en NYC podr\u00edan caer en mano Inmigraci\u00f3n"},"content":{"rendered":"\n<p>Por Ram\u00f3n Mercedes<\/p>\n\n\n\n<p>NUEVA YORK.- Los conductores de bicicletas el\u00e9ctricas en esta ciudad que cometan faltas de tr\u00e1nsito podr\u00edan recibir citaciones penales, en lugar de simples multas civiles, teniendo luego que asistir a una corte criminal.<\/p>\n\n\n\n<p>Hasta la entrada en vigor de esta medida el pasado 28 de abril, si un ciclista cruzaba un sem\u00e1foro en rojo, superaba el l\u00edmite de velocidad permitida o iba a contramano, recib\u00eda una multa civil tipo B. Ahora reciben la citaci\u00f3n penal y tienen que ir un tribunal criminal.<\/p>\n\n\n\n<p>Si no lo hacen, pueden recibir una orden de arresto. Este cambio genera alarma entre los trabajadores de apps de reparto, ya que muchos de ellos tienen procesos migratorios activos o se encuentran en situaci\u00f3n irregular.<\/p>\n\n\n\n<p>La norma ha puesto en alerta a los trabajadores de delivery, generalmente hispanos y temen que estos antecedentes los expongan ante el Servicio de Inmigraci\u00f3n y Control de Aduanas (ICE) cuando acudan a la corte.<\/p>\n\n\n\n<p>Faltas de tr\u00e1nsito para conductores de bicicletas el\u00e9ctricas: temor a la deportaci\u00f3n<br>La norma, que entr\u00f3 en vigencia el 28 de abril pasado, castiga con dureza las infracciones de tr\u00e1nsito cometidas por quienes circulan en bicicletas el\u00e9ctricas, un veh\u00edculo utilizado por gran cantidad de trabajadores migrantes de aplicaciones de delivery, indic\u00f3 Documented.<\/p>\n\n\n\n<p>Hasta la entrada en vigor de esta medida, si una persona circulaba en una bicicleta el\u00e9ctrica en Nueva York y cruzaba un sem\u00e1foro en rojo, superaba el l\u00edmite de velocidad permitida o iba a contramano, recib\u00eda una multa civil tipo B. En cambio, ahora reciben una citaci\u00f3n penal que los obliga a presentarse ante un tribunal criminal.<\/p>\n\n\n\n<p>Si no lo hacen, pueden recibir una orden de arresto. Este cambio genera alarma entre los trabajadores de apps de reparto, ya que muchos de ellos tienen procesos migratorios activos o se encuentran en situaci\u00f3n irregular.<\/p>\n\n\n\n<p>La organizaci\u00f3n The Legal Aid Society, explic\u00f3 que una condena penal podr\u00eda afectar solicitudes de fianza en la corte migratoria. Tambi\u00e9n advirte que quienes buscan asilo o cancelaci\u00f3n de deportaci\u00f3n podr\u00edan ver afectado su caso si el juez interpreta que no tienen \u201cbuen car\u00e1cter moral\u201d por estas faltas.<\/p>\n\n\n\n<p>La Uni\u00f3n de trabajadores de Delivery, rechaz\u00f3 la medida y denunci\u00f3 que desde que entr\u00f3 en vigor se dispararon las citaciones penales a trabajadores de apps por faltas de tr\u00e1nsito. \u00abLa polic\u00eda ahora tiene luz verde para poner multas penales\u201d, indica.<\/p>\n\n\n\n<p>Por su parte, el NYPD defendi\u00f3 la medida con el argumento de que las bicicletas el\u00e9ctricas, al igual que otros veh\u00edculos, implican responsabilidades. \u00abEl cumplimiento no es opcional\u00bb, indic\u00f3 la comisionada policial, Jessica Tisch.<\/p>\n\n\n\n<p>La funcionaria explic\u00f3 que la medida surgi\u00f3 porque la ciudad recibi\u00f3 quejas de vecinos en reuniones comunitarias, por este tipo de faltas de tr\u00e1nsito.<\/p>\n","protected":false},"excerpt":{"rendered":"<p>Por Ram\u00f3n Mercedes NUEVA YORK.- Los conductores de bicicletas el\u00e9ctricas en esta ciudad que cometan faltas de tr\u00e1nsito podr\u00edan recibir citaciones penales, en lugar de simples multas civiles, teniendo luego&hellip;<\/p>\n","protected":false},"author":10,"featured_media":103530,"comment_status":"open","ping_status":"open","sticky":false,"template":"","format":"standard","meta":{"content-type":"","jetpack_post_was_ever_published":false,"_jetpack_newsletter_access":"","_jetpack_dont_email_post_to_subs":false,"_jetpack_newsletter_tier_id":0,"_jetpack_memberships_contains_paywalled_content":false,"_jetpack_memberships_contains_paid_content":false,"footnotes":""},"categories":[16289],"tags":[21722,4372,4249,316],"class_list":["post-103529","post","type-post","status-publish","format-standard","has-post-thumbnail","hentry","category-internacionales","tag-bicicletas-electricas","tag-conductores","tag-inmigracion","tag-nyc"],"jetpack_featured_media_url":"https:\/\/lasprimeras.com.do\/wp-content\/uploads\/2025\/07\/WhatsApp-Image-2025-07-15-at-6.06.14-AM-1.jpeg","jetpack-related-posts":[{"id":125434,"url":"https:\/\/lasprimeras.com.do\/index.php\/2026\/03\/23\/no-mas-multas-a-ciclistas-en-nyc-por-infracciones-de-trafico-menores-dominicanos-conducen-miles\/","url_meta":{"origin":103529,"position":0},"title":"No m\u00e1s multas a ciclistas en NYC por infracciones de tr\u00e1fico menores; dominicanos conducen miles","author":"Nelson Feliz","date":"23 de marzo de 2026","format":false,"excerpt":"Por Ram\u00f3n Mercedes NUEVA YORK.- El Departamento de Polic\u00eda de esta ciudad (NYPD) dejar\u00e1 de emitir citaciones penales, a partir del pr\u00f3ximo d\u00eda 27, a los usuarios de bicicletas el\u00e9ctricas y ciclistas por infracciones de tr\u00e1fico de bajo nivel. Miles de dominicanos en los cinco condados conducen de estos aparatos.\u2026","rel":"","context":"En \u00abINTERNACIONALES\u00bb","block_context":{"text":"INTERNACIONALES","link":"https:\/\/lasprimeras.com.do\/index.php\/category\/sin-categoria\/internacionales\/"},"img":{"alt_text":"","src":"https:\/\/i0.wp.com\/lasprimeras.com.do\/wp-content\/uploads\/2026\/03\/IMG-20260323-WA0106.jpg?resize=350%2C200&ssl=1","width":350,"height":200,"srcset":"https:\/\/i0.wp.com\/lasprimeras.com.do\/wp-content\/uploads\/2026\/03\/IMG-20260323-WA0106.jpg?resize=350%2C200&ssl=1 1x, https:\/\/i0.wp.com\/lasprimeras.com.do\/wp-content\/uploads\/2026\/03\/IMG-20260323-WA0106.jpg?resize=525%2C300&ssl=1 1.5x, https:\/\/i0.wp.com\/lasprimeras.com.do\/wp-content\/uploads\/2026\/03\/IMG-20260323-WA0106.jpg?resize=700%2C400&ssl=1 2x"},"classes":[]},{"id":99263,"url":"https:\/\/lasprimeras.com.do\/index.php\/2025\/05\/19\/autoridades-nyc-imponen-3300-multas-por-uso-de-placas-fantasmas-en-apenas-9-dias\/","url_meta":{"origin":103529,"position":1},"title":"Autoridades NYC imponen 3,300 multas por uso de placas fantasmas en apenas 9 d\u00edas","author":"Nelson Feliz","date":"19 de mayo de 2025","format":false,"excerpt":"Por Ram\u00f3n Mercedes NUEVA YORK.- La iniciativa denominada \u201cOperaci\u00f3n Verificaci\u00f3n de Placas\u201d ha dado como resultado que las autoridades impongan m\u00e1s de 3.300 multas a conductores con placas falsificadas o alteradas y \u201cetiquetas temporales\u201d falsas para evitar pagar peajes o ser detectados por las fuerzas del orden, anunci\u00f3 el pasado\u2026","rel":"","context":"En \u00abECONOM\u00cdA\u00bb","block_context":{"text":"ECONOM\u00cdA","link":"https:\/\/lasprimeras.com.do\/index.php\/category\/economia\/"},"img":{"alt_text":"Autoridades NYC imponen 3,300 multas por uso de placas fantasmas en apenas 9 d\u00edas","src":"https:\/\/i0.wp.com\/lasprimeras.com.do\/wp-content\/uploads\/2025\/05\/WhatsApp-Image-2025-05-19-at-6.34.23-AM-1.jpeg?resize=350%2C200&ssl=1","width":350,"height":200,"srcset":"https:\/\/i0.wp.com\/lasprimeras.com.do\/wp-content\/uploads\/2025\/05\/WhatsApp-Image-2025-05-19-at-6.34.23-AM-1.jpeg?resize=350%2C200&ssl=1 1x, https:\/\/i0.wp.com\/lasprimeras.com.do\/wp-content\/uploads\/2025\/05\/WhatsApp-Image-2025-05-19-at-6.34.23-AM-1.jpeg?resize=525%2C300&ssl=1 1.5x, https:\/\/i0.wp.com\/lasprimeras.com.do\/wp-content\/uploads\/2025\/05\/WhatsApp-Image-2025-05-19-at-6.34.23-AM-1.jpeg?resize=700%2C400&ssl=1 2x"},"classes":[]},{"id":110148,"url":"https:\/\/lasprimeras.com.do\/index.php\/2025\/09\/26\/limites-a-velocidad-de-ciclistas-nyc-si-pasan-de-24-km-h-seran-multados-con-50-dolares\/","url_meta":{"origin":103529,"position":2},"title":"L\u00edmites a velocidad de ciclistas NYC; si pasan de 24 km\/h ser\u00e1n multados con $50 d\u00f3lares","author":"Nelson Feliz","date":"26 de septiembre de 2025","format":false,"excerpt":"Por Ram\u00f3n Mercedes NUEVA YORK.- La velocidad entre los usuarios de bicicletas en esta ciudad, entre los que hay cientos de dominicanos, se pondr\u00e1 una velocidad l\u00edmite de 24 km\/h en toda la ciudad a partir del 24 de octubre de 2025, anunci\u00f3 el alcalde Eric Adams. Este l\u00edmite de\u2026","rel":"","context":"En \u00abINTERNACIONALES\u00bb","block_context":{"text":"INTERNACIONALES","link":"https:\/\/lasprimeras.com.do\/index.php\/category\/sin-categoria\/internacionales\/"},"img":{"alt_text":"","src":"https:\/\/i0.wp.com\/lasprimeras.com.do\/wp-content\/uploads\/2025\/09\/WhatsApp-Image-2025-09-26-at-6.48.01-AM.jpeg?resize=350%2C200&ssl=1","width":350,"height":200,"srcset":"https:\/\/i0.wp.com\/lasprimeras.com.do\/wp-content\/uploads\/2025\/09\/WhatsApp-Image-2025-09-26-at-6.48.01-AM.jpeg?resize=350%2C200&ssl=1 1x, https:\/\/i0.wp.com\/lasprimeras.com.do\/wp-content\/uploads\/2025\/09\/WhatsApp-Image-2025-09-26-at-6.48.01-AM.jpeg?resize=525%2C300&ssl=1 1.5x, https:\/\/i0.wp.com\/lasprimeras.com.do\/wp-content\/uploads\/2025\/09\/WhatsApp-Image-2025-09-26-at-6.48.01-AM.jpeg?resize=700%2C400&ssl=1 2x"},"classes":[]},{"id":97937,"url":"https:\/\/lasprimeras.com.do\/index.php\/2025\/04\/29\/campana-en-nyc-contra-las-infracciones-en-carriles-buses-conductores-dominicanos-en-ascuas\/","url_meta":{"origin":103529,"position":3},"title":"Campa\u00f1a en NYC contra las infracciones en carriles buses; conductores dominicanos en ascuas","author":"Nelson Feliz","date":"29 de abril de 2025","format":false,"excerpt":"Por Ram\u00f3n Mercedes NUEVA YORK.- La Autoridad Metropolitana del Transporte (MTA) inici\u00f3 en esta semana en esta ciudad una campa\u00f1a ampliada contra las infracciones en los carriles de buses en los cinco condados. Se inici\u00f3 con un periodo de advertencia por correo de 60 d\u00edas antes de recibir multas para\u2026","rel":"","context":"En \u00abINTERNACIONALES\u00bb","block_context":{"text":"INTERNACIONALES","link":"https:\/\/lasprimeras.com.do\/index.php\/category\/sin-categoria\/internacionales\/"},"img":{"alt_text":"Campa\u00f1a en NYC contra las infracciones en carriles buses; conductores dominicanos en ascuas","src":"https:\/\/i0.wp.com\/lasprimeras.com.do\/wp-content\/uploads\/2025\/04\/WhatsApp-Image-2025-04-29-at-5.43.40-AM.jpeg?resize=350%2C200&ssl=1","width":350,"height":200,"srcset":"https:\/\/i0.wp.com\/lasprimeras.com.do\/wp-content\/uploads\/2025\/04\/WhatsApp-Image-2025-04-29-at-5.43.40-AM.jpeg?resize=350%2C200&ssl=1 1x, https:\/\/i0.wp.com\/lasprimeras.com.do\/wp-content\/uploads\/2025\/04\/WhatsApp-Image-2025-04-29-at-5.43.40-AM.jpeg?resize=525%2C300&ssl=1 1.5x, https:\/\/i0.wp.com\/lasprimeras.com.do\/wp-content\/uploads\/2025\/04\/WhatsApp-Image-2025-04-29-at-5.43.40-AM.jpeg?resize=700%2C400&ssl=1 2x"},"classes":[]},{"id":102332,"url":"https:\/\/lasprimeras.com.do\/index.php\/2025\/07\/03\/dot-reporta-una-disminucion-historica-en-muertes-por-accidentes-de-transito-nyc\/","url_meta":{"origin":103529,"position":4},"title":"DOT reporta una disminuci\u00f3n hist\u00f3rica en muertes por accidentes de tr\u00e1nsito NYC","author":"Nelson Feliz","date":"3 de julio de 2025","format":false,"excerpt":"https:\/\/www.youtube.com\/watch?v=rbSqJ0Vc_RI Por Ram\u00f3n Mercedes NUEVA YORK.- El comisionado del Departamento de Transporte en esta ciudad (DOT), Ydanis Rodr\u00edguez, anunci\u00f3 este mi\u00e9rcoles una disminuci\u00f3n hist\u00f3rica en las muertes por accidentes de tr\u00e1nsito durante el primer semestre del presente a\u00f1o, con una reducci\u00f3n del 32 % en comparaci\u00f3n con el primer semestre\u2026","rel":"","context":"En \u00abINTERNACIONALES\u00bb","block_context":{"text":"INTERNACIONALES","link":"https:\/\/lasprimeras.com.do\/index.php\/category\/sin-categoria\/internacionales\/"},"img":{"alt_text":"","src":"https:\/\/i0.wp.com\/img.youtube.com\/vi\/rbSqJ0Vc_RI\/0.jpg?resize=350%2C200","width":350,"height":200},"classes":[]},{"id":110988,"url":"https:\/\/lasprimeras.com.do\/index.php\/2025\/10\/03\/muertes-por-accidentes-de-transito-en-nyc-continuaron-su-tendencia-a-la-baja\/","url_meta":{"origin":103529,"position":5},"title":"Muertes por accidentes de tr\u00e1nsito en NYC continuaron su tendencia a la baja","author":"Nelson Feliz","date":"3 de octubre de 2025","format":false,"excerpt":"Por Ram\u00f3n Mercedes NUEVA YORK.- El comisionado del Departamento de Transporte de la Ciudad (DOT-NY), Ydanis Rodr\u00edguez, anunci\u00f3 este jueves que las muertes por accidentes de tr\u00e1nsito alcanzaron m\u00ednimos casi hist\u00f3ricos durante los primeros tres trimestres de 2025. Los datos del DOT-NY destacan que las tendencias positivas de seguridad para\u2026","rel":"","context":"En \u00abINTERNACIONALES\u00bb","block_context":{"text":"INTERNACIONALES","link":"https:\/\/lasprimeras.com.do\/index.php\/category\/sin-categoria\/internacionales\/"},"img":{"alt_text":"","src":"https:\/\/i0.wp.com\/lasprimeras.com.do\/wp-content\/uploads\/2025\/09\/Ydanis-Rodriguez.jpg?resize=350%2C200&ssl=1","width":350,"height":200},"classes":[]}],"jetpack_sharing_enabled":true,"_links":{"self":[{"href":"https:\/\/lasprimeras.com.do\/index.php\/wp-json\/wp\/v2\/posts\/103529","targetHints":{"allow":["GET"]}}],"collection":[{"href":"https:\/\/lasprimeras.com.do\/index.php\/wp-json\/wp\/v2\/posts"}],"about":[{"href":"https:\/\/lasprimeras.com.do\/index.php\/wp-json\/wp\/v2\/types\/post"}],"author":[{"embeddable":true,"href":"https:\/\/lasprimeras.com.do\/index.php\/wp-json\/wp\/v2\/users\/10"}],"replies":[{"embeddable":true,"href":"https:\/\/lasprimeras.com.do\/index.php\/wp-json\/wp\/v2\/comments?post=103529"}],"version-history":[{"count":1,"href":"https:\/\/lasprimeras.com.do\/index.php\/wp-json\/wp\/v2\/posts\/103529\/revisions"}],"predecessor-version":[{"id":103531,"href":"https:\/\/lasprimeras.com.do\/index.php\/wp-json\/wp\/v2\/posts\/103529\/revisions\/103531"}],"wp:featuredmedia":[{"embeddable":true,"href":"https:\/\/lasprimeras.com.do\/index.php\/wp-json\/wp\/v2\/media\/103530"}],"wp:attachment":[{"href":"https:\/\/lasprimeras.com.do\/index.php\/wp-json\/wp\/v2\/media?parent=103529"}],"wp:term":[{"taxonomy":"category","embeddable":true,"href":"https:\/\/lasprimeras.com.do\/index.php\/wp-json\/wp\/v2\/categories?post=103529"},{"taxonomy":"post_tag","embeddable":true,"href":"https:\/\/lasprimeras.com.do\/index.php\/wp-json\/wp\/v2\/tags?post=103529"}],"curies":[{"name":"wp","href":"https:\/\/api.w.org\/{rel}","templated":true}]}}