{"id":103532,"date":"2025-07-16T09:42:42","date_gmt":"2025-07-16T13:42:42","guid":{"rendered":"https:\/\/lasprimeras.com.do\/?p=103532"},"modified":"2025-07-16T09:42:43","modified_gmt":"2025-07-16T13:42:43","slug":"abel-martinez-denuncia-falta-de-cupo-en-escuelas-publicas-para-hijos-de-dominicanos","status":"publish","type":"post","link":"https:\/\/lasprimeras.com.do\/index.php\/2025\/07\/16\/abel-martinez-denuncia-falta-de-cupo-en-escuelas-publicas-para-hijos-de-dominicanos\/","title":{"rendered":"Abel Mart\u00ednez denuncia falta de cupo en escuelas p\u00fablicas para hijos de dominicanos"},"content":{"rendered":"\n<p>El exalcalde de Santiago de los Caballeros Abel Mart\u00ednez, miembro del Comit\u00e9 Pol\u00edtico del Partido de la Liberaci\u00f3n Dominicana (PLD) expres\u00f3 su profunda preocupaci\u00f3n ante las m\u00faltiples denuncias de padres dominicanos que no han podido inscribir a sus hijos en escuelas p\u00fablicas por falta de cupos disponibles, una situaci\u00f3n que calific\u00f3 como \u201cvergonzosa, indignante y reflejo del deterioro institucional en el pa\u00eds\u201d.<\/p>\n\n\n\n<p>\u201cEs inaceptable que los hijos de dominicanos no puedan acceder al derecho b\u00e1sico de una educaci\u00f3n p\u00fablica, mientras se ha dado una apertura irresponsable e improvisada a inscripciones masivas de indocumentados y nacionales haitianos, muchos de los cuales ni siquiera se inclinan ante nuestra bandera\u201d, se\u00f1al\u00f3 Mart\u00ednez.<\/p>\n\n\n\n<p>El excandidato presidencial advirti\u00f3 que este colapso no es casual, sino consecuencia directa de la falta de planificaci\u00f3n, control migratorio y gerencia en el sistema educativo, el cual, a su juicio, deber\u00eda ser uno de los pilares fundamentales del desarrollo nacional.<\/p>\n\n\n\n<p>\u201cEl retroceso que estamos viendo en la educaci\u00f3n dominicana es alarmante. En vez de avanzar hacia una educaci\u00f3n moderna, conectada con los nuevos tiempos, con tecnolog\u00eda, ciencia, matem\u00e1ticas, oficios t\u00e9cnicos y preparaci\u00f3n para el empleo, estamos retrocediendo, ahogados por la ineficiencia y la improvisaci\u00f3n gubernamental\u201d, agreg\u00f3.<\/p>\n\n\n\n<p>Abel Mart\u00ednez record\u00f3 que durante su campa\u00f1a presidencial propuso transformar el sistema educativo dominicano con una visi\u00f3n de futuro, que incluya:<\/p>\n\n\n\n<p>\u27a2 Fortalecer la formaci\u00f3n t\u00e9cnica desde el nivel medio, con preparaci\u00f3n en programaci\u00f3n, rob\u00f3tica, energ\u00edas renovables, electr\u00f3nica y otros oficios del siglo XXI.<\/p>\n\n\n\n<p>\u27a2 Modernizar el curr\u00edculo nacional e incorporar las \u00e1reas STEM (ciencia, tecnolog\u00eda, ingenier\u00eda y matem\u00e1ticas) como prioridad.<\/p>\n\n\n\n<p>\u27a2 Auditar y regular las inscripciones escolares, garantizando que primero se asegure el derecho de los ni\u00f1os dominicanos a una plaza en las escuelas p\u00fablicas.<\/p>\n\n\n\n<p>\u27a2 Establecer mecanismos de control migratorio m\u00e1s rigurosos, evitando que la presi\u00f3n de un sistema colapsado termine perjudicando al pueblo dominicano.<\/p>\n\n\n\n<p>Mart\u00ednez, tambi\u00e9n expresidente de la C\u00e1mara de Diputados, asegur\u00f3 que \u201cla educaci\u00f3n no puede ser v\u00edctima de la dejadez ni del chantaje.<\/p>\n\n\n\n<p>\u201cEl Gobierno est\u00e1 obligado a priorizar el futuro de nuestros ni\u00f1os y j\u00f3venes. No podemos permitir que la falta de cupos en las escuelas se convierta en otro s\u00edmbolo del abandono nacional. \u00a1Este pa\u00eds merece m\u00e1s, y no nos vamos a callar ante este desastre!\u201d, concluy\u00f3 Abel Mart\u00ednez.<\/p>\n","protected":false},"excerpt":{"rendered":"<p>El exalcalde de Santiago de los Caballeros Abel Mart\u00ednez, miembro del Comit\u00e9 Pol\u00edtico del Partido de la Liberaci\u00f3n Dominicana (PLD) expres\u00f3 su profunda preocupaci\u00f3n ante las m\u00faltiples denuncias de padres&hellip;<\/p>\n","protected":false},"author":10,"featured_media":103533,"comment_status":"open","ping_status":"open","sticky":false,"template":"","format":"standard","meta":{"content-type":"","jetpack_post_was_ever_published":false,"_jetpack_newsletter_access":"","_jetpack_dont_email_post_to_subs":false,"_jetpack_newsletter_tier_id":0,"_jetpack_memberships_contains_paywalled_content":false,"_jetpack_memberships_contains_paid_content":false,"footnotes":""},"categories":[16559,25],"tags":[822,6466,21723,21724],"class_list":["post-103532","post","type-post","status-publish","format-standard","has-post-thumbnail","hentry","category-politica","category-portada","tag-abel-martinez","tag-escuelas-publicas","tag-falta-de-cupo","tag-hijos-de-dominicanos"],"jetpack_featured_media_url":"https:\/\/lasprimeras.com.do\/wp-content\/uploads\/2025\/07\/Abel-Martinez.jpg","jetpack-related-posts":[{"id":103787,"url":"https:\/\/lasprimeras.com.do\/index.php\/2025\/07\/18\/abel-martinez-el-gobierno-esta-legalizando-su-propia-ineficacia-con-fideicomisos\/","url_meta":{"origin":103532,"position":0},"title":"Abel Mart\u00ednez: \u201cEl Gobierno est\u00e1 legalizando su propia ineficacia con fideicomisos\u201d","author":"Nelson Feliz","date":"18 de julio de 2025","format":false,"excerpt":"El miembro del Comit\u00e9 Pol\u00edtico del Partido de la Liberaci\u00f3n Dominicana (PLD) , Abel Mart\u00ednez, cuestion\u00f3 con firmeza la proliferaci\u00f3n de fideicomisos p\u00fablico-privados que, seg\u00fan se\u00f1al\u00f3, se han convertido en \u201cuna v\u00eda sutil pero peligrosa de privatizaci\u00f3n encubierta\u201d y justificaci\u00f3n de la inoperancia del gobierno central. \u201cCada vez que el\u2026","rel":"","context":"En \u00abPOLITICA\u00bb","block_context":{"text":"POLITICA","link":"https:\/\/lasprimeras.com.do\/index.php\/category\/politica\/"},"img":{"alt_text":"","src":"https:\/\/i0.wp.com\/lasprimeras.com.do\/wp-content\/uploads\/2025\/03\/abel-Martinez.jpg?resize=350%2C200&ssl=1","width":350,"height":200},"classes":[]},{"id":111300,"url":"https:\/\/lasprimeras.com.do\/index.php\/2025\/10\/07\/abel-martinez-un-gobierno-no-debe-medir-la-economia-por-porcentajes-sino-por-como-vive-su-gente\/","url_meta":{"origin":103532,"position":1},"title":"Abel Mart\u00ednez: \u201cUn gobierno no debe medir la econom\u00eda por porcentajes, sino por c\u00f3mo vive su gente\u201d","author":"Nelson Feliz","date":"7 de octubre de 2025","format":false,"excerpt":"El miembro del Comit\u00e9 Pol\u00edtico del Partido de la Liberaci\u00f3n Dominicana (PLD), Abel Mart\u00ednez, expres\u00f3 su preocupaci\u00f3n por la desconexi\u00f3n entre los indicadores macroecon\u00f3micos que exhibe el Gobierno y la realidad que vive la mayor\u00eda del pueblo dominicano. Mart\u00ednez afirm\u00f3 que, aunque se hable de estabilidad, crecimiento o reducci\u00f3n de\u2026","rel":"","context":"En \u00abPOLITICA\u00bb","block_context":{"text":"POLITICA","link":"https:\/\/lasprimeras.com.do\/index.php\/category\/politica\/"},"img":{"alt_text":"Abel Mart\u00ednez","src":"https:\/\/i0.wp.com\/lasprimeras.com.do\/wp-content\/uploads\/2025\/10\/Abel-Martinez-1.jpg?resize=350%2C200&ssl=1","width":350,"height":200,"srcset":"https:\/\/i0.wp.com\/lasprimeras.com.do\/wp-content\/uploads\/2025\/10\/Abel-Martinez-1.jpg?resize=350%2C200&ssl=1 1x, https:\/\/i0.wp.com\/lasprimeras.com.do\/wp-content\/uploads\/2025\/10\/Abel-Martinez-1.jpg?resize=525%2C300&ssl=1 1.5x, https:\/\/i0.wp.com\/lasprimeras.com.do\/wp-content\/uploads\/2025\/10\/Abel-Martinez-1.jpg?resize=700%2C400&ssl=1 2x"},"classes":[]},{"id":102677,"url":"https:\/\/lasprimeras.com.do\/index.php\/2025\/07\/07\/abel-martinez-afirma-que-el-gobierno-volvio-a-bajar-la-guardia-en-la-frontera\/","url_meta":{"origin":103532,"position":2},"title":"Abel Mart\u00ednez afirma que el Gobierno volvi\u00f3 a bajar la guardia en la frontera","author":"Nelson Feliz","date":"7 de julio de 2025","format":false,"excerpt":"Mart\u00ednez dice el negocio de las mafias sigue vivo en la frontera. El miembro del Comit\u00e9 Politico del Partido de la Liberaci\u00f3n Dominicana(PLD) Abel Mart\u00ednez, se pronunci\u00f3 nuevamente sobre la problem\u00e1tica de la falta de controles migratorios reales. Mart\u00ednez, asegur\u00f3 que, aunque el gobierno dominicano anunci\u00f3 con entusiasmo una serie\u2026","rel":"","context":"En \u00abPOLITICA\u00bb","block_context":{"text":"POLITICA","link":"https:\/\/lasprimeras.com.do\/index.php\/category\/politica\/"},"img":{"alt_text":"","src":"https:\/\/i0.wp.com\/lasprimeras.com.do\/wp-content\/uploads\/2025\/07\/abel.jpg?resize=350%2C200&ssl=1","width":350,"height":200,"srcset":"https:\/\/i0.wp.com\/lasprimeras.com.do\/wp-content\/uploads\/2025\/07\/abel.jpg?resize=350%2C200&ssl=1 1x, https:\/\/i0.wp.com\/lasprimeras.com.do\/wp-content\/uploads\/2025\/07\/abel.jpg?resize=525%2C300&ssl=1 1.5x, https:\/\/i0.wp.com\/lasprimeras.com.do\/wp-content\/uploads\/2025\/07\/abel.jpg?resize=700%2C400&ssl=1 2x"},"classes":[]},{"id":103658,"url":"https:\/\/lasprimeras.com.do\/index.php\/2025\/07\/17\/califican-como-inaceptable-la-falta-de-cupo-para-estudiar-en-republica-dominicana\/","url_meta":{"origin":103532,"position":3},"title":"Califican como \u201cinaceptable\u201d la falta de cupo para estudiar en Rep\u00fablica Dominicana.","author":"Nelson Feliz","date":"17 de julio de 2025","format":false,"excerpt":"El Secretario de Comunicaciones y Relaciones P\u00fablicas de la Asociaci\u00f3n Dominicana de Profesores (ADP), calific\u00f3 como un fracaso pol\u00edtico la falta de cupo para los estudiantes de la Escuela P\u00fablica. Menegildo De la Rosa, atribuy\u00f3 el problema como parte del negocio y la complicidad de los ministros de educaci\u00f3n con\u2026","rel":"","context":"En \u00abNACIONALES\u00bb","block_context":{"text":"NACIONALES","link":"https:\/\/lasprimeras.com.do\/index.php\/category\/nacionales\/"},"img":{"alt_text":"Menegildo De la Rosa","src":"https:\/\/i0.wp.com\/lasprimeras.com.do\/wp-content\/uploads\/2025\/07\/Menegildo-De-la-Rosa.jpg?resize=350%2C200&ssl=1","width":350,"height":200,"srcset":"https:\/\/i0.wp.com\/lasprimeras.com.do\/wp-content\/uploads\/2025\/07\/Menegildo-De-la-Rosa.jpg?resize=350%2C200&ssl=1 1x, https:\/\/i0.wp.com\/lasprimeras.com.do\/wp-content\/uploads\/2025\/07\/Menegildo-De-la-Rosa.jpg?resize=525%2C300&ssl=1 1.5x, https:\/\/i0.wp.com\/lasprimeras.com.do\/wp-content\/uploads\/2025\/07\/Menegildo-De-la-Rosa.jpg?resize=700%2C400&ssl=1 2x"},"classes":[]},{"id":104644,"url":"https:\/\/lasprimeras.com.do\/index.php\/2025\/07\/25\/abel-martinez-asegura-que-la-mejor-coyuntura-para-el-regreso-del-pld-al-poder-es-ahora\/","url_meta":{"origin":103532,"position":4},"title":"Abel Mart\u00ednez asegura que la mejor coyuntura para el regreso del PLD al poder es ahora","author":"Nelson Feliz","date":"25 de julio de 2025","format":false,"excerpt":"El miembro del Comit\u00e9 Pol\u00edtico del PLD , Abel Mart\u00ednez, considera que, con el reencuentro en 2028 entre el PLD y el pueblo dominicano, se cerrar\u00e1 el paso de las actuales promesas incumplidas, regresando las soluciones reales a los problemas que enfrenta RD.,\u00abLa historia nos da una nueva oportunidad, y\u2026","rel":"","context":"En \u00abPOLITICA\u00bb","block_context":{"text":"POLITICA","link":"https:\/\/lasprimeras.com.do\/index.php\/category\/politica\/"},"img":{"alt_text":"","src":"https:\/\/i0.wp.com\/lasprimeras.com.do\/wp-content\/uploads\/2024\/09\/ABEL-MARTINEZ.jpg?resize=350%2C200&ssl=1","width":350,"height":200,"srcset":"https:\/\/i0.wp.com\/lasprimeras.com.do\/wp-content\/uploads\/2024\/09\/ABEL-MARTINEZ.jpg?resize=350%2C200&ssl=1 1x, https:\/\/i0.wp.com\/lasprimeras.com.do\/wp-content\/uploads\/2024\/09\/ABEL-MARTINEZ.jpg?resize=525%2C300&ssl=1 1.5x, https:\/\/i0.wp.com\/lasprimeras.com.do\/wp-content\/uploads\/2024\/09\/ABEL-MARTINEZ.jpg?resize=700%2C400&ssl=1 2x"},"classes":[]},{"id":109804,"url":"https:\/\/lasprimeras.com.do\/index.php\/2025\/09\/20\/abel-martinez-el-hoyo-corrupto-en-senasa-solo-es-equiparable-al-hoyo-ineficiente-del-sector-electrico\/","url_meta":{"origin":103532,"position":5},"title":"Abel Mart\u00ednez: \u201cEl hoyo corrupto en SENASA\u201d solo es equiparable al hoyo ineficiente del sector el\u00e9ctrico","author":"Nelson Feliz","date":"20 de septiembre de 2025","format":false,"excerpt":"El miembro del Comit\u00e9 Pol\u00edtico del Partido de la Liberaci\u00f3n Dominicana (PLD), Abel Mart\u00ednez, calific\u00f3 como un verdadero abismo de corrupci\u00f3n el esc\u00e1ndalo en SENASA, se\u00f1alando que ese \u201choyo criminal contra el erario\u201d solo puede compararse con el \u201choyo ineficiente y sin fondo\u201d del sector el\u00e9ctrico dominicano. Mart\u00ednez demand\u00f3 que\u2026","rel":"","context":"En \u00abPOLITICA\u00bb","block_context":{"text":"POLITICA","link":"https:\/\/lasprimeras.com.do\/index.php\/category\/politica\/"},"img":{"alt_text":"","src":"https:\/\/i0.wp.com\/lasprimeras.com.do\/wp-content\/uploads\/2025\/09\/Abel-Martinez.jpg?resize=350%2C200&ssl=1","width":350,"height":200,"srcset":"https:\/\/i0.wp.com\/lasprimeras.com.do\/wp-content\/uploads\/2025\/09\/Abel-Martinez.jpg?resize=350%2C200&ssl=1 1x, https:\/\/i0.wp.com\/lasprimeras.com.do\/wp-content\/uploads\/2025\/09\/Abel-Martinez.jpg?resize=525%2C300&ssl=1 1.5x, https:\/\/i0.wp.com\/lasprimeras.com.do\/wp-content\/uploads\/2025\/09\/Abel-Martinez.jpg?resize=700%2C400&ssl=1 2x"},"classes":[]}],"jetpack_sharing_enabled":true,"_links":{"self":[{"href":"https:\/\/lasprimeras.com.do\/index.php\/wp-json\/wp\/v2\/posts\/103532","targetHints":{"allow":["GET"]}}],"collection":[{"href":"https:\/\/lasprimeras.com.do\/index.php\/wp-json\/wp\/v2\/posts"}],"about":[{"href":"https:\/\/lasprimeras.com.do\/index.php\/wp-json\/wp\/v2\/types\/post"}],"author":[{"embeddable":true,"href":"https:\/\/lasprimeras.com.do\/index.php\/wp-json\/wp\/v2\/users\/10"}],"replies":[{"embeddable":true,"href":"https:\/\/lasprimeras.com.do\/index.php\/wp-json\/wp\/v2\/comments?post=103532"}],"version-history":[{"count":1,"href":"https:\/\/lasprimeras.com.do\/index.php\/wp-json\/wp\/v2\/posts\/103532\/revisions"}],"predecessor-version":[{"id":103534,"href":"https:\/\/lasprimeras.com.do\/index.php\/wp-json\/wp\/v2\/posts\/103532\/revisions\/103534"}],"wp:featuredmedia":[{"embeddable":true,"href":"https:\/\/lasprimeras.com.do\/index.php\/wp-json\/wp\/v2\/media\/103533"}],"wp:attachment":[{"href":"https:\/\/lasprimeras.com.do\/index.php\/wp-json\/wp\/v2\/media?parent=103532"}],"wp:term":[{"taxonomy":"category","embeddable":true,"href":"https:\/\/lasprimeras.com.do\/index.php\/wp-json\/wp\/v2\/categories?post=103532"},{"taxonomy":"post_tag","embeddable":true,"href":"https:\/\/lasprimeras.com.do\/index.php\/wp-json\/wp\/v2\/tags?post=103532"}],"curies":[{"name":"wp","href":"https:\/\/api.w.org\/{rel}","templated":true}]}}