{"id":103535,"date":"2025-07-16T09:52:01","date_gmt":"2025-07-16T13:52:01","guid":{"rendered":"https:\/\/lasprimeras.com.do\/?p=103535"},"modified":"2025-07-16T09:52:02","modified_gmt":"2025-07-16T13:52:02","slug":"crisis-del-arroz-fp-acusa-al-gobierno-del-prm-de-inundar-el-mercado-con-importaciones-ilegales","status":"publish","type":"post","link":"https:\/\/lasprimeras.com.do\/index.php\/2025\/07\/16\/crisis-del-arroz-fp-acusa-al-gobierno-del-prm-de-inundar-el-mercado-con-importaciones-ilegales\/","title":{"rendered":"Crisis del arroz: FP acusa al Gobierno del PRM de inundar el mercado con importaciones ilegales"},"content":{"rendered":"\n<p><strong>Aseguran: \u201cEst\u00e1n llevando al borde de la quiebra al sector arrocero dominicano\u201d.<\/strong><\/p>\n\n\n\n<p>El partido Fuerza del Pueblo (FP) denunci\u00f3 que el Gobierno del PRM est\u00e1 llevando al colapso al sector arrocero nacional mediante una pol\u00edtica de importaciones descontroladas que viola acuerdos previos y amenaza la seguridad alimentaria del pa\u00eds.<\/p>\n\n\n\n<p>Actuando como vocero en una rueda de prensa conjunta del Subgabinete Agroalimentario del partido opositor, integrado por las secretar\u00edas de Asuntos Agropecuarios, Desarrollo Rural, Medio Ambiente y Recursos H\u00eddricos, el ingeniero H\u00e9ctor Acosta, dio lectura a un documento oficial en el que se expres\u00f3 una \u201calta preocupaci\u00f3n por la cr\u00edtica situaci\u00f3n que atraviesa el sector arrocero\u201d, responsabilizando directamente a la administraci\u00f3n de Luis Abinader.<\/p>\n\n\n\n<p>\u201cEl mercado nacional se ha visto inundado por arroz importado, lo que ha provocado una grave crisis de comercializaci\u00f3n y amenaza con llevar a la quiebra a miles de peque\u00f1os productores y molineros\u201d, afirm\u00f3 Acosta.<\/p>\n\n\n\n<p>Seg\u00fan datos citados por el dirigente pol\u00edtico, durante el a\u00f1o 2024 se importaron 4.7 millones de quintales de arroz por un valor de 152.7 millones de d\u00f3lares, cifra muy por encima de lo pactado en la Comisi\u00f3n Nacional Arrocera (CONA).<\/p>\n\n\n\n<p>De ese total, 4 millones de quintales fueron autorizados por el propio Gobierno, pese al compromiso de que en 2025 solo se permitir\u00eda la entrada de 23,300 toneladas m\u00e9tricas libres de arancel, bajo el Decreto 693-24.<\/p>\n\n\n\n<p>Adem\u00e1s, se denunci\u00f3 que existen sospechas fundadas de que el Gobierno ha continuado otorgando Certificados Sanitarios a importaciones de arroz desde pa\u00edses fuera del tratado DR-CAFTA, lo que constituir\u00eda una flagrante violaci\u00f3n de los acuerdos establecidos.<\/p>\n\n\n\n<p>La situaci\u00f3n ha derivado en una sobresaturaci\u00f3n del mercado sin precedentes. El \u00faltimo inventario oficial, realizado en junio, reflej\u00f3 7.64 millones de quintales de arroz en existencia, 2.84 millones m\u00e1s de lo necesario para cubrir cuatro meses de consumo.<\/p>\n\n\n\n<p>A esto se suma la nueva cosecha de reto\u00f1o, que llega con excelentes rendimientos, agravando a\u00fan m\u00e1s el problema de almacenamiento y comercializaci\u00f3n.<\/p>\n\n\n\n<p>\u201cDebido a que el arroz hay que cosecharlo tan pronto est\u00e1 maduro y enviarlo a las factor\u00edas para su secado, limpieza y procesamiento, el panorama del sector es tan grave y alarmante que los productores llaman a los molineros para que les reciban el arroz a cualquier precio\u201d, explic\u00f3 Acosta.<\/p>\n\n\n\n<p>\u201cPero los molineros no tienen espacio en los almacenes, ni capacidad financiera, porque el Gobierno a\u00fan no ha pagado la pignoraci\u00f3n correspondiente a los meses de abril, mayo y junio\u201d, agreg\u00f3.<\/p>\n\n\n\n<p>La Fuerza del Pueblo considera incre\u00edble que desde el Palacio Nacional se est\u00e9 propiciando la quiebra de un sector que genera m\u00e1s de 200,000 empleos directos, involucra a unos 30,000 productores y aporta m\u00e1s de 40 mil millones de pesos al PIB nacional.<\/p>\n\n\n\n<p>En nombre de la Fuerza del Pueblo, Acosta hizo un llamado al Gobierno para aplicar de inmediato las siguientes medidas:<\/p>\n\n\n\n<pre class=\"wp-block-code\"><code>1. Suspensi\u00f3n total de importaciones de arroz durante lo que resta de 2025, salvo las excepciones legales ya establecidas.\n\n2. Reglamentar que toda importaci\u00f3n futura sea aprobada por mayor\u00eda en la CONA.\n\n3. Habilitar gratuitamente los almacenes de INESPRE y otras instalaciones estatales para aliviar el sobreinventario.\n\n4. Pagar con urgencia la pignoraci\u00f3n atrasada para que los molineros puedan seguir operando.<\/code><\/pre>\n\n\n\n<p>\u201cNo se trata solo de cifras. Estamos hablando de m\u00e1s de 30,000 productores, 200,000 empleos directos y unas 300,000 personas que dependen indirectamente de esta cadena productiva. Este es un asunto de soberan\u00eda y seguridad alimentaria nacional\u201d, precis\u00f3 Acosta.<\/p>\n","protected":false},"excerpt":{"rendered":"<p>Aseguran: \u201cEst\u00e1n llevando al borde de la quiebra al sector arrocero dominicano\u201d. El partido Fuerza del Pueblo (FP) denunci\u00f3 que el Gobierno del PRM est\u00e1 llevando al colapso al sector&hellip;<\/p>\n","protected":false},"author":10,"featured_media":103536,"comment_status":"open","ping_status":"open","sticky":false,"template":"","format":"standard","meta":{"content-type":"","jetpack_post_was_ever_published":false,"_jetpack_newsletter_access":"","_jetpack_dont_email_post_to_subs":false,"_jetpack_newsletter_tier_id":0,"_jetpack_memberships_contains_paywalled_content":false,"_jetpack_memberships_contains_paid_content":false,"footnotes":""},"categories":[39,25],"tags":[21725,158,171,21727,21726,1639,31],"class_list":["post-103535","post","type-post","status-publish","format-standard","has-post-thumbnail","hentry","category-economia","category-portada","tag-crisis-del-arroz","tag-fuerza-del-pueblo","tag-gobierno","tag-importaciones-ilegales","tag-inundar","tag-mercado","tag-prm"],"jetpack_featured_media_url":"https:\/\/lasprimeras.com.do\/wp-content\/uploads\/2025\/07\/importaciones-ilegales.jpeg","jetpack-related-posts":[{"id":108027,"url":"https:\/\/lasprimeras.com.do\/index.php\/2025\/09\/02\/fp-dice-sector-arrocero-de-rd-atraviesa-crisis-sin-precedentes\/","url_meta":{"origin":103535,"position":0},"title":"FP dice sector arrocero de RD atraviesa crisis sin precedentes","author":"Nelson Feliz","date":"2 de septiembre de 2025","format":false,"excerpt":"El partido Fuerza del Pueblo (FP) denunci\u00f3 este martes que el sector arrocero nacional atraviesa una crisis sin precedentes que amenaza la seguridad alimentaria y la estabilidad social del pa\u00eds, por lo que pidi\u00f3 que sea declarado en emergencia. La organizaci\u00f3n responsabiliz\u00f3 al Gobierno de la situaci\u00f3n, \u00abproducto de las\u2026","rel":"","context":"En \u00abPOLITICA\u00bb","block_context":{"text":"POLITICA","link":"https:\/\/lasprimeras.com.do\/index.php\/category\/politica\/"},"img":{"alt_text":"","src":"https:\/\/i0.wp.com\/lasprimeras.com.do\/wp-content\/uploads\/2025\/09\/sector-arrocero.jpg?resize=350%2C200&ssl=1","width":350,"height":200,"srcset":"https:\/\/i0.wp.com\/lasprimeras.com.do\/wp-content\/uploads\/2025\/09\/sector-arrocero.jpg?resize=350%2C200&ssl=1 1x, https:\/\/i0.wp.com\/lasprimeras.com.do\/wp-content\/uploads\/2025\/09\/sector-arrocero.jpg?resize=525%2C300&ssl=1 1.5x, https:\/\/i0.wp.com\/lasprimeras.com.do\/wp-content\/uploads\/2025\/09\/sector-arrocero.jpg?resize=700%2C400&ssl=1 2x"},"classes":[]},{"id":105141,"url":"https:\/\/lasprimeras.com.do\/index.php\/2025\/07\/30\/editorial-2\/","url_meta":{"origin":103535,"position":1},"title":"Editorial","author":"Nelson Feliz","date":"30 de julio de 2025","format":false,"excerpt":"Falta de visi\u00f3n y planificaci\u00f3n afecta a productores y consumidores de arroz El arroz es mucho m\u00e1s que un alimento en la Rep\u00fablica Dominicana; es un pilar de la gastronom\u00eda nacional y en alg\u00fan momento se ha dicho que es un alimento pol\u00edtico. Las limitaciones y trabas de las gestiones\u2026","rel":"","context":"En \u00abOPINI\u00d3N\u00bb","block_context":{"text":"OPINI\u00d3N","link":"https:\/\/lasprimeras.com.do\/index.php\/category\/opinion\/"},"img":{"alt_text":"","src":"","width":0,"height":0},"classes":[]},{"id":107914,"url":"https:\/\/lasprimeras.com.do\/index.php\/2025\/09\/01\/familias-enfrentan-dificultades-para-adquirir-los-principales-alimentos\/","url_meta":{"origin":103535,"position":2},"title":"Familias enfrentan dificultades para adquirir los principales alimentos","author":"Nelson Feliz","date":"1 de septiembre de 2025","format":false,"excerpt":"El PLD denuncia que la Pol\u00edtica agropecuaria del PRM encamina a miles de productores a la quiebra y propone medidas urgentes para superar la calamidad. El Partido de la Liberaci\u00f3n Dominicana declar\u00f3 que las familias dominicanas enfrentan serias dificultades para poder adquirir los principales alimentos que componen el plato diario,\u2026","rel":"","context":"En \u00abPOLITICA\u00bb","block_context":{"text":"POLITICA","link":"https:\/\/lasprimeras.com.do\/index.php\/category\/politica\/"},"img":{"alt_text":"","src":"https:\/\/i0.wp.com\/lasprimeras.com.do\/wp-content\/uploads\/2025\/09\/PLD-6.jpg?resize=350%2C200&ssl=1","width":350,"height":200,"srcset":"https:\/\/i0.wp.com\/lasprimeras.com.do\/wp-content\/uploads\/2025\/09\/PLD-6.jpg?resize=350%2C200&ssl=1 1x, https:\/\/i0.wp.com\/lasprimeras.com.do\/wp-content\/uploads\/2025\/09\/PLD-6.jpg?resize=525%2C300&ssl=1 1.5x, https:\/\/i0.wp.com\/lasprimeras.com.do\/wp-content\/uploads\/2025\/09\/PLD-6.jpg?resize=700%2C400&ssl=1 2x"},"classes":[]},{"id":104884,"url":"https:\/\/lasprimeras.com.do\/index.php\/2025\/07\/28\/francisco-javier-garcia-este-gobierno-no-cumple-y-el-campo-dominicano-lo-esta-pagando\/","url_meta":{"origin":103535,"position":3},"title":"Francisco Javier Garc\u00eda: \u201cEste gobierno no cumple, y el campo dominicano lo est\u00e1 pagando\u201d","author":"Nelson Feliz","date":"28 de julio de 2025","format":false,"excerpt":"\u201cEn nuestro gobierno vamos a blindar el sector agropecuario\u00a8. El aspirante presidencial del Partido de la Liberaci\u00f3n Dominicana (PLD), Francisco Javier Garc\u00eda, arremeti\u00f3 contra la gesti\u00f3n del Partido Revolucionario Moderno (PRM), acusando al gobierno de abandonar al sector agropecuario y de gobernar con promesas vac\u00edas mientras los productores enfrentan una\u2026","rel":"","context":"En \u00abPOLITICA\u00bb","block_context":{"text":"POLITICA","link":"https:\/\/lasprimeras.com.do\/index.php\/category\/politica\/"},"img":{"alt_text":"","src":"https:\/\/i0.wp.com\/lasprimeras.com.do\/wp-content\/uploads\/2025\/07\/Francisco-Javier-Garcia.jpg?resize=350%2C200&ssl=1","width":350,"height":200,"srcset":"https:\/\/i0.wp.com\/lasprimeras.com.do\/wp-content\/uploads\/2025\/07\/Francisco-Javier-Garcia.jpg?resize=350%2C200&ssl=1 1x, https:\/\/i0.wp.com\/lasprimeras.com.do\/wp-content\/uploads\/2025\/07\/Francisco-Javier-Garcia.jpg?resize=525%2C300&ssl=1 1.5x, https:\/\/i0.wp.com\/lasprimeras.com.do\/wp-content\/uploads\/2025\/07\/Francisco-Javier-Garcia.jpg?resize=700%2C400&ssl=1 2x"},"classes":[]},{"id":128636,"url":"https:\/\/lasprimeras.com.do\/index.php\/2026\/04\/25\/gobierno-adopta-medidas-para-seguir-fortaleciendo-el-sector-arrocero-nacional\/","url_meta":{"origin":103535,"position":4},"title":"Gobierno adopta medidas para seguir fortaleciendo el sector arrocero nacional","author":"Nelson Feliz","date":"25 de abril de 2026","format":false,"excerpt":"Presidente Luis Abinader se re\u00fane con representantes de ADOFA, FENARROZ y APRANO para consolidar pol\u00edticas de desarrollo, investigaci\u00f3n y sostenibilidad del arroz El presidente Luis Abinader sostuvo un encuentro con representantes del sector arrocero nacional, en el que se adoptaron medidas orientadas a fortalecer la producci\u00f3n, consolidar la institucionalidad del\u2026","rel":"","context":"En \u00abNACIONALES\u00bb","block_context":{"text":"NACIONALES","link":"https:\/\/lasprimeras.com.do\/index.php\/category\/nacionales\/"},"img":{"alt_text":"sector arrocero nacional","src":"https:\/\/i0.wp.com\/lasprimeras.com.do\/wp-content\/uploads\/2026\/04\/sector-arrocero-nacional.jpg?resize=350%2C200&ssl=1","width":350,"height":200,"srcset":"https:\/\/i0.wp.com\/lasprimeras.com.do\/wp-content\/uploads\/2026\/04\/sector-arrocero-nacional.jpg?resize=350%2C200&ssl=1 1x, https:\/\/i0.wp.com\/lasprimeras.com.do\/wp-content\/uploads\/2026\/04\/sector-arrocero-nacional.jpg?resize=525%2C300&ssl=1 1.5x, https:\/\/i0.wp.com\/lasprimeras.com.do\/wp-content\/uploads\/2026\/04\/sector-arrocero-nacional.jpg?resize=700%2C400&ssl=1 2x"},"classes":[]},{"id":128082,"url":"https:\/\/lasprimeras.com.do\/index.php\/2026\/04\/19\/ministro-de-agricultura-republica-dominicana-lidera-produccion-de-arroz-en-caribe-y-centroamerica\/","url_meta":{"origin":103535,"position":5},"title":"Ministro de Agricultura: Rep\u00fablica Dominicana lidera producci\u00f3n de arroz en Caribe y Centroam\u00e9rica","author":"Nelson Feliz","date":"19 de abril de 2026","format":false,"excerpt":"En el lanzamiento del inicio de la cosecha de arroz, encabezado por el presidente Luis Abinader, tambi\u00e9n destaca que la comida del pueblo dominicano est\u00e1 garantizada; inventarios de arroz superan los 5 millones de quintales Director de ADOFA, Heraldo Suero, resalta el liderazgo del presidente Abinader y su respaldo constante\u2026","rel":"","context":"En \u00abECONOM\u00cdA\u00bb","block_context":{"text":"ECONOM\u00cdA","link":"https:\/\/lasprimeras.com.do\/index.php\/category\/economia\/"},"img":{"alt_text":"","src":"https:\/\/i0.wp.com\/lasprimeras.com.do\/wp-content\/uploads\/2026\/04\/arroz-1.jpg?resize=350%2C200&ssl=1","width":350,"height":200,"srcset":"https:\/\/i0.wp.com\/lasprimeras.com.do\/wp-content\/uploads\/2026\/04\/arroz-1.jpg?resize=350%2C200&ssl=1 1x, https:\/\/i0.wp.com\/lasprimeras.com.do\/wp-content\/uploads\/2026\/04\/arroz-1.jpg?resize=525%2C300&ssl=1 1.5x, https:\/\/i0.wp.com\/lasprimeras.com.do\/wp-content\/uploads\/2026\/04\/arroz-1.jpg?resize=700%2C400&ssl=1 2x"},"classes":[]}],"jetpack_sharing_enabled":true,"_links":{"self":[{"href":"https:\/\/lasprimeras.com.do\/index.php\/wp-json\/wp\/v2\/posts\/103535","targetHints":{"allow":["GET"]}}],"collection":[{"href":"https:\/\/lasprimeras.com.do\/index.php\/wp-json\/wp\/v2\/posts"}],"about":[{"href":"https:\/\/lasprimeras.com.do\/index.php\/wp-json\/wp\/v2\/types\/post"}],"author":[{"embeddable":true,"href":"https:\/\/lasprimeras.com.do\/index.php\/wp-json\/wp\/v2\/users\/10"}],"replies":[{"embeddable":true,"href":"https:\/\/lasprimeras.com.do\/index.php\/wp-json\/wp\/v2\/comments?post=103535"}],"version-history":[{"count":1,"href":"https:\/\/lasprimeras.com.do\/index.php\/wp-json\/wp\/v2\/posts\/103535\/revisions"}],"predecessor-version":[{"id":103537,"href":"https:\/\/lasprimeras.com.do\/index.php\/wp-json\/wp\/v2\/posts\/103535\/revisions\/103537"}],"wp:featuredmedia":[{"embeddable":true,"href":"https:\/\/lasprimeras.com.do\/index.php\/wp-json\/wp\/v2\/media\/103536"}],"wp:attachment":[{"href":"https:\/\/lasprimeras.com.do\/index.php\/wp-json\/wp\/v2\/media?parent=103535"}],"wp:term":[{"taxonomy":"category","embeddable":true,"href":"https:\/\/lasprimeras.com.do\/index.php\/wp-json\/wp\/v2\/categories?post=103535"},{"taxonomy":"post_tag","embeddable":true,"href":"https:\/\/lasprimeras.com.do\/index.php\/wp-json\/wp\/v2\/tags?post=103535"}],"curies":[{"name":"wp","href":"https:\/\/api.w.org\/{rel}","templated":true}]}}