{"id":103541,"date":"2025-07-16T11:40:11","date_gmt":"2025-07-16T15:40:11","guid":{"rendered":"https:\/\/lasprimeras.com.do\/?p=103541"},"modified":"2025-07-16T11:40:13","modified_gmt":"2025-07-16T15:40:13","slug":"selinee-mendez-denuncia-colapso-silencioso-del-sistema-educativo-publico","status":"publish","type":"post","link":"https:\/\/lasprimeras.com.do\/index.php\/2025\/07\/16\/selinee-mendez-denuncia-colapso-silencioso-del-sistema-educativo-publico\/","title":{"rendered":"Selin\u00e9e M\u00e9ndez denuncia colapso silencioso del sistema educativo p\u00fablico"},"content":{"rendered":"\n<p><strong>\u201cEstamos ante una emergencia nacional\u201d expres\u00f3 la diputada M\u00e9ndez.<\/strong><\/p>\n\n\n\n<p>La diputada de la circunscripci\u00f3n No. 1, del Distrito Nacional por el Partido Fuerza del Pueblo, Selin\u00e9e M\u00e9ndez, denunci\u00f3 en el d\u00eda de hoy el colapso silencioso del sistema educativo p\u00fablico del pa\u00eds.<\/p>\n\n\n\n<p>La legisladora al referirse a los resultados de la reciente encuesta realizada por la Asociaci\u00f3n Nacional de Directores de Centros Educativos P\u00fablicos (ASONADEDI), advirti\u00f3 que el sistema educativo dominicano atraviesa una crisis estructural sin precedentes, producto del abandono institucional, la improvisaci\u00f3n y la falta de voluntad pol\u00edtica del actual gobierno.<\/p>\n\n\n\n<p>\u201cEl informe de ASONADEDI revela una verdad dolorosa: estamos frente a un colapso silencioso del sistema educativo p\u00fablico. M\u00e1s del 60% de las escuelas no tiene aulas suficientes, el 21% se encuentra en condiciones f\u00edsicas deplorables y m\u00e1s de 3,600 profesores hacen falta para cubrir la demanda. Esta es una emergencia nacional que el gobierno no puede seguir ignorando\u201d, sostuvo la legisladora.<\/p>\n\n\n\n<p>La diputada denunci\u00f3 adem\u00e1s que el d\u00e9ficit no es solo de infraestructura, sino tambi\u00e9n de personal humano y servicios b\u00e1sicos.<\/p>\n\n\n\n<p>\u201cHablamos de escuelas sin luz, sin agua, sin conectividad y sin comedores adecuados. Aulas sin maestros, sin psic\u00f3logos, sin orientadores ni personal de apoyo. \u00bfC\u00f3mo pretende este gobierno formar ciudadanos con dignidad en condiciones tan indignas?\u201d, cuestion\u00f3.<\/p>\n\n\n\n<p>Asimismo, calific\u00f3 como alarmantes los reportes de violencia, acoso sexual, presencia de bandas y embarazos adolescentes en casi el 40% de los centros encuestados, muchos de los cuales no cuentan con acompa\u00f1amiento psicol\u00f3gico ni respuestas institucionales eficaces.<\/p>\n\n\n\n<p>\u201cEstos datos no solo reflejan un sistema fallido, sino una ni\u00f1ez y adolescencia expuesta al abandono y al riesgo constante\u201d, agreg\u00f3.<\/p>\n\n\n\n<p>M\u00e9ndez tambi\u00e9n se refiri\u00f3 a la politizaci\u00f3n de la educaci\u00f3n como uno de los obst\u00e1culos m\u00e1s graves para su desarrollo.<\/p>\n\n\n\n<p>\u201cLos directores est\u00e1n denunciando presiones indebidas, amenazas e incluso intentos de traslados. Esto confirma que el gobierno ha puesto la educaci\u00f3n al servicio de intereses partidarios, no del bienestar colectivo\u201d, indic\u00f3.<\/p>\n\n\n\n<p>En ese sentido, la diputada Selin\u00e9e M\u00e9ndez exigi\u00f3 al actual ministro de Educaci\u00f3n, Luis Miguel De Camps, comparecer de inmediato ante el Congreso Nacional para rendir cuentas sobre las condiciones en que recibi\u00f3 dicha cartera, tras la salida del exministro \u00c1ngel Hern\u00e1ndez Castillo, a quien responsabiliz\u00f3 de haber profundizado la crisis estructural del sistema educativo p\u00fablico.<\/p>\n\n\n\n<p>M\u00e9ndez record\u00f3 que el a\u00f1o pasado someti\u00f3 ante el Congreso Nacional el trascendental proyecto de ley titulado \u201cLey de Garant\u00eda de Inscripci\u00f3n y Sanciones por Negligencia en la Provisi\u00f3n de Cupos Educativos en las Escuelas P\u00fablicas\u201d, cuyo prop\u00f3sito es asegurar el derecho al cupo escolar y la reinscripci\u00f3n prioritaria de los ni\u00f1os, ni\u00f1as y adolescentes dominicanos en las escuelas p\u00fablicas del pa\u00eds.<\/p>\n\n\n\n<p>Esta iniciativa, a\u00fan pendiente de conocimiento y aprobaci\u00f3n por parte de la C\u00e1mara de Diputados, surgi\u00f3 como respuesta a m\u00faltiples denuncias de exclusi\u00f3n, hacinamiento y desplazamiento de estudiantes en su propio sistema educativo, una realidad que vulnera derechos fundamentales y ampl\u00eda las brechas de acceso a la educaci\u00f3n.<\/p>\n\n\n\n<p>Con esta pieza legislativa, la diputada M\u00e9ndez enfrenta una problem\u00e1tica creciente en sectores vulnerables, donde cientos de familias viven cada a\u00f1o la angustia de no encontrar cupo escolar para sus hijos, pese a ser dominicanos y estar estudiando en dichos centros que luego le niegan la reinscripci\u00f3n.<\/p>\n\n\n\n<p>El proyecto representa un paso firme hacia la equidad y la estabilidad educativa que demanda la sociedad.<\/p>\n\n\n\n<p>M\u00e9ndez explic\u00f3 que el marco legal propuesto busca obligar al Estado a garantizar la disponibilidad y asignaci\u00f3n justa de plazas escolares, priorizando a los estudiantes dominicanos, especialmente aquellos en condiciones de vulnerabilidad, con el fin de blindar su permanencia en el sistema educativo p\u00fablico sin interrupciones.<\/p>\n\n\n\n<p>Finalmente, la diputada opositora reiter\u00f3 su compromiso con la defensa de la educaci\u00f3n p\u00fablica y advirti\u00f3 que, desde el Congreso Nacional, continuar\u00e1 fiscalizando y exigiendo pol\u00edticas p\u00fablicas reales y eficaces que garanticen el derecho a una educaci\u00f3n digna para todos los ni\u00f1os, ni\u00f1as y adolescentes dominicanos.<\/p>\n","protected":false},"excerpt":{"rendered":"<p>\u201cEstamos ante una emergencia nacional\u201d expres\u00f3 la diputada M\u00e9ndez. La diputada de la circunscripci\u00f3n No. 1, del Distrito Nacional por el Partido Fuerza del Pueblo, Selin\u00e9e M\u00e9ndez, denunci\u00f3 en el&hellip;<\/p>\n","protected":false},"author":10,"featured_media":103542,"comment_status":"open","ping_status":"open","sticky":false,"template":"","format":"standard","meta":{"content-type":"","jetpack_post_was_ever_published":false,"_jetpack_newsletter_access":"","_jetpack_dont_email_post_to_subs":false,"_jetpack_newsletter_tier_id":0,"_jetpack_memberships_contains_paywalled_content":false,"_jetpack_memberships_contains_paid_content":false,"footnotes":""},"categories":[16559,25],"tags":[9609,995,2085,4678,4493,21728,532],"class_list":["post-103541","post","type-post","status-publish","format-standard","has-post-thumbnail","hentry","category-politica","category-portada","tag-colapso","tag-diputada","tag-educativo","tag-publico","tag-selinee-mendez","tag-silencioso","tag-sistema"],"jetpack_featured_media_url":"https:\/\/lasprimeras.com.do\/wp-content\/uploads\/2025\/07\/Selinee-Mendez.jpg","jetpack-related-posts":[{"id":104133,"url":"https:\/\/lasprimeras.com.do\/index.php\/2025\/07\/21\/selinee-mendez-el-gobierno-de-abinader-se-quemo-en-educacion\/","url_meta":{"origin":103541,"position":0},"title":"Selin\u00e9e M\u00e9ndez: \u201cEl Gobierno de Abinader se quem\u00f3 en Educaci\u00f3n\u201d","author":"Nelson Feliz","date":"21 de julio de 2025","format":false,"excerpt":"La diputada del Partido Fuerza del Pueblo (FP), Selin\u00e9e M\u00e9ndez, critic\u00f3 fuertemente la gesti\u00f3n del presidente Luis Abinader en materia educativa, asegurando que el sistema ha colapsado \u201csilenciosamente y que el gobierno \u201cse ha quemado\u201d tras, cinco a\u00f1os de gobierno, el Ejecutivo ha fracasado en garantizar el derecho a la\u2026","rel":"","context":"En \u00abPOLITICA\u00bb","block_context":{"text":"POLITICA","link":"https:\/\/lasprimeras.com.do\/index.php\/category\/politica\/"},"img":{"alt_text":"Selin\u00e9e M\u00e9ndez","src":"https:\/\/i0.wp.com\/lasprimeras.com.do\/wp-content\/uploads\/2025\/07\/Selinee-Mendez-1.jpg?resize=350%2C200&ssl=1","width":350,"height":200,"srcset":"https:\/\/i0.wp.com\/lasprimeras.com.do\/wp-content\/uploads\/2025\/07\/Selinee-Mendez-1.jpg?resize=350%2C200&ssl=1 1x, https:\/\/i0.wp.com\/lasprimeras.com.do\/wp-content\/uploads\/2025\/07\/Selinee-Mendez-1.jpg?resize=525%2C300&ssl=1 1.5x, https:\/\/i0.wp.com\/lasprimeras.com.do\/wp-content\/uploads\/2025\/07\/Selinee-Mendez-1.jpg?resize=700%2C400&ssl=1 2x"},"classes":[]},{"id":101429,"url":"https:\/\/lasprimeras.com.do\/index.php\/2025\/06\/20\/selinee-mendez-somete-proyecto-insta-ensenanza-obligatoria-de-la-constitucion-en-todos-los-centros-educativos\/","url_meta":{"origin":103541,"position":1},"title":"Selin\u00e9e M\u00e9ndez somete proyecto insta ense\u00f1anza obligatoria de la Constituci\u00f3n en todos los centros educativos","author":"Nelson Feliz","date":"20 de junio de 2025","format":false,"excerpt":"La diputada de la Fuerza del Pueblo, Selin\u00e9e M\u00e9ndez, someti\u00f3 ante la C\u00e1mara de Diputados un proyecto de resoluci\u00f3n que solicita al Ministerio de Educaci\u00f3n de la Rep\u00fablica Dominicana fortalecer la ense\u00f1anza de la Constituci\u00f3n en todos los niveles del sistema educativo nacional. La iniciativa legislativa reconoce la importancia de\u2026","rel":"","context":"En \u00abPOLITICA\u00bb","block_context":{"text":"POLITICA","link":"https:\/\/lasprimeras.com.do\/index.php\/category\/politica\/"},"img":{"alt_text":"","src":"https:\/\/i0.wp.com\/lasprimeras.com.do\/wp-content\/uploads\/2025\/06\/Selinee-Mendez.jpg?resize=350%2C200&ssl=1","width":350,"height":200,"srcset":"https:\/\/i0.wp.com\/lasprimeras.com.do\/wp-content\/uploads\/2025\/06\/Selinee-Mendez.jpg?resize=350%2C200&ssl=1 1x, https:\/\/i0.wp.com\/lasprimeras.com.do\/wp-content\/uploads\/2025\/06\/Selinee-Mendez.jpg?resize=525%2C300&ssl=1 1.5x, https:\/\/i0.wp.com\/lasprimeras.com.do\/wp-content\/uploads\/2025\/06\/Selinee-Mendez.jpg?resize=700%2C400&ssl=1 2x"},"classes":[]},{"id":109669,"url":"https:\/\/lasprimeras.com.do\/index.php\/2025\/09\/21\/selinee-mendez-lamenta-colapso-y-la-presunta-malversacion-de-fondos-del-senasa\/","url_meta":{"origin":103541,"position":2},"title":"Selinee M\u00e9ndez lamenta colapso y la presunta malversaci\u00f3n de fondos del SeNaSa","author":"Nelson Feliz","date":"21 de septiembre de 2025","format":false,"excerpt":"NUEVA JERSEY. \u2013 La diputada de la Fuerza del Pueblo (FP), Selinee M\u00e9ndez, lament\u00f3 la dif\u00edcil situaci\u00f3n por la que atraviesa el Seguro Nacional de Salud (SeNaSa) en la Rep\u00fablica Dominicana, asegurando que la instituci\u00f3n se encuentra al borde del colapso debido a una gesti\u00f3n cuestionada y a la presunta\u2026","rel":"","context":"En \u00abPOLITICA\u00bb","block_context":{"text":"POLITICA","link":"https:\/\/lasprimeras.com.do\/index.php\/category\/politica\/"},"img":{"alt_text":"Selin\u00e9e M\u00e9ndez","src":"https:\/\/i0.wp.com\/lasprimeras.com.do\/wp-content\/uploads\/2025\/07\/Selinee-Mendez.jpg?resize=350%2C200&ssl=1","width":350,"height":200,"srcset":"https:\/\/i0.wp.com\/lasprimeras.com.do\/wp-content\/uploads\/2025\/07\/Selinee-Mendez.jpg?resize=350%2C200&ssl=1 1x, https:\/\/i0.wp.com\/lasprimeras.com.do\/wp-content\/uploads\/2025\/07\/Selinee-Mendez.jpg?resize=525%2C300&ssl=1 1.5x, https:\/\/i0.wp.com\/lasprimeras.com.do\/wp-content\/uploads\/2025\/07\/Selinee-Mendez.jpg?resize=700%2C400&ssl=1 2x"},"classes":[]},{"id":117407,"url":"https:\/\/lasprimeras.com.do\/index.php\/2025\/12\/10\/selinee-mendez-denuncia-es-victima-de-chantaje-a-traves-de-las-redes-sociales\/","url_meta":{"origin":103541,"position":3},"title":"Selin\u00e9e M\u00e9ndez denuncia es v\u00edctima de chantaje a trav\u00e9s de las redes sociales","author":"Nelson Feliz","date":"10 de diciembre de 2025","format":false,"excerpt":"Anuncia someter\u00e1 a acci\u00f3n judicial por difamaci\u00f3n y denuncia le quieren cobrar entre 10 y 50 mil d\u00f3lares para borrar publicaciones. La diputada Selin\u00e9e M\u00e9ndez, representante del Distrito Nacional por la Fuerza del Pueblo, anunci\u00f3 que someter\u00e1 a la justicia a una persona que \u2014seg\u00fan afirm\u00f3\u2014 la difam\u00f3 a trav\u00e9s\u2026","rel":"","context":"En \u00abPOLITICA\u00bb","block_context":{"text":"POLITICA","link":"https:\/\/lasprimeras.com.do\/index.php\/category\/politica\/"},"img":{"alt_text":"","src":"https:\/\/i0.wp.com\/lasprimeras.com.do\/wp-content\/uploads\/2025\/06\/Selinee-Mendez.jpg?resize=350%2C200&ssl=1","width":350,"height":200,"srcset":"https:\/\/i0.wp.com\/lasprimeras.com.do\/wp-content\/uploads\/2025\/06\/Selinee-Mendez.jpg?resize=350%2C200&ssl=1 1x, https:\/\/i0.wp.com\/lasprimeras.com.do\/wp-content\/uploads\/2025\/06\/Selinee-Mendez.jpg?resize=525%2C300&ssl=1 1.5x, https:\/\/i0.wp.com\/lasprimeras.com.do\/wp-content\/uploads\/2025\/06\/Selinee-Mendez.jpg?resize=700%2C400&ssl=1 2x"},"classes":[]},{"id":106883,"url":"https:\/\/lasprimeras.com.do\/index.php\/2025\/08\/20\/selinee-mendez-presenta-rendicion-de-cuentas-informe-de-gestion-periodo-legislativo-2024-2025\/","url_meta":{"origin":103541,"position":4},"title":"Selin\u00e9e M\u00e9ndez presenta &#8220;Rendici\u00f3n de Cuentas&#8221; informe de gesti\u00f3n periodo Legislativo 2024-2025","author":"Nelson Feliz","date":"20 de agosto de 2025","format":false,"excerpt":"La diputada del Distrito Nacional por el partido La Fuerza del Pueblo, present\u00f3 su rendici\u00f3n de cuentas destacando una gesti\u00f3n marcada por propuestas legislativas de impacto, trabajo comunitario y una visi\u00f3n pol\u00edtica con rostro humano. La diputada del partido La Fuerza del Pueblo, Selin\u00e9e M\u00e9ndez, present\u00f3 su \"Rendici\u00f3n de Cuentas\"\u2026","rel":"","context":"En \u00abPOLITICA\u00bb","block_context":{"text":"POLITICA","link":"https:\/\/lasprimeras.com.do\/index.php\/category\/politica\/"},"img":{"alt_text":"","src":"https:\/\/i0.wp.com\/lasprimeras.com.do\/wp-content\/uploads\/2025\/08\/Selinee-Mendez-1.jpg?resize=350%2C200&ssl=1","width":350,"height":200,"srcset":"https:\/\/i0.wp.com\/lasprimeras.com.do\/wp-content\/uploads\/2025\/08\/Selinee-Mendez-1.jpg?resize=350%2C200&ssl=1 1x, https:\/\/i0.wp.com\/lasprimeras.com.do\/wp-content\/uploads\/2025\/08\/Selinee-Mendez-1.jpg?resize=525%2C300&ssl=1 1.5x, https:\/\/i0.wp.com\/lasprimeras.com.do\/wp-content\/uploads\/2025\/08\/Selinee-Mendez-1.jpg?resize=700%2C400&ssl=1 2x"},"classes":[]},{"id":88983,"url":"https:\/\/lasprimeras.com.do\/index.php\/2024\/09\/11\/diputados-del-prm-rechazan-interpelacion-del-ministro-de-educacion-presentada-por-los-de-fp\/","url_meta":{"origin":103541,"position":5},"title":"Diputados del PRM rechazan interpelaci\u00f3n del ministro de Educaci\u00f3n presentada por los de FP","author":"Nelson Feliz","date":"11 de septiembre de 2024","format":false,"excerpt":"El bloque de diputados de la Fuerza del Pueblo solicit\u00f3 en la sesi\u00f3n de este mi\u00e9rcoles la aprobaci\u00f3n de la resoluci\u00f3n de interpelaci\u00f3n al ministro de educaci\u00f3n \u00c1ngel Hern\u00e1ndez depositada por la diputada de la bancada Selin\u00e9e M\u00e9ndez, la cual recibi\u00f3 el rechazo de los diputados del Partido Revolucionario Moderno.\u2026","rel":"","context":"En \u00abPORTADA\u00bb","block_context":{"text":"PORTADA","link":"https:\/\/lasprimeras.com.do\/index.php\/category\/portada\/"},"img":{"alt_text":"","src":"https:\/\/i0.wp.com\/lasprimeras.com.do\/wp-content\/uploads\/2024\/09\/Rafael-Castillo.jpg?resize=350%2C200&ssl=1","width":350,"height":200,"srcset":"https:\/\/i0.wp.com\/lasprimeras.com.do\/wp-content\/uploads\/2024\/09\/Rafael-Castillo.jpg?resize=350%2C200&ssl=1 1x, https:\/\/i0.wp.com\/lasprimeras.com.do\/wp-content\/uploads\/2024\/09\/Rafael-Castillo.jpg?resize=525%2C300&ssl=1 1.5x, https:\/\/i0.wp.com\/lasprimeras.com.do\/wp-content\/uploads\/2024\/09\/Rafael-Castillo.jpg?resize=700%2C400&ssl=1 2x"},"classes":[]}],"jetpack_sharing_enabled":true,"_links":{"self":[{"href":"https:\/\/lasprimeras.com.do\/index.php\/wp-json\/wp\/v2\/posts\/103541","targetHints":{"allow":["GET"]}}],"collection":[{"href":"https:\/\/lasprimeras.com.do\/index.php\/wp-json\/wp\/v2\/posts"}],"about":[{"href":"https:\/\/lasprimeras.com.do\/index.php\/wp-json\/wp\/v2\/types\/post"}],"author":[{"embeddable":true,"href":"https:\/\/lasprimeras.com.do\/index.php\/wp-json\/wp\/v2\/users\/10"}],"replies":[{"embeddable":true,"href":"https:\/\/lasprimeras.com.do\/index.php\/wp-json\/wp\/v2\/comments?post=103541"}],"version-history":[{"count":1,"href":"https:\/\/lasprimeras.com.do\/index.php\/wp-json\/wp\/v2\/posts\/103541\/revisions"}],"predecessor-version":[{"id":103543,"href":"https:\/\/lasprimeras.com.do\/index.php\/wp-json\/wp\/v2\/posts\/103541\/revisions\/103543"}],"wp:featuredmedia":[{"embeddable":true,"href":"https:\/\/lasprimeras.com.do\/index.php\/wp-json\/wp\/v2\/media\/103542"}],"wp:attachment":[{"href":"https:\/\/lasprimeras.com.do\/index.php\/wp-json\/wp\/v2\/media?parent=103541"}],"wp:term":[{"taxonomy":"category","embeddable":true,"href":"https:\/\/lasprimeras.com.do\/index.php\/wp-json\/wp\/v2\/categories?post=103541"},{"taxonomy":"post_tag","embeddable":true,"href":"https:\/\/lasprimeras.com.do\/index.php\/wp-json\/wp\/v2\/tags?post=103541"}],"curies":[{"name":"wp","href":"https:\/\/api.w.org\/{rel}","templated":true}]}}