{"id":103547,"date":"2025-07-16T12:19:03","date_gmt":"2025-07-16T16:19:03","guid":{"rendered":"https:\/\/lasprimeras.com.do\/?p=103547"},"modified":"2025-07-16T12:19:05","modified_gmt":"2025-07-16T16:19:05","slug":"adn-declara-tres-dias-de-duelo-municipal-por-fallecimiento-de-rafael-subervi-bonilla","status":"publish","type":"post","link":"https:\/\/lasprimeras.com.do\/index.php\/2025\/07\/16\/adn-declara-tres-dias-de-duelo-municipal-por-fallecimiento-de-rafael-subervi-bonilla\/","title":{"rendered":"ADN declara &#8220;tres d\u00edas de duelo municipal&#8221; por fallecimiento de Rafael Suberv\u00ed Bonilla"},"content":{"rendered":"\n<p><strong>Dispuso que la bandera nacional y la municipal sean colocadas a media asta los d\u00edas 16, 17 y 18 de julio.<\/strong><\/p>\n\n\n\n<p>El Concejo de Regidores del Ayuntamiento del Distrito Nacional (ADN) declar\u00f3 tres d\u00edas de duelo municipal por el fallecimiento del exs\u00edndico Rafael Suberv\u00ed Bonilla (Fello), figura emblem\u00e1tica de la vida pol\u00edtica y municipal de la ciudad de Santo Domingo.<\/p>\n\n\n\n<p>La decisi\u00f3n fue adoptada mediante Ordenanza aprobada en una sesi\u00f3n extraordinaria celebrada este mi\u00e9rcoles 16 de julio en el Sal\u00f3n Emilio Rodr\u00edguez Demorizi, bajo la conducci\u00f3n del presidente del Concejo, regidor Yovany Moya.<\/p>\n\n\n\n<p>La disposici\u00f3n establece que los d\u00edas 16, 17 y 18 de julio ser\u00e1n de duelo municipal en la ciudad de Santo Domingo de Guzm\u00e1n, como manifestaci\u00f3n de respeto y reconocimiento al legado de Suberv\u00ed Bonilla, quien se desempe\u00f1\u00f3 como s\u00edndico del Distrito Nacional en dos per\u00edodos y fue un destacado l\u00edder pol\u00edtico del pa\u00eds.<\/p>\n\n\n\n<p>En consecuencia, la Ordenanza dispone que la Bandera Nacional y la Bandera de la ciudad sean colocadas a media asta en todas las dependencias del gobierno municipal durante los d\u00edas se\u00f1alados.<\/p>\n\n\n\n<p>Asimismo, el Concejo instruy\u00f3 a la Alcald\u00eda del Distrito Nacional a coordinar y organizar los actos de rendimiento de honores y guardia de honor en memoria de Fello Suberv\u00ed, los cuales se llevar\u00e1n a cabo en el Palacio Municipal.<\/p>\n\n\n\n<p>Durante la sesi\u00f3n, varios regidores tomaron la palabra para destacar los aportes de Suberv\u00ed Bonilla a la institucionalidad municipal, su visi\u00f3n de ciudad y su compromiso con las causas sociales, record\u00e1ndolo como un hombre de firme liderazgo, cercano a la gente y con una vida entregada al servicio p\u00fablico.<\/p>\n\n\n\n<p>El presidente del Concejo, Yovany Moya, expres\u00f3 que \u201cla ciudad capital est\u00e1 de luto por la partida de un hombre que marc\u00f3 la historia municipal con grandes aportes. Esta declaratoria de duelo es un acto de justicia y memoria hacia quien dedic\u00f3 su vida a servirle a Santo Domingo\u201d.<\/p>\n\n\n\n<p>Con esta resoluci\u00f3n, el Ayuntamiento del Distrito Nacional rinde homenaje p\u00f3stumo a un ciudadano que, desde su gesti\u00f3n como s\u00edndico y en el ejercicio de su carrera pol\u00edtica, contribuy\u00f3 al fortalecimiento del municipio y a la vida democr\u00e1tica nacional.<\/p>\n","protected":false},"excerpt":{"rendered":"<p>Dispuso que la bandera nacional y la municipal sean colocadas a media asta los d\u00edas 16, 17 y 18 de julio. El Concejo de Regidores del Ayuntamiento del Distrito Nacional&hellip;<\/p>\n","protected":false},"author":10,"featured_media":103548,"comment_status":"open","ping_status":"open","sticky":false,"template":"","format":"standard","meta":{"content-type":"","jetpack_post_was_ever_published":false,"_jetpack_newsletter_access":"","_jetpack_dont_email_post_to_subs":false,"_jetpack_newsletter_tier_id":0,"_jetpack_memberships_contains_paywalled_content":false,"_jetpack_memberships_contains_paid_content":false,"footnotes":""},"categories":[35,25],"tags":[21730,1065,2215,21732,21731],"class_list":["post-103547","post","type-post","status-publish","format-standard","has-post-thumbnail","hentry","category-nacionales","category-portada","tag-concejo-regidores-adn","tag-fallecimiento","tag-municipal","tag-rafael-subervi-bonilla","tag-tres-dias-de-duelo"],"jetpack_featured_media_url":"https:\/\/lasprimeras.com.do\/wp-content\/uploads\/2025\/07\/Concejo-Regidores-ADN.jpg","jetpack-related-posts":[{"id":103681,"url":"https:\/\/lasprimeras.com.do\/index.php\/2025\/07\/17\/adn-realiza-honras-funebres-a-fello-subervi-en-el-palacio-municipal\/","url_meta":{"origin":103547,"position":0},"title":"ADN realiza honras f\u00fanebres a Fello Suberv\u00ed en el Palacio Municipal","author":"Nelson Feliz","date":"17 de julio de 2025","format":false,"excerpt":"El Ayuntamiento del Distrito Nacional realiz\u00f3 este jueves las honras f\u00fanebres al exalcalde Rafael \u201cFello\u201d Suberv\u00ed Bonilla en el Palacio Municipal. En un emotivo acto de cuerpo presente, las autoridades municipales, encabezadas por Carolina Mej\u00eda, expresaron su solidaridad y respeto a los familiares del emblem\u00e1tico l\u00edder pol\u00edtico que pereci\u00f3 la\u2026","rel":"","context":"En \u00abNACIONALES\u00bb","block_context":{"text":"NACIONALES","link":"https:\/\/lasprimeras.com.do\/index.php\/category\/nacionales\/"},"img":{"alt_text":"","src":"https:\/\/i0.wp.com\/lasprimeras.com.do\/wp-content\/uploads\/2025\/07\/ADN.jpg?resize=350%2C200&ssl=1","width":350,"height":200,"srcset":"https:\/\/i0.wp.com\/lasprimeras.com.do\/wp-content\/uploads\/2025\/07\/ADN.jpg?resize=350%2C200&ssl=1 1x, https:\/\/i0.wp.com\/lasprimeras.com.do\/wp-content\/uploads\/2025\/07\/ADN.jpg?resize=525%2C300&ssl=1 1.5x, https:\/\/i0.wp.com\/lasprimeras.com.do\/wp-content\/uploads\/2025\/07\/ADN.jpg?resize=700%2C400&ssl=1 2x"},"classes":[]},{"id":103456,"url":"https:\/\/lasprimeras.com.do\/index.php\/2025\/07\/15\/abinader-declara-duelo-oficial-por-el-fallecimiento-de-rafael-antonio-fello-subervi-bonilla\/","url_meta":{"origin":103547,"position":1},"title":"Abinader declara duelo oficial por el fallecimiento de Rafael Antonio \u00abFello\u00bb Suberv\u00ed Bonilla","author":"Nelson Feliz","date":"15 de julio de 2025","format":false,"excerpt":"El presidente Luis Abinader, mediante el decreto 387-25, declar\u00f3 para este mi\u00e9rcoles 16 de julio duelo oficial por el fallecimiento del dirigente pol\u00edtico Rafael \"Fello\" Suberv\u00ed Bonilla. Bonilla falleci\u00f3 la madrugada de este martes a los 83 a\u00f1os de edad tras complicaciones de salud. El primer mandatario instruye al Ministerio\u2026","rel":"","context":"En \u00abNACIONALES\u00bb","block_context":{"text":"NACIONALES","link":"https:\/\/lasprimeras.com.do\/index.php\/category\/nacionales\/"},"img":{"alt_text":"Rafael Antonio \"Fello\" Suberv\u00ed Bonilla","src":"https:\/\/i0.wp.com\/lasprimeras.com.do\/wp-content\/uploads\/2025\/07\/Fello_Subervi-removebg-preview.png?resize=350%2C200&ssl=1","width":350,"height":200,"srcset":"https:\/\/i0.wp.com\/lasprimeras.com.do\/wp-content\/uploads\/2025\/07\/Fello_Subervi-removebg-preview.png?resize=350%2C200&ssl=1 1x, https:\/\/i0.wp.com\/lasprimeras.com.do\/wp-content\/uploads\/2025\/07\/Fello_Subervi-removebg-preview.png?resize=525%2C300&ssl=1 1.5x"},"classes":[]},{"id":126995,"url":"https:\/\/lasprimeras.com.do\/index.php\/2026\/04\/07\/regidores-del-dn-declaran-el-8-de-abril-como-dia-de-duelo-municipal\/","url_meta":{"origin":103547,"position":2},"title":"Regidores del DN declaran el 8 de abril como &#8220;D\u00eda de Duelo Municipal&#8221;","author":"Nelson Feliz","date":"7 de abril de 2026","format":false,"excerpt":"Lo hicieron para honrar la memoria de los fallecidos en la tragedia del Jet Set. El Concejo de Regidores del Ayuntamiento del Distrito Nacional aprob\u00f3 este martes una ordenanza que declara el 8 de abril como D\u00eda de Duelo Municipal, acogiendo una solicitud realizada por la alcaldesa Carolina Mej\u00eda. La\u2026","rel":"","context":"En \u00abNACIONALES\u00bb","block_context":{"text":"NACIONALES","link":"https:\/\/lasprimeras.com.do\/index.php\/category\/nacionales\/"},"img":{"alt_text":"Regidores del DN","src":"https:\/\/i0.wp.com\/lasprimeras.com.do\/wp-content\/uploads\/2026\/04\/Regidores-del-DN.jpg?resize=350%2C200&ssl=1","width":350,"height":200,"srcset":"https:\/\/i0.wp.com\/lasprimeras.com.do\/wp-content\/uploads\/2026\/04\/Regidores-del-DN.jpg?resize=350%2C200&ssl=1 1x, https:\/\/i0.wp.com\/lasprimeras.com.do\/wp-content\/uploads\/2026\/04\/Regidores-del-DN.jpg?resize=525%2C300&ssl=1 1.5x, https:\/\/i0.wp.com\/lasprimeras.com.do\/wp-content\/uploads\/2026\/04\/Regidores-del-DN.jpg?resize=700%2C400&ssl=1 2x"},"classes":[]},{"id":128590,"url":"https:\/\/lasprimeras.com.do\/index.php\/2026\/04\/24\/giancarlos-vega-asume-presidencia-concejo-de-regidores-adn\/","url_meta":{"origin":103547,"position":3},"title":"Giancarlos Vega asume presidencia Concejo de Regidores ADN","author":"Nelson Feliz","date":"24 de abril de 2026","format":false,"excerpt":"Llama a trabajar por una ciudad m\u00e1s ordenada, justa y planificada El regidor Giancarlos Vega fue electo como nuevo presidente del Concejo de Regidores del Distrito Nacional para el per\u00edodo 2026-2027, durante una sesi\u00f3n extraordinaria en la que exhort\u00f3 a sus colegas a trabajar de manera conjunta por una ciudad\u2026","rel":"","context":"En \u00abPOLITICA\u00bb","block_context":{"text":"POLITICA","link":"https:\/\/lasprimeras.com.do\/index.php\/category\/politica\/"},"img":{"alt_text":"Giancarlos Vega","src":"https:\/\/i0.wp.com\/lasprimeras.com.do\/wp-content\/uploads\/2026\/04\/Giancarlos-Vega.jpg?resize=350%2C200&ssl=1","width":350,"height":200,"srcset":"https:\/\/i0.wp.com\/lasprimeras.com.do\/wp-content\/uploads\/2026\/04\/Giancarlos-Vega.jpg?resize=350%2C200&ssl=1 1x, https:\/\/i0.wp.com\/lasprimeras.com.do\/wp-content\/uploads\/2026\/04\/Giancarlos-Vega.jpg?resize=525%2C300&ssl=1 1.5x, https:\/\/i0.wp.com\/lasprimeras.com.do\/wp-content\/uploads\/2026\/04\/Giancarlos-Vega.jpg?resize=700%2C400&ssl=1 2x"},"classes":[]},{"id":103369,"url":"https:\/\/lasprimeras.com.do\/index.php\/2025\/07\/15\/fallece-fello-subervi-exalcalde-de-santo-domingo-y-destacado-dirigente-del-prd-historico\/","url_meta":{"origin":103547,"position":4},"title":"Fallece Fello Suberv\u00ed, exalcalde de Santo Domingo y destacado dirigente del PRD hist\u00f3rico","author":"Nelson Feliz","date":"15 de julio de 2025","format":false,"excerpt":"La noticia fue confirmada por su esposa Miguelina Ortiz, al programa Hoy Mismo. Rafael Antonio \"Fello\" Suberv\u00ed Bonilla, exalcalde del Distrito Nacional y uno de los pol\u00edticos emblem\u00e1ticos del Partido Revolucionario Dominicano (PRD), falleci\u00f3 este martes 15 de julio a los 83 a\u00f1os. La noticia fue confirmada por su esposa\u2026","rel":"","context":"En \u00abNACIONALES\u00bb","block_context":{"text":"NACIONALES","link":"https:\/\/lasprimeras.com.do\/index.php\/category\/nacionales\/"},"img":{"alt_text":"Rafael Antonio \"Fello\" Suberv\u00ed Bonilla","src":"https:\/\/i0.wp.com\/lasprimeras.com.do\/wp-content\/uploads\/2025\/07\/Fello_Subervi-removebg-preview.png?resize=350%2C200&ssl=1","width":350,"height":200,"srcset":"https:\/\/i0.wp.com\/lasprimeras.com.do\/wp-content\/uploads\/2025\/07\/Fello_Subervi-removebg-preview.png?resize=350%2C200&ssl=1 1x, https:\/\/i0.wp.com\/lasprimeras.com.do\/wp-content\/uploads\/2025\/07\/Fello_Subervi-removebg-preview.png?resize=525%2C300&ssl=1 1.5x"},"classes":[]},{"id":49882,"url":"https:\/\/lasprimeras.com.do\/index.php\/2023\/05\/15\/declaran-duelo-municipal-en-santiago-por-la-muerte-de-la-madre-del-alcalde-abel-martinez\/","url_meta":{"origin":103547,"position":5},"title":"Declaran duelo municipal en Santiago por la muerte de la madre del alcalde Abel Mart\u00ednez","author":"prenxa100","date":"15 de mayo de 2023","format":false,"excerpt":"Do\u00f1a M\u00e9lida Dur\u00e1n Vargas fue maestra por m\u00e1s de 40 a\u00f1os. Santiago, RD.-. El Concejo Municipal del Ayuntamiento de Santiago declar\u00f3 duelo municipal, debido a la muerte de do\u00f1a M\u00e9lida Dur\u00e1n Vargas, madre del alcalde Abel Mart\u00ednez. La declaratoria de duelo se conoci\u00f3 como \u00fanico tema en una Sesi\u00f3n Extraordinaria,\u2026","rel":"","context":"En \u00abNACIONALES\u00bb","block_context":{"text":"NACIONALES","link":"https:\/\/lasprimeras.com.do\/index.php\/category\/nacionales\/"},"img":{"alt_text":"","src":"","width":0,"height":0},"classes":[]}],"jetpack_sharing_enabled":true,"_links":{"self":[{"href":"https:\/\/lasprimeras.com.do\/index.php\/wp-json\/wp\/v2\/posts\/103547","targetHints":{"allow":["GET"]}}],"collection":[{"href":"https:\/\/lasprimeras.com.do\/index.php\/wp-json\/wp\/v2\/posts"}],"about":[{"href":"https:\/\/lasprimeras.com.do\/index.php\/wp-json\/wp\/v2\/types\/post"}],"author":[{"embeddable":true,"href":"https:\/\/lasprimeras.com.do\/index.php\/wp-json\/wp\/v2\/users\/10"}],"replies":[{"embeddable":true,"href":"https:\/\/lasprimeras.com.do\/index.php\/wp-json\/wp\/v2\/comments?post=103547"}],"version-history":[{"count":1,"href":"https:\/\/lasprimeras.com.do\/index.php\/wp-json\/wp\/v2\/posts\/103547\/revisions"}],"predecessor-version":[{"id":103549,"href":"https:\/\/lasprimeras.com.do\/index.php\/wp-json\/wp\/v2\/posts\/103547\/revisions\/103549"}],"wp:featuredmedia":[{"embeddable":true,"href":"https:\/\/lasprimeras.com.do\/index.php\/wp-json\/wp\/v2\/media\/103548"}],"wp:attachment":[{"href":"https:\/\/lasprimeras.com.do\/index.php\/wp-json\/wp\/v2\/media?parent=103547"}],"wp:term":[{"taxonomy":"category","embeddable":true,"href":"https:\/\/lasprimeras.com.do\/index.php\/wp-json\/wp\/v2\/categories?post=103547"},{"taxonomy":"post_tag","embeddable":true,"href":"https:\/\/lasprimeras.com.do\/index.php\/wp-json\/wp\/v2\/tags?post=103547"}],"curies":[{"name":"wp","href":"https:\/\/api.w.org\/{rel}","templated":true}]}}