{"id":103550,"date":"2025-07-16T12:42:16","date_gmt":"2025-07-16T16:42:16","guid":{"rendered":"https:\/\/lasprimeras.com.do\/?p=103550"},"modified":"2025-07-16T12:42:18","modified_gmt":"2025-07-16T16:42:18","slug":"opret-recibe-dos-nuevos-trenes-acoplables-para-operar-en-el-metro-santo-domingo","status":"publish","type":"post","link":"https:\/\/lasprimeras.com.do\/index.php\/2025\/07\/16\/opret-recibe-dos-nuevos-trenes-acoplables-para-operar-en-el-metro-santo-domingo\/","title":{"rendered":"OPRET recibe dos nuevos trenes acoplables para operar en el Metro Santo Domingo"},"content":{"rendered":"\n<p>La Oficina para el Reordenamiento del Transporte (OPRET) inform\u00f3 sobre la llegada de dos nuevos trenes, dise\u00f1ados para operar de manera acoplada lo que permitir\u00e1 aumentar significativamente la capacidad de transporte del Metro de Santo Domingo a principios de agosto.<\/p>\n\n\n\n<p>El director ejecutivo de la OPRET, ingeniero Rafael Santos detall\u00f3 que los nuevos vagones corresponden al modelo Metr\u00f3polis 9000, Serie 6, equipados con tecnolog\u00eda de \u00faltima generaci\u00f3n para optimizar la eficiencia y comodidad del servicio. Estos trenes son fabricados en la planta industrial de Alstom en Santa Perpetua, Barcelona, bajo los m\u00e1s altos est\u00e1ndares de calidad y seguridad.<\/p>\n\n\n\n<p>Las nuevas unidades cuentan con innovaciones como cabinas de conducci\u00f3n redise\u00f1adas y modernos sistemas de iluminaci\u00f3n interior LED, elevando los niveles de confort y seguridad para los usuarios.<\/p>\n\n\n\n<p>La incorporaci\u00f3n progresiva de estos trenes est\u00e1 orientada a fortalecer la operaci\u00f3n en las l\u00edneas 1 y 2, especialmente en las horas pico, contribuyendo a reducir los tiempos de espera y mejorar la experiencia de viaje de los pasajeros, sostuvo Santos.<\/p>\n\n\n\n<p>Durante lo que resta del a\u00f1o, continuar\u00e1n arribando al pa\u00eds entre uno (1) y dos (2) trenes cada mes, hasta completar el total de veinticuatro (24) trenes, equivalentes a sesenta (60) vagones, contemplados en este proceso de expansi\u00f3n y modernizaci\u00f3n del sistema.<\/p>\n\n\n\n<p>El director ejecutivo de la OPRET expres\u00f3 que \u201cestos trenes representan un paso fundamental hacia la ampliaci\u00f3n de la capacidad del Metro.<\/p>\n\n\n\n<p>Hoy, la comunidad de Villa Mella est\u00e1 haciendo un importante esfuerzo con el cierre temporal de las estaciones elevadas, para permitir los trabajos de modificaci\u00f3n en el sistema de se\u00f1alizaci\u00f3n y telecomunicaciones, que har\u00e1n posible la operaci\u00f3n de trenes de 6 vagones a principios de agosto.<\/p>\n\n\n\n<p>Confiamos en que estos sacrificios traer\u00e1n grandes beneficios a nuestros usuarios, quienes contar\u00e1n con un servicio m\u00e1s \u00e1gil, seguro y c\u00f3modo\u201d.<\/p>\n\n\n\n<p>Con estas acciones, la OPRET y el Estado dominicano, bajo el liderazgo del presidente Luis Abinader, reafirman su compromiso de ofrecer un servicio de transporte masivo eficiente, seguro y de alta calidad, en beneficio de toda la ciudadan\u00eda.<\/p>\n","protected":false},"excerpt":{"rendered":"<p>La Oficina para el Reordenamiento del Transporte (OPRET) inform\u00f3 sobre la llegada de dos nuevos trenes, dise\u00f1ados para operar de manera acoplada lo que permitir\u00e1 aumentar significativamente la capacidad de&hellip;<\/p>\n","protected":false},"author":10,"featured_media":103551,"comment_status":"open","ping_status":"open","sticky":false,"template":"","format":"standard","meta":{"content-type":"","jetpack_post_was_ever_published":false,"_jetpack_newsletter_access":"","_jetpack_dont_email_post_to_subs":false,"_jetpack_newsletter_tier_id":0,"_jetpack_memberships_contains_paywalled_content":false,"_jetpack_memberships_contains_paid_content":false,"footnotes":""},"categories":[35],"tags":[21734,4145,21733],"class_list":["post-103550","post","type-post","status-publish","format-standard","has-post-thumbnail","hentry","category-nacionales","tag-metro-santo-domingo","tag-opret","tag-trenes-acoplables"],"jetpack_featured_media_url":"https:\/\/lasprimeras.com.do\/wp-content\/uploads\/2025\/07\/trenes-de-seis-vagones-1.jpg","jetpack-related-posts":[{"id":103967,"url":"https:\/\/lasprimeras.com.do\/index.php\/2025\/07\/20\/gobierno-lleva-alrededor-de-cinco-anos-con-la-promesa-de-ampliar-a-6-vagones-los-trenes-del-metro\/","url_meta":{"origin":103550,"position":0},"title":"Gobierno lleva alrededor de cinco a\u00f1os con la promesa de ampliar a 6 vagones los trenes del Metro","author":"Nelson Feliz","date":"20 de julio de 2025","format":false,"excerpt":"Desde el 2022 hasta el 2025, la Opret ha suspendido en varias ocasiones el servicio desde la estaci\u00f3n Hermanas Mirabal hasta la Mam\u00e1 Ting\u00f3 alegando que realizan los \u201c\u00faltimos trabajos\u201d, situaci\u00f3n que ha provocado gran incomodidad entre los usuarios. El proyecto de ampliaci\u00f3n del Metro de Santo Domingo, con trenes\u2026","rel":"","context":"En \u00abNACIONALES\u00bb","block_context":{"text":"NACIONALES","link":"https:\/\/lasprimeras.com.do\/index.php\/category\/nacionales\/"},"img":{"alt_text":"","src":"https:\/\/i0.wp.com\/lasprimeras.com.do\/wp-content\/uploads\/2025\/07\/VAGONES-4.jpeg?resize=350%2C200&ssl=1","width":350,"height":200,"srcset":"https:\/\/i0.wp.com\/lasprimeras.com.do\/wp-content\/uploads\/2025\/07\/VAGONES-4.jpeg?resize=350%2C200&ssl=1 1x, https:\/\/i0.wp.com\/lasprimeras.com.do\/wp-content\/uploads\/2025\/07\/VAGONES-4.jpeg?resize=525%2C300&ssl=1 1.5x, https:\/\/i0.wp.com\/lasprimeras.com.do\/wp-content\/uploads\/2025\/07\/VAGONES-4.jpeg?resize=700%2C400&ssl=1 2x"},"classes":[]},{"id":103123,"url":"https:\/\/lasprimeras.com.do\/index.php\/2025\/07\/11\/opret-incluye-nuevos-trenes-de-seis-vagones-en-las-lineas-1-y-2-del-metro-de-santo-domingo\/","url_meta":{"origin":103550,"position":1},"title":"OPRET incluye nuevos trenes de seis vagones en las l\u00edneas 1 y 2 del Metro de Santo Domingo","author":"Nelson Feliz","date":"11 de julio de 2025","format":false,"excerpt":"Los nuevos vagones entrar\u00e1n en operaci\u00f3n a partir del pr\u00f3ximo mes de agosto. La Oficina para el Reordenamiento del Transporte (OPRET) anunci\u00f3 que a partir de agosto entrar\u00e1n en operaci\u00f3n los nuevos trenes de seis vagones en las l\u00edneas 1 y 2 del Metro de Santo Domingo. El director de\u2026","rel":"","context":"En \u00abNACIONALES\u00bb","block_context":{"text":"NACIONALES","link":"https:\/\/lasprimeras.com.do\/index.php\/category\/nacionales\/"},"img":{"alt_text":"Metro de Santo Domingo","src":"https:\/\/i0.wp.com\/lasprimeras.com.do\/wp-content\/uploads\/2025\/07\/vagones-1.jpg?resize=350%2C200&ssl=1","width":350,"height":200,"srcset":"https:\/\/i0.wp.com\/lasprimeras.com.do\/wp-content\/uploads\/2025\/07\/vagones-1.jpg?resize=350%2C200&ssl=1 1x, https:\/\/i0.wp.com\/lasprimeras.com.do\/wp-content\/uploads\/2025\/07\/vagones-1.jpg?resize=525%2C300&ssl=1 1.5x, https:\/\/i0.wp.com\/lasprimeras.com.do\/wp-content\/uploads\/2025\/07\/vagones-1.jpg?resize=700%2C400&ssl=1 2x"},"classes":[]},{"id":53760,"url":"https:\/\/lasprimeras.com.do\/index.php\/2023\/06\/30\/opret-anuncia-incorporacion-de-72-nuevos-vagones-para-satisfacer-la-demanda\/","url_meta":{"origin":103550,"position":2},"title":"OPRET anuncia incorporaci\u00f3n de 72 nuevos vagones para satisfacer la demanda","author":"Nelson Feliz","date":"30 de junio de 2023","format":false,"excerpt":"En los \u00faltimos 12 meses el Metro rompe r\u00e9cord de pasajeros transportados. La Oficina para el Reordenamiento del Transporte (Opret) inform\u00f3 que para satisfacer la creciente demanda de usuarios, el pr\u00f3ximo 9 de julio llegar\u00e1n al pa\u00eds 6 vagones adicionales que servir\u00e1n para duplicar la capacidad de sus l\u00edneas y\u2026","rel":"","context":"En \u00abECONOM\u00cdA\u00bb","block_context":{"text":"ECONOM\u00cdA","link":"https:\/\/lasprimeras.com.do\/index.php\/category\/economia\/"},"img":{"alt_text":"Metro de Santo Domingo","src":"https:\/\/i0.wp.com\/lasprimeras.com.do\/wp-content\/uploads\/2023\/06\/Metro-de-Santo-Domingo.jpg?resize=350%2C200&ssl=1","width":350,"height":200,"srcset":"https:\/\/i0.wp.com\/lasprimeras.com.do\/wp-content\/uploads\/2023\/06\/Metro-de-Santo-Domingo.jpg?resize=350%2C200&ssl=1 1x, https:\/\/i0.wp.com\/lasprimeras.com.do\/wp-content\/uploads\/2023\/06\/Metro-de-Santo-Domingo.jpg?resize=525%2C300&ssl=1 1.5x, https:\/\/i0.wp.com\/lasprimeras.com.do\/wp-content\/uploads\/2023\/06\/Metro-de-Santo-Domingo.jpg?resize=700%2C400&ssl=1 2x"},"classes":[]},{"id":53690,"url":"https:\/\/lasprimeras.com.do\/index.php\/2023\/06\/30\/el-metro-de-santo-domingo-rompe-record-de-usuarios-en-los-ultimos-12-meses\/","url_meta":{"origin":103550,"position":3},"title":"El Metro de Santo Domingo rompe r\u00e9cord de usuarios en los \u00faltimos 12 meses","author":"Nelson Feliz","date":"30 de junio de 2023","format":false,"excerpt":"La Opret inform\u00f3 que el servicio que ofrece el Sistema Integrado Metro-Telef\u00e9rico de Santo Domingo ha aumentado en un 10.72%, desde mayo del 2022 hasta mayo del 2023, respecto al mismo intervalo 2018-2019 (per\u00edodo pre-pandemia). La Oficina Para el Reordenamiento del Transporte (Opret) inform\u00f3 hoy que el Sistema de Transporte\u2026","rel":"","context":"En \u00abNACIONALES\u00bb","block_context":{"text":"NACIONALES","link":"https:\/\/lasprimeras.com.do\/index.php\/category\/nacionales\/"},"img":{"alt_text":"Metro de Santo Domingo","src":"https:\/\/i0.wp.com\/lasprimeras.com.do\/wp-content\/uploads\/2023\/06\/Metro-de-Santo-Domingo.jpg?resize=350%2C200&ssl=1","width":350,"height":200,"srcset":"https:\/\/i0.wp.com\/lasprimeras.com.do\/wp-content\/uploads\/2023\/06\/Metro-de-Santo-Domingo.jpg?resize=350%2C200&ssl=1 1x, https:\/\/i0.wp.com\/lasprimeras.com.do\/wp-content\/uploads\/2023\/06\/Metro-de-Santo-Domingo.jpg?resize=525%2C300&ssl=1 1.5x, https:\/\/i0.wp.com\/lasprimeras.com.do\/wp-content\/uploads\/2023\/06\/Metro-de-Santo-Domingo.jpg?resize=700%2C400&ssl=1 2x"},"classes":[]},{"id":60824,"url":"https:\/\/lasprimeras.com.do\/index.php\/2023\/09\/19\/opret-conductor-con-11-anos-en-la-institucion-violo-varios-protocolos-en-choque-del-metro\/","url_meta":{"origin":103550,"position":4},"title":"Opret: conductor con 11 a\u00f1os en la instituci\u00f3n viol\u00f3 varios protocolos en choque del Metro","author":"Nelson Feliz","date":"19 de septiembre de 2023","format":false,"excerpt":"La Oficina Para el Reordenamiento del Transporte (Opret) inform\u00f3 que a trav\u00e9s de un investigaci\u00f3n se determin\u00f3 que un conductor con 11 a\u00f1os de experiencia viol\u00f3 varios protocolos que, sumados a otros elementos, dieron como resultado el choque entre dos trenes el pasado s\u00e1bado. La investigaci\u00f3n hasta el momento denota\u2026","rel":"","context":"En \u00abNACIONALES\u00bb","block_context":{"text":"NACIONALES","link":"https:\/\/lasprimeras.com.do\/index.php\/category\/nacionales\/"},"img":{"alt_text":"opret","src":"https:\/\/i0.wp.com\/lasprimeras.com.do\/wp-content\/uploads\/2023\/09\/opret.jpg?resize=350%2C200&ssl=1","width":350,"height":200,"srcset":"https:\/\/i0.wp.com\/lasprimeras.com.do\/wp-content\/uploads\/2023\/09\/opret.jpg?resize=350%2C200&ssl=1 1x, https:\/\/i0.wp.com\/lasprimeras.com.do\/wp-content\/uploads\/2023\/09\/opret.jpg?resize=525%2C300&ssl=1 1.5x, https:\/\/i0.wp.com\/lasprimeras.com.do\/wp-content\/uploads\/2023\/09\/opret.jpg?resize=700%2C400&ssl=1 2x"},"classes":[]},{"id":106080,"url":"https:\/\/lasprimeras.com.do\/index.php\/2025\/08\/10\/abinader-inaugura-ampliacion-y-pasillo-de-interconexion-peatonal-del-metro-de-santo-domingo\/","url_meta":{"origin":103550,"position":5},"title":"Abinader inaugura ampliaci\u00f3n y pasillo de interconexi\u00f3n peatonal del Metro de Santo Domingo","author":"Nelson Feliz","date":"10 de agosto de 2025","format":false,"excerpt":"Con la inauguraci\u00f3n de estos proyectos, hoy entran en servicio cuatro trenes de seis vagones, elevando la capacidad a 17,000 usuarios por hora. Para diciembre se proyecta duplicar la cantidad de usuarios a 22,000 por hora. El presidente de la Rep\u00fablica, Luis Abinader, encabez\u00f3 este domingo la puesta en marcha\u2026","rel":"","context":"En \u00abECONOM\u00cdA\u00bb","block_context":{"text":"ECONOM\u00cdA","link":"https:\/\/lasprimeras.com.do\/index.php\/category\/economia\/"},"img":{"alt_text":"","src":"https:\/\/i0.wp.com\/lasprimeras.com.do\/wp-content\/uploads\/2025\/08\/LUIS-ABINADER-2.jpg?resize=350%2C200&ssl=1","width":350,"height":200,"srcset":"https:\/\/i0.wp.com\/lasprimeras.com.do\/wp-content\/uploads\/2025\/08\/LUIS-ABINADER-2.jpg?resize=350%2C200&ssl=1 1x, https:\/\/i0.wp.com\/lasprimeras.com.do\/wp-content\/uploads\/2025\/08\/LUIS-ABINADER-2.jpg?resize=525%2C300&ssl=1 1.5x, https:\/\/i0.wp.com\/lasprimeras.com.do\/wp-content\/uploads\/2025\/08\/LUIS-ABINADER-2.jpg?resize=700%2C400&ssl=1 2x"},"classes":[]}],"jetpack_sharing_enabled":true,"_links":{"self":[{"href":"https:\/\/lasprimeras.com.do\/index.php\/wp-json\/wp\/v2\/posts\/103550","targetHints":{"allow":["GET"]}}],"collection":[{"href":"https:\/\/lasprimeras.com.do\/index.php\/wp-json\/wp\/v2\/posts"}],"about":[{"href":"https:\/\/lasprimeras.com.do\/index.php\/wp-json\/wp\/v2\/types\/post"}],"author":[{"embeddable":true,"href":"https:\/\/lasprimeras.com.do\/index.php\/wp-json\/wp\/v2\/users\/10"}],"replies":[{"embeddable":true,"href":"https:\/\/lasprimeras.com.do\/index.php\/wp-json\/wp\/v2\/comments?post=103550"}],"version-history":[{"count":1,"href":"https:\/\/lasprimeras.com.do\/index.php\/wp-json\/wp\/v2\/posts\/103550\/revisions"}],"predecessor-version":[{"id":103552,"href":"https:\/\/lasprimeras.com.do\/index.php\/wp-json\/wp\/v2\/posts\/103550\/revisions\/103552"}],"wp:featuredmedia":[{"embeddable":true,"href":"https:\/\/lasprimeras.com.do\/index.php\/wp-json\/wp\/v2\/media\/103551"}],"wp:attachment":[{"href":"https:\/\/lasprimeras.com.do\/index.php\/wp-json\/wp\/v2\/media?parent=103550"}],"wp:term":[{"taxonomy":"category","embeddable":true,"href":"https:\/\/lasprimeras.com.do\/index.php\/wp-json\/wp\/v2\/categories?post=103550"},{"taxonomy":"post_tag","embeddable":true,"href":"https:\/\/lasprimeras.com.do\/index.php\/wp-json\/wp\/v2\/tags?post=103550"}],"curies":[{"name":"wp","href":"https:\/\/api.w.org\/{rel}","templated":true}]}}