{"id":103562,"date":"2025-07-16T17:14:08","date_gmt":"2025-07-16T21:14:08","guid":{"rendered":"https:\/\/lasprimeras.com.do\/?p=103562"},"modified":"2025-07-16T17:14:09","modified_gmt":"2025-07-16T21:14:09","slug":"los-diputados-aprueban-penas-de-40-anos-de-carcel-contra-los-traficantes-de-migrantes","status":"publish","type":"post","link":"https:\/\/lasprimeras.com.do\/index.php\/2025\/07\/16\/los-diputados-aprueban-penas-de-40-anos-de-carcel-contra-los-traficantes-de-migrantes\/","title":{"rendered":"Los diputados aprueban penas de 40 a\u00f1os de c\u00e1rcel contra los traficantes de migrantes"},"content":{"rendered":"\n<p><strong>La iniciativa qued\u00f3 pendiente para una segunda discusi\u00f3n en la pr\u00f3xima sesi\u00f3n.<\/strong><\/p>\n\n\n\n<p>La C\u00e1mara de Diputados aprob\u00f3 este mi\u00e9rcoles en segunda lectura y convirti\u00f3 en ley un proyecto que modifica la Ley 137-03 sobre Tr\u00e1fico Il\u00edcito de Migrantes y Trata de Personas, e impone sanciones que alcanzan hasta 40 a\u00f1os de prisi\u00f3n para los traficantes cuando concurren agravantes espec\u00edficas.<\/p>\n\n\n\n<p>El proyecto establece que el delito de trata de personas ser\u00e1 castigado con penas de 20 a 25 a\u00f1os de reclusi\u00f3n y multas de entre 700 y 1,500 salarios m\u00ednimos del sector p\u00fablico. A quienes participen como c\u00f3mplices, se les impondr\u00e1 entre 15 y 20 a\u00f1os de prisi\u00f3n.<\/p>\n\n\n\n<p>En el caso del tr\u00e1fico il\u00edcito de migrantes, la pena base para los c\u00f3mplices ser\u00e1 de 10 a 15 a\u00f1os de prisi\u00f3n. Sin embargo, cuando se presentan circunstancias agravantes, las penas pueden escalar y llegar hasta los 40 a\u00f1os de prisi\u00f3n.<\/p>\n\n\n\n<p><strong>Entre las agravantes contempladas por la ley se encuentran:<\/strong><\/p>\n\n\n\n<p>La muerte de alguna de las personas objeto del tr\u00e1fico<\/p>\n\n\n\n<p>Da\u00f1os f\u00edsicos o psicol\u00f3gicos permanentes a las v\u00edctimas<\/p>\n\n\n\n<p>Participaci\u00f3n de funcionarios en el tr\u00e1fico<\/p>\n\n\n\n<p>V\u00ednculos con crimen organizado nacional o transnacional<\/p>\n\n\n\n<p>Uso de tortura o barbarie<\/p>\n\n\n\n<p>Falsificaci\u00f3n de documentos de identidad o viaje<\/p>\n\n\n\n<p>Reincidencia en la conducta delictiva<\/p>\n\n\n\n<p>Uso de empresas, agencias de viajes o aerol\u00edneas para facilitar el delito<\/p>\n\n\n\n<p>En ese sentido, cuando ocurre la muerte de una persona traficada, el castigo ser\u00e1 de 30 a 40 a\u00f1os de prisi\u00f3n. Para otras agravantes como da\u00f1o f\u00edsico o uso de tortura, la pena oscila entre 25 y 30 a\u00f1os de c\u00e1rcel.<\/p>\n\n\n\n<p>En los dem\u00e1s casos agravados, el castigo ser\u00e1 de 20 a 25 a\u00f1os.<\/p>\n\n\n\n<p>Funcionarios involucrados<\/p>\n\n\n\n<p>El proyecto tambi\u00e9n contempla inhabilitaci\u00f3n por 10 a\u00f1os para los funcionarios p\u00fablicos encontrados culpables o c\u00f3mplices de este tipo de delitos.<\/p>\n\n\n\n<p>La iniciativa naci\u00f3 en el Poder Ejecutivo en medio de las pol\u00edticas del presidente Luis Abinader, que endureci\u00f3 las deportaciones y la pol\u00edtica migratoria en contra de los haitianos indocumentados.<\/p>\n\n\n\n<p>El proyecto ya fue aprobado en dos discusiones en ambas c\u00e1maras y, con el tr\u00e1mite congresual listo, ahora va al Poder Ejecutivo para su promulgaci\u00f3n.<\/p>\n","protected":false},"excerpt":{"rendered":"<p>La iniciativa qued\u00f3 pendiente para una segunda discusi\u00f3n en la pr\u00f3xima sesi\u00f3n. La C\u00e1mara de Diputados aprob\u00f3 este mi\u00e9rcoles en segunda lectura y convirti\u00f3 en ley un proyecto que modifica&hellip;<\/p>\n","protected":false},"author":2,"featured_media":86046,"comment_status":"open","ping_status":"open","sticky":false,"template":"","format":"standard","meta":{"content-type":"","jetpack_post_was_ever_published":false,"_jetpack_newsletter_access":"","_jetpack_dont_email_post_to_subs":false,"_jetpack_newsletter_tier_id":0,"_jetpack_memberships_contains_paywalled_content":false,"_jetpack_memberships_contains_paid_content":false,"footnotes":""},"categories":[35,25],"tags":[273,4639,274,907,21740,18189],"class_list":["post-103562","post","type-post","status-publish","format-standard","has-post-thumbnail","hentry","category-nacionales","category-portada","tag-aprueban","tag-carcel","tag-diputados","tag-migrantes","tag-penas-de-40-anos","tag-traficantes"],"jetpack_featured_media_url":"https:\/\/lasprimeras.com.do\/wp-content\/uploads\/2024\/07\/camara.jpg","jetpack-related-posts":[{"id":90496,"url":"https:\/\/lasprimeras.com.do\/index.php\/2024\/10\/22\/senado-aprueba-modificaciones-ley-sobre-trafico-ilicito-de-migrantes-y-trata-de-personas\/","url_meta":{"origin":103562,"position":0},"title":"Senado aprueba modificaciones ley sobre Tr\u00e1fico Il\u00edcito de Migrantes y Trata de Personas","author":"Nelson Feliz","date":"22 de octubre de 2024","format":false,"excerpt":"La pieza establece pena grave sobre trata que se cometa en perjuicio de ni\u00f1a, ni\u00f1o y adolescente, as\u00ed como personas incapacitadas o vulnerables, ser\u00e1n sancionadas con penas de 20 a 30 a\u00f1os de prisi\u00f3n y con multas de trescientos salarios m\u00ednimos del sector p\u00fablico. El Senado de la Rep\u00fablica declaro\u2026","rel":"","context":"En \u00abNACIONALES\u00bb","block_context":{"text":"NACIONALES","link":"https:\/\/lasprimeras.com.do\/index.php\/category\/nacionales\/"},"img":{"alt_text":"Senado","src":"https:\/\/i0.wp.com\/lasprimeras.com.do\/wp-content\/uploads\/2024\/10\/Senado-2.jpg?resize=350%2C200&ssl=1","width":350,"height":200,"srcset":"https:\/\/i0.wp.com\/lasprimeras.com.do\/wp-content\/uploads\/2024\/10\/Senado-2.jpg?resize=350%2C200&ssl=1 1x, https:\/\/i0.wp.com\/lasprimeras.com.do\/wp-content\/uploads\/2024\/10\/Senado-2.jpg?resize=525%2C300&ssl=1 1.5x, https:\/\/i0.wp.com\/lasprimeras.com.do\/wp-content\/uploads\/2024\/10\/Senado-2.jpg?resize=700%2C400&ssl=1 2x"},"classes":[]},{"id":98877,"url":"https:\/\/lasprimeras.com.do\/index.php\/2025\/05\/13\/senado-aprueba-con-modificaciones-proyecto-que-modifica-ley-137-03\/","url_meta":{"origin":103562,"position":1},"title":"Senado aprueba con modificaciones proyecto que modifica Ley 137-03","author":"Nelson Feliz","date":"13 de mayo de 2025","format":false,"excerpt":"El Senado de la Rep\u00fablica aprob\u00f3, a unanimidad y en segunda lectura, el proyecto de ley que modifica la Ley 137-03, sobre Tr\u00e1fico Il\u00edcito de Migrantes y Trata de Personas, remitida por el Poder Ejecutivo. El presidente de la Comisi\u00f3n Especial que tuvo a su cargo analizar y estudiar esta\u2026","rel":"","context":"En \u00abNACIONALES\u00bb","block_context":{"text":"NACIONALES","link":"https:\/\/lasprimeras.com.do\/index.php\/category\/nacionales\/"},"img":{"alt_text":"","src":"https:\/\/i0.wp.com\/lasprimeras.com.do\/wp-content\/uploads\/2025\/05\/Ricardo-de-los-Santos-2.jpg?resize=350%2C200&ssl=1","width":350,"height":200,"srcset":"https:\/\/i0.wp.com\/lasprimeras.com.do\/wp-content\/uploads\/2025\/05\/Ricardo-de-los-Santos-2.jpg?resize=350%2C200&ssl=1 1x, https:\/\/i0.wp.com\/lasprimeras.com.do\/wp-content\/uploads\/2025\/05\/Ricardo-de-los-Santos-2.jpg?resize=525%2C300&ssl=1 1.5x, https:\/\/i0.wp.com\/lasprimeras.com.do\/wp-content\/uploads\/2025\/05\/Ricardo-de-los-Santos-2.jpg?resize=700%2C400&ssl=1 2x"},"classes":[]},{"id":96773,"url":"https:\/\/lasprimeras.com.do\/index.php\/2025\/04\/08\/el-ejecutivo-sometio-cambios-para-la-ley-sobre-trafico-de-personas\/","url_meta":{"origin":103562,"position":2},"title":"El Ejecutivo someti\u00f3 cambios para la ley sobre tr\u00e1fico de personas","author":"Nelson Feliz","date":"8 de abril de 2025","format":false,"excerpt":"Crees advierte aumentos salariales en zonas francas y turismo podr\u00edan debilitar la econom\u00eda El Poder Ejecutivo deposit\u00f3 ayer, a trav\u00e9s del consultor jur\u00eddico, un proyecto para robustecer, ampliar y hacer m\u00e1s eficaz la Ley 137-03, sobre Tr\u00e1fico Il\u00edcito de Migrantes y Trata de Personas, en cumplimiento a lo anunciado por\u2026","rel":"","context":"En \u00abNACIONALES\u00bb","block_context":{"text":"NACIONALES","link":"https:\/\/lasprimeras.com.do\/index.php\/category\/nacionales\/"},"img":{"alt_text":"","src":"https:\/\/i0.wp.com\/lasprimeras.com.do\/wp-content\/uploads\/2025\/04\/antoliano-peralta-9f8d093c-focus-min0.03-0.4-896-504.jpg?resize=350%2C200&ssl=1","width":350,"height":200,"srcset":"https:\/\/i0.wp.com\/lasprimeras.com.do\/wp-content\/uploads\/2025\/04\/antoliano-peralta-9f8d093c-focus-min0.03-0.4-896-504.jpg?resize=350%2C200&ssl=1 1x, https:\/\/i0.wp.com\/lasprimeras.com.do\/wp-content\/uploads\/2025\/04\/antoliano-peralta-9f8d093c-focus-min0.03-0.4-896-504.jpg?resize=525%2C300&ssl=1 1.5x, https:\/\/i0.wp.com\/lasprimeras.com.do\/wp-content\/uploads\/2025\/04\/antoliano-peralta-9f8d093c-focus-min0.03-0.4-896-504.jpg?resize=700%2C400&ssl=1 2x"},"classes":[]},{"id":60595,"url":"https:\/\/lasprimeras.com.do\/index.php\/2023\/09\/16\/mas-de-15-anos-de-carcel-para-dos-guatemaltecos-por-trafico-de-migrantes-en-eeuu\/","url_meta":{"origin":103562,"position":3},"title":"M\u00e1s de 15 a\u00f1os de c\u00e1rcel para dos guatemaltecos por tr\u00e1fico de migrantes en EEUU","author":"Nelson Feliz","date":"16 de septiembre de 2023","format":false,"excerpt":"En agosto de ese a\u00f1o, Armando Gael Galicia, de 27 a\u00f1os, y Jos\u00e9 Diego Tercero Gonz\u00e1lez, de 23, fueron detenidos en Texas, donde resid\u00edan. Dos guatemaltecos han sido condenados a 15 y 17 a\u00f1os de c\u00e1rcel por su papel en un tr\u00e1fico de personas que provoc\u00f3 la muerte de una\u2026","rel":"","context":"En \u00abSin categor\u00eda\u00bb","block_context":{"text":"Sin categor\u00eda","link":"https:\/\/lasprimeras.com.do\/index.php\/category\/sin-categoria\/"},"img":{"alt_text":"Migrantes se re\u00fanen junto al muro fronterizo en Ciudad Ju\u00e1rez, M\u00e9xico, el mi\u00e9rcoles 21 de diciembre de 2022, al otro lado de la frontera con El Paso, Texas. Los migrantes se reunieron a lo largo del lado mexicano de la frontera sur el mi\u00e9rcoles mientras esperaban que la Corte Suprema de los Estados Unidos decidiera si levantar las restricciones de la era de la pandemia que han impedido que muchos busquen asilo y cu\u00e1ndo.CHRISTIAN CHAVEZ","src":"https:\/\/i0.wp.com\/lasprimeras.com.do\/wp-content\/uploads\/2023\/09\/Migrantes-se-reunen-junto-al-muro-fronterizo-en-Ciudad-Juarez-Mexico.png?resize=350%2C200&ssl=1","width":350,"height":200,"srcset":"https:\/\/i0.wp.com\/lasprimeras.com.do\/wp-content\/uploads\/2023\/09\/Migrantes-se-reunen-junto-al-muro-fronterizo-en-Ciudad-Juarez-Mexico.png?resize=350%2C200&ssl=1 1x, https:\/\/i0.wp.com\/lasprimeras.com.do\/wp-content\/uploads\/2023\/09\/Migrantes-se-reunen-junto-al-muro-fronterizo-en-Ciudad-Juarez-Mexico.png?resize=525%2C300&ssl=1 1.5x, https:\/\/i0.wp.com\/lasprimeras.com.do\/wp-content\/uploads\/2023\/09\/Migrantes-se-reunen-junto-al-muro-fronterizo-en-Ciudad-Juarez-Mexico.png?resize=700%2C400&ssl=1 2x"},"classes":[]},{"id":77355,"url":"https:\/\/lasprimeras.com.do\/index.php\/2024\/02\/20\/solicitan-18-meses-de-prision-en-contra-de-hombre-acusado-de-violar-al-menos-6-mujeres-en-barahona\/","url_meta":{"origin":103562,"position":4},"title":"Solicitan 18 meses de prisi\u00f3n en contra de hombre acusado de violar al menos 6 mujeres en Barahona","author":"BIMARY DE JES\u00daS Matos","date":"20 de febrero de 2024","format":false,"excerpt":"Barahona.- Procuradur\u00eda Especializada contra el Tr\u00e1fico Il\u00edcito de Migrantes y la Trata de Personas (PETT) y la Fiscal\u00eda de Barahona solicitaron 18 meses de prisi\u00f3n preventiva para un hombre vinculado a una serie de violaciones sexuales contra al menos seis mujeres, en distintos hechos ocurridos en Barahona y Santo Domingo.\u2026","rel":"","context":"En \u00abPORTADA\u00bb","block_context":{"text":"PORTADA","link":"https:\/\/lasprimeras.com.do\/index.php\/category\/portada\/"},"img":{"alt_text":"","src":"https:\/\/i0.wp.com\/lasprimeras.com.do\/wp-content\/uploads\/2024\/02\/65cac7391d95d.jpeg.jpg?resize=350%2C200&ssl=1","width":350,"height":200,"srcset":"https:\/\/i0.wp.com\/lasprimeras.com.do\/wp-content\/uploads\/2024\/02\/65cac7391d95d.jpeg.jpg?resize=350%2C200&ssl=1 1x, https:\/\/i0.wp.com\/lasprimeras.com.do\/wp-content\/uploads\/2024\/02\/65cac7391d95d.jpeg.jpg?resize=525%2C300&ssl=1 1.5x, https:\/\/i0.wp.com\/lasprimeras.com.do\/wp-content\/uploads\/2024\/02\/65cac7391d95d.jpeg.jpg?resize=700%2C400&ssl=1 2x"},"classes":[]},{"id":98210,"url":"https:\/\/lasprimeras.com.do\/index.php\/2025\/05\/03\/senado-aprueba-en-sesion-extraordinaria-en-provincia-espaillat\/","url_meta":{"origin":103562,"position":5},"title":"Senado aprueba en sesi\u00f3n extraordinaria en provincia Espaillat","author":"Nelson Feliz","date":"3 de mayo de 2025","format":false,"excerpt":"Respalda proyecto que modifica Ley 137-03 sobre Trafico Il\u00edcito de Migrantes y Trata de Personas. En sesi\u00f3n extraordinaria celebrada en la provincia Espaillat, el Senado de la Rep\u00fablica aprob\u00f3 en primera lectura el proyecto de ley que modifica la Ley 137-03, sobre Trafico Ilicito de Migrantes y Trata de Personas,\u2026","rel":"","context":"En \u00abNACIONALES\u00bb","block_context":{"text":"NACIONALES","link":"https:\/\/lasprimeras.com.do\/index.php\/category\/nacionales\/"},"img":{"alt_text":"","src":"https:\/\/i0.wp.com\/lasprimeras.com.do\/wp-content\/uploads\/2025\/05\/senado-2.jpg?resize=350%2C200&ssl=1","width":350,"height":200,"srcset":"https:\/\/i0.wp.com\/lasprimeras.com.do\/wp-content\/uploads\/2025\/05\/senado-2.jpg?resize=350%2C200&ssl=1 1x, https:\/\/i0.wp.com\/lasprimeras.com.do\/wp-content\/uploads\/2025\/05\/senado-2.jpg?resize=525%2C300&ssl=1 1.5x"},"classes":[]}],"jetpack_sharing_enabled":true,"_links":{"self":[{"href":"https:\/\/lasprimeras.com.do\/index.php\/wp-json\/wp\/v2\/posts\/103562","targetHints":{"allow":["GET"]}}],"collection":[{"href":"https:\/\/lasprimeras.com.do\/index.php\/wp-json\/wp\/v2\/posts"}],"about":[{"href":"https:\/\/lasprimeras.com.do\/index.php\/wp-json\/wp\/v2\/types\/post"}],"author":[{"embeddable":true,"href":"https:\/\/lasprimeras.com.do\/index.php\/wp-json\/wp\/v2\/users\/2"}],"replies":[{"embeddable":true,"href":"https:\/\/lasprimeras.com.do\/index.php\/wp-json\/wp\/v2\/comments?post=103562"}],"version-history":[{"count":1,"href":"https:\/\/lasprimeras.com.do\/index.php\/wp-json\/wp\/v2\/posts\/103562\/revisions"}],"predecessor-version":[{"id":103563,"href":"https:\/\/lasprimeras.com.do\/index.php\/wp-json\/wp\/v2\/posts\/103562\/revisions\/103563"}],"wp:featuredmedia":[{"embeddable":true,"href":"https:\/\/lasprimeras.com.do\/index.php\/wp-json\/wp\/v2\/media\/86046"}],"wp:attachment":[{"href":"https:\/\/lasprimeras.com.do\/index.php\/wp-json\/wp\/v2\/media?parent=103562"}],"wp:term":[{"taxonomy":"category","embeddable":true,"href":"https:\/\/lasprimeras.com.do\/index.php\/wp-json\/wp\/v2\/categories?post=103562"},{"taxonomy":"post_tag","embeddable":true,"href":"https:\/\/lasprimeras.com.do\/index.php\/wp-json\/wp\/v2\/tags?post=103562"}],"curies":[{"name":"wp","href":"https:\/\/api.w.org\/{rel}","templated":true}]}}